{"id":16884,"date":"2018-01-08T12:02:11","date_gmt":"2018-01-08T12:02:11","guid":{"rendered":"https:\/\/www.esplac.cat\/?p=16884"},"modified":"2018-01-08T12:02:11","modified_gmt":"2018-01-08T12:02:11","slug":"comencem-preparar-activitats-esplaiada-2018","status":"publish","type":"post","link":"https:\/\/www.esplac.cat\/en\/comencem-preparar-activitats-esplaiada-2018\/","title":{"rendered":"Comencem a preparar les activitats de l\u2019Esplaiada 2018!"},"content":{"rendered":"<h4 style=\"text-align: justify;\">Avui, 8 de gener, tots els esplais heu rebut un missatge electr\u00f2nic amb el qual iniciarem el proc\u00e9s de participaci\u00f3 col\u00b7lectiva<\/h4>\n<p style=\"text-align: justify;\">Tots i totes desitgem que l\u2019Esplaiada 2018, que se celebrar\u00e0 el cap de setmana 11-12-13 de maig, sigui la m\u00e9s participativa dels darrers anys. I \u00e9s per aix\u00f2 que en aquesta edici\u00f3 les monitores i monitors dels esplais ens involucrarem activament en la preparaci\u00f3 de les activitats de la trobada.<\/p>\n<p style=\"text-align: justify;\">Com que organitzar conjuntament un esdeveniment d\u2019aquestes dimensions seria molt complicat, ens dividirem en \u201cequips d\u2019esplais\u201d per elaborar els jocs i les din\u00e0miques del cap de setmana. D\u2019aquesta manera, garantirem la <strong>participaci\u00f3 activa<\/strong> de totes les monitores i monitors i, el que \u00e9s m\u00e9s important, facilitarem que els infants tinguin veu en la preparaci\u00f3 de les activitats. Amb tot, l\u2019organitzaci\u00f3 de l\u2019Esplaiada ser\u00e0 cosa de totes, de manera que confiem en la motivaci\u00f3 i la responsabilitat de totes les monitores i monitors d\u2019Esplac per fer de l\u2019Esplaiada 2018 una Esplaiada inoblidable!<\/p>\n<p><strong>Per\u00f2&#8230;com ho farem?<\/strong><br \/>\nA l\u2019adre\u00e7a electr\u00f2nica que vau introduir com a contacte en la preinscripci\u00f3 de l\u2019Esplaiada (i a la general de l\u2019esplai) hi heu rebut un missatge en qu\u00e8 us compartirem una <strong>carpeta de Drive<\/strong> amb el material seg\u00fcent:<\/p>\n<ul>\n<li>Manual de preparaci\u00f3 d\u2019activitats.<\/li>\n<li>Dossier de preparaci\u00f3 d\u2019activitats.<\/li>\n<li>Fitxa de demanda de material.<\/li>\n<\/ul>\n<p style=\"text-align: justify;\">A m\u00e9s a m\u00e9s del Manual de preparaci\u00f3 d\u2019activitats, podeu fer-vos una idea de com prepararem les activitats de l\u2019Esplaiada 2018 amb aquest v\u00eddeo. I per a qualsevol dubte, poseu-vos en contacte amb el <strong>coordinador\/a de projectes<\/strong> del vostre sector. Endavant!<\/p>\n<div class=\"video-shortcode\"><iframe class=\"fusion-hidden\" data-privacy-type=\"youtube\" src=\"\" title=\"Com preparem les activitats de l&#039;Esplaiada 18?\" width=\"1200\" height=\"675\" data-privacy-src=\"https:\/\/www.youtube.com\/embed\/UloF6tB04ns?feature=oembed\" frameborder=\"0\" allow=\"accelerometer; autoplay; encrypted-media; gyroscope; picture-in-picture\" allowfullscreen><\/iframe><div class=\"fusion-privacy-placeholder\" style=\"width:1200px; height:675px;\" data-privacy-type=\"youtube\"><div class=\"fusion-privacy-placeholder-content\"><div class=\"fusion-privacy-label\">For privacy reasons YouTube needs your permission to be loaded. For more details, please see our <a class=\"privacy-policy-link\" href=\"https:\/\/www.esplac.cat\/avis-legal\/\" rel=\"privacy-policy\">Av\u00eds Legal<\/a>.<\/div><a href=\"\" data-privacy-type=\"youtube\" class=\"fusion-button button-default fusion-button-default-size button fusion-privacy-consent\">I Accept<\/a><\/div><\/div><\/div>\n","protected":false},"excerpt":{"rendered":"<p>Avui, 8 de gener, tots els esplais heu rebut un [&hellip;]<\/p>\n","protected":false},"author":3,"featured_media":16886,"comment_status":"closed","ping_status":"closed","sticky":false,"template":"","format":"standard","meta":{"om_disable_all_campaigns":false,"_monsterinsights_skip_tracking":false,"_monsterinsights_sitenote_active":false,"_monsterinsights_sitenote_note":"","_monsterinsights_sitenote_category":0,"_uf_show_specific_survey":0,"_uf_disable_surveys":false,"footnotes":""},"categories":[1136,1],"tags":[921],"class_list":["post-16884","post","type-post","status-publish","format-standard","has-post-thumbnail","hentry","category-esplaiada","category-sense-categoria","tag-esplaiada-2018"],"yoast_head":"<!-- This site is optimized with the Yoast SEO plugin v27.4 - https:\/\/yoast.com\/product\/yoast-seo-wordpress\/ -->\n<title>Comencem a preparar les activitats de l\u2019Esplaiada 2018! - Esplac<\/title>\n<meta name=\"robots\" content=\"index, follow, max-snippet:-1, max-image-preview:large, max-video-preview:-1\" \/>\n<link rel=\"canonical\" href=\"https:\/\/www.esplac.cat\/comencem-preparar-activitats-esplaiada-2018\/\" \/>\n<meta property=\"og:locale\" content=\"en_US\" \/>\n<meta property=\"og:type\" content=\"article\" \/>\n<meta property=\"og:title\" content=\"Comencem a preparar les activitats de l\u2019Esplaiada 2018! - Esplac\" \/>\n<meta property=\"og:description\" content=\"Avui, 8 de gener, tots els esplais heu rebut un [&hellip;]\" \/>\n<meta property=\"og:url\" content=\"https:\/\/www.esplac.cat\/comencem-preparar-activitats-esplaiada-2018\/\" \/>\n<meta property=\"og:site_name\" content=\"Esplac\" \/>\n<meta property=\"article:published_time\" content=\"2018-01-08T12:02:11+00:00\" \/>\n<meta property=\"og:image\" content=\"https:\/\/www.esplac.cat\/wp-content\/uploads\/2018\/01\/esplaidaact.jpg\" \/>\n\t<meta property=\"og:image:width\" content=\"847\" \/>\n\t<meta property=\"og:image:height\" content=\"350\" \/>\n\t<meta property=\"og:image:type\" content=\"image\/jpeg\" \/>\n<meta name=\"author\" content=\"Comunicaci\u00f3 Esplac\" \/>\n<meta name=\"twitter:card\" content=\"summary_large_image\" \/>\n<meta name=\"twitter:label1\" content=\"Written by\" \/>\n\t<meta name=\"twitter:data1\" content=\"Comunicaci\u00f3 Esplac\" \/>\n\t<meta name=\"twitter:label2\" content=\"Est. reading time\" \/>\n\t<meta name=\"twitter:data2\" content=\"1 minute\" \/>\n<script type=\"application\/ld+json\" class=\"yoast-schema-graph\">{\"@context\":\"https:\\\/\\\/schema.org\",\"@graph\":[{\"@type\":\"Article\",\"@id\":\"https:\\\/\\\/www.esplac.cat\\\/comencem-preparar-activitats-esplaiada-2018\\\/#article\",\"isPartOf\":{\"@id\":\"https:\\\/\\\/www.esplac.cat\\\/comencem-preparar-activitats-esplaiada-2018\\\/\"},\"author\":{\"name\":\"Comunicaci\u00f3 Esplac\",\"@id\":\"https:\\\/\\\/www.esplac.cat\\\/#\\\/schema\\\/person\\\/908383cf240be18b68f8855d0583faca\"},\"headline\":\"Comencem a preparar les activitats de l\u2019Esplaiada 2018!\",\"datePublished\":\"2018-01-08T12:02:11+00:00\",\"mainEntityOfPage\":{\"@id\":\"https:\\\/\\\/www.esplac.cat\\\/comencem-preparar-activitats-esplaiada-2018\\\/\"},\"wordCount\":299,\"publisher\":{\"@id\":\"https:\\\/\\\/www.esplac.cat\\\/#organization\"},\"image\":{\"@id\":\"https:\\\/\\\/www.esplac.cat\\\/comencem-preparar-activitats-esplaiada-2018\\\/#primaryimage\"},\"thumbnailUrl\":\"https:\\\/\\\/www.esplac.cat\\\/wp-content\\\/uploads\\\/2018\\\/01\\\/esplaidaact.jpg\",\"keywords\":[\"Esplaiada 2018\"],\"articleSection\":[\"Esplaiada\",\"Sense categoria\"],\"inLanguage\":\"en-US\"},{\"@type\":\"WebPage\",\"@id\":\"https:\\\/\\\/www.esplac.cat\\\/comencem-preparar-activitats-esplaiada-2018\\\/\",\"url\":\"https:\\\/\\\/www.esplac.cat\\\/comencem-preparar-activitats-esplaiada-2018\\\/\",\"name\":\"Comencem a preparar les activitats de l\u2019Esplaiada 2018! - Esplac\",\"isPartOf\":{\"@id\":\"https:\\\/\\\/www.esplac.cat\\\/#website\"},\"primaryImageOfPage\":{\"@id\":\"https:\\\/\\\/www.esplac.cat\\\/comencem-preparar-activitats-esplaiada-2018\\\/#primaryimage\"},\"image\":{\"@id\":\"https:\\\/\\\/www.esplac.cat\\\/comencem-preparar-activitats-esplaiada-2018\\\/#primaryimage\"},\"thumbnailUrl\":\"https:\\\/\\\/www.esplac.cat\\\/wp-content\\\/uploads\\\/2018\\\/01\\\/esplaidaact.jpg\",\"datePublished\":\"2018-01-08T12:02:11+00:00\",\"breadcrumb\":{\"@id\":\"https:\\\/\\\/www.esplac.cat\\\/comencem-preparar-activitats-esplaiada-2018\\\/#breadcrumb\"},\"inLanguage\":\"en-US\",\"potentialAction\":[{\"@type\":\"ReadAction\",\"target\":[\"https:\\\/\\\/www.esplac.cat\\\/comencem-preparar-activitats-esplaiada-2018\\\/\"]}]},{\"@type\":\"ImageObject\",\"inLanguage\":\"en-US\",\"@id\":\"https:\\\/\\\/www.esplac.cat\\\/comencem-preparar-activitats-esplaiada-2018\\\/#primaryimage\",\"url\":\"https:\\\/\\\/www.esplac.cat\\\/wp-content\\\/uploads\\\/2018\\\/01\\\/esplaidaact.jpg\",\"contentUrl\":\"https:\\\/\\\/www.esplac.cat\\\/wp-content\\\/uploads\\\/2018\\\/01\\\/esplaidaact.jpg\",\"width\":847,\"height\":350},{\"@type\":\"BreadcrumbList\",\"@id\":\"https:\\\/\\\/www.esplac.cat\\\/comencem-preparar-activitats-esplaiada-2018\\\/#breadcrumb\",\"itemListElement\":[{\"@type\":\"ListItem\",\"position\":1,\"name\":\"Inici\",\"item\":\"https:\\\/\\\/www.esplac.cat\\\/en\\\/\"},{\"@type\":\"ListItem\",\"position\":2,\"name\":\"Comencem a preparar les activitats de l\u2019Esplaiada 2018!\"}]},{\"@type\":\"WebSite\",\"@id\":\"https:\\\/\\\/www.esplac.cat\\\/#website\",\"url\":\"https:\\\/\\\/www.esplac.cat\\\/\",\"name\":\"Esplac\",\"description\":\"Esplais Catalans\",\"publisher\":{\"@id\":\"https:\\\/\\\/www.esplac.cat\\\/#organization\"},\"potentialAction\":[{\"@type\":\"SearchAction\",\"target\":{\"@type\":\"EntryPoint\",\"urlTemplate\":\"https:\\\/\\\/www.esplac.cat\\\/?s={search_term_string}\"},\"query-input\":{\"@type\":\"PropertyValueSpecification\",\"valueRequired\":true,\"valueName\":\"search_term_string\"}}],\"inLanguage\":\"en-US\"},{\"@type\":\"Organization\",\"@id\":\"https:\\\/\\\/www.esplac.cat\\\/#organization\",\"name\":\"Esplac\",\"url\":\"https:\\\/\\\/www.esplac.cat\\\/\",\"logo\":{\"@type\":\"ImageObject\",\"inLanguage\":\"en-US\",\"@id\":\"https:\\\/\\\/www.esplac.cat\\\/#\\\/schema\\\/logo\\\/image\\\/\",\"url\":\"https:\\\/\\\/www.esplac.cat\\\/wp-content\\\/uploads\\\/2019\\\/08\\\/logox2.png\",\"contentUrl\":\"https:\\\/\\\/www.esplac.cat\\\/wp-content\\\/uploads\\\/2019\\\/08\\\/logox2.png\",\"width\":600,\"height\":295,\"caption\":\"Esplac\"},\"image\":{\"@id\":\"https:\\\/\\\/www.esplac.cat\\\/#\\\/schema\\\/logo\\\/image\\\/\"}},{\"@type\":\"Person\",\"@id\":\"https:\\\/\\\/www.esplac.cat\\\/#\\\/schema\\\/person\\\/908383cf240be18b68f8855d0583faca\",\"name\":\"Comunicaci\u00f3 Esplac\",\"image\":{\"@type\":\"ImageObject\",\"inLanguage\":\"en-US\",\"@id\":\"https:\\\/\\\/secure.gravatar.com\\\/avatar\\\/7a4cf8feb412a76ea4a740ca02d95b06b2907b5a6c648c2dd0a1082a093c3141?s=96&d=mm&r=g\",\"url\":\"https:\\\/\\\/secure.gravatar.com\\\/avatar\\\/7a4cf8feb412a76ea4a740ca02d95b06b2907b5a6c648c2dd0a1082a093c3141?s=96&d=mm&r=g\",\"contentUrl\":\"https:\\\/\\\/secure.gravatar.com\\\/avatar\\\/7a4cf8feb412a76ea4a740ca02d95b06b2907b5a6c648c2dd0a1082a093c3141?s=96&d=mm&r=g\",\"caption\":\"Comunicaci\u00f3 Esplac\"}}]}<\/script>\n<!-- \/ Yoast SEO plugin. -->","yoast_head_json":{"title":"Comencem a preparar les activitats de l\u2019Esplaiada 2018! - Esplac","robots":{"index":"index","follow":"follow","max-snippet":"max-snippet:-1","max-image-preview":"max-image-preview:large","max-video-preview":"max-video-preview:-1"},"canonical":"https:\/\/www.esplac.cat\/comencem-preparar-activitats-esplaiada-2018\/","og_locale":"en_US","og_type":"article","og_title":"Comencem a preparar les activitats de l\u2019Esplaiada 2018! - Esplac","og_description":"Avui, 8 de gener, tots els esplais heu rebut un [&hellip;]","og_url":"https:\/\/www.esplac.cat\/comencem-preparar-activitats-esplaiada-2018\/","og_site_name":"Esplac","article_published_time":"2018-01-08T12:02:11+00:00","og_image":[{"width":847,"height":350,"url":"https:\/\/www.esplac.cat\/wp-content\/uploads\/2018\/01\/esplaidaact.jpg","type":"image\/jpeg"}],"author":"Comunicaci\u00f3 Esplac","twitter_card":"summary_large_image","twitter_misc":{"Written by":"Comunicaci\u00f3 Esplac","Est. reading time":"1 minute"},"schema":{"@context":"https:\/\/schema.org","@graph":[{"@type":"Article","@id":"https:\/\/www.esplac.cat\/comencem-preparar-activitats-esplaiada-2018\/#article","isPartOf":{"@id":"https:\/\/www.esplac.cat\/comencem-preparar-activitats-esplaiada-2018\/"},"author":{"name":"Comunicaci\u00f3 Esplac","@id":"https:\/\/www.esplac.cat\/#\/schema\/person\/908383cf240be18b68f8855d0583faca"},"headline":"Comencem a preparar les activitats de l\u2019Esplaiada 2018!","datePublished":"2018-01-08T12:02:11+00:00","mainEntityOfPage":{"@id":"https:\/\/www.esplac.cat\/comencem-preparar-activitats-esplaiada-2018\/"},"wordCount":299,"publisher":{"@id":"https:\/\/www.esplac.cat\/#organization"},"image":{"@id":"https:\/\/www.esplac.cat\/comencem-preparar-activitats-esplaiada-2018\/#primaryimage"},"thumbnailUrl":"https:\/\/www.esplac.cat\/wp-content\/uploads\/2018\/01\/esplaidaact.jpg","keywords":["Esplaiada 2018"],"articleSection":["Esplaiada","Sense categoria"],"inLanguage":"en-US"},{"@type":"WebPage","@id":"https:\/\/www.esplac.cat\/comencem-preparar-activitats-esplaiada-2018\/","url":"https:\/\/www.esplac.cat\/comencem-preparar-activitats-esplaiada-2018\/","name":"Comencem a preparar les activitats de l\u2019Esplaiada 2018! - Esplac","isPartOf":{"@id":"https:\/\/www.esplac.cat\/#website"},"primaryImageOfPage":{"@id":"https:\/\/www.esplac.cat\/comencem-preparar-activitats-esplaiada-2018\/#primaryimage"},"image":{"@id":"https:\/\/www.esplac.cat\/comencem-preparar-activitats-esplaiada-2018\/#primaryimage"},"thumbnailUrl":"https:\/\/www.esplac.cat\/wp-content\/uploads\/2018\/01\/esplaidaact.jpg","datePublished":"2018-01-08T12:02:11+00:00","breadcrumb":{"@id":"https:\/\/www.esplac.cat\/comencem-preparar-activitats-esplaiada-2018\/#breadcrumb"},"inLanguage":"en-US","potentialAction":[{"@type":"ReadAction","target":["https:\/\/www.esplac.cat\/comencem-preparar-activitats-esplaiada-2018\/"]}]},{"@type":"ImageObject","inLanguage":"en-US","@id":"https:\/\/www.esplac.cat\/comencem-preparar-activitats-esplaiada-2018\/#primaryimage","url":"https:\/\/www.esplac.cat\/wp-content\/uploads\/2018\/01\/esplaidaact.jpg","contentUrl":"https:\/\/www.esplac.cat\/wp-content\/uploads\/2018\/01\/esplaidaact.jpg","width":847,"height":350},{"@type":"BreadcrumbList","@id":"https:\/\/www.esplac.cat\/comencem-preparar-activitats-esplaiada-2018\/#breadcrumb","itemListElement":[{"@type":"ListItem","position":1,"name":"Inici","item":"https:\/\/www.esplac.cat\/en\/"},{"@type":"ListItem","position":2,"name":"Comencem a preparar les activitats de l\u2019Esplaiada 2018!"}]},{"@type":"WebSite","@id":"https:\/\/www.esplac.cat\/#website","url":"https:\/\/www.esplac.cat\/","name":"Esplac","description":"Esplais Catalans","publisher":{"@id":"https:\/\/www.esplac.cat\/#organization"},"potentialAction":[{"@type":"SearchAction","target":{"@type":"EntryPoint","urlTemplate":"https:\/\/www.esplac.cat\/?s={search_term_string}"},"query-input":{"@type":"PropertyValueSpecification","valueRequired":true,"valueName":"search_term_string"}}],"inLanguage":"en-US"},{"@type":"Organization","@id":"https:\/\/www.esplac.cat\/#organization","name":"Esplac","url":"https:\/\/www.esplac.cat\/","logo":{"@type":"ImageObject","inLanguage":"en-US","@id":"https:\/\/www.esplac.cat\/#\/schema\/logo\/image\/","url":"https:\/\/www.esplac.cat\/wp-content\/uploads\/2019\/08\/logox2.png","contentUrl":"https:\/\/www.esplac.cat\/wp-content\/uploads\/2019\/08\/logox2.png","width":600,"height":295,"caption":"Esplac"},"image":{"@id":"https:\/\/www.esplac.cat\/#\/schema\/logo\/image\/"}},{"@type":"Person","@id":"https:\/\/www.esplac.cat\/#\/schema\/person\/908383cf240be18b68f8855d0583faca","name":"Comunicaci\u00f3 Esplac","image":{"@type":"ImageObject","inLanguage":"en-US","@id":"https:\/\/secure.gravatar.com\/avatar\/7a4cf8feb412a76ea4a740ca02d95b06b2907b5a6c648c2dd0a1082a093c3141?s=96&d=mm&r=g","url":"https:\/\/secure.gravatar.com\/avatar\/7a4cf8feb412a76ea4a740ca02d95b06b2907b5a6c648c2dd0a1082a093c3141?s=96&d=mm&r=g","contentUrl":"https:\/\/secure.gravatar.com\/avatar\/7a4cf8feb412a76ea4a740ca02d95b06b2907b5a6c648c2dd0a1082a093c3141?s=96&d=mm&r=g","caption":"Comunicaci\u00f3 Esplac"}}]}},"_links":{"self":[{"href":"https:\/\/www.esplac.cat\/en\/wp-json\/wp\/v2\/posts\/16884","targetHints":{"allow":["GET"]}}],"collection":[{"href":"https:\/\/www.esplac.cat\/en\/wp-json\/wp\/v2\/posts"}],"about":[{"href":"https:\/\/www.esplac.cat\/en\/wp-json\/wp\/v2\/types\/post"}],"author":[{"embeddable":true,"href":"https:\/\/www.esplac.cat\/en\/wp-json\/wp\/v2\/users\/3"}],"replies":[{"embeddable":true,"href":"https:\/\/www.esplac.cat\/en\/wp-json\/wp\/v2\/comments?post=16884"}],"version-history":[{"count":0,"href":"https:\/\/www.esplac.cat\/en\/wp-json\/wp\/v2\/posts\/16884\/revisions"}],"wp:featuredmedia":[{"embeddable":true,"href":"https:\/\/www.esplac.cat\/en\/wp-json\/wp\/v2\/media\/16886"}],"wp:attachment":[{"href":"https:\/\/www.esplac.cat\/en\/wp-json\/wp\/v2\/media?parent=16884"}],"wp:term":[{"taxonomy":"category","embeddable":true,"href":"https:\/\/www.esplac.cat\/en\/wp-json\/wp\/v2\/categories?post=16884"},{"taxonomy":"post_tag","embeddable":true,"href":"https:\/\/www.esplac.cat\/en\/wp-json\/wp\/v2\/tags?post=16884"}],"curies":[{"name":"wp","href":"https:\/\/api.w.org\/{rel}","templated":true}]}}