{"id":17142,"date":"2018-01-17T13:14:46","date_gmt":"2018-01-17T13:14:46","guid":{"rendered":"https:\/\/www.esplac.cat\/?p=17142"},"modified":"2018-01-17T13:14:46","modified_gmt":"2018-01-17T13:14:46","slug":"busquem-participants-i-formadores-traning-course-esplac","status":"publish","type":"post","link":"https:\/\/www.esplac.cat\/en\/busquem-participants-i-formadores-traning-course-esplac\/","title":{"rendered":"Busquem participants i formadores per al &#8216;traning course&#8217; d\u2019Esplac!"},"content":{"rendered":"<h4 style=\"text-align: justify;\">L\u2019activitat se centrar\u00e0 en l\u2019educaci\u00f3 emocional i tindr\u00e0 lloc del 25 de mar\u00e7 a l\u20191 d\u2019abril al Masnou<\/h4>\n<p style=\"text-align: justify;\">\u201cFeel the thrill!\u201d (sentir l\u2019emoci\u00f3). Aquest \u00e9s el t\u00edtol del training course d\u2019Esplac del 2018 i \u00e9s el que volem que visquin les participants i les formadores que en prenguin part. Despr\u00e9s de treballar l\u2019<strong>educaci\u00f3 emocional<\/strong> en diversos \u00e0mbits propers (com l\u2019Escola d\u2019Esplac, les formacions de monitors i monitores i en articles del <a href=\"https:\/\/www.somesplai.cat\/\" target=\"_blank\" rel=\"noopener noreferrer\">Som Esplai<\/a>), volem donar-hi una perspectiva internacional i abordar el tema amb persones d\u2019altres cultures, probablement amb enfocaments i metodologies diferents.<\/p>\n<p style=\"text-align: justify;\">\u00c9s per aix\u00f2 que des d\u2019Esplac, i gr\u00e0cies a un ajut concedit pel programa <a href=\"http:\/\/ec.europa.eu\/programmes\/erasmus-plus\/\" target=\"_blank\" rel=\"noopener noreferrer\">Erasmus+<\/a>, estem organitzant una formaci\u00f3 sobre educaci\u00f3 emocional per a participants de deu organitzacions de pa\u00efsos diferents: Kinderfreunde (\u00c0ustria), Die Falken (Alemanya), DO Fenix (Eslov\u00e0quia), Georgian Falcons (Georgia), Arcirragazzi (Italia), Rota Jovem (Portugal), Soziale Bildung (Alemanya), Sokoli (Eslov\u00e8nia), Woodcraft Folk (Regne Unit) i com no, Esplais Catalans (Catalunya). Una trobada que tindr\u00e0 lloc entre el <strong>25 de mar\u00e7 i l\u20191 d\u2019abril<\/strong> a l\u2019alberg <a href=\"https:\/\/www.google.es\/maps\/place\/Alberg+Josep+Maria+Batista+i+Roca+-+Xanascat\/@41.485296,2.3192173,17z\/data=!3m1!4b1!4m5!3m4!1s0x12a4b0b85ff5a9c7:0x711a5f046be741a1!8m2!3d41.485296!4d2.321406\" target=\"_blank\" rel=\"noopener noreferrer\">Josep Maria Batista i Roca<\/a>, al Masnou.<\/p>\n<p style=\"text-align: justify;\"><strong>Convocat\u00f2ria per a participants<\/strong><br \/>\nPodeu con\u00e8ixer m\u00e9s detalls de la formaci\u00f3 i de les condicions i els requisits per participar-hi en <a href=\"https:\/\/www.esplac.cat\/wp-content\/uploads\/2018\/01\/Call-for-participants.pdf\" target=\"_blank\" rel=\"noopener noreferrer\">aquest enlla\u00e7<\/a>.<\/p>\n<p style=\"text-align: justify;\">Informaci\u00f3 b\u00e0sica de la formaci\u00f3:<\/p>\n<ul>\n<li style=\"text-align: justify;\">Dates: del 25 de mar\u00e7 a l\u20191 d\u2019abril<\/li>\n<li style=\"text-align: justify;\">Lloc: alberg Josep Maria Batista i Roca, al Masnou.<\/li>\n<li style=\"text-align: justify;\">Nombre de participants: 22 (3 places per a monis Esplac + 1 pla\u00e7a de voluntari de suport).<\/li>\n<li style=\"text-align: justify;\">Fi del termini d\u2019inscripci\u00f3: dilluns 29 de gener<\/li>\n<\/ul>\n<p style=\"text-align: justify;\"><strong>Convocat\u00f2ria per a formadors\/es<\/strong><br \/>\nTamb\u00e9 hem obert un proc\u00e9s per incorporar quatre formadors\/es que vulguin formar part de l\u2019equip pedag\u00f2gic del curs, de manera remunerada. Dels quatre formadors\/es, dos seran de fora i dos d\u2019Esplac. Els detalls de la convocat\u00f2ria els trobareu en <a href=\"https:\/\/www.esplac.cat\/wp-content\/uploads\/2018\/01\/Call-for-trainers.pdf\" target=\"_blank\" rel=\"noopener noreferrer\">aquest enlla\u00e7<\/a>. La finalitzaci\u00f3 del termini per presentar candidatura \u00e9s el divendres 26 de gener.<\/p>\n<p style=\"text-align: justify;\">Per a dubtes, no dubteu a escriure a<strong> internacional@esplac.cat<\/strong>. Som-hi!<\/p>\n","protected":false},"excerpt":{"rendered":"<p>L\u2019activitat se centrar\u00e0 en l\u2019educaci\u00f3 emocional i tindr\u00e0 lloc del [&hellip;]<\/p>\n","protected":false},"author":3,"featured_media":17143,"comment_status":"closed","ping_status":"closed","sticky":false,"template":"","format":"standard","meta":{"om_disable_all_campaigns":false,"_monsterinsights_skip_tracking":false,"_monsterinsights_sitenote_active":false,"_monsterinsights_sitenote_note":"","_monsterinsights_sitenote_category":0,"_uf_show_specific_survey":0,"_uf_disable_surveys":false,"footnotes":""},"categories":[1112,1],"tags":[],"class_list":["post-17142","post","type-post","status-publish","format-standard","has-post-thumbnail","hentry","category-esplac-al-mon","category-sense-categoria"],"yoast_head":"<!-- This site is optimized with the Yoast SEO plugin v27.5 - https:\/\/yoast.com\/product\/yoast-seo-wordpress\/ -->\n<title>Busquem participants i formadores per al &#039;traning course&#039; d\u2019Esplac! - Esplac<\/title>\n<meta name=\"robots\" content=\"index, follow, max-snippet:-1, max-image-preview:large, max-video-preview:-1\" \/>\n<link rel=\"canonical\" href=\"https:\/\/www.esplac.cat\/busquem-participants-i-formadores-traning-course-esplac\/\" \/>\n<meta property=\"og:locale\" content=\"en_US\" \/>\n<meta property=\"og:type\" content=\"article\" \/>\n<meta property=\"og:title\" content=\"Busquem participants i formadores per al &#039;traning course&#039; d\u2019Esplac! - Esplac\" \/>\n<meta property=\"og:description\" content=\"L\u2019activitat se centrar\u00e0 en l\u2019educaci\u00f3 emocional i tindr\u00e0 lloc del [&hellip;]\" \/>\n<meta property=\"og:url\" content=\"https:\/\/www.esplac.cat\/busquem-participants-i-formadores-traning-course-esplac\/\" \/>\n<meta property=\"og:site_name\" content=\"Esplac\" \/>\n<meta property=\"article:published_time\" content=\"2018-01-17T13:14:46+00:00\" \/>\n<meta property=\"og:image\" content=\"https:\/\/www.esplac.cat\/wp-content\/uploads\/2018\/01\/cares.jpg\" \/>\n\t<meta property=\"og:image:width\" content=\"847\" \/>\n\t<meta property=\"og:image:height\" content=\"350\" \/>\n\t<meta property=\"og:image:type\" content=\"image\/jpeg\" \/>\n<meta name=\"author\" content=\"Comunicaci\u00f3 Esplac\" \/>\n<meta name=\"twitter:card\" content=\"summary_large_image\" \/>\n<meta name=\"twitter:label1\" content=\"Written by\" \/>\n\t<meta name=\"twitter:data1\" content=\"Comunicaci\u00f3 Esplac\" \/>\n\t<meta name=\"twitter:label2\" content=\"Est. reading time\" \/>\n\t<meta name=\"twitter:data2\" content=\"2 minutes\" \/>\n<script type=\"application\/ld+json\" class=\"yoast-schema-graph\">{\"@context\":\"https:\\\/\\\/schema.org\",\"@graph\":[{\"@type\":\"Article\",\"@id\":\"https:\\\/\\\/www.esplac.cat\\\/busquem-participants-i-formadores-traning-course-esplac\\\/#article\",\"isPartOf\":{\"@id\":\"https:\\\/\\\/www.esplac.cat\\\/busquem-participants-i-formadores-traning-course-esplac\\\/\"},\"author\":{\"name\":\"Comunicaci\u00f3 Esplac\",\"@id\":\"https:\\\/\\\/www.esplac.cat\\\/#\\\/schema\\\/person\\\/908383cf240be18b68f8855d0583faca\"},\"headline\":\"Busquem participants i formadores per al &#8216;traning course&#8217; d\u2019Esplac!\",\"datePublished\":\"2018-01-17T13:14:46+00:00\",\"mainEntityOfPage\":{\"@id\":\"https:\\\/\\\/www.esplac.cat\\\/busquem-participants-i-formadores-traning-course-esplac\\\/\"},\"wordCount\":350,\"publisher\":{\"@id\":\"https:\\\/\\\/www.esplac.cat\\\/#organization\"},\"image\":{\"@id\":\"https:\\\/\\\/www.esplac.cat\\\/busquem-participants-i-formadores-traning-course-esplac\\\/#primaryimage\"},\"thumbnailUrl\":\"https:\\\/\\\/www.esplac.cat\\\/wp-content\\\/uploads\\\/2018\\\/01\\\/cares.jpg\",\"articleSection\":[\"Esplac al m\u00f3n\",\"Sense categoria\"],\"inLanguage\":\"en-US\"},{\"@type\":\"WebPage\",\"@id\":\"https:\\\/\\\/www.esplac.cat\\\/busquem-participants-i-formadores-traning-course-esplac\\\/\",\"url\":\"https:\\\/\\\/www.esplac.cat\\\/busquem-participants-i-formadores-traning-course-esplac\\\/\",\"name\":\"Busquem participants i formadores per al 'traning course' d\u2019Esplac! - Esplac\",\"isPartOf\":{\"@id\":\"https:\\\/\\\/www.esplac.cat\\\/#website\"},\"primaryImageOfPage\":{\"@id\":\"https:\\\/\\\/www.esplac.cat\\\/busquem-participants-i-formadores-traning-course-esplac\\\/#primaryimage\"},\"image\":{\"@id\":\"https:\\\/\\\/www.esplac.cat\\\/busquem-participants-i-formadores-traning-course-esplac\\\/#primaryimage\"},\"thumbnailUrl\":\"https:\\\/\\\/www.esplac.cat\\\/wp-content\\\/uploads\\\/2018\\\/01\\\/cares.jpg\",\"datePublished\":\"2018-01-17T13:14:46+00:00\",\"breadcrumb\":{\"@id\":\"https:\\\/\\\/www.esplac.cat\\\/busquem-participants-i-formadores-traning-course-esplac\\\/#breadcrumb\"},\"inLanguage\":\"en-US\",\"potentialAction\":[{\"@type\":\"ReadAction\",\"target\":[\"https:\\\/\\\/www.esplac.cat\\\/busquem-participants-i-formadores-traning-course-esplac\\\/\"]}]},{\"@type\":\"ImageObject\",\"inLanguage\":\"en-US\",\"@id\":\"https:\\\/\\\/www.esplac.cat\\\/busquem-participants-i-formadores-traning-course-esplac\\\/#primaryimage\",\"url\":\"https:\\\/\\\/www.esplac.cat\\\/wp-content\\\/uploads\\\/2018\\\/01\\\/cares.jpg\",\"contentUrl\":\"https:\\\/\\\/www.esplac.cat\\\/wp-content\\\/uploads\\\/2018\\\/01\\\/cares.jpg\",\"width\":847,\"height\":350},{\"@type\":\"BreadcrumbList\",\"@id\":\"https:\\\/\\\/www.esplac.cat\\\/busquem-participants-i-formadores-traning-course-esplac\\\/#breadcrumb\",\"itemListElement\":[{\"@type\":\"ListItem\",\"position\":1,\"name\":\"Inici\",\"item\":\"https:\\\/\\\/www.esplac.cat\\\/en\\\/\"},{\"@type\":\"ListItem\",\"position\":2,\"name\":\"Busquem participants i formadores per al &#8216;traning course&#8217; d\u2019Esplac!\"}]},{\"@type\":\"WebSite\",\"@id\":\"https:\\\/\\\/www.esplac.cat\\\/#website\",\"url\":\"https:\\\/\\\/www.esplac.cat\\\/\",\"name\":\"Esplac\",\"description\":\"Esplais Catalans\",\"publisher\":{\"@id\":\"https:\\\/\\\/www.esplac.cat\\\/#organization\"},\"potentialAction\":[{\"@type\":\"SearchAction\",\"target\":{\"@type\":\"EntryPoint\",\"urlTemplate\":\"https:\\\/\\\/www.esplac.cat\\\/?s={search_term_string}\"},\"query-input\":{\"@type\":\"PropertyValueSpecification\",\"valueRequired\":true,\"valueName\":\"search_term_string\"}}],\"inLanguage\":\"en-US\"},{\"@type\":\"Organization\",\"@id\":\"https:\\\/\\\/www.esplac.cat\\\/#organization\",\"name\":\"Esplac\",\"url\":\"https:\\\/\\\/www.esplac.cat\\\/\",\"logo\":{\"@type\":\"ImageObject\",\"inLanguage\":\"en-US\",\"@id\":\"https:\\\/\\\/www.esplac.cat\\\/#\\\/schema\\\/logo\\\/image\\\/\",\"url\":\"https:\\\/\\\/www.esplac.cat\\\/wp-content\\\/uploads\\\/2019\\\/08\\\/logox2.png\",\"contentUrl\":\"https:\\\/\\\/www.esplac.cat\\\/wp-content\\\/uploads\\\/2019\\\/08\\\/logox2.png\",\"width\":600,\"height\":295,\"caption\":\"Esplac\"},\"image\":{\"@id\":\"https:\\\/\\\/www.esplac.cat\\\/#\\\/schema\\\/logo\\\/image\\\/\"}},{\"@type\":\"Person\",\"@id\":\"https:\\\/\\\/www.esplac.cat\\\/#\\\/schema\\\/person\\\/908383cf240be18b68f8855d0583faca\",\"name\":\"Comunicaci\u00f3 Esplac\",\"image\":{\"@type\":\"ImageObject\",\"inLanguage\":\"en-US\",\"@id\":\"https:\\\/\\\/secure.gravatar.com\\\/avatar\\\/7a4cf8feb412a76ea4a740ca02d95b06b2907b5a6c648c2dd0a1082a093c3141?s=96&d=mm&r=g\",\"url\":\"https:\\\/\\\/secure.gravatar.com\\\/avatar\\\/7a4cf8feb412a76ea4a740ca02d95b06b2907b5a6c648c2dd0a1082a093c3141?s=96&d=mm&r=g\",\"contentUrl\":\"https:\\\/\\\/secure.gravatar.com\\\/avatar\\\/7a4cf8feb412a76ea4a740ca02d95b06b2907b5a6c648c2dd0a1082a093c3141?s=96&d=mm&r=g\",\"caption\":\"Comunicaci\u00f3 Esplac\"}}]}<\/script>\n<!-- \/ Yoast SEO plugin. -->","yoast_head_json":{"title":"Busquem participants i formadores per al 'traning course' d\u2019Esplac! - Esplac","robots":{"index":"index","follow":"follow","max-snippet":"max-snippet:-1","max-image-preview":"max-image-preview:large","max-video-preview":"max-video-preview:-1"},"canonical":"https:\/\/www.esplac.cat\/busquem-participants-i-formadores-traning-course-esplac\/","og_locale":"en_US","og_type":"article","og_title":"Busquem participants i formadores per al 'traning course' d\u2019Esplac! - Esplac","og_description":"L\u2019activitat se centrar\u00e0 en l\u2019educaci\u00f3 emocional i tindr\u00e0 lloc del [&hellip;]","og_url":"https:\/\/www.esplac.cat\/busquem-participants-i-formadores-traning-course-esplac\/","og_site_name":"Esplac","article_published_time":"2018-01-17T13:14:46+00:00","og_image":[{"width":847,"height":350,"url":"https:\/\/www.esplac.cat\/wp-content\/uploads\/2018\/01\/cares.jpg","type":"image\/jpeg"}],"author":"Comunicaci\u00f3 Esplac","twitter_card":"summary_large_image","twitter_misc":{"Written by":"Comunicaci\u00f3 Esplac","Est. reading time":"2 minutes"},"schema":{"@context":"https:\/\/schema.org","@graph":[{"@type":"Article","@id":"https:\/\/www.esplac.cat\/busquem-participants-i-formadores-traning-course-esplac\/#article","isPartOf":{"@id":"https:\/\/www.esplac.cat\/busquem-participants-i-formadores-traning-course-esplac\/"},"author":{"name":"Comunicaci\u00f3 Esplac","@id":"https:\/\/www.esplac.cat\/#\/schema\/person\/908383cf240be18b68f8855d0583faca"},"headline":"Busquem participants i formadores per al &#8216;traning course&#8217; d\u2019Esplac!","datePublished":"2018-01-17T13:14:46+00:00","mainEntityOfPage":{"@id":"https:\/\/www.esplac.cat\/busquem-participants-i-formadores-traning-course-esplac\/"},"wordCount":350,"publisher":{"@id":"https:\/\/www.esplac.cat\/#organization"},"image":{"@id":"https:\/\/www.esplac.cat\/busquem-participants-i-formadores-traning-course-esplac\/#primaryimage"},"thumbnailUrl":"https:\/\/www.esplac.cat\/wp-content\/uploads\/2018\/01\/cares.jpg","articleSection":["Esplac al m\u00f3n","Sense categoria"],"inLanguage":"en-US"},{"@type":"WebPage","@id":"https:\/\/www.esplac.cat\/busquem-participants-i-formadores-traning-course-esplac\/","url":"https:\/\/www.esplac.cat\/busquem-participants-i-formadores-traning-course-esplac\/","name":"Busquem participants i formadores per al 'traning course' d\u2019Esplac! - Esplac","isPartOf":{"@id":"https:\/\/www.esplac.cat\/#website"},"primaryImageOfPage":{"@id":"https:\/\/www.esplac.cat\/busquem-participants-i-formadores-traning-course-esplac\/#primaryimage"},"image":{"@id":"https:\/\/www.esplac.cat\/busquem-participants-i-formadores-traning-course-esplac\/#primaryimage"},"thumbnailUrl":"https:\/\/www.esplac.cat\/wp-content\/uploads\/2018\/01\/cares.jpg","datePublished":"2018-01-17T13:14:46+00:00","breadcrumb":{"@id":"https:\/\/www.esplac.cat\/busquem-participants-i-formadores-traning-course-esplac\/#breadcrumb"},"inLanguage":"en-US","potentialAction":[{"@type":"ReadAction","target":["https:\/\/www.esplac.cat\/busquem-participants-i-formadores-traning-course-esplac\/"]}]},{"@type":"ImageObject","inLanguage":"en-US","@id":"https:\/\/www.esplac.cat\/busquem-participants-i-formadores-traning-course-esplac\/#primaryimage","url":"https:\/\/www.esplac.cat\/wp-content\/uploads\/2018\/01\/cares.jpg","contentUrl":"https:\/\/www.esplac.cat\/wp-content\/uploads\/2018\/01\/cares.jpg","width":847,"height":350},{"@type":"BreadcrumbList","@id":"https:\/\/www.esplac.cat\/busquem-participants-i-formadores-traning-course-esplac\/#breadcrumb","itemListElement":[{"@type":"ListItem","position":1,"name":"Inici","item":"https:\/\/www.esplac.cat\/en\/"},{"@type":"ListItem","position":2,"name":"Busquem participants i formadores per al &#8216;traning course&#8217; d\u2019Esplac!"}]},{"@type":"WebSite","@id":"https:\/\/www.esplac.cat\/#website","url":"https:\/\/www.esplac.cat\/","name":"Esplac","description":"Esplais Catalans","publisher":{"@id":"https:\/\/www.esplac.cat\/#organization"},"potentialAction":[{"@type":"SearchAction","target":{"@type":"EntryPoint","urlTemplate":"https:\/\/www.esplac.cat\/?s={search_term_string}"},"query-input":{"@type":"PropertyValueSpecification","valueRequired":true,"valueName":"search_term_string"}}],"inLanguage":"en-US"},{"@type":"Organization","@id":"https:\/\/www.esplac.cat\/#organization","name":"Esplac","url":"https:\/\/www.esplac.cat\/","logo":{"@type":"ImageObject","inLanguage":"en-US","@id":"https:\/\/www.esplac.cat\/#\/schema\/logo\/image\/","url":"https:\/\/www.esplac.cat\/wp-content\/uploads\/2019\/08\/logox2.png","contentUrl":"https:\/\/www.esplac.cat\/wp-content\/uploads\/2019\/08\/logox2.png","width":600,"height":295,"caption":"Esplac"},"image":{"@id":"https:\/\/www.esplac.cat\/#\/schema\/logo\/image\/"}},{"@type":"Person","@id":"https:\/\/www.esplac.cat\/#\/schema\/person\/908383cf240be18b68f8855d0583faca","name":"Comunicaci\u00f3 Esplac","image":{"@type":"ImageObject","inLanguage":"en-US","@id":"https:\/\/secure.gravatar.com\/avatar\/7a4cf8feb412a76ea4a740ca02d95b06b2907b5a6c648c2dd0a1082a093c3141?s=96&d=mm&r=g","url":"https:\/\/secure.gravatar.com\/avatar\/7a4cf8feb412a76ea4a740ca02d95b06b2907b5a6c648c2dd0a1082a093c3141?s=96&d=mm&r=g","contentUrl":"https:\/\/secure.gravatar.com\/avatar\/7a4cf8feb412a76ea4a740ca02d95b06b2907b5a6c648c2dd0a1082a093c3141?s=96&d=mm&r=g","caption":"Comunicaci\u00f3 Esplac"}}]}},"_links":{"self":[{"href":"https:\/\/www.esplac.cat\/en\/wp-json\/wp\/v2\/posts\/17142","targetHints":{"allow":["GET"]}}],"collection":[{"href":"https:\/\/www.esplac.cat\/en\/wp-json\/wp\/v2\/posts"}],"about":[{"href":"https:\/\/www.esplac.cat\/en\/wp-json\/wp\/v2\/types\/post"}],"author":[{"embeddable":true,"href":"https:\/\/www.esplac.cat\/en\/wp-json\/wp\/v2\/users\/3"}],"replies":[{"embeddable":true,"href":"https:\/\/www.esplac.cat\/en\/wp-json\/wp\/v2\/comments?post=17142"}],"version-history":[{"count":0,"href":"https:\/\/www.esplac.cat\/en\/wp-json\/wp\/v2\/posts\/17142\/revisions"}],"wp:featuredmedia":[{"embeddable":true,"href":"https:\/\/www.esplac.cat\/en\/wp-json\/wp\/v2\/media\/17143"}],"wp:attachment":[{"href":"https:\/\/www.esplac.cat\/en\/wp-json\/wp\/v2\/media?parent=17142"}],"wp:term":[{"taxonomy":"category","embeddable":true,"href":"https:\/\/www.esplac.cat\/en\/wp-json\/wp\/v2\/categories?post=17142"},{"taxonomy":"post_tag","embeddable":true,"href":"https:\/\/www.esplac.cat\/en\/wp-json\/wp\/v2\/tags?post=17142"}],"curies":[{"name":"wp","href":"https:\/\/api.w.org\/{rel}","templated":true}]}}