{"id":17258,"date":"2018-02-05T12:36:41","date_gmt":"2018-02-05T12:36:41","guid":{"rendered":"https:\/\/www.esplac.cat\/?p=17258"},"modified":"2018-02-05T12:36:41","modified_gmt":"2018-02-05T12:36:41","slug":"taula-rodona-som-esplai-exit","status":"publish","type":"post","link":"https:\/\/www.esplac.cat\/en\/taula-rodona-som-esplai-exit\/","title":{"rendered":"La taula rodona de Som Esplai, un \u00e8xit!"},"content":{"rendered":"<h4 style=\"text-align: justify;\">Una cinquantena de persones s\u2019hi van apropar per debatre sobre la relaci\u00f3 entre l\u2019educaci\u00f3 i els mitjans de comunicaci\u00f3<\/h4>\n<p style=\"text-align: justify;\"><strong>\u201cVolem sortir a la tele (?)\u201d<\/strong>, aquest va ser el t\u00edtol de la taula rodona organitzada per <strong><a href=\"https:\/\/www.somesplai.cat\/\" target=\"_blank\" rel=\"noopener noreferrer\">Som Esplai <\/a><\/strong>i l\u2019eix central de l\u2019intercanvi d\u2019idees que va tenir lloc divendres passat, 2 de febrer, a la <a href=\"https:\/\/www.lleialtat.cat\/\" target=\"_blank\" rel=\"noopener noreferrer\">Lleialtat Santsenca<\/a>. L\u2019equip dinamitzador va voler posar sobre la taula la relaci\u00f3 que s\u2019estableix entre l\u2019educaci\u00f3 i els mitjans de comunicaci\u00f3, i per aix\u00f2 va voler comptar amb tres ponents de disciplines diferents:<\/p>\n<p>&#8211;<strong>Joan Turu<\/strong>, <a href=\"http:\/\/www.joanturu.cat\/\" target=\"_blank\" rel=\"noopener noreferrer\">il\u00b7lustrador<\/a>, ens va deixar frases interessants com les seg\u00fcents:<\/p>\n<ul>\n<li>\u201cA mi m\u00e9s que dibuixar m\u2019agrada comunicar. El que pretenc amb la meva feina \u00e9s transmetre molt amb molt poc, i la imatge et permet aix\u00f2.\u201d<\/li>\n<li>\u201cL\u2019educaci\u00f3 \u00e9s l\u2019eina per canviar el m\u00f3n i per aix\u00f2 als poders no els interessa que es visibilitzi, que se\u2019n parli. Per aquest motiu hem de seguir insistint des d\u2019espais alternatius, menys medi\u00e0tics d\u2019entrada.\u201d<\/li>\n<li>\u201cEls mitjans de comunicaci\u00f3 medi\u00e0tics volen circ, volen carn, s\u00f3n molt interessats. Jo no vull sortir a la tele si \u00e9s d\u2019aquesta manera, vull mitjans propers que entenguin el que vull explicar.\u201d<\/li>\n<li>\u201cAbans de plantejar si volem sortir a la tele o no, ens hem de plantejar per qu\u00e8 ho voldr\u00edem sortir. Probablement hi ha altres maneres de difondre la nostra tasca, m\u00e9s enll\u00e0 dels mitjans de comunicaci\u00f3.\u201d<\/li>\n<\/ul>\n<p style=\"text-align: justify;\">&#8211;<strong>Mariona Zamora<\/strong>, antrop\u00f2loga i comunicadora a <a href=\"https:\/\/ulleresperesquerrans.com\/\" target=\"_blank\" rel=\"noopener noreferrer\">Ulleres per Esquerrans<\/a>, va fer aquestes reflexions:<\/p>\n<ul>\n<li style=\"text-align: justify;\">\u201cLa idea d\u2019Ulleres per Esquerrans \u00e9s explicar teoria feminista d\u2019una manera f\u00e0cil. La via que tenim per connectar amb la gent \u00e9s mostrar-nos properes, vulnerables.\u201d<\/li>\n<li style=\"text-align: justify;\">\u201cQuan el nostre missatge \u00e9s transm\u00e8s pels mitjans de comunicaci\u00f3 de masses de vegades apareix distorsionat. \u00c9s essencial tenir vies pr\u00f2pies des de les quals enviar un missatge treballat i conscient.\u201d<\/li>\n<li style=\"text-align: justify;\">\u201cNo s\u00e9 fins a quin punt hem de ser altaveu dels infants, per\u00f2 s\u00ed que \u00e9s important cedir espais de comunicaci\u00f3 als nens i nenes, per donar-los veu, per saber el que pensen.\u201d<\/li>\n<\/ul>\n<p style=\"text-align: justify;\">&#8211;<strong>V\u00edctor Saura<\/strong>, director d\u2019<a href=\"http:\/\/diarieducacio.cat\/\" target=\"_blank\" rel=\"noopener noreferrer\">El Diari de l\u2019Eduaci\u00f3<\/a>, va aportar les idees seg\u00fcents:<\/p>\n<ul>\n<li style=\"text-align: justify;\">\u201cLa tasca dels esplais no apareix als mitjans com no apareix la de molts altres col\u00b7lectius, cosa que ens va m\u00e9s ignorants com a societat. La informaci\u00f3 est\u00e0 copada per la pol\u00edtica de primera l\u00ednia i per l\u2019esport.\u201d<\/li>\n<li style=\"text-align: justify;\">\u201cQuan vam crear El Diari de l\u2019Educaci\u00f3 vam pensar que ben aviat se\u2019ns acabarien els temes, per\u00f2 ens ha passat tot el contrari, no donem l\u2019abast. Hi ha moltes experi\u00e8ncies educatives a les quals cal donar visibilitat.\u201d<\/li>\n<\/ul>\n<p style=\"text-align: justify;\">En general, el debat va ser molt interessant i variat i diverses persones del p\u00fablic hi van participar per aportar la seva visi\u00f3. En aquest sentit, estem contents d\u2019haver atret per a l\u2019acte assistents de <strong>diverses entitats<\/strong>, com Minyons Escoltes i Guies de Catalunya, Escoltes Catalans, Casals de Joves&#8230;, a m\u00e9s d\u2019educadors no associats i bastants monitors i dirigents d\u2019Esplais Catalans.<\/p>\n<p style=\"text-align: justify;\">Pel que fa a l\u2019organitzaci\u00f3, la <strong>C\u00e8lia Nisarre<\/strong> va fer la presentaci\u00f3 de la taula rodona, l\u2019<strong>Alba Lafarga<\/strong> va moderar el debat des de l\u2019escenari amb els ponents, el <strong>Miquel Martorell<\/strong> i el <strong>Dani Costa<\/strong> van dinamitzar les preguntes del p\u00fablic, i el <strong>Mart\u00ed Odriozola<\/strong> va tancar l\u2019acte amb una valoraci\u00f3. Un treball en equip que va donar els millors fruits!<\/p>\n<p style=\"text-align: justify;\">A totes aquelles persones que vau venir a l\u2019acte o que hi vau estar interessades, us convideu a fer un cop d\u2019ull al <a href=\"https:\/\/www.somesplai.cat\/\" target=\"_blank\" rel=\"noopener noreferrer\">web de Som Esplai<\/a> (on hi ha article nous molt interessants), i a seguir-nos a les xarxes socails: <a href=\"https:\/\/www.facebook.com\/somesplai\/?ref=bookmarks\" target=\"_blank\" rel=\"noopener noreferrer\">Facebook<\/a> i <a href=\"https:\/\/twitter.com\/SomEsplai\" target=\"_blank\" rel=\"noopener noreferrer\">Twitter<\/a>. Moltes gr\u00e0cies!<\/p>\n<p style=\"text-align: justify;\">\n","protected":false},"excerpt":{"rendered":"<p>Una cinquantena de persones s\u2019hi van apropar per debatre sobre [&hellip;]<\/p>\n","protected":false},"author":3,"featured_media":17263,"comment_status":"closed","ping_status":"closed","sticky":false,"template":"","format":"standard","meta":{"om_disable_all_campaigns":false,"_monsterinsights_skip_tracking":false,"_monsterinsights_sitenote_active":false,"_monsterinsights_sitenote_note":"","_monsterinsights_sitenote_category":0,"_uf_show_specific_survey":0,"_uf_disable_surveys":false,"footnotes":""},"categories":[1126,1],"tags":[92,96,602],"class_list":["post-17258","post","type-post","status-publish","format-standard","has-post-thumbnail","hentry","category-lapiqueta","category-sense-categoria","tag-educacio","tag-mitjans-de-comunicacio","tag-som-esplai"],"yoast_head":"<!-- This site is optimized with the Yoast SEO plugin v27.4 - https:\/\/yoast.com\/product\/yoast-seo-wordpress\/ -->\n<title>La taula rodona de Som Esplai, un \u00e8xit! - Esplac<\/title>\n<meta name=\"robots\" content=\"index, follow, max-snippet:-1, max-image-preview:large, max-video-preview:-1\" \/>\n<link rel=\"canonical\" href=\"https:\/\/www.esplac.cat\/taula-rodona-som-esplai-exit\/\" \/>\n<meta property=\"og:locale\" content=\"en_US\" \/>\n<meta property=\"og:type\" content=\"article\" \/>\n<meta property=\"og:title\" content=\"La taula rodona de Som Esplai, un \u00e8xit! - Esplac\" \/>\n<meta property=\"og:description\" content=\"Una cinquantena de persones s\u2019hi van apropar per debatre sobre [&hellip;]\" \/>\n<meta property=\"og:url\" content=\"https:\/\/www.esplac.cat\/taula-rodona-som-esplai-exit\/\" \/>\n<meta property=\"og:site_name\" content=\"Esplac\" \/>\n<meta property=\"article:published_time\" content=\"2018-02-05T12:36:41+00:00\" \/>\n<meta property=\"og:image\" content=\"https:\/\/www.esplac.cat\/wp-content\/uploads\/2018\/02\/epp.jpg\" \/>\n\t<meta property=\"og:image:width\" content=\"847\" \/>\n\t<meta property=\"og:image:height\" content=\"350\" \/>\n\t<meta property=\"og:image:type\" content=\"image\/jpeg\" \/>\n<meta name=\"author\" content=\"Comunicaci\u00f3 Esplac\" \/>\n<meta name=\"twitter:card\" content=\"summary_large_image\" \/>\n<meta name=\"twitter:label1\" content=\"Written by\" \/>\n\t<meta name=\"twitter:data1\" content=\"Comunicaci\u00f3 Esplac\" \/>\n\t<meta name=\"twitter:label2\" content=\"Est. reading time\" \/>\n\t<meta name=\"twitter:data2\" content=\"3 minutes\" \/>\n<script type=\"application\/ld+json\" class=\"yoast-schema-graph\">{\"@context\":\"https:\\\/\\\/schema.org\",\"@graph\":[{\"@type\":\"Article\",\"@id\":\"https:\\\/\\\/www.esplac.cat\\\/taula-rodona-som-esplai-exit\\\/#article\",\"isPartOf\":{\"@id\":\"https:\\\/\\\/www.esplac.cat\\\/taula-rodona-som-esplai-exit\\\/\"},\"author\":{\"name\":\"Comunicaci\u00f3 Esplac\",\"@id\":\"https:\\\/\\\/www.esplac.cat\\\/#\\\/schema\\\/person\\\/908383cf240be18b68f8855d0583faca\"},\"headline\":\"La taula rodona de Som Esplai, un \u00e8xit!\",\"datePublished\":\"2018-02-05T12:36:41+00:00\",\"mainEntityOfPage\":{\"@id\":\"https:\\\/\\\/www.esplac.cat\\\/taula-rodona-som-esplai-exit\\\/\"},\"wordCount\":684,\"publisher\":{\"@id\":\"https:\\\/\\\/www.esplac.cat\\\/#organization\"},\"image\":{\"@id\":\"https:\\\/\\\/www.esplac.cat\\\/taula-rodona-som-esplai-exit\\\/#primaryimage\"},\"thumbnailUrl\":\"https:\\\/\\\/www.esplac.cat\\\/wp-content\\\/uploads\\\/2018\\\/02\\\/epp.jpg\",\"keywords\":[\"educaci\u00f3\",\"mitjans de comunicaci\u00f3\",\"som esplai\"],\"articleSection\":[\"La Piqueta\",\"Sense categoria\"],\"inLanguage\":\"en-US\"},{\"@type\":\"WebPage\",\"@id\":\"https:\\\/\\\/www.esplac.cat\\\/taula-rodona-som-esplai-exit\\\/\",\"url\":\"https:\\\/\\\/www.esplac.cat\\\/taula-rodona-som-esplai-exit\\\/\",\"name\":\"La taula rodona de Som Esplai, un \u00e8xit! - Esplac\",\"isPartOf\":{\"@id\":\"https:\\\/\\\/www.esplac.cat\\\/#website\"},\"primaryImageOfPage\":{\"@id\":\"https:\\\/\\\/www.esplac.cat\\\/taula-rodona-som-esplai-exit\\\/#primaryimage\"},\"image\":{\"@id\":\"https:\\\/\\\/www.esplac.cat\\\/taula-rodona-som-esplai-exit\\\/#primaryimage\"},\"thumbnailUrl\":\"https:\\\/\\\/www.esplac.cat\\\/wp-content\\\/uploads\\\/2018\\\/02\\\/epp.jpg\",\"datePublished\":\"2018-02-05T12:36:41+00:00\",\"breadcrumb\":{\"@id\":\"https:\\\/\\\/www.esplac.cat\\\/taula-rodona-som-esplai-exit\\\/#breadcrumb\"},\"inLanguage\":\"en-US\",\"potentialAction\":[{\"@type\":\"ReadAction\",\"target\":[\"https:\\\/\\\/www.esplac.cat\\\/taula-rodona-som-esplai-exit\\\/\"]}]},{\"@type\":\"ImageObject\",\"inLanguage\":\"en-US\",\"@id\":\"https:\\\/\\\/www.esplac.cat\\\/taula-rodona-som-esplai-exit\\\/#primaryimage\",\"url\":\"https:\\\/\\\/www.esplac.cat\\\/wp-content\\\/uploads\\\/2018\\\/02\\\/epp.jpg\",\"contentUrl\":\"https:\\\/\\\/www.esplac.cat\\\/wp-content\\\/uploads\\\/2018\\\/02\\\/epp.jpg\",\"width\":847,\"height\":350},{\"@type\":\"BreadcrumbList\",\"@id\":\"https:\\\/\\\/www.esplac.cat\\\/taula-rodona-som-esplai-exit\\\/#breadcrumb\",\"itemListElement\":[{\"@type\":\"ListItem\",\"position\":1,\"name\":\"Inici\",\"item\":\"https:\\\/\\\/www.esplac.cat\\\/en\\\/\"},{\"@type\":\"ListItem\",\"position\":2,\"name\":\"La taula rodona de Som Esplai, un \u00e8xit!\"}]},{\"@type\":\"WebSite\",\"@id\":\"https:\\\/\\\/www.esplac.cat\\\/#website\",\"url\":\"https:\\\/\\\/www.esplac.cat\\\/\",\"name\":\"Esplac\",\"description\":\"Esplais Catalans\",\"publisher\":{\"@id\":\"https:\\\/\\\/www.esplac.cat\\\/#organization\"},\"potentialAction\":[{\"@type\":\"SearchAction\",\"target\":{\"@type\":\"EntryPoint\",\"urlTemplate\":\"https:\\\/\\\/www.esplac.cat\\\/?s={search_term_string}\"},\"query-input\":{\"@type\":\"PropertyValueSpecification\",\"valueRequired\":true,\"valueName\":\"search_term_string\"}}],\"inLanguage\":\"en-US\"},{\"@type\":\"Organization\",\"@id\":\"https:\\\/\\\/www.esplac.cat\\\/#organization\",\"name\":\"Esplac\",\"url\":\"https:\\\/\\\/www.esplac.cat\\\/\",\"logo\":{\"@type\":\"ImageObject\",\"inLanguage\":\"en-US\",\"@id\":\"https:\\\/\\\/www.esplac.cat\\\/#\\\/schema\\\/logo\\\/image\\\/\",\"url\":\"https:\\\/\\\/www.esplac.cat\\\/wp-content\\\/uploads\\\/2019\\\/08\\\/logox2.png\",\"contentUrl\":\"https:\\\/\\\/www.esplac.cat\\\/wp-content\\\/uploads\\\/2019\\\/08\\\/logox2.png\",\"width\":600,\"height\":295,\"caption\":\"Esplac\"},\"image\":{\"@id\":\"https:\\\/\\\/www.esplac.cat\\\/#\\\/schema\\\/logo\\\/image\\\/\"}},{\"@type\":\"Person\",\"@id\":\"https:\\\/\\\/www.esplac.cat\\\/#\\\/schema\\\/person\\\/908383cf240be18b68f8855d0583faca\",\"name\":\"Comunicaci\u00f3 Esplac\",\"image\":{\"@type\":\"ImageObject\",\"inLanguage\":\"en-US\",\"@id\":\"https:\\\/\\\/secure.gravatar.com\\\/avatar\\\/7a4cf8feb412a76ea4a740ca02d95b06b2907b5a6c648c2dd0a1082a093c3141?s=96&d=mm&r=g\",\"url\":\"https:\\\/\\\/secure.gravatar.com\\\/avatar\\\/7a4cf8feb412a76ea4a740ca02d95b06b2907b5a6c648c2dd0a1082a093c3141?s=96&d=mm&r=g\",\"contentUrl\":\"https:\\\/\\\/secure.gravatar.com\\\/avatar\\\/7a4cf8feb412a76ea4a740ca02d95b06b2907b5a6c648c2dd0a1082a093c3141?s=96&d=mm&r=g\",\"caption\":\"Comunicaci\u00f3 Esplac\"}}]}<\/script>\n<!-- \/ Yoast SEO plugin. -->","yoast_head_json":{"title":"La taula rodona de Som Esplai, un \u00e8xit! - Esplac","robots":{"index":"index","follow":"follow","max-snippet":"max-snippet:-1","max-image-preview":"max-image-preview:large","max-video-preview":"max-video-preview:-1"},"canonical":"https:\/\/www.esplac.cat\/taula-rodona-som-esplai-exit\/","og_locale":"en_US","og_type":"article","og_title":"La taula rodona de Som Esplai, un \u00e8xit! - Esplac","og_description":"Una cinquantena de persones s\u2019hi van apropar per debatre sobre [&hellip;]","og_url":"https:\/\/www.esplac.cat\/taula-rodona-som-esplai-exit\/","og_site_name":"Esplac","article_published_time":"2018-02-05T12:36:41+00:00","og_image":[{"width":847,"height":350,"url":"https:\/\/www.esplac.cat\/wp-content\/uploads\/2018\/02\/epp.jpg","type":"image\/jpeg"}],"author":"Comunicaci\u00f3 Esplac","twitter_card":"summary_large_image","twitter_misc":{"Written by":"Comunicaci\u00f3 Esplac","Est. reading time":"3 minutes"},"schema":{"@context":"https:\/\/schema.org","@graph":[{"@type":"Article","@id":"https:\/\/www.esplac.cat\/taula-rodona-som-esplai-exit\/#article","isPartOf":{"@id":"https:\/\/www.esplac.cat\/taula-rodona-som-esplai-exit\/"},"author":{"name":"Comunicaci\u00f3 Esplac","@id":"https:\/\/www.esplac.cat\/#\/schema\/person\/908383cf240be18b68f8855d0583faca"},"headline":"La taula rodona de Som Esplai, un \u00e8xit!","datePublished":"2018-02-05T12:36:41+00:00","mainEntityOfPage":{"@id":"https:\/\/www.esplac.cat\/taula-rodona-som-esplai-exit\/"},"wordCount":684,"publisher":{"@id":"https:\/\/www.esplac.cat\/#organization"},"image":{"@id":"https:\/\/www.esplac.cat\/taula-rodona-som-esplai-exit\/#primaryimage"},"thumbnailUrl":"https:\/\/www.esplac.cat\/wp-content\/uploads\/2018\/02\/epp.jpg","keywords":["educaci\u00f3","mitjans de comunicaci\u00f3","som esplai"],"articleSection":["La Piqueta","Sense categoria"],"inLanguage":"en-US"},{"@type":"WebPage","@id":"https:\/\/www.esplac.cat\/taula-rodona-som-esplai-exit\/","url":"https:\/\/www.esplac.cat\/taula-rodona-som-esplai-exit\/","name":"La taula rodona de Som Esplai, un \u00e8xit! - Esplac","isPartOf":{"@id":"https:\/\/www.esplac.cat\/#website"},"primaryImageOfPage":{"@id":"https:\/\/www.esplac.cat\/taula-rodona-som-esplai-exit\/#primaryimage"},"image":{"@id":"https:\/\/www.esplac.cat\/taula-rodona-som-esplai-exit\/#primaryimage"},"thumbnailUrl":"https:\/\/www.esplac.cat\/wp-content\/uploads\/2018\/02\/epp.jpg","datePublished":"2018-02-05T12:36:41+00:00","breadcrumb":{"@id":"https:\/\/www.esplac.cat\/taula-rodona-som-esplai-exit\/#breadcrumb"},"inLanguage":"en-US","potentialAction":[{"@type":"ReadAction","target":["https:\/\/www.esplac.cat\/taula-rodona-som-esplai-exit\/"]}]},{"@type":"ImageObject","inLanguage":"en-US","@id":"https:\/\/www.esplac.cat\/taula-rodona-som-esplai-exit\/#primaryimage","url":"https:\/\/www.esplac.cat\/wp-content\/uploads\/2018\/02\/epp.jpg","contentUrl":"https:\/\/www.esplac.cat\/wp-content\/uploads\/2018\/02\/epp.jpg","width":847,"height":350},{"@type":"BreadcrumbList","@id":"https:\/\/www.esplac.cat\/taula-rodona-som-esplai-exit\/#breadcrumb","itemListElement":[{"@type":"ListItem","position":1,"name":"Inici","item":"https:\/\/www.esplac.cat\/en\/"},{"@type":"ListItem","position":2,"name":"La taula rodona de Som Esplai, un \u00e8xit!"}]},{"@type":"WebSite","@id":"https:\/\/www.esplac.cat\/#website","url":"https:\/\/www.esplac.cat\/","name":"Esplac","description":"Esplais Catalans","publisher":{"@id":"https:\/\/www.esplac.cat\/#organization"},"potentialAction":[{"@type":"SearchAction","target":{"@type":"EntryPoint","urlTemplate":"https:\/\/www.esplac.cat\/?s={search_term_string}"},"query-input":{"@type":"PropertyValueSpecification","valueRequired":true,"valueName":"search_term_string"}}],"inLanguage":"en-US"},{"@type":"Organization","@id":"https:\/\/www.esplac.cat\/#organization","name":"Esplac","url":"https:\/\/www.esplac.cat\/","logo":{"@type":"ImageObject","inLanguage":"en-US","@id":"https:\/\/www.esplac.cat\/#\/schema\/logo\/image\/","url":"https:\/\/www.esplac.cat\/wp-content\/uploads\/2019\/08\/logox2.png","contentUrl":"https:\/\/www.esplac.cat\/wp-content\/uploads\/2019\/08\/logox2.png","width":600,"height":295,"caption":"Esplac"},"image":{"@id":"https:\/\/www.esplac.cat\/#\/schema\/logo\/image\/"}},{"@type":"Person","@id":"https:\/\/www.esplac.cat\/#\/schema\/person\/908383cf240be18b68f8855d0583faca","name":"Comunicaci\u00f3 Esplac","image":{"@type":"ImageObject","inLanguage":"en-US","@id":"https:\/\/secure.gravatar.com\/avatar\/7a4cf8feb412a76ea4a740ca02d95b06b2907b5a6c648c2dd0a1082a093c3141?s=96&d=mm&r=g","url":"https:\/\/secure.gravatar.com\/avatar\/7a4cf8feb412a76ea4a740ca02d95b06b2907b5a6c648c2dd0a1082a093c3141?s=96&d=mm&r=g","contentUrl":"https:\/\/secure.gravatar.com\/avatar\/7a4cf8feb412a76ea4a740ca02d95b06b2907b5a6c648c2dd0a1082a093c3141?s=96&d=mm&r=g","caption":"Comunicaci\u00f3 Esplac"}}]}},"_links":{"self":[{"href":"https:\/\/www.esplac.cat\/en\/wp-json\/wp\/v2\/posts\/17258","targetHints":{"allow":["GET"]}}],"collection":[{"href":"https:\/\/www.esplac.cat\/en\/wp-json\/wp\/v2\/posts"}],"about":[{"href":"https:\/\/www.esplac.cat\/en\/wp-json\/wp\/v2\/types\/post"}],"author":[{"embeddable":true,"href":"https:\/\/www.esplac.cat\/en\/wp-json\/wp\/v2\/users\/3"}],"replies":[{"embeddable":true,"href":"https:\/\/www.esplac.cat\/en\/wp-json\/wp\/v2\/comments?post=17258"}],"version-history":[{"count":0,"href":"https:\/\/www.esplac.cat\/en\/wp-json\/wp\/v2\/posts\/17258\/revisions"}],"wp:featuredmedia":[{"embeddable":true,"href":"https:\/\/www.esplac.cat\/en\/wp-json\/wp\/v2\/media\/17263"}],"wp:attachment":[{"href":"https:\/\/www.esplac.cat\/en\/wp-json\/wp\/v2\/media?parent=17258"}],"wp:term":[{"taxonomy":"category","embeddable":true,"href":"https:\/\/www.esplac.cat\/en\/wp-json\/wp\/v2\/categories?post=17258"},{"taxonomy":"post_tag","embeddable":true,"href":"https:\/\/www.esplac.cat\/en\/wp-json\/wp\/v2\/tags?post=17258"}],"curies":[{"name":"wp","href":"https:\/\/api.w.org\/{rel}","templated":true}]}}