{"id":17367,"date":"2018-01-19T10:28:58","date_gmt":"2018-01-19T10:28:58","guid":{"rendered":"https:\/\/www.esplac.cat\/?p=17367"},"modified":"2020-09-22T11:10:49","modified_gmt":"2020-09-22T10:10:49","slug":"nou-recurs-drets-infants-esplai","status":"publish","type":"post","link":"https:\/\/www.esplac.cat\/en\/nou-recurs-drets-infants-esplai\/","title":{"rendered":"Nou recurs per revisar els drets dels infants a l\u2019esplai!"},"content":{"rendered":"<div class=\"fusion-fullwidth fullwidth-box fusion-builder-row-1 nonhundred-percent-fullwidth non-hundred-percent-height-scrolling\" style=\"--awb-border-radius-top-left:0px;--awb-border-radius-top-right:0px;--awb-border-radius-bottom-right:0px;--awb-border-radius-bottom-left:0px;--awb-flex-wrap:wrap;\" ><div class=\"fusion-builder-row fusion-row\"><div class=\"fusion-layout-column fusion_builder_column fusion-builder-column-0 fusion_builder_column_1_1 1_1 fusion-one-full fusion-column-first fusion-column-last\" style=\"--awb-bg-size:cover;--awb-margin-bottom:0px;\"><div class=\"fusion-column-wrapper fusion-flex-column-wrapper-legacy\"><div class=\"fusion-text fusion-text-1\"><h4 style=\"text-align: justify;\">Es tracta d\u2019un dossier de 10 din\u00e0miques classificades per edats per tal d\u2019adaptar millor el contingut a les diferents etapes evolutives<\/h4>\n<p style=\"text-align: justify;\">Els esplais constru\u00efm els drets dels infants cada dia, no nom\u00e9s hi pensem en el dia m\u00e9s assenyalat al calendari: <strong>el 20 de novembre<\/strong>. Per aix\u00f2, des d\u2019Esplac volem crear eines que facilitin la tasca als monitors i monitores per tal que el ventall d\u2019activitats relacionades amb el drets dels infants sigui m\u00e9s ampli i m\u00e9s ric.<\/p>\n<p style=\"text-align: justify;\">Creiem que \u00e9s important que els infants i els adolescents siguin conscients dels seus drets i del seu paper actiu en la societat. Tot i que siguin m\u00e9s menuts i menudes i que els falti aprendre moltes coses, els nens i nenes tenen ments inquietes i s\u00f3n ben capa\u00e7os d\u2019entendre com funciona el m\u00f3n que els envolta, <strong>i de participar-hi amb opinions i accions<\/strong>. Aix\u00ed doncs, des d\u2019Esplais Catalans animem les educadores i els educadors a seguir debatent sobre els drets dels infants, amb els mateixos nens i nenes i tamb\u00e9 amb les fam\u00edlies.<\/p>\n<p style=\"text-align: justify;\">El <a href=\"https:\/\/www.esplac.cat\/wp-content\/uploads\/2018\/02\/Dossier_dinamiques_drets_infants.pdf\" target=\"_blank\" rel=\"noopener noreferrer\">dossier<\/a> que us presentem recull 10 din\u00e0miques per treballar amb infants i adolescents. Concretament, hi trobareu unes tres o quatre opcions per compartir amb cada grup d\u2019edat: des d\u2019activitats per a nens i nenes de 6 anys fins a d\u2019altres per a joves de m\u00e9s de 15 anys.<\/p>\n<p>El recull est\u00e0 dividit en <strong>dues parts<\/strong>:<\/p>\n<ul>\n<li><strong>Part 1<\/strong>: \u201cTirant pel dret\u201d. El joc d\u2019Esplac que serveix perqu\u00e8 els infants i adolescents coneguin els seus drets, i que podeu demanar en pr\u00e9stec escrivint a esplac@esplac.cat.<\/li>\n<li><strong>Part 2<\/strong>: \u201cPetit compass\u201d. Un llibre de l\u2019<a href=\"http:\/\/aheadedu.org\/\" target=\"_blank\" rel=\"noopener noreferrer\">associaci\u00f3 AHEAD<\/a> sobre els drets dels infants amb din\u00e0miques orientades a fer debats amb una certa profunditat amb nens i nenes i joves, per tal que puguin extreure les seves pr\u00f2pies conclusions i proposar idees per millorar la situaci\u00f3 actual.<\/li>\n<\/ul>\n<p style=\"text-align: justify;\">De moment ja han utilitzat el recurs\u00a0<strong>quatre\u00a0esplais d\u2019Esplac<\/strong> (La Grapadora, Garb\u00ed, Guai i GMM) i el seu retorn ha estat molt positiu. Els seus infants i adolescents tenen ganes de seguir participant per millorar els seus drets! Aqu\u00ed teniu el recull en <strong><a href=\"https:\/\/www.esplac.cat\/wp-content\/uploads\/2020\/09\/Dossier_dinamiques_drets_infants-TOT.pdf\" target=\"_blank\" rel=\"noopener noreferrer\">versi\u00f3 pdf<\/a><\/strong>!<\/p>\n<\/div><div class=\"fusion-clearfix\"><\/div><\/div><\/div><\/div><\/div>\n","protected":false},"excerpt":{"rendered":"","protected":false},"author":3,"featured_media":17369,"comment_status":"closed","ping_status":"closed","sticky":false,"template":"","format":"standard","meta":{"om_disable_all_campaigns":false,"_monsterinsights_skip_tracking":false,"_monsterinsights_sitenote_active":false,"_monsterinsights_sitenote_note":"","_monsterinsights_sitenote_category":0,"_uf_show_specific_survey":0,"_uf_disable_surveys":false,"footnotes":""},"categories":[1135,1],"tags":[45,284],"class_list":["post-17367","post","type-post","status-publish","format-standard","has-post-thumbnail","hentry","category-20-n-drets-dels-infants","category-sense-categoria","tag-drets-dels-infants","tag-recursos"],"yoast_head":"<!-- This site is optimized with the Yoast SEO plugin v27.4 - https:\/\/yoast.com\/product\/yoast-seo-wordpress\/ -->\n<title>Nou recurs per revisar els drets dels infants a l\u2019esplai! - Esplac<\/title>\n<meta name=\"robots\" content=\"index, follow, max-snippet:-1, max-image-preview:large, max-video-preview:-1\" \/>\n<link rel=\"canonical\" href=\"https:\/\/www.esplac.cat\/es\/nou-recurs-drets-infants-esplai\/\" \/>\n<meta property=\"og:locale\" content=\"en_US\" \/>\n<meta property=\"og:type\" content=\"article\" \/>\n<meta property=\"og:title\" content=\"Nou recurs per revisar els drets dels infants a l\u2019esplai! - Esplac\" \/>\n<meta property=\"og:url\" content=\"https:\/\/www.esplac.cat\/es\/nou-recurs-drets-infants-esplai\/\" \/>\n<meta property=\"og:site_name\" content=\"Esplac\" \/>\n<meta property=\"article:published_time\" content=\"2018-01-19T10:28:58+00:00\" \/>\n<meta property=\"article:modified_time\" content=\"2020-09-22T10:10:49+00:00\" \/>\n<meta property=\"og:image\" content=\"https:\/\/www.esplac.cat\/wp-content\/uploads\/2018\/02\/nensss.jpg\" \/>\n\t<meta property=\"og:image:width\" content=\"847\" \/>\n\t<meta property=\"og:image:height\" content=\"350\" \/>\n\t<meta property=\"og:image:type\" content=\"image\/jpeg\" \/>\n<meta name=\"author\" content=\"Comunicaci\u00f3 Esplac\" \/>\n<meta name=\"twitter:card\" content=\"summary_large_image\" \/>\n<meta name=\"twitter:label1\" content=\"Written by\" \/>\n\t<meta name=\"twitter:data1\" content=\"Comunicaci\u00f3 Esplac\" \/>\n\t<meta name=\"twitter:label2\" content=\"Est. reading time\" \/>\n\t<meta name=\"twitter:data2\" content=\"3 minutes\" \/>\n<script type=\"application\/ld+json\" class=\"yoast-schema-graph\">{\"@context\":\"https:\\\/\\\/schema.org\",\"@graph\":[{\"@type\":\"Article\",\"@id\":\"https:\\\/\\\/www.esplac.cat\\\/es\\\/nou-recurs-drets-infants-esplai\\\/#article\",\"isPartOf\":{\"@id\":\"https:\\\/\\\/www.esplac.cat\\\/es\\\/nou-recurs-drets-infants-esplai\\\/\"},\"author\":{\"name\":\"Comunicaci\u00f3 Esplac\",\"@id\":\"https:\\\/\\\/www.esplac.cat\\\/#\\\/schema\\\/person\\\/908383cf240be18b68f8855d0583faca\"},\"headline\":\"Nou recurs per revisar els drets dels infants a l\u2019esplai!\",\"datePublished\":\"2018-01-19T10:28:58+00:00\",\"dateModified\":\"2020-09-22T10:10:49+00:00\",\"mainEntityOfPage\":{\"@id\":\"https:\\\/\\\/www.esplac.cat\\\/es\\\/nou-recurs-drets-infants-esplai\\\/\"},\"wordCount\":544,\"publisher\":{\"@id\":\"https:\\\/\\\/www.esplac.cat\\\/#organization\"},\"image\":{\"@id\":\"https:\\\/\\\/www.esplac.cat\\\/es\\\/nou-recurs-drets-infants-esplai\\\/#primaryimage\"},\"thumbnailUrl\":\"https:\\\/\\\/www.esplac.cat\\\/wp-content\\\/uploads\\\/2018\\\/02\\\/nensss.jpg\",\"keywords\":[\"drets dels infants\",\"recursos\"],\"articleSection\":[\"20-N: Drets dels infants\",\"Sense categoria\"],\"inLanguage\":\"en-US\"},{\"@type\":\"WebPage\",\"@id\":\"https:\\\/\\\/www.esplac.cat\\\/es\\\/nou-recurs-drets-infants-esplai\\\/\",\"url\":\"https:\\\/\\\/www.esplac.cat\\\/es\\\/nou-recurs-drets-infants-esplai\\\/\",\"name\":\"Nou recurs per revisar els drets dels infants a l\u2019esplai! - Esplac\",\"isPartOf\":{\"@id\":\"https:\\\/\\\/www.esplac.cat\\\/#website\"},\"primaryImageOfPage\":{\"@id\":\"https:\\\/\\\/www.esplac.cat\\\/es\\\/nou-recurs-drets-infants-esplai\\\/#primaryimage\"},\"image\":{\"@id\":\"https:\\\/\\\/www.esplac.cat\\\/es\\\/nou-recurs-drets-infants-esplai\\\/#primaryimage\"},\"thumbnailUrl\":\"https:\\\/\\\/www.esplac.cat\\\/wp-content\\\/uploads\\\/2018\\\/02\\\/nensss.jpg\",\"datePublished\":\"2018-01-19T10:28:58+00:00\",\"dateModified\":\"2020-09-22T10:10:49+00:00\",\"breadcrumb\":{\"@id\":\"https:\\\/\\\/www.esplac.cat\\\/es\\\/nou-recurs-drets-infants-esplai\\\/#breadcrumb\"},\"inLanguage\":\"en-US\",\"potentialAction\":[{\"@type\":\"ReadAction\",\"target\":[\"https:\\\/\\\/www.esplac.cat\\\/es\\\/nou-recurs-drets-infants-esplai\\\/\"]}]},{\"@type\":\"ImageObject\",\"inLanguage\":\"en-US\",\"@id\":\"https:\\\/\\\/www.esplac.cat\\\/es\\\/nou-recurs-drets-infants-esplai\\\/#primaryimage\",\"url\":\"https:\\\/\\\/www.esplac.cat\\\/wp-content\\\/uploads\\\/2018\\\/02\\\/nensss.jpg\",\"contentUrl\":\"https:\\\/\\\/www.esplac.cat\\\/wp-content\\\/uploads\\\/2018\\\/02\\\/nensss.jpg\",\"width\":847,\"height\":350},{\"@type\":\"BreadcrumbList\",\"@id\":\"https:\\\/\\\/www.esplac.cat\\\/es\\\/nou-recurs-drets-infants-esplai\\\/#breadcrumb\",\"itemListElement\":[{\"@type\":\"ListItem\",\"position\":1,\"name\":\"Inici\",\"item\":\"https:\\\/\\\/www.esplac.cat\\\/en\\\/\"},{\"@type\":\"ListItem\",\"position\":2,\"name\":\"Nou recurs per revisar els drets dels infants a l\u2019esplai!\"}]},{\"@type\":\"WebSite\",\"@id\":\"https:\\\/\\\/www.esplac.cat\\\/#website\",\"url\":\"https:\\\/\\\/www.esplac.cat\\\/\",\"name\":\"Esplac\",\"description\":\"Esplais Catalans\",\"publisher\":{\"@id\":\"https:\\\/\\\/www.esplac.cat\\\/#organization\"},\"potentialAction\":[{\"@type\":\"SearchAction\",\"target\":{\"@type\":\"EntryPoint\",\"urlTemplate\":\"https:\\\/\\\/www.esplac.cat\\\/?s={search_term_string}\"},\"query-input\":{\"@type\":\"PropertyValueSpecification\",\"valueRequired\":true,\"valueName\":\"search_term_string\"}}],\"inLanguage\":\"en-US\"},{\"@type\":\"Organization\",\"@id\":\"https:\\\/\\\/www.esplac.cat\\\/#organization\",\"name\":\"Esplac\",\"url\":\"https:\\\/\\\/www.esplac.cat\\\/\",\"logo\":{\"@type\":\"ImageObject\",\"inLanguage\":\"en-US\",\"@id\":\"https:\\\/\\\/www.esplac.cat\\\/#\\\/schema\\\/logo\\\/image\\\/\",\"url\":\"https:\\\/\\\/www.esplac.cat\\\/wp-content\\\/uploads\\\/2019\\\/08\\\/logox2.png\",\"contentUrl\":\"https:\\\/\\\/www.esplac.cat\\\/wp-content\\\/uploads\\\/2019\\\/08\\\/logox2.png\",\"width\":600,\"height\":295,\"caption\":\"Esplac\"},\"image\":{\"@id\":\"https:\\\/\\\/www.esplac.cat\\\/#\\\/schema\\\/logo\\\/image\\\/\"}},{\"@type\":\"Person\",\"@id\":\"https:\\\/\\\/www.esplac.cat\\\/#\\\/schema\\\/person\\\/908383cf240be18b68f8855d0583faca\",\"name\":\"Comunicaci\u00f3 Esplac\",\"image\":{\"@type\":\"ImageObject\",\"inLanguage\":\"en-US\",\"@id\":\"https:\\\/\\\/secure.gravatar.com\\\/avatar\\\/7a4cf8feb412a76ea4a740ca02d95b06b2907b5a6c648c2dd0a1082a093c3141?s=96&d=mm&r=g\",\"url\":\"https:\\\/\\\/secure.gravatar.com\\\/avatar\\\/7a4cf8feb412a76ea4a740ca02d95b06b2907b5a6c648c2dd0a1082a093c3141?s=96&d=mm&r=g\",\"contentUrl\":\"https:\\\/\\\/secure.gravatar.com\\\/avatar\\\/7a4cf8feb412a76ea4a740ca02d95b06b2907b5a6c648c2dd0a1082a093c3141?s=96&d=mm&r=g\",\"caption\":\"Comunicaci\u00f3 Esplac\"}}]}<\/script>\n<!-- \/ Yoast SEO plugin. -->","yoast_head_json":{"title":"Nou recurs per revisar els drets dels infants a l\u2019esplai! - Esplac","robots":{"index":"index","follow":"follow","max-snippet":"max-snippet:-1","max-image-preview":"max-image-preview:large","max-video-preview":"max-video-preview:-1"},"canonical":"https:\/\/www.esplac.cat\/es\/nou-recurs-drets-infants-esplai\/","og_locale":"en_US","og_type":"article","og_title":"Nou recurs per revisar els drets dels infants a l\u2019esplai! - Esplac","og_url":"https:\/\/www.esplac.cat\/es\/nou-recurs-drets-infants-esplai\/","og_site_name":"Esplac","article_published_time":"2018-01-19T10:28:58+00:00","article_modified_time":"2020-09-22T10:10:49+00:00","og_image":[{"width":847,"height":350,"url":"https:\/\/www.esplac.cat\/wp-content\/uploads\/2018\/02\/nensss.jpg","type":"image\/jpeg"}],"author":"Comunicaci\u00f3 Esplac","twitter_card":"summary_large_image","twitter_misc":{"Written by":"Comunicaci\u00f3 Esplac","Est. reading time":"3 minutes"},"schema":{"@context":"https:\/\/schema.org","@graph":[{"@type":"Article","@id":"https:\/\/www.esplac.cat\/es\/nou-recurs-drets-infants-esplai\/#article","isPartOf":{"@id":"https:\/\/www.esplac.cat\/es\/nou-recurs-drets-infants-esplai\/"},"author":{"name":"Comunicaci\u00f3 Esplac","@id":"https:\/\/www.esplac.cat\/#\/schema\/person\/908383cf240be18b68f8855d0583faca"},"headline":"Nou recurs per revisar els drets dels infants a l\u2019esplai!","datePublished":"2018-01-19T10:28:58+00:00","dateModified":"2020-09-22T10:10:49+00:00","mainEntityOfPage":{"@id":"https:\/\/www.esplac.cat\/es\/nou-recurs-drets-infants-esplai\/"},"wordCount":544,"publisher":{"@id":"https:\/\/www.esplac.cat\/#organization"},"image":{"@id":"https:\/\/www.esplac.cat\/es\/nou-recurs-drets-infants-esplai\/#primaryimage"},"thumbnailUrl":"https:\/\/www.esplac.cat\/wp-content\/uploads\/2018\/02\/nensss.jpg","keywords":["drets dels infants","recursos"],"articleSection":["20-N: Drets dels infants","Sense categoria"],"inLanguage":"en-US"},{"@type":"WebPage","@id":"https:\/\/www.esplac.cat\/es\/nou-recurs-drets-infants-esplai\/","url":"https:\/\/www.esplac.cat\/es\/nou-recurs-drets-infants-esplai\/","name":"Nou recurs per revisar els drets dels infants a l\u2019esplai! - Esplac","isPartOf":{"@id":"https:\/\/www.esplac.cat\/#website"},"primaryImageOfPage":{"@id":"https:\/\/www.esplac.cat\/es\/nou-recurs-drets-infants-esplai\/#primaryimage"},"image":{"@id":"https:\/\/www.esplac.cat\/es\/nou-recurs-drets-infants-esplai\/#primaryimage"},"thumbnailUrl":"https:\/\/www.esplac.cat\/wp-content\/uploads\/2018\/02\/nensss.jpg","datePublished":"2018-01-19T10:28:58+00:00","dateModified":"2020-09-22T10:10:49+00:00","breadcrumb":{"@id":"https:\/\/www.esplac.cat\/es\/nou-recurs-drets-infants-esplai\/#breadcrumb"},"inLanguage":"en-US","potentialAction":[{"@type":"ReadAction","target":["https:\/\/www.esplac.cat\/es\/nou-recurs-drets-infants-esplai\/"]}]},{"@type":"ImageObject","inLanguage":"en-US","@id":"https:\/\/www.esplac.cat\/es\/nou-recurs-drets-infants-esplai\/#primaryimage","url":"https:\/\/www.esplac.cat\/wp-content\/uploads\/2018\/02\/nensss.jpg","contentUrl":"https:\/\/www.esplac.cat\/wp-content\/uploads\/2018\/02\/nensss.jpg","width":847,"height":350},{"@type":"BreadcrumbList","@id":"https:\/\/www.esplac.cat\/es\/nou-recurs-drets-infants-esplai\/#breadcrumb","itemListElement":[{"@type":"ListItem","position":1,"name":"Inici","item":"https:\/\/www.esplac.cat\/en\/"},{"@type":"ListItem","position":2,"name":"Nou recurs per revisar els drets dels infants a l\u2019esplai!"}]},{"@type":"WebSite","@id":"https:\/\/www.esplac.cat\/#website","url":"https:\/\/www.esplac.cat\/","name":"Esplac","description":"Esplais Catalans","publisher":{"@id":"https:\/\/www.esplac.cat\/#organization"},"potentialAction":[{"@type":"SearchAction","target":{"@type":"EntryPoint","urlTemplate":"https:\/\/www.esplac.cat\/?s={search_term_string}"},"query-input":{"@type":"PropertyValueSpecification","valueRequired":true,"valueName":"search_term_string"}}],"inLanguage":"en-US"},{"@type":"Organization","@id":"https:\/\/www.esplac.cat\/#organization","name":"Esplac","url":"https:\/\/www.esplac.cat\/","logo":{"@type":"ImageObject","inLanguage":"en-US","@id":"https:\/\/www.esplac.cat\/#\/schema\/logo\/image\/","url":"https:\/\/www.esplac.cat\/wp-content\/uploads\/2019\/08\/logox2.png","contentUrl":"https:\/\/www.esplac.cat\/wp-content\/uploads\/2019\/08\/logox2.png","width":600,"height":295,"caption":"Esplac"},"image":{"@id":"https:\/\/www.esplac.cat\/#\/schema\/logo\/image\/"}},{"@type":"Person","@id":"https:\/\/www.esplac.cat\/#\/schema\/person\/908383cf240be18b68f8855d0583faca","name":"Comunicaci\u00f3 Esplac","image":{"@type":"ImageObject","inLanguage":"en-US","@id":"https:\/\/secure.gravatar.com\/avatar\/7a4cf8feb412a76ea4a740ca02d95b06b2907b5a6c648c2dd0a1082a093c3141?s=96&d=mm&r=g","url":"https:\/\/secure.gravatar.com\/avatar\/7a4cf8feb412a76ea4a740ca02d95b06b2907b5a6c648c2dd0a1082a093c3141?s=96&d=mm&r=g","contentUrl":"https:\/\/secure.gravatar.com\/avatar\/7a4cf8feb412a76ea4a740ca02d95b06b2907b5a6c648c2dd0a1082a093c3141?s=96&d=mm&r=g","caption":"Comunicaci\u00f3 Esplac"}}]}},"_links":{"self":[{"href":"https:\/\/www.esplac.cat\/en\/wp-json\/wp\/v2\/posts\/17367","targetHints":{"allow":["GET"]}}],"collection":[{"href":"https:\/\/www.esplac.cat\/en\/wp-json\/wp\/v2\/posts"}],"about":[{"href":"https:\/\/www.esplac.cat\/en\/wp-json\/wp\/v2\/types\/post"}],"author":[{"embeddable":true,"href":"https:\/\/www.esplac.cat\/en\/wp-json\/wp\/v2\/users\/3"}],"replies":[{"embeddable":true,"href":"https:\/\/www.esplac.cat\/en\/wp-json\/wp\/v2\/comments?post=17367"}],"version-history":[{"count":0,"href":"https:\/\/www.esplac.cat\/en\/wp-json\/wp\/v2\/posts\/17367\/revisions"}],"wp:featuredmedia":[{"embeddable":true,"href":"https:\/\/www.esplac.cat\/en\/wp-json\/wp\/v2\/media\/17369"}],"wp:attachment":[{"href":"https:\/\/www.esplac.cat\/en\/wp-json\/wp\/v2\/media?parent=17367"}],"wp:term":[{"taxonomy":"category","embeddable":true,"href":"https:\/\/www.esplac.cat\/en\/wp-json\/wp\/v2\/categories?post=17367"},{"taxonomy":"post_tag","embeddable":true,"href":"https:\/\/www.esplac.cat\/en\/wp-json\/wp\/v2\/tags?post=17367"}],"curies":[{"name":"wp","href":"https:\/\/api.w.org\/{rel}","templated":true}]}}