{"id":23665,"date":"2019-09-16T14:00:57","date_gmt":"2019-09-16T12:00:57","guid":{"rendered":"http:\/\/esplac.cat\/?p=22592"},"modified":"2020-10-15T17:23:15","modified_gmt":"2020-10-15T16:23:15","slug":"jornades-ambientals-campaments-sostenibles","status":"publish","type":"post","link":"https:\/\/www.esplac.cat\/en\/jornades-ambientals-campaments-sostenibles\/","title":{"rendered":"Ja arriben les VI Jornades Ambientals: per uns campaments sostenibles!"},"content":{"rendered":"<h4>Diumenge 6 d\u2019octubre, es celebrar\u00e0 la sisena edici\u00f3 de les Jornades Ambientals al Casal Torre de La Sagrera (Barcelona), enguany sobre els campaments sostenibles.<\/h4>\n<p style=\"text-align: justify;\">Un any m\u00e9s, la <strong>comissi\u00f3 Reduint Petjada<\/strong>\u00a0ha organitzat les Jornades Ambientals, un espai d\u2019intercanvi i de creaci\u00f3 de xarxa per tal de con\u00e8ixer col\u00b7lectius, grups i individus i seguir-nos formant com a\u00a0monis tot compartint bones pr\u00e0ctiques. Unes jornades on poder treballar entre totes i tots la <strong>persepectiva verda i l&#8217;educaci\u00f3 en la sostenibilitat<\/strong>!<\/p>\n<p style=\"text-align: justify;\">Enguany el tema de les jornades ser\u00e0 com fer uns <strong>campaments sostenibles<\/strong>! Debatrem tot all\u00f2 que gira entorn als campaments, com ho hem estat fent fins ara i quines eines tenim per fer-los des d&#8217;una mirada m\u00e9s verda. A m\u00e9s, aproparem\u00a0aquesta tem\u00e0tica a la situaci\u00f3 de cadascun dels esplais!<\/p>\n<p style=\"text-align: justify;\">Les Jornades Ambientals 2019\u00a0ocuparan tot el dia de diumenge 6 d&#8217;octubre, comen\u00e7ant amb la pon\u00e8ncia principal del moviment internacional &#8220;<strong>Fridays For Future<\/strong>&#8221; i a continuaci\u00f3 podrem escollir entre tres pon\u00e8ncies diferents:<\/p>\n<ul>\n<li style=\"text-align: justify;\"><a href=\"https:\/\/terramullada.wordpress.com\/\" target=\"_blank\" rel=\"noopener noreferrer\"><strong>Terra Mullada<\/strong><\/a>: pag\u00e8s de cultiu ecol\u00f2gic al Parc Agrari del Baix Llobregat<\/li>\n<li style=\"text-align: justify;\"><strong><a href=\"http:\/\/www.espigoladors.cat\/\" target=\"_blank\" rel=\"noopener noreferrer\">Espigoladors<\/a>:\u00a0<\/strong>organitzaci\u00f3 sense \u00e0nim de lucre que lluita contra el malbaratament alimentari i empodera a persones en risc d\u2019exclusi\u00f3 social.<\/li>\n<li style=\"text-align: justify;\"><a href=\"https:\/\/azimut360.coop\/ca\/\" target=\"_blank\" rel=\"noopener noreferrer\"><strong>Azimut 360<\/strong><\/a>: cooperativa sense \u00e0nim de lucre per donar cobertura a les necessitats energ\u00e8tiques mitjan\u00e7ant un model respectu\u00f3s amb el medi ambient.<\/li>\n<\/ul>\n<p style=\"text-align: justify;\">A m\u00e9s, durant la tarda podrem gaudir de diferents tallers i activitats que ens ajudaran a\u00a0posar-ho tot en pr\u00e0ctica!<\/p>\n<p style=\"text-align: justify;\">Les Jornades\u00a0tindran lloc al <strong>Casal de barri Torre de La Sagrera<\/strong> (Carrer Berenguer de Palou 64-66, Barcelona). Arrencaran a les <strong>10 h<\/strong> del mat\u00ed i finalitzaran a les<strong> 18 h<\/strong>. Per dinar podrem gaudir d\u2019un <strong>\u00e0<\/strong><strong>pat amb menj\u00e0 ecol\u00f2gic, local i veg\u00e0<\/strong> a c\u00e0rrec de la cooperativa <a href=\"http:\/\/menjadorcalarosa.cat\/\" target=\"_blank\" rel=\"noopener noreferrer\">Ca la Rosa<\/a>.<\/p>\n<p style=\"text-align: justify;\">El cost \u00e9s\u00a0de <strong>3 euros<\/strong> per persona i <strong>inclou les activitats i els dos \u00e0pats<\/strong> (esmorzar i dinar). Per inscriure-us-hi,\u00a0 ho heu de fer <strong>abans del 29 de setembre<\/strong> i hi ha dues opcions:<\/p>\n<ul>\n<li style=\"text-align: justify;\"><strong>Si ets moni d&#8217;Esplac<\/strong> t&#8217;has d&#8217;inscriure a trav\u00e9s de <strong><a href=\"https:\/\/era.esplac.cat\/\" target=\"_blank\" rel=\"noopener noreferrer\">l&#8217;Era<\/a>\u00a0<\/strong>(confirmant assist\u00e8ncia)<\/li>\n<li style=\"text-align: justify;\"><strong>Si no ets moni d&#8217;Esplac<\/strong>, heu de fer-ho a trav\u00e9s del seg\u00fcent formulari:<\/li>\n<\/ul>\n<p><a href=\"http:\/\/esplac.cat\/wp-content\/uploads\/2019\/10\/cartelljornades.jpg\"><img decoding=\"async\" class=\"wp-image-22602 aligncenter\" src=\"http:\/\/esplac.cat\/wp-content\/uploads\/2019\/10\/cartelljornades.jpg\" alt=\"\" width=\"538\" height=\"761\" \/><\/a><\/p>\n","protected":false},"excerpt":{"rendered":"<p>Diumenge 6 d\u2019octubre, es celebrar\u00e0 la sisena edici\u00f3 de les [&hellip;]<\/p>\n","protected":false},"author":3,"featured_media":23549,"comment_status":"closed","ping_status":"open","sticky":false,"template":"","format":"standard","meta":{"om_disable_all_campaigns":false,"_monsterinsights_skip_tracking":false,"_monsterinsights_sitenote_active":false,"_monsterinsights_sitenote_note":"","_monsterinsights_sitenote_category":0,"_uf_show_specific_survey":0,"_uf_disable_surveys":false,"footnotes":""},"categories":[1111,1159,1],"tags":[1098,82,1002,31,1099,134],"class_list":["post-23665","post","type-post","status-publish","format-standard","has-post-thumbnail","hentry","category-activitats-esplac","category-jornades-ambientals","category-sense-categoria","tag-campaments-sostenibles","tag-educacio-ambiental","tag-educacio-popular","tag-jornades-ambientals","tag-la-sagrera","tag-transformacio-social"],"yoast_head":"<!-- This site is optimized with the Yoast SEO plugin v27.4 - https:\/\/yoast.com\/product\/yoast-seo-wordpress\/ -->\n<title>Ja arriben les VI Jornades Ambientals: per uns campaments sostenibles! - Esplac<\/title>\n<meta name=\"robots\" content=\"index, follow, max-snippet:-1, max-image-preview:large, max-video-preview:-1\" \/>\n<link rel=\"canonical\" href=\"https:\/\/www.esplac.cat\/en\/jornades-ambientals-campaments-sostenibles\/\" \/>\n<meta property=\"og:locale\" content=\"en_US\" \/>\n<meta property=\"og:type\" content=\"article\" \/>\n<meta property=\"og:title\" content=\"Ja arriben les VI Jornades Ambientals: per uns campaments sostenibles! - Esplac\" \/>\n<meta property=\"og:description\" content=\"Diumenge 6 d\u2019octubre, es celebrar\u00e0 la sisena edici\u00f3 de les [&hellip;]\" \/>\n<meta property=\"og:url\" content=\"https:\/\/www.esplac.cat\/en\/jornades-ambientals-campaments-sostenibles\/\" \/>\n<meta property=\"og:site_name\" content=\"Esplac\" \/>\n<meta property=\"article:published_time\" content=\"2019-09-16T12:00:57+00:00\" \/>\n<meta property=\"article:modified_time\" content=\"2020-10-15T16:23:15+00:00\" \/>\n<meta property=\"og:image\" content=\"https:\/\/www.esplac.cat\/wp-content\/uploads\/2019\/09\/portadaja-1.jpg\" \/>\n\t<meta property=\"og:image:width\" content=\"847\" \/>\n\t<meta property=\"og:image:height\" content=\"350\" \/>\n\t<meta property=\"og:image:type\" content=\"image\/jpeg\" \/>\n<meta name=\"author\" content=\"Comunicaci\u00f3 Esplac\" \/>\n<meta name=\"twitter:card\" content=\"summary_large_image\" \/>\n<meta name=\"twitter:label1\" content=\"Written by\" \/>\n\t<meta name=\"twitter:data1\" content=\"Comunicaci\u00f3 Esplac\" \/>\n\t<meta name=\"twitter:label2\" content=\"Est. reading time\" \/>\n\t<meta name=\"twitter:data2\" content=\"2 minutes\" \/>\n<script type=\"application\/ld+json\" class=\"yoast-schema-graph\">{\"@context\":\"https:\\\/\\\/schema.org\",\"@graph\":[{\"@type\":\"Article\",\"@id\":\"https:\\\/\\\/www.esplac.cat\\\/en\\\/jornades-ambientals-campaments-sostenibles\\\/#article\",\"isPartOf\":{\"@id\":\"https:\\\/\\\/www.esplac.cat\\\/en\\\/jornades-ambientals-campaments-sostenibles\\\/\"},\"author\":{\"name\":\"Comunicaci\u00f3 Esplac\",\"@id\":\"https:\\\/\\\/www.esplac.cat\\\/#\\\/schema\\\/person\\\/908383cf240be18b68f8855d0583faca\"},\"headline\":\"Ja arriben les VI Jornades Ambientals: per uns campaments sostenibles!\",\"datePublished\":\"2019-09-16T12:00:57+00:00\",\"dateModified\":\"2020-10-15T16:23:15+00:00\",\"mainEntityOfPage\":{\"@id\":\"https:\\\/\\\/www.esplac.cat\\\/en\\\/jornades-ambientals-campaments-sostenibles\\\/\"},\"wordCount\":457,\"publisher\":{\"@id\":\"https:\\\/\\\/www.esplac.cat\\\/#organization\"},\"image\":{\"@id\":\"https:\\\/\\\/www.esplac.cat\\\/en\\\/jornades-ambientals-campaments-sostenibles\\\/#primaryimage\"},\"thumbnailUrl\":\"https:\\\/\\\/www.esplac.cat\\\/wp-content\\\/uploads\\\/2019\\\/09\\\/portadaja-1.jpg\",\"keywords\":[\"campaments sostenibles\",\"educacio ambiental\",\"educaci\u00f3 popular\",\"jornades ambientals\",\"La Sagrera\",\"transformaci\u00f3 social\"],\"articleSection\":[\"Activitats esplac\",\"Jornades ambientals\",\"Sense categoria\"],\"inLanguage\":\"en-US\"},{\"@type\":\"WebPage\",\"@id\":\"https:\\\/\\\/www.esplac.cat\\\/en\\\/jornades-ambientals-campaments-sostenibles\\\/\",\"url\":\"https:\\\/\\\/www.esplac.cat\\\/en\\\/jornades-ambientals-campaments-sostenibles\\\/\",\"name\":\"Ja arriben les VI Jornades Ambientals: per uns campaments sostenibles! - Esplac\",\"isPartOf\":{\"@id\":\"https:\\\/\\\/www.esplac.cat\\\/#website\"},\"primaryImageOfPage\":{\"@id\":\"https:\\\/\\\/www.esplac.cat\\\/en\\\/jornades-ambientals-campaments-sostenibles\\\/#primaryimage\"},\"image\":{\"@id\":\"https:\\\/\\\/www.esplac.cat\\\/en\\\/jornades-ambientals-campaments-sostenibles\\\/#primaryimage\"},\"thumbnailUrl\":\"https:\\\/\\\/www.esplac.cat\\\/wp-content\\\/uploads\\\/2019\\\/09\\\/portadaja-1.jpg\",\"datePublished\":\"2019-09-16T12:00:57+00:00\",\"dateModified\":\"2020-10-15T16:23:15+00:00\",\"breadcrumb\":{\"@id\":\"https:\\\/\\\/www.esplac.cat\\\/en\\\/jornades-ambientals-campaments-sostenibles\\\/#breadcrumb\"},\"inLanguage\":\"en-US\",\"potentialAction\":[{\"@type\":\"ReadAction\",\"target\":[\"https:\\\/\\\/www.esplac.cat\\\/en\\\/jornades-ambientals-campaments-sostenibles\\\/\"]}]},{\"@type\":\"ImageObject\",\"inLanguage\":\"en-US\",\"@id\":\"https:\\\/\\\/www.esplac.cat\\\/en\\\/jornades-ambientals-campaments-sostenibles\\\/#primaryimage\",\"url\":\"https:\\\/\\\/www.esplac.cat\\\/wp-content\\\/uploads\\\/2019\\\/09\\\/portadaja-1.jpg\",\"contentUrl\":\"https:\\\/\\\/www.esplac.cat\\\/wp-content\\\/uploads\\\/2019\\\/09\\\/portadaja-1.jpg\",\"width\":847,\"height\":350},{\"@type\":\"BreadcrumbList\",\"@id\":\"https:\\\/\\\/www.esplac.cat\\\/en\\\/jornades-ambientals-campaments-sostenibles\\\/#breadcrumb\",\"itemListElement\":[{\"@type\":\"ListItem\",\"position\":1,\"name\":\"Inici\",\"item\":\"https:\\\/\\\/www.esplac.cat\\\/en\\\/\"},{\"@type\":\"ListItem\",\"position\":2,\"name\":\"Ja arriben les VI Jornades Ambientals: per uns campaments sostenibles!\"}]},{\"@type\":\"WebSite\",\"@id\":\"https:\\\/\\\/www.esplac.cat\\\/#website\",\"url\":\"https:\\\/\\\/www.esplac.cat\\\/\",\"name\":\"Esplac\",\"description\":\"Esplais Catalans\",\"publisher\":{\"@id\":\"https:\\\/\\\/www.esplac.cat\\\/#organization\"},\"potentialAction\":[{\"@type\":\"SearchAction\",\"target\":{\"@type\":\"EntryPoint\",\"urlTemplate\":\"https:\\\/\\\/www.esplac.cat\\\/?s={search_term_string}\"},\"query-input\":{\"@type\":\"PropertyValueSpecification\",\"valueRequired\":true,\"valueName\":\"search_term_string\"}}],\"inLanguage\":\"en-US\"},{\"@type\":\"Organization\",\"@id\":\"https:\\\/\\\/www.esplac.cat\\\/#organization\",\"name\":\"Esplac\",\"url\":\"https:\\\/\\\/www.esplac.cat\\\/\",\"logo\":{\"@type\":\"ImageObject\",\"inLanguage\":\"en-US\",\"@id\":\"https:\\\/\\\/www.esplac.cat\\\/#\\\/schema\\\/logo\\\/image\\\/\",\"url\":\"https:\\\/\\\/www.esplac.cat\\\/wp-content\\\/uploads\\\/2019\\\/08\\\/logox2.png\",\"contentUrl\":\"https:\\\/\\\/www.esplac.cat\\\/wp-content\\\/uploads\\\/2019\\\/08\\\/logox2.png\",\"width\":600,\"height\":295,\"caption\":\"Esplac\"},\"image\":{\"@id\":\"https:\\\/\\\/www.esplac.cat\\\/#\\\/schema\\\/logo\\\/image\\\/\"}},{\"@type\":\"Person\",\"@id\":\"https:\\\/\\\/www.esplac.cat\\\/#\\\/schema\\\/person\\\/908383cf240be18b68f8855d0583faca\",\"name\":\"Comunicaci\u00f3 Esplac\",\"image\":{\"@type\":\"ImageObject\",\"inLanguage\":\"en-US\",\"@id\":\"https:\\\/\\\/secure.gravatar.com\\\/avatar\\\/7a4cf8feb412a76ea4a740ca02d95b06b2907b5a6c648c2dd0a1082a093c3141?s=96&d=mm&r=g\",\"url\":\"https:\\\/\\\/secure.gravatar.com\\\/avatar\\\/7a4cf8feb412a76ea4a740ca02d95b06b2907b5a6c648c2dd0a1082a093c3141?s=96&d=mm&r=g\",\"contentUrl\":\"https:\\\/\\\/secure.gravatar.com\\\/avatar\\\/7a4cf8feb412a76ea4a740ca02d95b06b2907b5a6c648c2dd0a1082a093c3141?s=96&d=mm&r=g\",\"caption\":\"Comunicaci\u00f3 Esplac\"}}]}<\/script>\n<!-- \/ Yoast SEO plugin. -->","yoast_head_json":{"title":"Ja arriben les VI Jornades Ambientals: per uns campaments sostenibles! - Esplac","robots":{"index":"index","follow":"follow","max-snippet":"max-snippet:-1","max-image-preview":"max-image-preview:large","max-video-preview":"max-video-preview:-1"},"canonical":"https:\/\/www.esplac.cat\/en\/jornades-ambientals-campaments-sostenibles\/","og_locale":"en_US","og_type":"article","og_title":"Ja arriben les VI Jornades Ambientals: per uns campaments sostenibles! - Esplac","og_description":"Diumenge 6 d\u2019octubre, es celebrar\u00e0 la sisena edici\u00f3 de les [&hellip;]","og_url":"https:\/\/www.esplac.cat\/en\/jornades-ambientals-campaments-sostenibles\/","og_site_name":"Esplac","article_published_time":"2019-09-16T12:00:57+00:00","article_modified_time":"2020-10-15T16:23:15+00:00","og_image":[{"width":847,"height":350,"url":"https:\/\/www.esplac.cat\/wp-content\/uploads\/2019\/09\/portadaja-1.jpg","type":"image\/jpeg"}],"author":"Comunicaci\u00f3 Esplac","twitter_card":"summary_large_image","twitter_misc":{"Written by":"Comunicaci\u00f3 Esplac","Est. reading time":"2 minutes"},"schema":{"@context":"https:\/\/schema.org","@graph":[{"@type":"Article","@id":"https:\/\/www.esplac.cat\/en\/jornades-ambientals-campaments-sostenibles\/#article","isPartOf":{"@id":"https:\/\/www.esplac.cat\/en\/jornades-ambientals-campaments-sostenibles\/"},"author":{"name":"Comunicaci\u00f3 Esplac","@id":"https:\/\/www.esplac.cat\/#\/schema\/person\/908383cf240be18b68f8855d0583faca"},"headline":"Ja arriben les VI Jornades Ambientals: per uns campaments sostenibles!","datePublished":"2019-09-16T12:00:57+00:00","dateModified":"2020-10-15T16:23:15+00:00","mainEntityOfPage":{"@id":"https:\/\/www.esplac.cat\/en\/jornades-ambientals-campaments-sostenibles\/"},"wordCount":457,"publisher":{"@id":"https:\/\/www.esplac.cat\/#organization"},"image":{"@id":"https:\/\/www.esplac.cat\/en\/jornades-ambientals-campaments-sostenibles\/#primaryimage"},"thumbnailUrl":"https:\/\/www.esplac.cat\/wp-content\/uploads\/2019\/09\/portadaja-1.jpg","keywords":["campaments sostenibles","educacio ambiental","educaci\u00f3 popular","jornades ambientals","La Sagrera","transformaci\u00f3 social"],"articleSection":["Activitats esplac","Jornades ambientals","Sense categoria"],"inLanguage":"en-US"},{"@type":"WebPage","@id":"https:\/\/www.esplac.cat\/en\/jornades-ambientals-campaments-sostenibles\/","url":"https:\/\/www.esplac.cat\/en\/jornades-ambientals-campaments-sostenibles\/","name":"Ja arriben les VI Jornades Ambientals: per uns campaments sostenibles! - Esplac","isPartOf":{"@id":"https:\/\/www.esplac.cat\/#website"},"primaryImageOfPage":{"@id":"https:\/\/www.esplac.cat\/en\/jornades-ambientals-campaments-sostenibles\/#primaryimage"},"image":{"@id":"https:\/\/www.esplac.cat\/en\/jornades-ambientals-campaments-sostenibles\/#primaryimage"},"thumbnailUrl":"https:\/\/www.esplac.cat\/wp-content\/uploads\/2019\/09\/portadaja-1.jpg","datePublished":"2019-09-16T12:00:57+00:00","dateModified":"2020-10-15T16:23:15+00:00","breadcrumb":{"@id":"https:\/\/www.esplac.cat\/en\/jornades-ambientals-campaments-sostenibles\/#breadcrumb"},"inLanguage":"en-US","potentialAction":[{"@type":"ReadAction","target":["https:\/\/www.esplac.cat\/en\/jornades-ambientals-campaments-sostenibles\/"]}]},{"@type":"ImageObject","inLanguage":"en-US","@id":"https:\/\/www.esplac.cat\/en\/jornades-ambientals-campaments-sostenibles\/#primaryimage","url":"https:\/\/www.esplac.cat\/wp-content\/uploads\/2019\/09\/portadaja-1.jpg","contentUrl":"https:\/\/www.esplac.cat\/wp-content\/uploads\/2019\/09\/portadaja-1.jpg","width":847,"height":350},{"@type":"BreadcrumbList","@id":"https:\/\/www.esplac.cat\/en\/jornades-ambientals-campaments-sostenibles\/#breadcrumb","itemListElement":[{"@type":"ListItem","position":1,"name":"Inici","item":"https:\/\/www.esplac.cat\/en\/"},{"@type":"ListItem","position":2,"name":"Ja arriben les VI Jornades Ambientals: per uns campaments sostenibles!"}]},{"@type":"WebSite","@id":"https:\/\/www.esplac.cat\/#website","url":"https:\/\/www.esplac.cat\/","name":"Esplac","description":"Esplais Catalans","publisher":{"@id":"https:\/\/www.esplac.cat\/#organization"},"potentialAction":[{"@type":"SearchAction","target":{"@type":"EntryPoint","urlTemplate":"https:\/\/www.esplac.cat\/?s={search_term_string}"},"query-input":{"@type":"PropertyValueSpecification","valueRequired":true,"valueName":"search_term_string"}}],"inLanguage":"en-US"},{"@type":"Organization","@id":"https:\/\/www.esplac.cat\/#organization","name":"Esplac","url":"https:\/\/www.esplac.cat\/","logo":{"@type":"ImageObject","inLanguage":"en-US","@id":"https:\/\/www.esplac.cat\/#\/schema\/logo\/image\/","url":"https:\/\/www.esplac.cat\/wp-content\/uploads\/2019\/08\/logox2.png","contentUrl":"https:\/\/www.esplac.cat\/wp-content\/uploads\/2019\/08\/logox2.png","width":600,"height":295,"caption":"Esplac"},"image":{"@id":"https:\/\/www.esplac.cat\/#\/schema\/logo\/image\/"}},{"@type":"Person","@id":"https:\/\/www.esplac.cat\/#\/schema\/person\/908383cf240be18b68f8855d0583faca","name":"Comunicaci\u00f3 Esplac","image":{"@type":"ImageObject","inLanguage":"en-US","@id":"https:\/\/secure.gravatar.com\/avatar\/7a4cf8feb412a76ea4a740ca02d95b06b2907b5a6c648c2dd0a1082a093c3141?s=96&d=mm&r=g","url":"https:\/\/secure.gravatar.com\/avatar\/7a4cf8feb412a76ea4a740ca02d95b06b2907b5a6c648c2dd0a1082a093c3141?s=96&d=mm&r=g","contentUrl":"https:\/\/secure.gravatar.com\/avatar\/7a4cf8feb412a76ea4a740ca02d95b06b2907b5a6c648c2dd0a1082a093c3141?s=96&d=mm&r=g","caption":"Comunicaci\u00f3 Esplac"}}]}},"_links":{"self":[{"href":"https:\/\/www.esplac.cat\/en\/wp-json\/wp\/v2\/posts\/23665","targetHints":{"allow":["GET"]}}],"collection":[{"href":"https:\/\/www.esplac.cat\/en\/wp-json\/wp\/v2\/posts"}],"about":[{"href":"https:\/\/www.esplac.cat\/en\/wp-json\/wp\/v2\/types\/post"}],"author":[{"embeddable":true,"href":"https:\/\/www.esplac.cat\/en\/wp-json\/wp\/v2\/users\/3"}],"replies":[{"embeddable":true,"href":"https:\/\/www.esplac.cat\/en\/wp-json\/wp\/v2\/comments?post=23665"}],"version-history":[{"count":0,"href":"https:\/\/www.esplac.cat\/en\/wp-json\/wp\/v2\/posts\/23665\/revisions"}],"wp:featuredmedia":[{"embeddable":true,"href":"https:\/\/www.esplac.cat\/en\/wp-json\/wp\/v2\/media\/23549"}],"wp:attachment":[{"href":"https:\/\/www.esplac.cat\/en\/wp-json\/wp\/v2\/media?parent=23665"}],"wp:term":[{"taxonomy":"category","embeddable":true,"href":"https:\/\/www.esplac.cat\/en\/wp-json\/wp\/v2\/categories?post=23665"},{"taxonomy":"post_tag","embeddable":true,"href":"https:\/\/www.esplac.cat\/en\/wp-json\/wp\/v2\/tags?post=23665"}],"curies":[{"name":"wp","href":"https:\/\/api.w.org\/{rel}","templated":true}]}}