{"id":23671,"date":"2019-07-03T09:35:17","date_gmt":"2019-07-03T07:35:17","guid":{"rendered":"http:\/\/esplac.cat\/?p=22510"},"modified":"2020-10-15T17:23:18","modified_gmt":"2020-10-15T16:23:18","slug":"nou-projecte-de-voluntariat-europeu-italia","status":"publish","type":"post","link":"https:\/\/www.esplac.cat\/en\/nou-projecte-de-voluntariat-europeu-italia\/","title":{"rendered":"Obertes les convocat\u00f2ries pel nou projecte de voluntariat europeu amb It\u00e0lia"},"content":{"rendered":"<h4>Obrim les dues convocat\u00f2ries del nou servei de voluntariat pel curs vinent que permet marxar a una moni durant 6 mesos a It\u00e0lia i a un esplai acollir un voluntari de la mateixa entitat italiana.<\/h4>\n<p style=\"text-align: justify;\">A trav\u00e9s del programa Cos Europeu de Solidaritat, el que abans venia a ser el Servei de Voluntariat Europeu (SVE), ESPLAC i l\u2019entitat Arciragazzi Portici d\u2019It\u00e0lia comencen un nou projecte que consisteix en:<\/p>\n<ul>\n<li style=\"text-align: justify;\">\u00a0La possibilitat d\u2019<strong>enviar una persona moni d\u2019Esplac a ser volunt\u00e0ria de l\u2019entitat italiana<\/strong> durant 6 mesos (d\u2019octubre 2019 a mar\u00e7 2020).<\/li>\n<li style=\"text-align: justify;\">L\u2019oportunitat per un esplai d\u2019Esplac d\u2019<strong>acollir a una persona d\u2019It\u00e0lia<\/strong> que ser\u00e0 monitora del grup de monis de l\u2019esplai durant 6 mesos (d\u2019octubre 2019 a mar\u00e7 2020).<\/li>\n<\/ul>\n<p style=\"text-align: justify;\"><a href=\"http:\/\/esplac.cat\/wp-content\/uploads\/2019\/07\/Copia-de-2020-Marketing-Proposal.png\"><img decoding=\"async\" class=\"size-full wp-image-22520 aligncenter\" src=\"http:\/\/esplac.cat\/wp-content\/uploads\/2019\/07\/Copia-de-2020-Marketing-Proposal.png\" alt=\"\" width=\"810\" height=\"450\" \/><\/a><\/p>\n<p style=\"text-align: justify;\">Fa uns anys que Esplac i altes entitats amigues d\u2019Europa realitzen projectes de voluntariat europeu que consisteix en acollir monis estrangers i enviar monis d\u2019Esplac a organitzacions d\u2019altres pa\u00efsos amb l\u2019objectiu de fomentar la interculturalitat, l\u2019intercanvi de coneixements i l\u2019oportunitat d\u2019endinsar-se en una altra entitat d\u2019educaci\u00f3 no formal i d\u2019educaci\u00f3 en el lleure. Aquest any, per exemple, l\u2019esplai la Fera i el Sarau han acollit a dues persones monitores, una d\u2019Alemanya i una de Finl\u00e0ndia dins del marc d\u2019aquest projecte. Per altra banda, Esplac va enviar a dues persones a l\u2019estranger. Podeu llegir algunes de les seves experi\u00e8ncies al blog del projecte <a href=\"https:\/\/www.somesplai.cat\/index.php\/category\/creuant_mirades\/\" target=\"_blank\" rel=\"noopener noreferrer\">Creuant Mirades de la revista del Som Esplai<\/a>.<br \/>\nLes dues convocat\u00f2ries actuals s\u00f3n:<\/p>\n<p style=\"text-align: justify;\"><strong>Convocat\u00f2ria 1. Acollida d\u2019una persona volunt\u00e0ria d\u2019It\u00e0lia:<\/strong><br \/>\nConsisteix en l\u2019acollida d\u2019una moni estrangera dins del grup de monis de l\u2019esplai que participar\u00e0 de totes les activitats de l\u2019esplai i tamb\u00e9 d\u2019altres espais d\u2019Esplac. Acollir a una persona estrangera implica acompanyar-la durat el proc\u00e9s d\u2019acollida (benvinguda, primers passos, etc) i tamb\u00e9 durant tota l\u2019estada. Una persona de l\u2019esplai ser\u00e0 la \u201cmentora\u201d per\u00f2 tothom n\u2019\u00e9s responsable. Aix\u00ed mateix, sempre tindreu l\u2019adjuda de la coordinadora internacional i de la coordinadora de projectes de sector. \u00c9s una oportunitat per l\u2019esplai per con\u00e8ixer una persona d\u2019un altre pa\u00eds, amb una llengua i costums diferents que pot engrescar als infants i joves d\u2019una manera molt \u00fanica!. Si us interessa l\u2019oportunitat de tenir una moni d\u2019It\u00e0lia ompliu el seg\u00fcent formulari:<\/p>\n<p style=\"text-align: justify;\">\n<p style=\"text-align: justify;\">Llegiu tamb\u00e9 m\u00e9s informaci\u00f3 sobre la convocat\u00f2ria 1\u00a0<span style=\"color: #ff00ff;\"><span style=\"color: #ff9900;\"><a style=\"color: #ff9900;\" href=\"http:\/\/esplac.cat\/wp-content\/uploads\/2019\/07\/Convocato\u0300ria-1.-Acollida-una-moni-dIta\u0300lia.pdf\" target=\"_blank\" rel=\"noopener noreferrer\">aqu\u00ed<\/a><\/span>.\u00a0<\/span><\/p>\n<p style=\"text-align: justify;\"><strong>Convocat\u00f2ria 2. Enviament d\u2019un\/a moni a It\u00e0lia:<\/strong><br \/>\nConsisteix a ser una monitora volunt\u00e0ria de l\u2019entitat Arciragazzi Portici durant 6 mesos. Les principals activitats a dur a terme durant aquests 6 mesos s\u00f3n: rebre classes d\u2019itali\u00e0, organitzaci\u00f3 de tallers d\u2019educaci\u00f3 no formal per joves\/infants, feina a l\u2019oficina de l\u2019entitat, participaci\u00f3 en cursos de formaci\u00f3 de tota mena, aprofundiment en temes d\u2019interculturalitat, social, pol\u00edtic, desenvolupament, hist\u00f2ric i religi\u00f3s (depenent de les necessitats i prefer\u00e8ncies de la persona volunt\u00e0ria i de les possibilitats). Cada mes es reben uns diners que permeten pagar el lloguer el menjar i el transport, de manera que no hi ha un cost per la persona volunt\u00e0ria.\u00a0Ompliu aquest formulari:<\/p>\n<p>&nbsp;<\/p>\n<p>Llegiu tamb\u00e9 m\u00e9s informaci\u00f3 sobre la convocat\u00f2ria 2\u00a0<span style=\"color: #ff9900;\"><a style=\"color: #ff9900;\" href=\"http:\/\/esplac.cat\/wp-content\/uploads\/2019\/07\/Convocato\u0300ria-2.-Enviament-duna-moni-a-Ita\u0300lia.pdf\" target=\"_blank\" rel=\"noopener noreferrer\">aqu\u00ed<\/a>.\u00a0<\/span><\/p>\n<p><strong>Informaci\u00f3 de l\u2019entitat:<\/strong><\/p>\n<ul>\n<li><a href=\"https:\/\/www.youtube.com\/results?search_query=arcigarazzi+portici\" target=\"_blank\" rel=\"noopener noreferrer\">V\u00eddeos<\/a><\/li>\n<li><a href=\"https:\/\/www.arciragazzi.it\/\" target=\"_blank\" rel=\"noopener noreferrer\">P\u00e0gina web<\/a><\/li>\n<li><a href=\"https:\/\/www.facebook.com\/Arciragazzi-Portici-1442479676004505\/\" target=\"_blank\" rel=\"noopener noreferrer\">Facebook\u00a0<\/a><\/li>\n<\/ul>\n<p>Per qualsevol dubte contacta amb <strong>internacional@esplac.cat<\/strong><\/p>\n","protected":false},"excerpt":{"rendered":"<p>Obrim les dues convocat\u00f2ries del nou servei de voluntariat pel [&hellip;]<\/p>\n","protected":false},"author":3,"featured_media":23568,"comment_status":"closed","ping_status":"open","sticky":false,"template":"","format":"standard","meta":{"om_disable_all_campaigns":false,"_monsterinsights_skip_tracking":false,"_monsterinsights_sitenote_active":false,"_monsterinsights_sitenote_note":"","_monsterinsights_sitenote_category":0,"_uf_show_specific_survey":0,"_uf_disable_surveys":false,"footnotes":""},"categories":[1112,1],"tags":[1002,1003,274,873,874,187,134,158],"class_list":["post-23671","post","type-post","status-publish","format-standard","has-post-thumbnail","hentry","category-esplac-al-mon","category-sense-categoria","tag-educacio-popular","tag-esplai","tag-italia","tag-monitor","tag-monitora","tag-sve","tag-transformacio-social","tag-voluntariat"],"yoast_head":"<!-- This site is optimized with the Yoast SEO plugin v27.5 - https:\/\/yoast.com\/product\/yoast-seo-wordpress\/ -->\n<title>Obertes les convocat\u00f2ries pel nou projecte de voluntariat europeu amb It\u00e0lia - Esplac<\/title>\n<meta name=\"robots\" content=\"index, follow, max-snippet:-1, max-image-preview:large, max-video-preview:-1\" \/>\n<link rel=\"canonical\" href=\"https:\/\/www.esplac.cat\/nou-projecte-de-voluntariat-europeu-italia\/\" \/>\n<meta property=\"og:locale\" content=\"en_US\" \/>\n<meta property=\"og:type\" content=\"article\" \/>\n<meta property=\"og:title\" content=\"Obertes les convocat\u00f2ries pel nou projecte de voluntariat europeu amb It\u00e0lia - Esplac\" \/>\n<meta property=\"og:description\" content=\"Obrim les dues convocat\u00f2ries del nou servei de voluntariat pel [&hellip;]\" \/>\n<meta property=\"og:url\" content=\"https:\/\/www.esplac.cat\/nou-projecte-de-voluntariat-europeu-italia\/\" \/>\n<meta property=\"og:site_name\" content=\"Esplac\" \/>\n<meta property=\"article:published_time\" content=\"2019-07-03T07:35:17+00:00\" \/>\n<meta property=\"article:modified_time\" content=\"2020-10-15T16:23:18+00:00\" \/>\n<meta property=\"og:image\" content=\"https:\/\/www.esplac.cat\/wp-content\/uploads\/2019\/07\/portadaSve.jpg\" \/>\n\t<meta property=\"og:image:width\" content=\"847\" \/>\n\t<meta property=\"og:image:height\" content=\"350\" \/>\n\t<meta property=\"og:image:type\" content=\"image\/jpeg\" \/>\n<meta name=\"author\" content=\"Comunicaci\u00f3 Esplac\" \/>\n<meta name=\"twitter:card\" content=\"summary_large_image\" \/>\n<meta name=\"twitter:label1\" content=\"Written by\" \/>\n\t<meta name=\"twitter:data1\" content=\"Comunicaci\u00f3 Esplac\" \/>\n\t<meta name=\"twitter:label2\" content=\"Est. reading time\" \/>\n\t<meta name=\"twitter:data2\" content=\"3 minutes\" \/>\n<script type=\"application\/ld+json\" class=\"yoast-schema-graph\">{\"@context\":\"https:\\\/\\\/schema.org\",\"@graph\":[{\"@type\":\"Article\",\"@id\":\"https:\\\/\\\/www.esplac.cat\\\/nou-projecte-de-voluntariat-europeu-italia\\\/#article\",\"isPartOf\":{\"@id\":\"https:\\\/\\\/www.esplac.cat\\\/nou-projecte-de-voluntariat-europeu-italia\\\/\"},\"author\":{\"name\":\"Comunicaci\u00f3 Esplac\",\"@id\":\"https:\\\/\\\/www.esplac.cat\\\/#\\\/schema\\\/person\\\/908383cf240be18b68f8855d0583faca\"},\"headline\":\"Obertes les convocat\u00f2ries pel nou projecte de voluntariat europeu amb It\u00e0lia\",\"datePublished\":\"2019-07-03T07:35:17+00:00\",\"dateModified\":\"2020-10-15T16:23:18+00:00\",\"mainEntityOfPage\":{\"@id\":\"https:\\\/\\\/www.esplac.cat\\\/nou-projecte-de-voluntariat-europeu-italia\\\/\"},\"wordCount\":692,\"publisher\":{\"@id\":\"https:\\\/\\\/www.esplac.cat\\\/#organization\"},\"image\":{\"@id\":\"https:\\\/\\\/www.esplac.cat\\\/nou-projecte-de-voluntariat-europeu-italia\\\/#primaryimage\"},\"thumbnailUrl\":\"https:\\\/\\\/www.esplac.cat\\\/wp-content\\\/uploads\\\/2019\\\/07\\\/portadaSve.jpg\",\"keywords\":[\"educaci\u00f3 popular\",\"esplai\",\"It\u00e0lia\",\"monitor\",\"monitora\",\"sve\",\"transformaci\u00f3 social\",\"voluntariat\"],\"articleSection\":[\"Esplac al m\u00f3n\",\"Sense categoria\"],\"inLanguage\":\"en-US\"},{\"@type\":\"WebPage\",\"@id\":\"https:\\\/\\\/www.esplac.cat\\\/nou-projecte-de-voluntariat-europeu-italia\\\/\",\"url\":\"https:\\\/\\\/www.esplac.cat\\\/nou-projecte-de-voluntariat-europeu-italia\\\/\",\"name\":\"Obertes les convocat\u00f2ries pel nou projecte de voluntariat europeu amb It\u00e0lia - Esplac\",\"isPartOf\":{\"@id\":\"https:\\\/\\\/www.esplac.cat\\\/#website\"},\"primaryImageOfPage\":{\"@id\":\"https:\\\/\\\/www.esplac.cat\\\/nou-projecte-de-voluntariat-europeu-italia\\\/#primaryimage\"},\"image\":{\"@id\":\"https:\\\/\\\/www.esplac.cat\\\/nou-projecte-de-voluntariat-europeu-italia\\\/#primaryimage\"},\"thumbnailUrl\":\"https:\\\/\\\/www.esplac.cat\\\/wp-content\\\/uploads\\\/2019\\\/07\\\/portadaSve.jpg\",\"datePublished\":\"2019-07-03T07:35:17+00:00\",\"dateModified\":\"2020-10-15T16:23:18+00:00\",\"breadcrumb\":{\"@id\":\"https:\\\/\\\/www.esplac.cat\\\/nou-projecte-de-voluntariat-europeu-italia\\\/#breadcrumb\"},\"inLanguage\":\"en-US\",\"potentialAction\":[{\"@type\":\"ReadAction\",\"target\":[\"https:\\\/\\\/www.esplac.cat\\\/nou-projecte-de-voluntariat-europeu-italia\\\/\"]}]},{\"@type\":\"ImageObject\",\"inLanguage\":\"en-US\",\"@id\":\"https:\\\/\\\/www.esplac.cat\\\/nou-projecte-de-voluntariat-europeu-italia\\\/#primaryimage\",\"url\":\"https:\\\/\\\/www.esplac.cat\\\/wp-content\\\/uploads\\\/2019\\\/07\\\/portadaSve.jpg\",\"contentUrl\":\"https:\\\/\\\/www.esplac.cat\\\/wp-content\\\/uploads\\\/2019\\\/07\\\/portadaSve.jpg\",\"width\":847,\"height\":350},{\"@type\":\"BreadcrumbList\",\"@id\":\"https:\\\/\\\/www.esplac.cat\\\/nou-projecte-de-voluntariat-europeu-italia\\\/#breadcrumb\",\"itemListElement\":[{\"@type\":\"ListItem\",\"position\":1,\"name\":\"Inici\",\"item\":\"https:\\\/\\\/www.esplac.cat\\\/en\\\/\"},{\"@type\":\"ListItem\",\"position\":2,\"name\":\"Obertes les convocat\u00f2ries pel nou projecte de voluntariat europeu amb It\u00e0lia\"}]},{\"@type\":\"WebSite\",\"@id\":\"https:\\\/\\\/www.esplac.cat\\\/#website\",\"url\":\"https:\\\/\\\/www.esplac.cat\\\/\",\"name\":\"Esplac\",\"description\":\"Esplais Catalans\",\"publisher\":{\"@id\":\"https:\\\/\\\/www.esplac.cat\\\/#organization\"},\"potentialAction\":[{\"@type\":\"SearchAction\",\"target\":{\"@type\":\"EntryPoint\",\"urlTemplate\":\"https:\\\/\\\/www.esplac.cat\\\/?s={search_term_string}\"},\"query-input\":{\"@type\":\"PropertyValueSpecification\",\"valueRequired\":true,\"valueName\":\"search_term_string\"}}],\"inLanguage\":\"en-US\"},{\"@type\":\"Organization\",\"@id\":\"https:\\\/\\\/www.esplac.cat\\\/#organization\",\"name\":\"Esplac\",\"url\":\"https:\\\/\\\/www.esplac.cat\\\/\",\"logo\":{\"@type\":\"ImageObject\",\"inLanguage\":\"en-US\",\"@id\":\"https:\\\/\\\/www.esplac.cat\\\/#\\\/schema\\\/logo\\\/image\\\/\",\"url\":\"https:\\\/\\\/www.esplac.cat\\\/wp-content\\\/uploads\\\/2019\\\/08\\\/logox2.png\",\"contentUrl\":\"https:\\\/\\\/www.esplac.cat\\\/wp-content\\\/uploads\\\/2019\\\/08\\\/logox2.png\",\"width\":600,\"height\":295,\"caption\":\"Esplac\"},\"image\":{\"@id\":\"https:\\\/\\\/www.esplac.cat\\\/#\\\/schema\\\/logo\\\/image\\\/\"}},{\"@type\":\"Person\",\"@id\":\"https:\\\/\\\/www.esplac.cat\\\/#\\\/schema\\\/person\\\/908383cf240be18b68f8855d0583faca\",\"name\":\"Comunicaci\u00f3 Esplac\",\"image\":{\"@type\":\"ImageObject\",\"inLanguage\":\"en-US\",\"@id\":\"https:\\\/\\\/secure.gravatar.com\\\/avatar\\\/7a4cf8feb412a76ea4a740ca02d95b06b2907b5a6c648c2dd0a1082a093c3141?s=96&d=mm&r=g\",\"url\":\"https:\\\/\\\/secure.gravatar.com\\\/avatar\\\/7a4cf8feb412a76ea4a740ca02d95b06b2907b5a6c648c2dd0a1082a093c3141?s=96&d=mm&r=g\",\"contentUrl\":\"https:\\\/\\\/secure.gravatar.com\\\/avatar\\\/7a4cf8feb412a76ea4a740ca02d95b06b2907b5a6c648c2dd0a1082a093c3141?s=96&d=mm&r=g\",\"caption\":\"Comunicaci\u00f3 Esplac\"}}]}<\/script>\n<!-- \/ Yoast SEO plugin. -->","yoast_head_json":{"title":"Obertes les convocat\u00f2ries pel nou projecte de voluntariat europeu amb It\u00e0lia - Esplac","robots":{"index":"index","follow":"follow","max-snippet":"max-snippet:-1","max-image-preview":"max-image-preview:large","max-video-preview":"max-video-preview:-1"},"canonical":"https:\/\/www.esplac.cat\/nou-projecte-de-voluntariat-europeu-italia\/","og_locale":"en_US","og_type":"article","og_title":"Obertes les convocat\u00f2ries pel nou projecte de voluntariat europeu amb It\u00e0lia - Esplac","og_description":"Obrim les dues convocat\u00f2ries del nou servei de voluntariat pel [&hellip;]","og_url":"https:\/\/www.esplac.cat\/nou-projecte-de-voluntariat-europeu-italia\/","og_site_name":"Esplac","article_published_time":"2019-07-03T07:35:17+00:00","article_modified_time":"2020-10-15T16:23:18+00:00","og_image":[{"width":847,"height":350,"url":"https:\/\/www.esplac.cat\/wp-content\/uploads\/2019\/07\/portadaSve.jpg","type":"image\/jpeg"}],"author":"Comunicaci\u00f3 Esplac","twitter_card":"summary_large_image","twitter_misc":{"Written by":"Comunicaci\u00f3 Esplac","Est. reading time":"3 minutes"},"schema":{"@context":"https:\/\/schema.org","@graph":[{"@type":"Article","@id":"https:\/\/www.esplac.cat\/nou-projecte-de-voluntariat-europeu-italia\/#article","isPartOf":{"@id":"https:\/\/www.esplac.cat\/nou-projecte-de-voluntariat-europeu-italia\/"},"author":{"name":"Comunicaci\u00f3 Esplac","@id":"https:\/\/www.esplac.cat\/#\/schema\/person\/908383cf240be18b68f8855d0583faca"},"headline":"Obertes les convocat\u00f2ries pel nou projecte de voluntariat europeu amb It\u00e0lia","datePublished":"2019-07-03T07:35:17+00:00","dateModified":"2020-10-15T16:23:18+00:00","mainEntityOfPage":{"@id":"https:\/\/www.esplac.cat\/nou-projecte-de-voluntariat-europeu-italia\/"},"wordCount":692,"publisher":{"@id":"https:\/\/www.esplac.cat\/#organization"},"image":{"@id":"https:\/\/www.esplac.cat\/nou-projecte-de-voluntariat-europeu-italia\/#primaryimage"},"thumbnailUrl":"https:\/\/www.esplac.cat\/wp-content\/uploads\/2019\/07\/portadaSve.jpg","keywords":["educaci\u00f3 popular","esplai","It\u00e0lia","monitor","monitora","sve","transformaci\u00f3 social","voluntariat"],"articleSection":["Esplac al m\u00f3n","Sense categoria"],"inLanguage":"en-US"},{"@type":"WebPage","@id":"https:\/\/www.esplac.cat\/nou-projecte-de-voluntariat-europeu-italia\/","url":"https:\/\/www.esplac.cat\/nou-projecte-de-voluntariat-europeu-italia\/","name":"Obertes les convocat\u00f2ries pel nou projecte de voluntariat europeu amb It\u00e0lia - Esplac","isPartOf":{"@id":"https:\/\/www.esplac.cat\/#website"},"primaryImageOfPage":{"@id":"https:\/\/www.esplac.cat\/nou-projecte-de-voluntariat-europeu-italia\/#primaryimage"},"image":{"@id":"https:\/\/www.esplac.cat\/nou-projecte-de-voluntariat-europeu-italia\/#primaryimage"},"thumbnailUrl":"https:\/\/www.esplac.cat\/wp-content\/uploads\/2019\/07\/portadaSve.jpg","datePublished":"2019-07-03T07:35:17+00:00","dateModified":"2020-10-15T16:23:18+00:00","breadcrumb":{"@id":"https:\/\/www.esplac.cat\/nou-projecte-de-voluntariat-europeu-italia\/#breadcrumb"},"inLanguage":"en-US","potentialAction":[{"@type":"ReadAction","target":["https:\/\/www.esplac.cat\/nou-projecte-de-voluntariat-europeu-italia\/"]}]},{"@type":"ImageObject","inLanguage":"en-US","@id":"https:\/\/www.esplac.cat\/nou-projecte-de-voluntariat-europeu-italia\/#primaryimage","url":"https:\/\/www.esplac.cat\/wp-content\/uploads\/2019\/07\/portadaSve.jpg","contentUrl":"https:\/\/www.esplac.cat\/wp-content\/uploads\/2019\/07\/portadaSve.jpg","width":847,"height":350},{"@type":"BreadcrumbList","@id":"https:\/\/www.esplac.cat\/nou-projecte-de-voluntariat-europeu-italia\/#breadcrumb","itemListElement":[{"@type":"ListItem","position":1,"name":"Inici","item":"https:\/\/www.esplac.cat\/en\/"},{"@type":"ListItem","position":2,"name":"Obertes les convocat\u00f2ries pel nou projecte de voluntariat europeu amb It\u00e0lia"}]},{"@type":"WebSite","@id":"https:\/\/www.esplac.cat\/#website","url":"https:\/\/www.esplac.cat\/","name":"Esplac","description":"Esplais Catalans","publisher":{"@id":"https:\/\/www.esplac.cat\/#organization"},"potentialAction":[{"@type":"SearchAction","target":{"@type":"EntryPoint","urlTemplate":"https:\/\/www.esplac.cat\/?s={search_term_string}"},"query-input":{"@type":"PropertyValueSpecification","valueRequired":true,"valueName":"search_term_string"}}],"inLanguage":"en-US"},{"@type":"Organization","@id":"https:\/\/www.esplac.cat\/#organization","name":"Esplac","url":"https:\/\/www.esplac.cat\/","logo":{"@type":"ImageObject","inLanguage":"en-US","@id":"https:\/\/www.esplac.cat\/#\/schema\/logo\/image\/","url":"https:\/\/www.esplac.cat\/wp-content\/uploads\/2019\/08\/logox2.png","contentUrl":"https:\/\/www.esplac.cat\/wp-content\/uploads\/2019\/08\/logox2.png","width":600,"height":295,"caption":"Esplac"},"image":{"@id":"https:\/\/www.esplac.cat\/#\/schema\/logo\/image\/"}},{"@type":"Person","@id":"https:\/\/www.esplac.cat\/#\/schema\/person\/908383cf240be18b68f8855d0583faca","name":"Comunicaci\u00f3 Esplac","image":{"@type":"ImageObject","inLanguage":"en-US","@id":"https:\/\/secure.gravatar.com\/avatar\/7a4cf8feb412a76ea4a740ca02d95b06b2907b5a6c648c2dd0a1082a093c3141?s=96&d=mm&r=g","url":"https:\/\/secure.gravatar.com\/avatar\/7a4cf8feb412a76ea4a740ca02d95b06b2907b5a6c648c2dd0a1082a093c3141?s=96&d=mm&r=g","contentUrl":"https:\/\/secure.gravatar.com\/avatar\/7a4cf8feb412a76ea4a740ca02d95b06b2907b5a6c648c2dd0a1082a093c3141?s=96&d=mm&r=g","caption":"Comunicaci\u00f3 Esplac"}}]}},"_links":{"self":[{"href":"https:\/\/www.esplac.cat\/en\/wp-json\/wp\/v2\/posts\/23671","targetHints":{"allow":["GET"]}}],"collection":[{"href":"https:\/\/www.esplac.cat\/en\/wp-json\/wp\/v2\/posts"}],"about":[{"href":"https:\/\/www.esplac.cat\/en\/wp-json\/wp\/v2\/types\/post"}],"author":[{"embeddable":true,"href":"https:\/\/www.esplac.cat\/en\/wp-json\/wp\/v2\/users\/3"}],"replies":[{"embeddable":true,"href":"https:\/\/www.esplac.cat\/en\/wp-json\/wp\/v2\/comments?post=23671"}],"version-history":[{"count":0,"href":"https:\/\/www.esplac.cat\/en\/wp-json\/wp\/v2\/posts\/23671\/revisions"}],"wp:featuredmedia":[{"embeddable":true,"href":"https:\/\/www.esplac.cat\/en\/wp-json\/wp\/v2\/media\/23568"}],"wp:attachment":[{"href":"https:\/\/www.esplac.cat\/en\/wp-json\/wp\/v2\/media?parent=23671"}],"wp:term":[{"taxonomy":"category","embeddable":true,"href":"https:\/\/www.esplac.cat\/en\/wp-json\/wp\/v2\/categories?post=23671"},{"taxonomy":"post_tag","embeddable":true,"href":"https:\/\/www.esplac.cat\/en\/wp-json\/wp\/v2\/tags?post=23671"}],"curies":[{"name":"wp","href":"https:\/\/api.w.org\/{rel}","templated":true}]}}