{"id":23677,"date":"2019-06-06T08:45:47","date_gmt":"2019-06-06T06:45:47","guid":{"rendered":"http:\/\/esplac.cat\/?p=22400"},"modified":"2020-10-15T17:23:20","modified_gmt":"2020-10-15T16:23:20","slug":"trobada-km0-interassociativa","status":"publish","type":"post","link":"https:\/\/www.esplac.cat\/en\/trobada-km0-interassociativa\/","title":{"rendered":"La Trobada Km0 m\u00e9s interassociativa que mai!"},"content":{"rendered":"<h4>El passat cap de setmana del 18-19 de maig vam viure el Km0, alguns esplais d&#8217;esplac van viure la trobada de les m\u00e9s joves de caus, esplais i casals de joves d\u2019arreu del territori! Aquest any \u00e9s el primer que es realitza amb joves d\u2019entre 16 i 19 anys, una edat m\u00e9s propera al final de l\u2019etapa de cau i esplai, i m\u00e9s pr\u00f2xima a l\u2019etapa casalera.<\/h4>\n<p style=\"text-align: justify;\">El Km.0 \u00e9s <strong>la trobada d\u2019adolescents de caus, esplais i casals de joves de tota Catalunya<\/strong> <strong>amb l\u2019objectiu d\u2019enfortir el moviment educatiu associatiu i crear xarxa entre les persones que hi formen part.<\/strong> Aquesta iniciativa sorgeix de Casals de Joves de Catalunya, una entitat que treballa per la transformaci\u00f3 social a partir de l\u2019educaci\u00f3 per la participaci\u00f3 per fomentar que els i les joves aprenguin a participar i a incidir en el seu entorn, esdevenint escoles de participaci\u00f3, de lideratge juvenil, d\u2019autogesti\u00f3 i de treball comunitari.<\/p>\n<p style=\"text-align: justify;\">Aix\u00ed doncs, la Trobada del Km0 d\u2019enguany es va realitzar al terreny d\u2019acampada de Mogent, a Llinars del Vall\u00e8s. L\u2019edici\u00f3 d\u2019enguany ha sigut la m\u00e9s interassociativa de la hist\u00f2ria on s\u2019hi van aplegar <strong>m\u00e9s de 70 joves de nou entitats diferents<\/strong>: l\u2019AEiG Sant Ferran, l\u2019Esplai Xiroc, el Casal de Joves de Guineueta, l\u2019AEiG Sant Antoni, l\u2019Esplai Totikap, l\u2019Esplai Kasperle, l\u2019AE La Prosperitat i l\u2019AEiG Pere II i Sta. M\u00aa de Foix.<\/p>\n<p style=\"text-align: justify;\">La trobada es va ambientar en una escapada per a la gent gran al ressort de luxe Dorolores Beach Resort. Al llarg de l\u2019estada van poder veure com la propiet\u00e0ria s\u2019anava lucrant gr\u00e0cies a la retallada de serveis del ressort. Aquest fet va permetre que l\u2019autogesti\u00f3 comenc\u00e9s a apar\u00e8ixer com una soluci\u00f3 viable, participativa, democr\u00e0tica i adaptada a les necessitats de les joves! D\u2019aquesta manera vam poder establir una relaci\u00f3 entre el centre d\u2019inter\u00e8s i el model pol\u00edtic i organitzatiu dels casals de joves d\u2019arreu de Catalunya,<strong> fomentant l\u2019apoderament, la participaci\u00f3, l\u2019autogesti\u00f3 i l\u2019autoorganitzaci\u00f3 de les joves.<\/strong><\/p>\n<p style=\"text-align: justify;\">Sota aquesta ambientaci\u00f3, la trobada va estar plena d\u2019activitats per tal de <strong>donar a con\u00e8ixer el teixit associatiu juvenil dels diferents barris i districtes<\/strong>. Aix\u00ed, el dissabte a la tarda el van dedicar a donar a con\u00e8ixer el model casalero amb una gimcana on cada casal proper als caus i esplais de les participants va realitzar una mostra de les activitats que realitza. Van participar: l\u2019Assemblea de Joves de Sant Antoni, el Casal de Joves (CJ) la Traca, el CJ de La Guineueta, el CJ de la Prosperitat, i el CJ Queix.<\/p>\n<p style=\"text-align: justify;\">Dissabte a la tarda tamb\u00e9 van realitzar <strong>5 formacions-descobertes simult\u00e0nies que perseguien l\u2019objectiu de fomentar l\u2019esperit cr\u00edtic, l\u2019aprenentatge i la construcci\u00f3 de discurs de les participants.<\/strong> L\u2019especulaci\u00f3 immobili\u00e0ria, el canvi clim\u00e0tic i la sostenibilitat, el sistema penitenciari, el cicle menstrual i les noves masculinitats van ser alguns dels temes que van protagonitzar aquestes formacions.<\/p>\n<p style=\"text-align: justify;\">El diumenge van gaudir de <strong>6 tallers<\/strong> (circ, grafitis, zumba, risoter\u00e0pia, henna i serigrafia) escollits per les mateixes participants com una mostra d\u2019activitats que realitzen els Casals de Joves als diferents equipaments.<\/p>\n<p style=\"text-align: justify;\">El programa d\u2019activitats, que va ser tot un \u00e8xit, ha sigut fruit de l\u2019organitzaci\u00f3 conjunta entre referents (caps, esplais i membres dels casals de joves) i de les mateixes joves de cada entitat. D\u2019aquesta manera la trobada va respondre el 100% les necessitats de les participants, sense oblidar la gran oportunitat d\u2019aprenentatge que suposa tant per als referents com per a les participants.<\/p>\n<p style=\"text-align: justify;\">La valoraci\u00f3 de la trobada per part de les participants va ser constructiva de cara a l\u2019any vinent, amb moltes ganes d\u2019implicar-se de nou i fer-ho millor! Un cap de setmana ple d\u2019activitats que han portat com a eix central la transformaci\u00f3 social i que han donat a con\u00e8ixer el model de Casals de Joves com a continu\u00eftat de la vida associativa del cau i l\u2019esplai. Durant la trobada s\u2019han fusionat els trets identitaris de cada entitat esdevenint com a eix protagonista el que \u00e9s essencial: les motivacions, necessitats i inquietuds de les joves, element aglutinador i cohesionador que ha perm\u00e8s teixir forts vincles entre elles, i creant un sentiment de pertinen\u00e7a a l\u2019associacionisme juvenil.<\/p>\n<p style=\"text-align: justify;\">Per a m\u00e9s informaci\u00f3 i per veure les fotografies de la trobada podeu anar a la <a href=\"http:\/\/espai.casaldejoves.org\/recurs\/km0-la-trobada-de-les-mes-joves\/\" target=\"_blank\" rel=\"noopener noreferrer\">not\u00edcia original<\/a> o a l&#8217;<a href=\"https:\/\/www.instagram.com\/trobadakm0\/\" target=\"_blank\" rel=\"noopener noreferrer\">instagram del Km0<\/a>!<\/p>\n","protected":false},"excerpt":{"rendered":"<p>El passat cap de setmana del 18-19 de maig vam [&hellip;]<\/p>\n","protected":false},"author":3,"featured_media":23592,"comment_status":"closed","ping_status":"open","sticky":false,"template":"","format":"standard","meta":{"om_disable_all_campaigns":false,"_monsterinsights_skip_tracking":false,"_monsterinsights_sitenote_active":false,"_monsterinsights_sitenote_note":"","_monsterinsights_sitenote_category":0,"_uf_show_specific_survey":0,"_uf_disable_surveys":false,"footnotes":""},"categories":[1117,1],"tags":[51,142,1081,1002,337,166,134],"class_list":["post-23677","post","type-post","status-publish","format-standard","has-post-thumbnail","hentry","category-activitats-esplais","category-sense-categoria","tag-adolescents","tag-associacionisme","tag-casals-de-joves","tag-educacio-popular","tag-esplais","tag-joves","tag-transformacio-social"],"yoast_head":"<!-- This site is optimized with the Yoast SEO plugin v27.4 - https:\/\/yoast.com\/product\/yoast-seo-wordpress\/ -->\n<title>La Trobada Km0 m\u00e9s interassociativa que mai! - Esplac<\/title>\n<meta name=\"robots\" content=\"index, follow, max-snippet:-1, max-image-preview:large, max-video-preview:-1\" \/>\n<link rel=\"canonical\" href=\"https:\/\/www.esplac.cat\/trobada-km0-interassociativa\/\" \/>\n<meta property=\"og:locale\" content=\"en_US\" \/>\n<meta property=\"og:type\" content=\"article\" \/>\n<meta property=\"og:title\" content=\"La Trobada Km0 m\u00e9s interassociativa que mai! - Esplac\" \/>\n<meta property=\"og:description\" content=\"El passat cap de setmana del 18-19 de maig vam [&hellip;]\" \/>\n<meta property=\"og:url\" content=\"https:\/\/www.esplac.cat\/trobada-km0-interassociativa\/\" \/>\n<meta property=\"og:site_name\" content=\"Esplac\" \/>\n<meta property=\"article:published_time\" content=\"2019-06-06T06:45:47+00:00\" \/>\n<meta property=\"article:modified_time\" content=\"2020-10-15T16:23:20+00:00\" \/>\n<meta property=\"og:image\" content=\"https:\/\/www.esplac.cat\/wp-content\/uploads\/2019\/06\/portadakm0.jpg\" \/>\n\t<meta property=\"og:image:width\" content=\"847\" \/>\n\t<meta property=\"og:image:height\" content=\"350\" \/>\n\t<meta property=\"og:image:type\" content=\"image\/jpeg\" \/>\n<meta name=\"author\" content=\"Comunicaci\u00f3 Esplac\" \/>\n<meta name=\"twitter:card\" content=\"summary_large_image\" \/>\n<meta name=\"twitter:label1\" content=\"Written by\" \/>\n\t<meta name=\"twitter:data1\" content=\"Comunicaci\u00f3 Esplac\" \/>\n\t<meta name=\"twitter:label2\" content=\"Est. reading time\" \/>\n\t<meta name=\"twitter:data2\" content=\"4 minutes\" \/>\n<script type=\"application\/ld+json\" class=\"yoast-schema-graph\">{\"@context\":\"https:\\\/\\\/schema.org\",\"@graph\":[{\"@type\":\"Article\",\"@id\":\"https:\\\/\\\/www.esplac.cat\\\/trobada-km0-interassociativa\\\/#article\",\"isPartOf\":{\"@id\":\"https:\\\/\\\/www.esplac.cat\\\/trobada-km0-interassociativa\\\/\"},\"author\":{\"name\":\"Comunicaci\u00f3 Esplac\",\"@id\":\"https:\\\/\\\/www.esplac.cat\\\/#\\\/schema\\\/person\\\/908383cf240be18b68f8855d0583faca\"},\"headline\":\"La Trobada Km0 m\u00e9s interassociativa que mai!\",\"datePublished\":\"2019-06-06T06:45:47+00:00\",\"dateModified\":\"2020-10-15T16:23:20+00:00\",\"mainEntityOfPage\":{\"@id\":\"https:\\\/\\\/www.esplac.cat\\\/trobada-km0-interassociativa\\\/\"},\"wordCount\":779,\"publisher\":{\"@id\":\"https:\\\/\\\/www.esplac.cat\\\/#organization\"},\"image\":{\"@id\":\"https:\\\/\\\/www.esplac.cat\\\/trobada-km0-interassociativa\\\/#primaryimage\"},\"thumbnailUrl\":\"https:\\\/\\\/www.esplac.cat\\\/wp-content\\\/uploads\\\/2019\\\/06\\\/portadakm0.jpg\",\"keywords\":[\"adolescents\",\"associacionisme\",\"Casals de Joves\",\"educaci\u00f3 popular\",\"esplais\",\"joves\",\"transformaci\u00f3 social\"],\"articleSection\":[\"Activitats esplais\",\"Sense categoria\"],\"inLanguage\":\"en-US\"},{\"@type\":\"WebPage\",\"@id\":\"https:\\\/\\\/www.esplac.cat\\\/trobada-km0-interassociativa\\\/\",\"url\":\"https:\\\/\\\/www.esplac.cat\\\/trobada-km0-interassociativa\\\/\",\"name\":\"La Trobada Km0 m\u00e9s interassociativa que mai! - Esplac\",\"isPartOf\":{\"@id\":\"https:\\\/\\\/www.esplac.cat\\\/#website\"},\"primaryImageOfPage\":{\"@id\":\"https:\\\/\\\/www.esplac.cat\\\/trobada-km0-interassociativa\\\/#primaryimage\"},\"image\":{\"@id\":\"https:\\\/\\\/www.esplac.cat\\\/trobada-km0-interassociativa\\\/#primaryimage\"},\"thumbnailUrl\":\"https:\\\/\\\/www.esplac.cat\\\/wp-content\\\/uploads\\\/2019\\\/06\\\/portadakm0.jpg\",\"datePublished\":\"2019-06-06T06:45:47+00:00\",\"dateModified\":\"2020-10-15T16:23:20+00:00\",\"breadcrumb\":{\"@id\":\"https:\\\/\\\/www.esplac.cat\\\/trobada-km0-interassociativa\\\/#breadcrumb\"},\"inLanguage\":\"en-US\",\"potentialAction\":[{\"@type\":\"ReadAction\",\"target\":[\"https:\\\/\\\/www.esplac.cat\\\/trobada-km0-interassociativa\\\/\"]}]},{\"@type\":\"ImageObject\",\"inLanguage\":\"en-US\",\"@id\":\"https:\\\/\\\/www.esplac.cat\\\/trobada-km0-interassociativa\\\/#primaryimage\",\"url\":\"https:\\\/\\\/www.esplac.cat\\\/wp-content\\\/uploads\\\/2019\\\/06\\\/portadakm0.jpg\",\"contentUrl\":\"https:\\\/\\\/www.esplac.cat\\\/wp-content\\\/uploads\\\/2019\\\/06\\\/portadakm0.jpg\",\"width\":847,\"height\":350},{\"@type\":\"BreadcrumbList\",\"@id\":\"https:\\\/\\\/www.esplac.cat\\\/trobada-km0-interassociativa\\\/#breadcrumb\",\"itemListElement\":[{\"@type\":\"ListItem\",\"position\":1,\"name\":\"Inici\",\"item\":\"https:\\\/\\\/www.esplac.cat\\\/en\\\/\"},{\"@type\":\"ListItem\",\"position\":2,\"name\":\"La Trobada Km0 m\u00e9s interassociativa que mai!\"}]},{\"@type\":\"WebSite\",\"@id\":\"https:\\\/\\\/www.esplac.cat\\\/#website\",\"url\":\"https:\\\/\\\/www.esplac.cat\\\/\",\"name\":\"Esplac\",\"description\":\"Esplais Catalans\",\"publisher\":{\"@id\":\"https:\\\/\\\/www.esplac.cat\\\/#organization\"},\"potentialAction\":[{\"@type\":\"SearchAction\",\"target\":{\"@type\":\"EntryPoint\",\"urlTemplate\":\"https:\\\/\\\/www.esplac.cat\\\/?s={search_term_string}\"},\"query-input\":{\"@type\":\"PropertyValueSpecification\",\"valueRequired\":true,\"valueName\":\"search_term_string\"}}],\"inLanguage\":\"en-US\"},{\"@type\":\"Organization\",\"@id\":\"https:\\\/\\\/www.esplac.cat\\\/#organization\",\"name\":\"Esplac\",\"url\":\"https:\\\/\\\/www.esplac.cat\\\/\",\"logo\":{\"@type\":\"ImageObject\",\"inLanguage\":\"en-US\",\"@id\":\"https:\\\/\\\/www.esplac.cat\\\/#\\\/schema\\\/logo\\\/image\\\/\",\"url\":\"https:\\\/\\\/www.esplac.cat\\\/wp-content\\\/uploads\\\/2019\\\/08\\\/logox2.png\",\"contentUrl\":\"https:\\\/\\\/www.esplac.cat\\\/wp-content\\\/uploads\\\/2019\\\/08\\\/logox2.png\",\"width\":600,\"height\":295,\"caption\":\"Esplac\"},\"image\":{\"@id\":\"https:\\\/\\\/www.esplac.cat\\\/#\\\/schema\\\/logo\\\/image\\\/\"}},{\"@type\":\"Person\",\"@id\":\"https:\\\/\\\/www.esplac.cat\\\/#\\\/schema\\\/person\\\/908383cf240be18b68f8855d0583faca\",\"name\":\"Comunicaci\u00f3 Esplac\",\"image\":{\"@type\":\"ImageObject\",\"inLanguage\":\"en-US\",\"@id\":\"https:\\\/\\\/secure.gravatar.com\\\/avatar\\\/7a4cf8feb412a76ea4a740ca02d95b06b2907b5a6c648c2dd0a1082a093c3141?s=96&d=mm&r=g\",\"url\":\"https:\\\/\\\/secure.gravatar.com\\\/avatar\\\/7a4cf8feb412a76ea4a740ca02d95b06b2907b5a6c648c2dd0a1082a093c3141?s=96&d=mm&r=g\",\"contentUrl\":\"https:\\\/\\\/secure.gravatar.com\\\/avatar\\\/7a4cf8feb412a76ea4a740ca02d95b06b2907b5a6c648c2dd0a1082a093c3141?s=96&d=mm&r=g\",\"caption\":\"Comunicaci\u00f3 Esplac\"}}]}<\/script>\n<!-- \/ Yoast SEO plugin. -->","yoast_head_json":{"title":"La Trobada Km0 m\u00e9s interassociativa que mai! - Esplac","robots":{"index":"index","follow":"follow","max-snippet":"max-snippet:-1","max-image-preview":"max-image-preview:large","max-video-preview":"max-video-preview:-1"},"canonical":"https:\/\/www.esplac.cat\/trobada-km0-interassociativa\/","og_locale":"en_US","og_type":"article","og_title":"La Trobada Km0 m\u00e9s interassociativa que mai! - Esplac","og_description":"El passat cap de setmana del 18-19 de maig vam [&hellip;]","og_url":"https:\/\/www.esplac.cat\/trobada-km0-interassociativa\/","og_site_name":"Esplac","article_published_time":"2019-06-06T06:45:47+00:00","article_modified_time":"2020-10-15T16:23:20+00:00","og_image":[{"width":847,"height":350,"url":"https:\/\/www.esplac.cat\/wp-content\/uploads\/2019\/06\/portadakm0.jpg","type":"image\/jpeg"}],"author":"Comunicaci\u00f3 Esplac","twitter_card":"summary_large_image","twitter_misc":{"Written by":"Comunicaci\u00f3 Esplac","Est. reading time":"4 minutes"},"schema":{"@context":"https:\/\/schema.org","@graph":[{"@type":"Article","@id":"https:\/\/www.esplac.cat\/trobada-km0-interassociativa\/#article","isPartOf":{"@id":"https:\/\/www.esplac.cat\/trobada-km0-interassociativa\/"},"author":{"name":"Comunicaci\u00f3 Esplac","@id":"https:\/\/www.esplac.cat\/#\/schema\/person\/908383cf240be18b68f8855d0583faca"},"headline":"La Trobada Km0 m\u00e9s interassociativa que mai!","datePublished":"2019-06-06T06:45:47+00:00","dateModified":"2020-10-15T16:23:20+00:00","mainEntityOfPage":{"@id":"https:\/\/www.esplac.cat\/trobada-km0-interassociativa\/"},"wordCount":779,"publisher":{"@id":"https:\/\/www.esplac.cat\/#organization"},"image":{"@id":"https:\/\/www.esplac.cat\/trobada-km0-interassociativa\/#primaryimage"},"thumbnailUrl":"https:\/\/www.esplac.cat\/wp-content\/uploads\/2019\/06\/portadakm0.jpg","keywords":["adolescents","associacionisme","Casals de Joves","educaci\u00f3 popular","esplais","joves","transformaci\u00f3 social"],"articleSection":["Activitats esplais","Sense categoria"],"inLanguage":"en-US"},{"@type":"WebPage","@id":"https:\/\/www.esplac.cat\/trobada-km0-interassociativa\/","url":"https:\/\/www.esplac.cat\/trobada-km0-interassociativa\/","name":"La Trobada Km0 m\u00e9s interassociativa que mai! - Esplac","isPartOf":{"@id":"https:\/\/www.esplac.cat\/#website"},"primaryImageOfPage":{"@id":"https:\/\/www.esplac.cat\/trobada-km0-interassociativa\/#primaryimage"},"image":{"@id":"https:\/\/www.esplac.cat\/trobada-km0-interassociativa\/#primaryimage"},"thumbnailUrl":"https:\/\/www.esplac.cat\/wp-content\/uploads\/2019\/06\/portadakm0.jpg","datePublished":"2019-06-06T06:45:47+00:00","dateModified":"2020-10-15T16:23:20+00:00","breadcrumb":{"@id":"https:\/\/www.esplac.cat\/trobada-km0-interassociativa\/#breadcrumb"},"inLanguage":"en-US","potentialAction":[{"@type":"ReadAction","target":["https:\/\/www.esplac.cat\/trobada-km0-interassociativa\/"]}]},{"@type":"ImageObject","inLanguage":"en-US","@id":"https:\/\/www.esplac.cat\/trobada-km0-interassociativa\/#primaryimage","url":"https:\/\/www.esplac.cat\/wp-content\/uploads\/2019\/06\/portadakm0.jpg","contentUrl":"https:\/\/www.esplac.cat\/wp-content\/uploads\/2019\/06\/portadakm0.jpg","width":847,"height":350},{"@type":"BreadcrumbList","@id":"https:\/\/www.esplac.cat\/trobada-km0-interassociativa\/#breadcrumb","itemListElement":[{"@type":"ListItem","position":1,"name":"Inici","item":"https:\/\/www.esplac.cat\/en\/"},{"@type":"ListItem","position":2,"name":"La Trobada Km0 m\u00e9s interassociativa que mai!"}]},{"@type":"WebSite","@id":"https:\/\/www.esplac.cat\/#website","url":"https:\/\/www.esplac.cat\/","name":"Esplac","description":"Esplais Catalans","publisher":{"@id":"https:\/\/www.esplac.cat\/#organization"},"potentialAction":[{"@type":"SearchAction","target":{"@type":"EntryPoint","urlTemplate":"https:\/\/www.esplac.cat\/?s={search_term_string}"},"query-input":{"@type":"PropertyValueSpecification","valueRequired":true,"valueName":"search_term_string"}}],"inLanguage":"en-US"},{"@type":"Organization","@id":"https:\/\/www.esplac.cat\/#organization","name":"Esplac","url":"https:\/\/www.esplac.cat\/","logo":{"@type":"ImageObject","inLanguage":"en-US","@id":"https:\/\/www.esplac.cat\/#\/schema\/logo\/image\/","url":"https:\/\/www.esplac.cat\/wp-content\/uploads\/2019\/08\/logox2.png","contentUrl":"https:\/\/www.esplac.cat\/wp-content\/uploads\/2019\/08\/logox2.png","width":600,"height":295,"caption":"Esplac"},"image":{"@id":"https:\/\/www.esplac.cat\/#\/schema\/logo\/image\/"}},{"@type":"Person","@id":"https:\/\/www.esplac.cat\/#\/schema\/person\/908383cf240be18b68f8855d0583faca","name":"Comunicaci\u00f3 Esplac","image":{"@type":"ImageObject","inLanguage":"en-US","@id":"https:\/\/secure.gravatar.com\/avatar\/7a4cf8feb412a76ea4a740ca02d95b06b2907b5a6c648c2dd0a1082a093c3141?s=96&d=mm&r=g","url":"https:\/\/secure.gravatar.com\/avatar\/7a4cf8feb412a76ea4a740ca02d95b06b2907b5a6c648c2dd0a1082a093c3141?s=96&d=mm&r=g","contentUrl":"https:\/\/secure.gravatar.com\/avatar\/7a4cf8feb412a76ea4a740ca02d95b06b2907b5a6c648c2dd0a1082a093c3141?s=96&d=mm&r=g","caption":"Comunicaci\u00f3 Esplac"}}]}},"_links":{"self":[{"href":"https:\/\/www.esplac.cat\/en\/wp-json\/wp\/v2\/posts\/23677","targetHints":{"allow":["GET"]}}],"collection":[{"href":"https:\/\/www.esplac.cat\/en\/wp-json\/wp\/v2\/posts"}],"about":[{"href":"https:\/\/www.esplac.cat\/en\/wp-json\/wp\/v2\/types\/post"}],"author":[{"embeddable":true,"href":"https:\/\/www.esplac.cat\/en\/wp-json\/wp\/v2\/users\/3"}],"replies":[{"embeddable":true,"href":"https:\/\/www.esplac.cat\/en\/wp-json\/wp\/v2\/comments?post=23677"}],"version-history":[{"count":0,"href":"https:\/\/www.esplac.cat\/en\/wp-json\/wp\/v2\/posts\/23677\/revisions"}],"wp:featuredmedia":[{"embeddable":true,"href":"https:\/\/www.esplac.cat\/en\/wp-json\/wp\/v2\/media\/23592"}],"wp:attachment":[{"href":"https:\/\/www.esplac.cat\/en\/wp-json\/wp\/v2\/media?parent=23677"}],"wp:term":[{"taxonomy":"category","embeddable":true,"href":"https:\/\/www.esplac.cat\/en\/wp-json\/wp\/v2\/categories?post=23677"},{"taxonomy":"post_tag","embeddable":true,"href":"https:\/\/www.esplac.cat\/en\/wp-json\/wp\/v2\/tags?post=23677"}],"curies":[{"name":"wp","href":"https:\/\/api.w.org\/{rel}","templated":true}]}}