{"id":23679,"date":"2019-05-29T09:59:30","date_gmt":"2019-05-29T07:59:30","guid":{"rendered":"http:\/\/esplac.cat\/?p=22384"},"modified":"2020-10-15T17:23:20","modified_gmt":"2020-10-15T16:23:20","slug":"summer-school-2019-whose-city-is-the-city","status":"publish","type":"post","link":"https:\/\/www.esplac.cat\/en\/summer-school-2019-whose-city-is-the-city\/","title":{"rendered":"Summer School 2019: &#8220;Whose city is the city&#8221;"},"content":{"rendered":"<h4>Com estem organitzant el desenvolupament de les ciutats? Cap a on anem? Qu\u00e8 passa amb la privatitzaci\u00f3 d&#8217;espais i b\u00e9ns p\u00fablics? La Summer School 2019 es titula \u201cWhose city is the city\u201d.<\/h4>\n<p style=\"text-align: justify;\">El Centre Kurt L\u00f6wenstein, entitat de formaci\u00f3 vinculada als Die Falken, d&#8217;Alemaya, obre convocat\u00f2ria pel seminari internacional d\u2019estiu que tindr\u00e0 lloc del <strong>21 de juliol al 28 de juliol 2019<\/strong>, prop de <strong>Berl\u00edn<\/strong>.<\/p>\n<p style=\"text-align: justify;\">Aquest any presenten un tema molt innovador:<strong> l\u2019organitzaci\u00f3 i desenvolupament de les ciutats des d\u2019una perspectiva social<\/strong>.<\/p>\n<p style=\"text-align: justify;\">Des de fa uns quants anys els lloguers\/preus dels habitatges no paren de cr\u00e9ixer i produeixen el que s\u2019anomena la<strong> gentrificaci\u00f3<\/strong>. Les persones amb ingressos m\u00e9s baixos sovint queden marginades i apartades. Veiem la privatitzaci\u00f3 de b\u00e9ns p\u00fablics, transports, subministrament d\u2019electricitat i aigua\u2026. \u00a0Alhora, qu\u00e8 passa si es privatitzen \u00e0rees p\u00fabliques com places i es regulen \u201ccomportaments socials\u201d i altres formes d\u2019expressar-se o es prohibeixen? I fins i tot, passen a ser penalitzades? Quin impacte t\u00e9 tot aix\u00f2 pels joves? Com volem les ciutats i les \u00e0rees p\u00fabliques? Com podem aconseguir un desenvolupament de la ciutat que compleixi els interessos de moltes i no de poques?<\/p>\n<p style=\"text-align: justify;\">Si, com a monis d&#8217;Esplac creieu que us pot ser interessant i en teniu ganes, no dubteu en inscriure-us <a href=\"https:\/\/docs.google.com\/forms\/d\/1FlGw999X_M3qtS7fQXPt-7a6p8KQcF4Mfu-qDa8rtFs\/edit\" target=\"_blank\" rel=\"noopener noreferrer\">AQU\u00cd<\/a>. Pot ser una experi\u00e8ncia molt profitosa tant per vosaltres com pels vostres esplais.<\/p>\n<p style=\"text-align: justify;\"><strong>Informaci\u00f3 Pr\u00e0ctica:<\/strong><\/p>\n<p style=\"text-align: justify;\"><strong>Dates:<\/strong> 21 de juliol al 28 de juliol del 2019.<br \/>\n<strong>Lloc:<\/strong> A la seu del centre Kurt L\u00f6wenstein (prop de Berl\u00edn).<br \/>\n<strong>Places per Esplac:<\/strong> 5 persones<br \/>\n<strong>Cost:<\/strong> 70 euros per participant (allotjament i manutenci\u00f3)<br \/>\n<strong>Subvenci\u00f3:<\/strong> 275 euros per participant<br \/>\n<strong>Inscripcions:<\/strong> Cal omplir <a href=\"https:\/\/docs.google.com\/forms\/d\/1FlGw999X_M3qtS7fQXPt-7a6p8KQcF4Mfu-qDa8rtFs\/edit\" target=\"_blank\" rel=\"noopener noreferrer\">aquest formulari<br \/>\n<\/a><strong>M\u00e9s informaci\u00f3:<\/strong> <a href=\"https:\/\/www.kurt-loewenstein.de\/de\/veranstaltungen\/international-summerschool-whose-city\" target=\"_blank\" rel=\"noopener noreferrer\">Aqu\u00ed<\/a>\u00a0podeu trobar tota la informaci\u00f3 necess\u00e0ria i tamb\u00e9 podeu anar al <a href=\"https:\/\/www.facebook.com\/events\/2351538681789749\/\" target=\"_blank\" rel=\"noopener noreferrer\">esdeveniment del Facebook<\/a><br \/>\n<strong>Contacte:<\/strong> \u00a0internacional@esplac.cat &#8211; 933026103<\/p>\n<p style=\"text-align: justify;\"><a href=\"http:\/\/esplac.cat\/wp-content\/uploads\/2019\/05\/Summerschool-2019-flyer-ESPLAC-taronja.jpg\"><img decoding=\"async\" class=\"wp-image-22391 aligncenter\" src=\"http:\/\/esplac.cat\/wp-content\/uploads\/2019\/05\/Summerschool-2019-flyer-ESPLAC-taronja.jpg\" alt=\"\" width=\"701\" height=\"992\" \/><\/a><\/p>\n","protected":false},"excerpt":{"rendered":"<p>Com estem organitzant el desenvolupament de les ciutats? Cap a [&hellip;]<\/p>\n","protected":false},"author":3,"featured_media":23595,"comment_status":"closed","ping_status":"open","sticky":false,"template":"","format":"standard","meta":{"om_disable_all_campaigns":false,"_monsterinsights_skip_tracking":false,"_monsterinsights_sitenote_active":false,"_monsterinsights_sitenote_note":"","_monsterinsights_sitenote_category":0,"_uf_show_specific_survey":0,"_uf_disable_surveys":false,"footnotes":""},"categories":[1112,1],"tags":[513,1077,1002,1078,1079,1080,515,134],"class_list":["post-23679","post","type-post","status-publish","format-standard","has-post-thumbnail","hentry","category-esplac-al-mon","category-sense-categoria","tag-berlin","tag-ciutat","tag-educacio-popular","tag-gentrificacio","tag-perspectiva-social","tag-privatitzacio","tag-summer-school","tag-transformacio-social"],"yoast_head":"<!-- This site is optimized with the Yoast SEO plugin v27.5 - https:\/\/yoast.com\/product\/yoast-seo-wordpress\/ -->\n<title>Summer School 2019: &quot;Whose city is the city&quot; - Esplac<\/title>\n<meta name=\"robots\" content=\"index, follow, max-snippet:-1, max-image-preview:large, max-video-preview:-1\" \/>\n<link rel=\"canonical\" href=\"https:\/\/www.esplac.cat\/summer-school-2019-whose-city-is-the-city\/\" \/>\n<meta property=\"og:locale\" content=\"en_US\" \/>\n<meta property=\"og:type\" content=\"article\" \/>\n<meta property=\"og:title\" content=\"Summer School 2019: &quot;Whose city is the city&quot; - Esplac\" \/>\n<meta property=\"og:description\" content=\"Com estem organitzant el desenvolupament de les ciutats? Cap a [&hellip;]\" \/>\n<meta property=\"og:url\" content=\"https:\/\/www.esplac.cat\/summer-school-2019-whose-city-is-the-city\/\" \/>\n<meta property=\"og:site_name\" content=\"Esplac\" \/>\n<meta property=\"article:published_time\" content=\"2019-05-29T07:59:30+00:00\" \/>\n<meta property=\"article:modified_time\" content=\"2020-10-15T16:23:20+00:00\" \/>\n<meta property=\"og:image\" content=\"https:\/\/www.esplac.cat\/wp-content\/uploads\/2019\/05\/portadacity.jpg\" \/>\n\t<meta property=\"og:image:width\" content=\"847\" \/>\n\t<meta property=\"og:image:height\" content=\"350\" \/>\n\t<meta property=\"og:image:type\" content=\"image\/jpeg\" \/>\n<meta name=\"author\" content=\"Comunicaci\u00f3 Esplac\" \/>\n<meta name=\"twitter:card\" content=\"summary_large_image\" \/>\n<meta name=\"twitter:label1\" content=\"Written by\" \/>\n\t<meta name=\"twitter:data1\" content=\"Comunicaci\u00f3 Esplac\" \/>\n\t<meta name=\"twitter:label2\" content=\"Est. reading time\" \/>\n\t<meta name=\"twitter:data2\" content=\"2 minutes\" \/>\n<script type=\"application\/ld+json\" class=\"yoast-schema-graph\">{\"@context\":\"https:\\\/\\\/schema.org\",\"@graph\":[{\"@type\":\"Article\",\"@id\":\"https:\\\/\\\/www.esplac.cat\\\/summer-school-2019-whose-city-is-the-city\\\/#article\",\"isPartOf\":{\"@id\":\"https:\\\/\\\/www.esplac.cat\\\/summer-school-2019-whose-city-is-the-city\\\/\"},\"author\":{\"name\":\"Comunicaci\u00f3 Esplac\",\"@id\":\"https:\\\/\\\/www.esplac.cat\\\/#\\\/schema\\\/person\\\/908383cf240be18b68f8855d0583faca\"},\"headline\":\"Summer School 2019: &#8220;Whose city is the city&#8221;\",\"datePublished\":\"2019-05-29T07:59:30+00:00\",\"dateModified\":\"2020-10-15T16:23:20+00:00\",\"mainEntityOfPage\":{\"@id\":\"https:\\\/\\\/www.esplac.cat\\\/summer-school-2019-whose-city-is-the-city\\\/\"},\"wordCount\":313,\"publisher\":{\"@id\":\"https:\\\/\\\/www.esplac.cat\\\/#organization\"},\"image\":{\"@id\":\"https:\\\/\\\/www.esplac.cat\\\/summer-school-2019-whose-city-is-the-city\\\/#primaryimage\"},\"thumbnailUrl\":\"https:\\\/\\\/www.esplac.cat\\\/wp-content\\\/uploads\\\/2019\\\/05\\\/portadacity.jpg\",\"keywords\":[\"Berlin\",\"Ciutat\",\"educaci\u00f3 popular\",\"Gentrificaci\u00f3\",\"Perspectiva social\",\"Privatitzaci\u00f3\",\"summer school\",\"transformaci\u00f3 social\"],\"articleSection\":[\"Esplac al m\u00f3n\",\"Sense categoria\"],\"inLanguage\":\"en-US\"},{\"@type\":\"WebPage\",\"@id\":\"https:\\\/\\\/www.esplac.cat\\\/summer-school-2019-whose-city-is-the-city\\\/\",\"url\":\"https:\\\/\\\/www.esplac.cat\\\/summer-school-2019-whose-city-is-the-city\\\/\",\"name\":\"Summer School 2019: \\\"Whose city is the city\\\" - Esplac\",\"isPartOf\":{\"@id\":\"https:\\\/\\\/www.esplac.cat\\\/#website\"},\"primaryImageOfPage\":{\"@id\":\"https:\\\/\\\/www.esplac.cat\\\/summer-school-2019-whose-city-is-the-city\\\/#primaryimage\"},\"image\":{\"@id\":\"https:\\\/\\\/www.esplac.cat\\\/summer-school-2019-whose-city-is-the-city\\\/#primaryimage\"},\"thumbnailUrl\":\"https:\\\/\\\/www.esplac.cat\\\/wp-content\\\/uploads\\\/2019\\\/05\\\/portadacity.jpg\",\"datePublished\":\"2019-05-29T07:59:30+00:00\",\"dateModified\":\"2020-10-15T16:23:20+00:00\",\"breadcrumb\":{\"@id\":\"https:\\\/\\\/www.esplac.cat\\\/summer-school-2019-whose-city-is-the-city\\\/#breadcrumb\"},\"inLanguage\":\"en-US\",\"potentialAction\":[{\"@type\":\"ReadAction\",\"target\":[\"https:\\\/\\\/www.esplac.cat\\\/summer-school-2019-whose-city-is-the-city\\\/\"]}]},{\"@type\":\"ImageObject\",\"inLanguage\":\"en-US\",\"@id\":\"https:\\\/\\\/www.esplac.cat\\\/summer-school-2019-whose-city-is-the-city\\\/#primaryimage\",\"url\":\"https:\\\/\\\/www.esplac.cat\\\/wp-content\\\/uploads\\\/2019\\\/05\\\/portadacity.jpg\",\"contentUrl\":\"https:\\\/\\\/www.esplac.cat\\\/wp-content\\\/uploads\\\/2019\\\/05\\\/portadacity.jpg\",\"width\":847,\"height\":350},{\"@type\":\"BreadcrumbList\",\"@id\":\"https:\\\/\\\/www.esplac.cat\\\/summer-school-2019-whose-city-is-the-city\\\/#breadcrumb\",\"itemListElement\":[{\"@type\":\"ListItem\",\"position\":1,\"name\":\"Inici\",\"item\":\"https:\\\/\\\/www.esplac.cat\\\/en\\\/\"},{\"@type\":\"ListItem\",\"position\":2,\"name\":\"Summer School 2019: &#8220;Whose city is the city&#8221;\"}]},{\"@type\":\"WebSite\",\"@id\":\"https:\\\/\\\/www.esplac.cat\\\/#website\",\"url\":\"https:\\\/\\\/www.esplac.cat\\\/\",\"name\":\"Esplac\",\"description\":\"Esplais Catalans\",\"publisher\":{\"@id\":\"https:\\\/\\\/www.esplac.cat\\\/#organization\"},\"potentialAction\":[{\"@type\":\"SearchAction\",\"target\":{\"@type\":\"EntryPoint\",\"urlTemplate\":\"https:\\\/\\\/www.esplac.cat\\\/?s={search_term_string}\"},\"query-input\":{\"@type\":\"PropertyValueSpecification\",\"valueRequired\":true,\"valueName\":\"search_term_string\"}}],\"inLanguage\":\"en-US\"},{\"@type\":\"Organization\",\"@id\":\"https:\\\/\\\/www.esplac.cat\\\/#organization\",\"name\":\"Esplac\",\"url\":\"https:\\\/\\\/www.esplac.cat\\\/\",\"logo\":{\"@type\":\"ImageObject\",\"inLanguage\":\"en-US\",\"@id\":\"https:\\\/\\\/www.esplac.cat\\\/#\\\/schema\\\/logo\\\/image\\\/\",\"url\":\"https:\\\/\\\/www.esplac.cat\\\/wp-content\\\/uploads\\\/2019\\\/08\\\/logox2.png\",\"contentUrl\":\"https:\\\/\\\/www.esplac.cat\\\/wp-content\\\/uploads\\\/2019\\\/08\\\/logox2.png\",\"width\":600,\"height\":295,\"caption\":\"Esplac\"},\"image\":{\"@id\":\"https:\\\/\\\/www.esplac.cat\\\/#\\\/schema\\\/logo\\\/image\\\/\"}},{\"@type\":\"Person\",\"@id\":\"https:\\\/\\\/www.esplac.cat\\\/#\\\/schema\\\/person\\\/908383cf240be18b68f8855d0583faca\",\"name\":\"Comunicaci\u00f3 Esplac\",\"image\":{\"@type\":\"ImageObject\",\"inLanguage\":\"en-US\",\"@id\":\"https:\\\/\\\/secure.gravatar.com\\\/avatar\\\/7a4cf8feb412a76ea4a740ca02d95b06b2907b5a6c648c2dd0a1082a093c3141?s=96&d=mm&r=g\",\"url\":\"https:\\\/\\\/secure.gravatar.com\\\/avatar\\\/7a4cf8feb412a76ea4a740ca02d95b06b2907b5a6c648c2dd0a1082a093c3141?s=96&d=mm&r=g\",\"contentUrl\":\"https:\\\/\\\/secure.gravatar.com\\\/avatar\\\/7a4cf8feb412a76ea4a740ca02d95b06b2907b5a6c648c2dd0a1082a093c3141?s=96&d=mm&r=g\",\"caption\":\"Comunicaci\u00f3 Esplac\"}}]}<\/script>\n<!-- \/ Yoast SEO plugin. -->","yoast_head_json":{"title":"Summer School 2019: \"Whose city is the city\" - Esplac","robots":{"index":"index","follow":"follow","max-snippet":"max-snippet:-1","max-image-preview":"max-image-preview:large","max-video-preview":"max-video-preview:-1"},"canonical":"https:\/\/www.esplac.cat\/summer-school-2019-whose-city-is-the-city\/","og_locale":"en_US","og_type":"article","og_title":"Summer School 2019: \"Whose city is the city\" - Esplac","og_description":"Com estem organitzant el desenvolupament de les ciutats? Cap a [&hellip;]","og_url":"https:\/\/www.esplac.cat\/summer-school-2019-whose-city-is-the-city\/","og_site_name":"Esplac","article_published_time":"2019-05-29T07:59:30+00:00","article_modified_time":"2020-10-15T16:23:20+00:00","og_image":[{"width":847,"height":350,"url":"https:\/\/www.esplac.cat\/wp-content\/uploads\/2019\/05\/portadacity.jpg","type":"image\/jpeg"}],"author":"Comunicaci\u00f3 Esplac","twitter_card":"summary_large_image","twitter_misc":{"Written by":"Comunicaci\u00f3 Esplac","Est. reading time":"2 minutes"},"schema":{"@context":"https:\/\/schema.org","@graph":[{"@type":"Article","@id":"https:\/\/www.esplac.cat\/summer-school-2019-whose-city-is-the-city\/#article","isPartOf":{"@id":"https:\/\/www.esplac.cat\/summer-school-2019-whose-city-is-the-city\/"},"author":{"name":"Comunicaci\u00f3 Esplac","@id":"https:\/\/www.esplac.cat\/#\/schema\/person\/908383cf240be18b68f8855d0583faca"},"headline":"Summer School 2019: &#8220;Whose city is the city&#8221;","datePublished":"2019-05-29T07:59:30+00:00","dateModified":"2020-10-15T16:23:20+00:00","mainEntityOfPage":{"@id":"https:\/\/www.esplac.cat\/summer-school-2019-whose-city-is-the-city\/"},"wordCount":313,"publisher":{"@id":"https:\/\/www.esplac.cat\/#organization"},"image":{"@id":"https:\/\/www.esplac.cat\/summer-school-2019-whose-city-is-the-city\/#primaryimage"},"thumbnailUrl":"https:\/\/www.esplac.cat\/wp-content\/uploads\/2019\/05\/portadacity.jpg","keywords":["Berlin","Ciutat","educaci\u00f3 popular","Gentrificaci\u00f3","Perspectiva social","Privatitzaci\u00f3","summer school","transformaci\u00f3 social"],"articleSection":["Esplac al m\u00f3n","Sense categoria"],"inLanguage":"en-US"},{"@type":"WebPage","@id":"https:\/\/www.esplac.cat\/summer-school-2019-whose-city-is-the-city\/","url":"https:\/\/www.esplac.cat\/summer-school-2019-whose-city-is-the-city\/","name":"Summer School 2019: \"Whose city is the city\" - Esplac","isPartOf":{"@id":"https:\/\/www.esplac.cat\/#website"},"primaryImageOfPage":{"@id":"https:\/\/www.esplac.cat\/summer-school-2019-whose-city-is-the-city\/#primaryimage"},"image":{"@id":"https:\/\/www.esplac.cat\/summer-school-2019-whose-city-is-the-city\/#primaryimage"},"thumbnailUrl":"https:\/\/www.esplac.cat\/wp-content\/uploads\/2019\/05\/portadacity.jpg","datePublished":"2019-05-29T07:59:30+00:00","dateModified":"2020-10-15T16:23:20+00:00","breadcrumb":{"@id":"https:\/\/www.esplac.cat\/summer-school-2019-whose-city-is-the-city\/#breadcrumb"},"inLanguage":"en-US","potentialAction":[{"@type":"ReadAction","target":["https:\/\/www.esplac.cat\/summer-school-2019-whose-city-is-the-city\/"]}]},{"@type":"ImageObject","inLanguage":"en-US","@id":"https:\/\/www.esplac.cat\/summer-school-2019-whose-city-is-the-city\/#primaryimage","url":"https:\/\/www.esplac.cat\/wp-content\/uploads\/2019\/05\/portadacity.jpg","contentUrl":"https:\/\/www.esplac.cat\/wp-content\/uploads\/2019\/05\/portadacity.jpg","width":847,"height":350},{"@type":"BreadcrumbList","@id":"https:\/\/www.esplac.cat\/summer-school-2019-whose-city-is-the-city\/#breadcrumb","itemListElement":[{"@type":"ListItem","position":1,"name":"Inici","item":"https:\/\/www.esplac.cat\/en\/"},{"@type":"ListItem","position":2,"name":"Summer School 2019: &#8220;Whose city is the city&#8221;"}]},{"@type":"WebSite","@id":"https:\/\/www.esplac.cat\/#website","url":"https:\/\/www.esplac.cat\/","name":"Esplac","description":"Esplais Catalans","publisher":{"@id":"https:\/\/www.esplac.cat\/#organization"},"potentialAction":[{"@type":"SearchAction","target":{"@type":"EntryPoint","urlTemplate":"https:\/\/www.esplac.cat\/?s={search_term_string}"},"query-input":{"@type":"PropertyValueSpecification","valueRequired":true,"valueName":"search_term_string"}}],"inLanguage":"en-US"},{"@type":"Organization","@id":"https:\/\/www.esplac.cat\/#organization","name":"Esplac","url":"https:\/\/www.esplac.cat\/","logo":{"@type":"ImageObject","inLanguage":"en-US","@id":"https:\/\/www.esplac.cat\/#\/schema\/logo\/image\/","url":"https:\/\/www.esplac.cat\/wp-content\/uploads\/2019\/08\/logox2.png","contentUrl":"https:\/\/www.esplac.cat\/wp-content\/uploads\/2019\/08\/logox2.png","width":600,"height":295,"caption":"Esplac"},"image":{"@id":"https:\/\/www.esplac.cat\/#\/schema\/logo\/image\/"}},{"@type":"Person","@id":"https:\/\/www.esplac.cat\/#\/schema\/person\/908383cf240be18b68f8855d0583faca","name":"Comunicaci\u00f3 Esplac","image":{"@type":"ImageObject","inLanguage":"en-US","@id":"https:\/\/secure.gravatar.com\/avatar\/7a4cf8feb412a76ea4a740ca02d95b06b2907b5a6c648c2dd0a1082a093c3141?s=96&d=mm&r=g","url":"https:\/\/secure.gravatar.com\/avatar\/7a4cf8feb412a76ea4a740ca02d95b06b2907b5a6c648c2dd0a1082a093c3141?s=96&d=mm&r=g","contentUrl":"https:\/\/secure.gravatar.com\/avatar\/7a4cf8feb412a76ea4a740ca02d95b06b2907b5a6c648c2dd0a1082a093c3141?s=96&d=mm&r=g","caption":"Comunicaci\u00f3 Esplac"}}]}},"_links":{"self":[{"href":"https:\/\/www.esplac.cat\/en\/wp-json\/wp\/v2\/posts\/23679","targetHints":{"allow":["GET"]}}],"collection":[{"href":"https:\/\/www.esplac.cat\/en\/wp-json\/wp\/v2\/posts"}],"about":[{"href":"https:\/\/www.esplac.cat\/en\/wp-json\/wp\/v2\/types\/post"}],"author":[{"embeddable":true,"href":"https:\/\/www.esplac.cat\/en\/wp-json\/wp\/v2\/users\/3"}],"replies":[{"embeddable":true,"href":"https:\/\/www.esplac.cat\/en\/wp-json\/wp\/v2\/comments?post=23679"}],"version-history":[{"count":0,"href":"https:\/\/www.esplac.cat\/en\/wp-json\/wp\/v2\/posts\/23679\/revisions"}],"wp:featuredmedia":[{"embeddable":true,"href":"https:\/\/www.esplac.cat\/en\/wp-json\/wp\/v2\/media\/23595"}],"wp:attachment":[{"href":"https:\/\/www.esplac.cat\/en\/wp-json\/wp\/v2\/media?parent=23679"}],"wp:term":[{"taxonomy":"category","embeddable":true,"href":"https:\/\/www.esplac.cat\/en\/wp-json\/wp\/v2\/categories?post=23679"},{"taxonomy":"post_tag","embeddable":true,"href":"https:\/\/www.esplac.cat\/en\/wp-json\/wp\/v2\/tags?post=23679"}],"curies":[{"name":"wp","href":"https:\/\/api.w.org\/{rel}","templated":true}]}}