{"id":23681,"date":"2019-05-28T07:40:23","date_gmt":"2019-05-28T05:40:23","guid":{"rendered":"http:\/\/esplac.cat\/?p=22355"},"modified":"2020-10-15T17:23:20","modified_gmt":"2020-10-15T16:23:20","slug":"50-anys-fent-esplai-al-clupi","status":"publish","type":"post","link":"https:\/\/www.esplac.cat\/en\/50-anys-fent-esplai-al-clupi\/","title":{"rendered":"50 anys fent esplai al Clupi!"},"content":{"rendered":"<h4 style=\"text-align: justify;\">El Club Infantil Cerdanyola (Esplai Clupi) del Sector Vall\u00e8s Occidental compleix, enguany, el seu 50\u00e8 aniversari.<\/h4>\n<p style=\"text-align: justify;\">L&#8217;associaci\u00f3 d&#8217;educaci\u00f3 en el lleure cerdanyola arriba a la meitat de segle despr\u00e9s d&#8217;un llarg i incident recorregut dins el teixit associatiu de la ciutat. Durant tot aquest temps, <strong>centenars d&#8217;infants han fet esplai<\/strong>, han realitzat col\u00f2nies i han participat en moltes activitats dins i fora del municipi des de ben petits fins a la seva maduersa.\u00a0Amb motiu de l&#8217;aniversari, el Clupi ha organitzat diverses activitats que <strong>culminen amb la festa del proper dissabte 1 de juny<\/strong>. El passat 27 d&#8217;abril es va realitzar la projecci\u00f3 de la pel\u00b7l\u00edcula &#8220;Els nens de Cancots&#8221;, en qu\u00e8 els infants de l&#8217;esplai en v\u00e0ren ser els protagnistes. L&#8217;11 de maig, a m\u00e9s, l&#8217;esplai va organitzar una taula rodona en qu\u00e8 van participar les diverses associacions de lleure\u00a0de la ciutat i persones a t\u00edtol individual, on es va fer un rep\u00e0s de l&#8217;evoluci\u00f3 i el paper del lleure a dia d&#8217;avui a Cerdanyola.<\/p>\n<p style=\"text-align: justify;\">Pel que fa a l&#8217;activitat del proper dissabte, des de les 11 del mat\u00ed s&#8217;organitzar\u00e0, al Parc del Turonet, un cercavila, una actuaci\u00f3 de Diables, cants de guitarra amb can\u00e7ons populars, un sopar obert a tothom i diversos concerts que culminaran entrada la matinada. Es tracta d&#8217;una activitat totalment gratu\u00efta oberta a tots els adults i infants que hi vulguin participar, amb excepci\u00f3 del sopar, pel que caldr\u00e0 comprar els tiquets amb antel\u00b7laci\u00f3. Tots aquells que el vulguin reservar podran enviar un correu a elclupi@gmail.com. Us hi esperem!<\/p>\n<p style=\"text-align: justify;\"><a href=\"http:\/\/esplac.cat\/wp-content\/uploads\/2019\/05\/WhatsApp-Image-2019-05-17-at-19.38.31.jpeg\"><img decoding=\"async\" class=\"wp-image-22358 aligncenter\" src=\"http:\/\/esplac.cat\/wp-content\/uploads\/2019\/05\/WhatsApp-Image-2019-05-17-at-19.38.31.jpeg\" alt=\"\" width=\"505\" height=\"728\" \/><\/a><\/p>\n<p style=\"text-align: justify;\"><a href=\"http:\/\/esplac.cat\/wp-content\/uploads\/2019\/05\/WhatsApp-Image-2019-05-17-at-19.44.43.jpeg\"><img decoding=\"async\" class=\"wp-image-22360 aligncenter\" src=\"http:\/\/esplac.cat\/wp-content\/uploads\/2019\/05\/WhatsApp-Image-2019-05-17-at-19.44.43.jpeg\" alt=\"\" width=\"509\" height=\"720\" \/><\/a><\/p>\n<p style=\"text-align: justify;\"><a href=\"http:\/\/esplac.cat\/wp-content\/uploads\/2019\/05\/WhatsApp-Image-2019-05-17-at-19.38.54.jpeg\"><img decoding=\"async\" class=\"wp-image-22359 aligncenter\" src=\"http:\/\/esplac.cat\/wp-content\/uploads\/2019\/05\/WhatsApp-Image-2019-05-17-at-19.38.54.jpeg\" alt=\"\" width=\"507\" height=\"729\" \/><\/a><\/p>\n","protected":false},"excerpt":{"rendered":"<p>El Club Infantil Cerdanyola (Esplai Clupi) del Sector Vall\u00e8s Occidental [&hellip;]<\/p>\n","protected":false},"author":3,"featured_media":23603,"comment_status":"closed","ping_status":"open","sticky":false,"template":"","format":"standard","meta":{"om_disable_all_campaigns":false,"_monsterinsights_skip_tracking":false,"_monsterinsights_sitenote_active":false,"_monsterinsights_sitenote_note":"","_monsterinsights_sitenote_category":0,"_uf_show_specific_survey":0,"_uf_disable_surveys":false,"footnotes":""},"categories":[1118,1],"tags":[126,1075,1002,1003,344,134],"class_list":["post-23681","post","type-post","status-publish","format-standard","has-post-thumbnail","hentry","category-sector-valles-occidental-activitats-sectors","category-sense-categoria","tag-aniversari","tag-cerdanyola","tag-educacio-popular","tag-esplai","tag-infants","tag-transformacio-social"],"yoast_head":"<!-- This site is optimized with the Yoast SEO plugin v27.5 - https:\/\/yoast.com\/product\/yoast-seo-wordpress\/ -->\n<title>50 anys fent esplai al Clupi! - Esplac<\/title>\n<meta name=\"robots\" content=\"index, follow, max-snippet:-1, max-image-preview:large, max-video-preview:-1\" \/>\n<link rel=\"canonical\" href=\"https:\/\/www.esplac.cat\/50-anys-fent-esplai-al-clupi\/\" \/>\n<meta property=\"og:locale\" content=\"en_US\" \/>\n<meta property=\"og:type\" content=\"article\" \/>\n<meta property=\"og:title\" content=\"50 anys fent esplai al Clupi! - Esplac\" \/>\n<meta property=\"og:description\" content=\"El Club Infantil Cerdanyola (Esplai Clupi) del Sector Vall\u00e8s Occidental [&hellip;]\" \/>\n<meta property=\"og:url\" content=\"https:\/\/www.esplac.cat\/50-anys-fent-esplai-al-clupi\/\" \/>\n<meta property=\"og:site_name\" content=\"Esplac\" \/>\n<meta property=\"article:published_time\" content=\"2019-05-28T05:40:23+00:00\" \/>\n<meta property=\"article:modified_time\" content=\"2020-10-15T16:23:20+00:00\" \/>\n<meta property=\"og:image\" content=\"https:\/\/www.esplac.cat\/wp-content\/uploads\/2019\/05\/portadaclupi.jpg\" \/>\n\t<meta property=\"og:image:width\" content=\"847\" \/>\n\t<meta property=\"og:image:height\" content=\"350\" \/>\n\t<meta property=\"og:image:type\" content=\"image\/jpeg\" \/>\n<meta name=\"author\" content=\"Comunicaci\u00f3 Esplac\" \/>\n<meta name=\"twitter:card\" content=\"summary_large_image\" \/>\n<meta name=\"twitter:label1\" content=\"Written by\" \/>\n\t<meta name=\"twitter:data1\" content=\"Comunicaci\u00f3 Esplac\" \/>\n\t<meta name=\"twitter:label2\" content=\"Est. reading time\" \/>\n\t<meta name=\"twitter:data2\" content=\"1 minute\" \/>\n<script type=\"application\/ld+json\" class=\"yoast-schema-graph\">{\"@context\":\"https:\\\/\\\/schema.org\",\"@graph\":[{\"@type\":\"Article\",\"@id\":\"https:\\\/\\\/www.esplac.cat\\\/50-anys-fent-esplai-al-clupi\\\/#article\",\"isPartOf\":{\"@id\":\"https:\\\/\\\/www.esplac.cat\\\/50-anys-fent-esplai-al-clupi\\\/\"},\"author\":{\"name\":\"Comunicaci\u00f3 Esplac\",\"@id\":\"https:\\\/\\\/www.esplac.cat\\\/#\\\/schema\\\/person\\\/908383cf240be18b68f8855d0583faca\"},\"headline\":\"50 anys fent esplai al Clupi!\",\"datePublished\":\"2019-05-28T05:40:23+00:00\",\"dateModified\":\"2020-10-15T16:23:20+00:00\",\"mainEntityOfPage\":{\"@id\":\"https:\\\/\\\/www.esplac.cat\\\/50-anys-fent-esplai-al-clupi\\\/\"},\"wordCount\":283,\"publisher\":{\"@id\":\"https:\\\/\\\/www.esplac.cat\\\/#organization\"},\"image\":{\"@id\":\"https:\\\/\\\/www.esplac.cat\\\/50-anys-fent-esplai-al-clupi\\\/#primaryimage\"},\"thumbnailUrl\":\"https:\\\/\\\/www.esplac.cat\\\/wp-content\\\/uploads\\\/2019\\\/05\\\/portadaclupi.jpg\",\"keywords\":[\"aniversari\",\"cerdanyola\",\"educaci\u00f3 popular\",\"esplai\",\"infants\",\"transformaci\u00f3 social\"],\"articleSection\":[\"Sector Vall\u00e8s Occidental\",\"Sense categoria\"],\"inLanguage\":\"en-US\"},{\"@type\":\"WebPage\",\"@id\":\"https:\\\/\\\/www.esplac.cat\\\/50-anys-fent-esplai-al-clupi\\\/\",\"url\":\"https:\\\/\\\/www.esplac.cat\\\/50-anys-fent-esplai-al-clupi\\\/\",\"name\":\"50 anys fent esplai al Clupi! - Esplac\",\"isPartOf\":{\"@id\":\"https:\\\/\\\/www.esplac.cat\\\/#website\"},\"primaryImageOfPage\":{\"@id\":\"https:\\\/\\\/www.esplac.cat\\\/50-anys-fent-esplai-al-clupi\\\/#primaryimage\"},\"image\":{\"@id\":\"https:\\\/\\\/www.esplac.cat\\\/50-anys-fent-esplai-al-clupi\\\/#primaryimage\"},\"thumbnailUrl\":\"https:\\\/\\\/www.esplac.cat\\\/wp-content\\\/uploads\\\/2019\\\/05\\\/portadaclupi.jpg\",\"datePublished\":\"2019-05-28T05:40:23+00:00\",\"dateModified\":\"2020-10-15T16:23:20+00:00\",\"breadcrumb\":{\"@id\":\"https:\\\/\\\/www.esplac.cat\\\/50-anys-fent-esplai-al-clupi\\\/#breadcrumb\"},\"inLanguage\":\"en-US\",\"potentialAction\":[{\"@type\":\"ReadAction\",\"target\":[\"https:\\\/\\\/www.esplac.cat\\\/50-anys-fent-esplai-al-clupi\\\/\"]}]},{\"@type\":\"ImageObject\",\"inLanguage\":\"en-US\",\"@id\":\"https:\\\/\\\/www.esplac.cat\\\/50-anys-fent-esplai-al-clupi\\\/#primaryimage\",\"url\":\"https:\\\/\\\/www.esplac.cat\\\/wp-content\\\/uploads\\\/2019\\\/05\\\/portadaclupi.jpg\",\"contentUrl\":\"https:\\\/\\\/www.esplac.cat\\\/wp-content\\\/uploads\\\/2019\\\/05\\\/portadaclupi.jpg\",\"width\":847,\"height\":350},{\"@type\":\"BreadcrumbList\",\"@id\":\"https:\\\/\\\/www.esplac.cat\\\/50-anys-fent-esplai-al-clupi\\\/#breadcrumb\",\"itemListElement\":[{\"@type\":\"ListItem\",\"position\":1,\"name\":\"Inici\",\"item\":\"https:\\\/\\\/www.esplac.cat\\\/en\\\/\"},{\"@type\":\"ListItem\",\"position\":2,\"name\":\"50 anys fent esplai al Clupi!\"}]},{\"@type\":\"WebSite\",\"@id\":\"https:\\\/\\\/www.esplac.cat\\\/#website\",\"url\":\"https:\\\/\\\/www.esplac.cat\\\/\",\"name\":\"Esplac\",\"description\":\"Esplais Catalans\",\"publisher\":{\"@id\":\"https:\\\/\\\/www.esplac.cat\\\/#organization\"},\"potentialAction\":[{\"@type\":\"SearchAction\",\"target\":{\"@type\":\"EntryPoint\",\"urlTemplate\":\"https:\\\/\\\/www.esplac.cat\\\/?s={search_term_string}\"},\"query-input\":{\"@type\":\"PropertyValueSpecification\",\"valueRequired\":true,\"valueName\":\"search_term_string\"}}],\"inLanguage\":\"en-US\"},{\"@type\":\"Organization\",\"@id\":\"https:\\\/\\\/www.esplac.cat\\\/#organization\",\"name\":\"Esplac\",\"url\":\"https:\\\/\\\/www.esplac.cat\\\/\",\"logo\":{\"@type\":\"ImageObject\",\"inLanguage\":\"en-US\",\"@id\":\"https:\\\/\\\/www.esplac.cat\\\/#\\\/schema\\\/logo\\\/image\\\/\",\"url\":\"https:\\\/\\\/www.esplac.cat\\\/wp-content\\\/uploads\\\/2019\\\/08\\\/logox2.png\",\"contentUrl\":\"https:\\\/\\\/www.esplac.cat\\\/wp-content\\\/uploads\\\/2019\\\/08\\\/logox2.png\",\"width\":600,\"height\":295,\"caption\":\"Esplac\"},\"image\":{\"@id\":\"https:\\\/\\\/www.esplac.cat\\\/#\\\/schema\\\/logo\\\/image\\\/\"}},{\"@type\":\"Person\",\"@id\":\"https:\\\/\\\/www.esplac.cat\\\/#\\\/schema\\\/person\\\/908383cf240be18b68f8855d0583faca\",\"name\":\"Comunicaci\u00f3 Esplac\",\"image\":{\"@type\":\"ImageObject\",\"inLanguage\":\"en-US\",\"@id\":\"https:\\\/\\\/secure.gravatar.com\\\/avatar\\\/7a4cf8feb412a76ea4a740ca02d95b06b2907b5a6c648c2dd0a1082a093c3141?s=96&d=mm&r=g\",\"url\":\"https:\\\/\\\/secure.gravatar.com\\\/avatar\\\/7a4cf8feb412a76ea4a740ca02d95b06b2907b5a6c648c2dd0a1082a093c3141?s=96&d=mm&r=g\",\"contentUrl\":\"https:\\\/\\\/secure.gravatar.com\\\/avatar\\\/7a4cf8feb412a76ea4a740ca02d95b06b2907b5a6c648c2dd0a1082a093c3141?s=96&d=mm&r=g\",\"caption\":\"Comunicaci\u00f3 Esplac\"}}]}<\/script>\n<!-- \/ Yoast SEO plugin. -->","yoast_head_json":{"title":"50 anys fent esplai al Clupi! - Esplac","robots":{"index":"index","follow":"follow","max-snippet":"max-snippet:-1","max-image-preview":"max-image-preview:large","max-video-preview":"max-video-preview:-1"},"canonical":"https:\/\/www.esplac.cat\/50-anys-fent-esplai-al-clupi\/","og_locale":"en_US","og_type":"article","og_title":"50 anys fent esplai al Clupi! - Esplac","og_description":"El Club Infantil Cerdanyola (Esplai Clupi) del Sector Vall\u00e8s Occidental [&hellip;]","og_url":"https:\/\/www.esplac.cat\/50-anys-fent-esplai-al-clupi\/","og_site_name":"Esplac","article_published_time":"2019-05-28T05:40:23+00:00","article_modified_time":"2020-10-15T16:23:20+00:00","og_image":[{"width":847,"height":350,"url":"https:\/\/www.esplac.cat\/wp-content\/uploads\/2019\/05\/portadaclupi.jpg","type":"image\/jpeg"}],"author":"Comunicaci\u00f3 Esplac","twitter_card":"summary_large_image","twitter_misc":{"Written by":"Comunicaci\u00f3 Esplac","Est. reading time":"1 minute"},"schema":{"@context":"https:\/\/schema.org","@graph":[{"@type":"Article","@id":"https:\/\/www.esplac.cat\/50-anys-fent-esplai-al-clupi\/#article","isPartOf":{"@id":"https:\/\/www.esplac.cat\/50-anys-fent-esplai-al-clupi\/"},"author":{"name":"Comunicaci\u00f3 Esplac","@id":"https:\/\/www.esplac.cat\/#\/schema\/person\/908383cf240be18b68f8855d0583faca"},"headline":"50 anys fent esplai al Clupi!","datePublished":"2019-05-28T05:40:23+00:00","dateModified":"2020-10-15T16:23:20+00:00","mainEntityOfPage":{"@id":"https:\/\/www.esplac.cat\/50-anys-fent-esplai-al-clupi\/"},"wordCount":283,"publisher":{"@id":"https:\/\/www.esplac.cat\/#organization"},"image":{"@id":"https:\/\/www.esplac.cat\/50-anys-fent-esplai-al-clupi\/#primaryimage"},"thumbnailUrl":"https:\/\/www.esplac.cat\/wp-content\/uploads\/2019\/05\/portadaclupi.jpg","keywords":["aniversari","cerdanyola","educaci\u00f3 popular","esplai","infants","transformaci\u00f3 social"],"articleSection":["Sector Vall\u00e8s Occidental","Sense categoria"],"inLanguage":"en-US"},{"@type":"WebPage","@id":"https:\/\/www.esplac.cat\/50-anys-fent-esplai-al-clupi\/","url":"https:\/\/www.esplac.cat\/50-anys-fent-esplai-al-clupi\/","name":"50 anys fent esplai al Clupi! - Esplac","isPartOf":{"@id":"https:\/\/www.esplac.cat\/#website"},"primaryImageOfPage":{"@id":"https:\/\/www.esplac.cat\/50-anys-fent-esplai-al-clupi\/#primaryimage"},"image":{"@id":"https:\/\/www.esplac.cat\/50-anys-fent-esplai-al-clupi\/#primaryimage"},"thumbnailUrl":"https:\/\/www.esplac.cat\/wp-content\/uploads\/2019\/05\/portadaclupi.jpg","datePublished":"2019-05-28T05:40:23+00:00","dateModified":"2020-10-15T16:23:20+00:00","breadcrumb":{"@id":"https:\/\/www.esplac.cat\/50-anys-fent-esplai-al-clupi\/#breadcrumb"},"inLanguage":"en-US","potentialAction":[{"@type":"ReadAction","target":["https:\/\/www.esplac.cat\/50-anys-fent-esplai-al-clupi\/"]}]},{"@type":"ImageObject","inLanguage":"en-US","@id":"https:\/\/www.esplac.cat\/50-anys-fent-esplai-al-clupi\/#primaryimage","url":"https:\/\/www.esplac.cat\/wp-content\/uploads\/2019\/05\/portadaclupi.jpg","contentUrl":"https:\/\/www.esplac.cat\/wp-content\/uploads\/2019\/05\/portadaclupi.jpg","width":847,"height":350},{"@type":"BreadcrumbList","@id":"https:\/\/www.esplac.cat\/50-anys-fent-esplai-al-clupi\/#breadcrumb","itemListElement":[{"@type":"ListItem","position":1,"name":"Inici","item":"https:\/\/www.esplac.cat\/en\/"},{"@type":"ListItem","position":2,"name":"50 anys fent esplai al Clupi!"}]},{"@type":"WebSite","@id":"https:\/\/www.esplac.cat\/#website","url":"https:\/\/www.esplac.cat\/","name":"Esplac","description":"Esplais Catalans","publisher":{"@id":"https:\/\/www.esplac.cat\/#organization"},"potentialAction":[{"@type":"SearchAction","target":{"@type":"EntryPoint","urlTemplate":"https:\/\/www.esplac.cat\/?s={search_term_string}"},"query-input":{"@type":"PropertyValueSpecification","valueRequired":true,"valueName":"search_term_string"}}],"inLanguage":"en-US"},{"@type":"Organization","@id":"https:\/\/www.esplac.cat\/#organization","name":"Esplac","url":"https:\/\/www.esplac.cat\/","logo":{"@type":"ImageObject","inLanguage":"en-US","@id":"https:\/\/www.esplac.cat\/#\/schema\/logo\/image\/","url":"https:\/\/www.esplac.cat\/wp-content\/uploads\/2019\/08\/logox2.png","contentUrl":"https:\/\/www.esplac.cat\/wp-content\/uploads\/2019\/08\/logox2.png","width":600,"height":295,"caption":"Esplac"},"image":{"@id":"https:\/\/www.esplac.cat\/#\/schema\/logo\/image\/"}},{"@type":"Person","@id":"https:\/\/www.esplac.cat\/#\/schema\/person\/908383cf240be18b68f8855d0583faca","name":"Comunicaci\u00f3 Esplac","image":{"@type":"ImageObject","inLanguage":"en-US","@id":"https:\/\/secure.gravatar.com\/avatar\/7a4cf8feb412a76ea4a740ca02d95b06b2907b5a6c648c2dd0a1082a093c3141?s=96&d=mm&r=g","url":"https:\/\/secure.gravatar.com\/avatar\/7a4cf8feb412a76ea4a740ca02d95b06b2907b5a6c648c2dd0a1082a093c3141?s=96&d=mm&r=g","contentUrl":"https:\/\/secure.gravatar.com\/avatar\/7a4cf8feb412a76ea4a740ca02d95b06b2907b5a6c648c2dd0a1082a093c3141?s=96&d=mm&r=g","caption":"Comunicaci\u00f3 Esplac"}}]}},"_links":{"self":[{"href":"https:\/\/www.esplac.cat\/en\/wp-json\/wp\/v2\/posts\/23681","targetHints":{"allow":["GET"]}}],"collection":[{"href":"https:\/\/www.esplac.cat\/en\/wp-json\/wp\/v2\/posts"}],"about":[{"href":"https:\/\/www.esplac.cat\/en\/wp-json\/wp\/v2\/types\/post"}],"author":[{"embeddable":true,"href":"https:\/\/www.esplac.cat\/en\/wp-json\/wp\/v2\/users\/3"}],"replies":[{"embeddable":true,"href":"https:\/\/www.esplac.cat\/en\/wp-json\/wp\/v2\/comments?post=23681"}],"version-history":[{"count":0,"href":"https:\/\/www.esplac.cat\/en\/wp-json\/wp\/v2\/posts\/23681\/revisions"}],"wp:featuredmedia":[{"embeddable":true,"href":"https:\/\/www.esplac.cat\/en\/wp-json\/wp\/v2\/media\/23603"}],"wp:attachment":[{"href":"https:\/\/www.esplac.cat\/en\/wp-json\/wp\/v2\/media?parent=23681"}],"wp:term":[{"taxonomy":"category","embeddable":true,"href":"https:\/\/www.esplac.cat\/en\/wp-json\/wp\/v2\/categories?post=23681"},{"taxonomy":"post_tag","embeddable":true,"href":"https:\/\/www.esplac.cat\/en\/wp-json\/wp\/v2\/tags?post=23681"}],"curies":[{"name":"wp","href":"https:\/\/api.w.org\/{rel}","templated":true}]}}