{"id":23683,"date":"2019-05-22T09:33:46","date_gmt":"2019-05-22T07:33:46","guid":{"rendered":"http:\/\/esplac.cat\/?p=22328"},"modified":"2020-10-15T17:23:21","modified_gmt":"2020-10-15T16:23:21","slug":"sector-rom-realitza-cim-a-seva","status":"publish","type":"post","link":"https:\/\/www.esplac.cat\/en\/sector-rom-realitza-cim-a-seva\/","title":{"rendered":"El Sector ROM realitza el CIM a Seva!"},"content":{"rendered":"<h4 style=\"text-align: justify;\">Aquest passat 11 i 12 de maig, es va realitzar el primer CIM (Curs d\u2019Iniciaci\u00f3 al Monitoratge) del Sector Ripoll\u00e8s-Osona-Moian\u00e8s! Els i les joves del sector van passar un cap de setmana a Seva, on van poder con\u00e8ixer les assistents dels altres esplais i participar en v\u00e0ries formacions.<\/h4>\n<p style=\"text-align: justify;\">El CIM va comen\u00e7ar el dissabte al mat\u00ed amb una formaci\u00f3 molt din\u00e0mica sobre jocs que ens va servir per trencar una mica el gel. Un cop acabada la formaci\u00f3, ja sent migdia i aprofitant el bon dia que feia, vam dinar tots junts asseguts en rotllana a la gespa de fora. Havent dinat hi va haver una estona lliure que alguns van utilitzar per con\u00e8ixer-se una mica m\u00e9s, o d\u2019altres per fer la migdiada al sol!<\/p>\n<p style=\"text-align: justify;\">A la tarda es va realitzar una<strong> formaci\u00f3 en la qual vam q\u00fcestionar-nos perqu\u00e8 vol\u00edem ser monitores<\/strong> i quins eren els valors m\u00e9s importants per nosaltres a l\u2019hora de ser una bona monitora. A m\u00e9s, vam debatre sobre com i perqu\u00e8 s\u2019ha de preparar i avaluar una activitat, i vam preparar dues activitats per fer despr\u00e9s durant el vespre.<\/p>\n<p style=\"text-align: justify;\">Despr\u00e9s, acabada ja la formaci\u00f3, vam sopar tots junts i vam realitzar les dues activitats que hav\u00edem preparat: <strong>El \u201cpitxi\u201d<\/strong> amb rols, i <strong>\u201cel cercle\u201d<\/strong>, un joc en el que cadasc\u00fa tenia un paper i entre tots s\u2019havia de decidir democr\u00e0ticament quin era el seg\u00fcent personatge en quedar eliminat fins que qued\u00e9s un \u00fanic supervivent.<\/p>\n<p style=\"text-align: justify;\">Per tancar el dia, abans d\u2019anar a dormir vam fer una <strong>din\u00e0mica de cohesi\u00f3<\/strong> que ens havien preparat les monis amb la que ens vam apropar una mica m\u00e9s les uns amb les altres. L\u2019endem\u00e0 ens vam despertar a ritme de Pupil\u00b7les i Roba estesa i, un cop esmorzats, va comen\u00e7ar la \u00faltima formaci\u00f3 del cap de setmana. Aquest cop la formaci\u00f3 va tractar els rols en l\u2019equip de monitors.<\/p>\n<p style=\"text-align: justify;\">Abans de dinar, vam realitzar unes din\u00e0miques per valorar el funcionament del cap de setmana aix\u00ed com les formacions: El CIM es va valorar molt positivament, tant per les formacions que es van considerar molt \u00fatils i gens avorrides, com per la cohesi\u00f3 amb les participants dels altres esplais.<br \/>\nFinalment, vam dinar tots junts i ja vam donar per acabat el CIM!<a href=\"http:\/\/esplac.cat\/wp-content\/uploads\/2019\/05\/WhatsApp-Image-2019-05-15-at-14.29.51-2.jpeg\"><img decoding=\"async\" class=\"wp-image-22332 aligncenter\" src=\"http:\/\/esplac.cat\/wp-content\/uploads\/2019\/05\/WhatsApp-Image-2019-05-15-at-14.29.51-2.jpeg\" alt=\"\" width=\"667\" height=\"375\" \/><\/a><\/p>\n<p style=\"text-align: justify;\"><a href=\"http:\/\/esplac.cat\/wp-content\/uploads\/2019\/05\/WhatsApp-Image-2019-05-15-at-14.29.51-3-1.jpg\"><img decoding=\"async\" class=\"wp-image-22333 aligncenter\" src=\"http:\/\/esplac.cat\/wp-content\/uploads\/2019\/05\/WhatsApp-Image-2019-05-15-at-14.29.51-3-1.jpg\" alt=\"\" width=\"671\" height=\"377\" \/><\/a><\/p>\n<p style=\"text-align: justify;\"><a href=\"http:\/\/esplac.cat\/wp-content\/uploads\/2019\/05\/WhatsApp-Image-2019-05-15-at-14.29.49_49.jpg\"><img decoding=\"async\" class=\"wp-image-22331 aligncenter\" src=\"http:\/\/esplac.cat\/wp-content\/uploads\/2019\/05\/WhatsApp-Image-2019-05-15-at-14.29.49_49.jpg\" alt=\"\" width=\"674\" height=\"379\" \/><\/a><\/p>\n<p style=\"text-align: justify;\"><a href=\"http:\/\/esplac.cat\/wp-content\/uploads\/2019\/05\/WhatsApp-Image-2019-05-15-at-14.29.50-2.jpg\"><img decoding=\"async\" class=\"wp-image-22334 aligncenter\" src=\"http:\/\/esplac.cat\/wp-content\/uploads\/2019\/05\/WhatsApp-Image-2019-05-15-at-14.29.50-2.jpg\" alt=\"\" width=\"678\" height=\"381\" \/><\/a><\/p>\n","protected":false},"excerpt":{"rendered":"<p>Aquest passat 11 i 12 de maig, es va realitzar [&hellip;]<\/p>\n","protected":false},"author":3,"featured_media":23688,"comment_status":"closed","ping_status":"open","sticky":false,"template":"","format":"standard","meta":{"om_disable_all_campaigns":false,"_monsterinsights_skip_tracking":false,"_monsterinsights_sitenote_active":false,"_monsterinsights_sitenote_note":"","_monsterinsights_sitenote_category":0,"_uf_show_specific_survey":0,"_uf_disable_surveys":false,"footnotes":""},"categories":[1110,1120,1],"tags":[],"class_list":["post-23683","post","type-post","status-publish","format-standard","has-post-thumbnail","hentry","category-activitats-sectors","category-sector-ripolles-osona-i-moianes","category-sense-categoria"],"yoast_head":"<!-- This site is optimized with the Yoast SEO plugin v27.5 - https:\/\/yoast.com\/product\/yoast-seo-wordpress\/ -->\n<title>El Sector ROM realitza el CIM a Seva! - Esplac<\/title>\n<meta name=\"robots\" content=\"index, follow, max-snippet:-1, max-image-preview:large, max-video-preview:-1\" \/>\n<link rel=\"canonical\" href=\"https:\/\/www.esplac.cat\/en\/sector-rom-realitza-cim-a-seva\/\" \/>\n<meta property=\"og:locale\" content=\"en_US\" \/>\n<meta property=\"og:type\" content=\"article\" \/>\n<meta property=\"og:title\" content=\"El Sector ROM realitza el CIM a Seva! - Esplac\" \/>\n<meta property=\"og:description\" content=\"Aquest passat 11 i 12 de maig, es va realitzar [&hellip;]\" \/>\n<meta property=\"og:url\" content=\"https:\/\/www.esplac.cat\/en\/sector-rom-realitza-cim-a-seva\/\" \/>\n<meta property=\"og:site_name\" content=\"Esplac\" \/>\n<meta property=\"article:published_time\" content=\"2019-05-22T07:33:46+00:00\" \/>\n<meta property=\"article:modified_time\" content=\"2020-10-15T16:23:21+00:00\" \/>\n<meta property=\"og:image\" content=\"https:\/\/www.esplac.cat\/wp-content\/uploads\/2019\/05\/portadaROM.jpg\" \/>\n\t<meta property=\"og:image:width\" content=\"847\" \/>\n\t<meta property=\"og:image:height\" content=\"350\" \/>\n\t<meta property=\"og:image:type\" content=\"image\/jpeg\" \/>\n<meta name=\"author\" content=\"Comunicaci\u00f3 Esplac\" \/>\n<meta name=\"twitter:card\" content=\"summary_large_image\" \/>\n<meta name=\"twitter:label1\" content=\"Written by\" \/>\n\t<meta name=\"twitter:data1\" content=\"Comunicaci\u00f3 Esplac\" \/>\n\t<meta name=\"twitter:label2\" content=\"Est. reading time\" \/>\n\t<meta name=\"twitter:data2\" content=\"2 minutes\" \/>\n<script type=\"application\/ld+json\" class=\"yoast-schema-graph\">{\"@context\":\"https:\\\/\\\/schema.org\",\"@graph\":[{\"@type\":\"Article\",\"@id\":\"https:\\\/\\\/www.esplac.cat\\\/en\\\/sector-rom-realitza-cim-a-seva\\\/#article\",\"isPartOf\":{\"@id\":\"https:\\\/\\\/www.esplac.cat\\\/en\\\/sector-rom-realitza-cim-a-seva\\\/\"},\"author\":{\"name\":\"Comunicaci\u00f3 Esplac\",\"@id\":\"https:\\\/\\\/www.esplac.cat\\\/#\\\/schema\\\/person\\\/908383cf240be18b68f8855d0583faca\"},\"headline\":\"El Sector ROM realitza el CIM a Seva!\",\"datePublished\":\"2019-05-22T07:33:46+00:00\",\"dateModified\":\"2020-10-15T16:23:21+00:00\",\"mainEntityOfPage\":{\"@id\":\"https:\\\/\\\/www.esplac.cat\\\/en\\\/sector-rom-realitza-cim-a-seva\\\/\"},\"wordCount\":408,\"publisher\":{\"@id\":\"https:\\\/\\\/www.esplac.cat\\\/#organization\"},\"image\":{\"@id\":\"https:\\\/\\\/www.esplac.cat\\\/en\\\/sector-rom-realitza-cim-a-seva\\\/#primaryimage\"},\"thumbnailUrl\":\"https:\\\/\\\/www.esplac.cat\\\/wp-content\\\/uploads\\\/2019\\\/05\\\/portadaROM.jpg\",\"articleSection\":[\"Activitats sectors\",\"Sector Ripoll\u00e8s, Osona i Moian\u00e8s\",\"Sense categoria\"],\"inLanguage\":\"en-US\"},{\"@type\":\"WebPage\",\"@id\":\"https:\\\/\\\/www.esplac.cat\\\/en\\\/sector-rom-realitza-cim-a-seva\\\/\",\"url\":\"https:\\\/\\\/www.esplac.cat\\\/en\\\/sector-rom-realitza-cim-a-seva\\\/\",\"name\":\"El Sector ROM realitza el CIM a Seva! - Esplac\",\"isPartOf\":{\"@id\":\"https:\\\/\\\/www.esplac.cat\\\/#website\"},\"primaryImageOfPage\":{\"@id\":\"https:\\\/\\\/www.esplac.cat\\\/en\\\/sector-rom-realitza-cim-a-seva\\\/#primaryimage\"},\"image\":{\"@id\":\"https:\\\/\\\/www.esplac.cat\\\/en\\\/sector-rom-realitza-cim-a-seva\\\/#primaryimage\"},\"thumbnailUrl\":\"https:\\\/\\\/www.esplac.cat\\\/wp-content\\\/uploads\\\/2019\\\/05\\\/portadaROM.jpg\",\"datePublished\":\"2019-05-22T07:33:46+00:00\",\"dateModified\":\"2020-10-15T16:23:21+00:00\",\"breadcrumb\":{\"@id\":\"https:\\\/\\\/www.esplac.cat\\\/en\\\/sector-rom-realitza-cim-a-seva\\\/#breadcrumb\"},\"inLanguage\":\"en-US\",\"potentialAction\":[{\"@type\":\"ReadAction\",\"target\":[\"https:\\\/\\\/www.esplac.cat\\\/en\\\/sector-rom-realitza-cim-a-seva\\\/\"]}]},{\"@type\":\"ImageObject\",\"inLanguage\":\"en-US\",\"@id\":\"https:\\\/\\\/www.esplac.cat\\\/en\\\/sector-rom-realitza-cim-a-seva\\\/#primaryimage\",\"url\":\"https:\\\/\\\/www.esplac.cat\\\/wp-content\\\/uploads\\\/2019\\\/05\\\/portadaROM.jpg\",\"contentUrl\":\"https:\\\/\\\/www.esplac.cat\\\/wp-content\\\/uploads\\\/2019\\\/05\\\/portadaROM.jpg\",\"width\":847,\"height\":350},{\"@type\":\"BreadcrumbList\",\"@id\":\"https:\\\/\\\/www.esplac.cat\\\/en\\\/sector-rom-realitza-cim-a-seva\\\/#breadcrumb\",\"itemListElement\":[{\"@type\":\"ListItem\",\"position\":1,\"name\":\"Inici\",\"item\":\"https:\\\/\\\/www.esplac.cat\\\/en\\\/\"},{\"@type\":\"ListItem\",\"position\":2,\"name\":\"El Sector ROM realitza el CIM a Seva!\"}]},{\"@type\":\"WebSite\",\"@id\":\"https:\\\/\\\/www.esplac.cat\\\/#website\",\"url\":\"https:\\\/\\\/www.esplac.cat\\\/\",\"name\":\"Esplac\",\"description\":\"Esplais Catalans\",\"publisher\":{\"@id\":\"https:\\\/\\\/www.esplac.cat\\\/#organization\"},\"potentialAction\":[{\"@type\":\"SearchAction\",\"target\":{\"@type\":\"EntryPoint\",\"urlTemplate\":\"https:\\\/\\\/www.esplac.cat\\\/?s={search_term_string}\"},\"query-input\":{\"@type\":\"PropertyValueSpecification\",\"valueRequired\":true,\"valueName\":\"search_term_string\"}}],\"inLanguage\":\"en-US\"},{\"@type\":\"Organization\",\"@id\":\"https:\\\/\\\/www.esplac.cat\\\/#organization\",\"name\":\"Esplac\",\"url\":\"https:\\\/\\\/www.esplac.cat\\\/\",\"logo\":{\"@type\":\"ImageObject\",\"inLanguage\":\"en-US\",\"@id\":\"https:\\\/\\\/www.esplac.cat\\\/#\\\/schema\\\/logo\\\/image\\\/\",\"url\":\"https:\\\/\\\/www.esplac.cat\\\/wp-content\\\/uploads\\\/2019\\\/08\\\/logox2.png\",\"contentUrl\":\"https:\\\/\\\/www.esplac.cat\\\/wp-content\\\/uploads\\\/2019\\\/08\\\/logox2.png\",\"width\":600,\"height\":295,\"caption\":\"Esplac\"},\"image\":{\"@id\":\"https:\\\/\\\/www.esplac.cat\\\/#\\\/schema\\\/logo\\\/image\\\/\"}},{\"@type\":\"Person\",\"@id\":\"https:\\\/\\\/www.esplac.cat\\\/#\\\/schema\\\/person\\\/908383cf240be18b68f8855d0583faca\",\"name\":\"Comunicaci\u00f3 Esplac\",\"image\":{\"@type\":\"ImageObject\",\"inLanguage\":\"en-US\",\"@id\":\"https:\\\/\\\/secure.gravatar.com\\\/avatar\\\/7a4cf8feb412a76ea4a740ca02d95b06b2907b5a6c648c2dd0a1082a093c3141?s=96&d=mm&r=g\",\"url\":\"https:\\\/\\\/secure.gravatar.com\\\/avatar\\\/7a4cf8feb412a76ea4a740ca02d95b06b2907b5a6c648c2dd0a1082a093c3141?s=96&d=mm&r=g\",\"contentUrl\":\"https:\\\/\\\/secure.gravatar.com\\\/avatar\\\/7a4cf8feb412a76ea4a740ca02d95b06b2907b5a6c648c2dd0a1082a093c3141?s=96&d=mm&r=g\",\"caption\":\"Comunicaci\u00f3 Esplac\"}}]}<\/script>\n<!-- \/ Yoast SEO plugin. -->","yoast_head_json":{"title":"El Sector ROM realitza el CIM a Seva! - Esplac","robots":{"index":"index","follow":"follow","max-snippet":"max-snippet:-1","max-image-preview":"max-image-preview:large","max-video-preview":"max-video-preview:-1"},"canonical":"https:\/\/www.esplac.cat\/en\/sector-rom-realitza-cim-a-seva\/","og_locale":"en_US","og_type":"article","og_title":"El Sector ROM realitza el CIM a Seva! - Esplac","og_description":"Aquest passat 11 i 12 de maig, es va realitzar [&hellip;]","og_url":"https:\/\/www.esplac.cat\/en\/sector-rom-realitza-cim-a-seva\/","og_site_name":"Esplac","article_published_time":"2019-05-22T07:33:46+00:00","article_modified_time":"2020-10-15T16:23:21+00:00","og_image":[{"width":847,"height":350,"url":"https:\/\/www.esplac.cat\/wp-content\/uploads\/2019\/05\/portadaROM.jpg","type":"image\/jpeg"}],"author":"Comunicaci\u00f3 Esplac","twitter_card":"summary_large_image","twitter_misc":{"Written by":"Comunicaci\u00f3 Esplac","Est. reading time":"2 minutes"},"schema":{"@context":"https:\/\/schema.org","@graph":[{"@type":"Article","@id":"https:\/\/www.esplac.cat\/en\/sector-rom-realitza-cim-a-seva\/#article","isPartOf":{"@id":"https:\/\/www.esplac.cat\/en\/sector-rom-realitza-cim-a-seva\/"},"author":{"name":"Comunicaci\u00f3 Esplac","@id":"https:\/\/www.esplac.cat\/#\/schema\/person\/908383cf240be18b68f8855d0583faca"},"headline":"El Sector ROM realitza el CIM a Seva!","datePublished":"2019-05-22T07:33:46+00:00","dateModified":"2020-10-15T16:23:21+00:00","mainEntityOfPage":{"@id":"https:\/\/www.esplac.cat\/en\/sector-rom-realitza-cim-a-seva\/"},"wordCount":408,"publisher":{"@id":"https:\/\/www.esplac.cat\/#organization"},"image":{"@id":"https:\/\/www.esplac.cat\/en\/sector-rom-realitza-cim-a-seva\/#primaryimage"},"thumbnailUrl":"https:\/\/www.esplac.cat\/wp-content\/uploads\/2019\/05\/portadaROM.jpg","articleSection":["Activitats sectors","Sector Ripoll\u00e8s, Osona i Moian\u00e8s","Sense categoria"],"inLanguage":"en-US"},{"@type":"WebPage","@id":"https:\/\/www.esplac.cat\/en\/sector-rom-realitza-cim-a-seva\/","url":"https:\/\/www.esplac.cat\/en\/sector-rom-realitza-cim-a-seva\/","name":"El Sector ROM realitza el CIM a Seva! - Esplac","isPartOf":{"@id":"https:\/\/www.esplac.cat\/#website"},"primaryImageOfPage":{"@id":"https:\/\/www.esplac.cat\/en\/sector-rom-realitza-cim-a-seva\/#primaryimage"},"image":{"@id":"https:\/\/www.esplac.cat\/en\/sector-rom-realitza-cim-a-seva\/#primaryimage"},"thumbnailUrl":"https:\/\/www.esplac.cat\/wp-content\/uploads\/2019\/05\/portadaROM.jpg","datePublished":"2019-05-22T07:33:46+00:00","dateModified":"2020-10-15T16:23:21+00:00","breadcrumb":{"@id":"https:\/\/www.esplac.cat\/en\/sector-rom-realitza-cim-a-seva\/#breadcrumb"},"inLanguage":"en-US","potentialAction":[{"@type":"ReadAction","target":["https:\/\/www.esplac.cat\/en\/sector-rom-realitza-cim-a-seva\/"]}]},{"@type":"ImageObject","inLanguage":"en-US","@id":"https:\/\/www.esplac.cat\/en\/sector-rom-realitza-cim-a-seva\/#primaryimage","url":"https:\/\/www.esplac.cat\/wp-content\/uploads\/2019\/05\/portadaROM.jpg","contentUrl":"https:\/\/www.esplac.cat\/wp-content\/uploads\/2019\/05\/portadaROM.jpg","width":847,"height":350},{"@type":"BreadcrumbList","@id":"https:\/\/www.esplac.cat\/en\/sector-rom-realitza-cim-a-seva\/#breadcrumb","itemListElement":[{"@type":"ListItem","position":1,"name":"Inici","item":"https:\/\/www.esplac.cat\/en\/"},{"@type":"ListItem","position":2,"name":"El Sector ROM realitza el CIM a Seva!"}]},{"@type":"WebSite","@id":"https:\/\/www.esplac.cat\/#website","url":"https:\/\/www.esplac.cat\/","name":"Esplac","description":"Esplais Catalans","publisher":{"@id":"https:\/\/www.esplac.cat\/#organization"},"potentialAction":[{"@type":"SearchAction","target":{"@type":"EntryPoint","urlTemplate":"https:\/\/www.esplac.cat\/?s={search_term_string}"},"query-input":{"@type":"PropertyValueSpecification","valueRequired":true,"valueName":"search_term_string"}}],"inLanguage":"en-US"},{"@type":"Organization","@id":"https:\/\/www.esplac.cat\/#organization","name":"Esplac","url":"https:\/\/www.esplac.cat\/","logo":{"@type":"ImageObject","inLanguage":"en-US","@id":"https:\/\/www.esplac.cat\/#\/schema\/logo\/image\/","url":"https:\/\/www.esplac.cat\/wp-content\/uploads\/2019\/08\/logox2.png","contentUrl":"https:\/\/www.esplac.cat\/wp-content\/uploads\/2019\/08\/logox2.png","width":600,"height":295,"caption":"Esplac"},"image":{"@id":"https:\/\/www.esplac.cat\/#\/schema\/logo\/image\/"}},{"@type":"Person","@id":"https:\/\/www.esplac.cat\/#\/schema\/person\/908383cf240be18b68f8855d0583faca","name":"Comunicaci\u00f3 Esplac","image":{"@type":"ImageObject","inLanguage":"en-US","@id":"https:\/\/secure.gravatar.com\/avatar\/7a4cf8feb412a76ea4a740ca02d95b06b2907b5a6c648c2dd0a1082a093c3141?s=96&d=mm&r=g","url":"https:\/\/secure.gravatar.com\/avatar\/7a4cf8feb412a76ea4a740ca02d95b06b2907b5a6c648c2dd0a1082a093c3141?s=96&d=mm&r=g","contentUrl":"https:\/\/secure.gravatar.com\/avatar\/7a4cf8feb412a76ea4a740ca02d95b06b2907b5a6c648c2dd0a1082a093c3141?s=96&d=mm&r=g","caption":"Comunicaci\u00f3 Esplac"}}]}},"_links":{"self":[{"href":"https:\/\/www.esplac.cat\/en\/wp-json\/wp\/v2\/posts\/23683","targetHints":{"allow":["GET"]}}],"collection":[{"href":"https:\/\/www.esplac.cat\/en\/wp-json\/wp\/v2\/posts"}],"about":[{"href":"https:\/\/www.esplac.cat\/en\/wp-json\/wp\/v2\/types\/post"}],"author":[{"embeddable":true,"href":"https:\/\/www.esplac.cat\/en\/wp-json\/wp\/v2\/users\/3"}],"replies":[{"embeddable":true,"href":"https:\/\/www.esplac.cat\/en\/wp-json\/wp\/v2\/comments?post=23683"}],"version-history":[{"count":0,"href":"https:\/\/www.esplac.cat\/en\/wp-json\/wp\/v2\/posts\/23683\/revisions"}],"wp:featuredmedia":[{"embeddable":true,"href":"https:\/\/www.esplac.cat\/en\/wp-json\/wp\/v2\/media\/23688"}],"wp:attachment":[{"href":"https:\/\/www.esplac.cat\/en\/wp-json\/wp\/v2\/media?parent=23683"}],"wp:term":[{"taxonomy":"category","embeddable":true,"href":"https:\/\/www.esplac.cat\/en\/wp-json\/wp\/v2\/categories?post=23683"},{"taxonomy":"post_tag","embeddable":true,"href":"https:\/\/www.esplac.cat\/en\/wp-json\/wp\/v2\/tags?post=23683"}],"curies":[{"name":"wp","href":"https:\/\/api.w.org\/{rel}","templated":true}]}}