{"id":23696,"date":"2019-05-20T08:36:27","date_gmt":"2019-05-20T06:36:27","guid":{"rendered":"http:\/\/esplac.cat\/?p=22276"},"modified":"2020-10-15T17:23:22","modified_gmt":"2020-10-15T16:23:22","slug":"penedes-garraf-anoia-i-camp-de-tarragona-celebren-la-trobada-intersectorial-vila-seca","status":"publish","type":"post","link":"https:\/\/www.esplac.cat\/en\/penedes-garraf-anoia-i-camp-de-tarragona-celebren-la-trobada-intersectorial-vila-seca\/","title":{"rendered":"Els sectors Pened\u00e8s, Garraf i Anoia i Camp de Tarragona celebren la Trobada Intersectorial a Vila-seca"},"content":{"rendered":"<h4 style=\"text-align: justify;\">M\u00e9s d\u2019una centena d\u2019infants i joves dels esplais GER (Sant Pere de Ribes), GEM (Santa Margarita de Montbui), Drac M\u00e0gic (Vilanova i la Geltr\u00fa), MIV (Vilafranca del Pened\u00e8s), Zig-zag (El Vendrell) i l\u2019Esclop (Vila-seca) van celebrar el cap de setmana passat la Trobada de grans i joves intersectorial.<\/h4>\n<p style=\"text-align: justify;\">Des de bon mat\u00ed, monitores i participants van omplir les places i els carrers de Vila-seca amb una gimcana que els va servir per trencar el gel i carregar-se d\u2019energia.<\/p>\n<p style=\"text-align: justify;\">Despr\u00e9s d\u2019una pausa per dinar, els <strong>grans<\/strong> van assistir a tres <strong>tallers sobre feminisme, drogues i sexualitat.<\/strong> Aquests estaven dinamitzats per les monitores dels esplais participants. Els <strong>joves<\/strong>, per la seva banda, van rebre formacions sobre <strong>autoestima, feminisme i LGBTI i drogues<\/strong> a c\u00e0rrec de formadores exmonitores dels esplais l\u2019Esclop (Vila-seca) i La Grapadora (Tarragona).<\/p>\n<p style=\"text-align: justify;\">Va arribar la nit per\u00f2 l\u2019energia encara no s\u2019havia acabat: <strong>excursi\u00f3 a la Torre d\u2019en Dol\u00e7a<\/strong> -parc natural de Vila-seca- per acabar d\u2019arrodonir el dia. All\u00e0, infants, joves i monitores van sopar en una gran rotllana per agafar forces pel joc de nit. Un cop acabat el joc, ara s\u00ed, va arribar l\u2019hora d\u2019anar a dormir. L\u2019Espai jove i l\u2019Esplai es van omplir de m\u00e0rfegues, sacs de dormir i cansament acumulat al llarg del dia.<\/p>\n<p style=\"text-align: justify;\">Un energ\u00e8tic esmorzar de bon mat\u00ed a la Pla\u00e7a de l\u2019Esgl\u00e9sia i els infants ja estaven preparats per continuar amb la Trobada. Els joves van fer una<strong> posada en com\u00fa<\/strong> d\u2019all\u00f2 que havien apr\u00e8s a les formacions del dia abans. I no ho van fer de qualsevol manera, sin\u00f3 que van optar per recrear-ho en forma de teatre. Un teatre que obria el debat sobre els temes tractats a les formacions i que formen part del seu dia a dia. Mentrestant, grans gaudia del dia soleiat tot fent tallers i racons de manualitats.<\/p>\n<p style=\"text-align: justify;\">El dinar popular i una estona de jocs i lleure van posar fi a un cap de setmana ple de cares noves, bells retrobaments i, sobretot, moltes ganes de seguir fent cr\u00e9ixer aquest tresor compartit, l\u2019esplai.<\/p>\n<p style=\"text-align: center;\"><a href=\"http:\/\/esplac.cat\/wp-content\/uploads\/2019\/05\/pga1.jpg\"><img decoding=\"async\" class=\"wp-image-22277 aligncenter\" src=\"http:\/\/esplac.cat\/wp-content\/uploads\/2019\/05\/pga1.jpg\" alt=\"\" width=\"442\" height=\"332\" \/><\/a><em>Tot preparat per les formacions de la tarda.<\/em><\/p>\n<p>&nbsp;<\/p>\n<p style=\"text-align: center;\"><a href=\"http:\/\/esplac.cat\/wp-content\/uploads\/2019\/05\/pga2.jpg\"><img decoding=\"async\" class=\"wp-image-22278 aligncenter\" src=\"http:\/\/esplac.cat\/wp-content\/uploads\/2019\/05\/pga2.jpg\" alt=\"\" width=\"442\" height=\"331\" \/><\/a><em>Una pinzellada de la formaci\u00f3 d\u2019autoestima amb els joves.<\/em><\/p>\n<p style=\"text-align: center;\">\n<p style=\"text-align: center;\">\n<p style=\"text-align: justify;\">Una not\u00edcia escrita Elisenda Rovira, monitora del sector Camp de Tarragona.<\/p>\n","protected":false},"excerpt":{"rendered":"<p>M\u00e9s d\u2019una centena d\u2019infants i joves dels esplais GER (Sant [&hellip;]<\/p>\n","protected":false},"author":3,"featured_media":23697,"comment_status":"closed","ping_status":"open","sticky":false,"template":"","format":"standard","meta":{"om_disable_all_campaigns":false,"_monsterinsights_skip_tracking":false,"_monsterinsights_sitenote_active":false,"_monsterinsights_sitenote_note":"","_monsterinsights_sitenote_category":0,"_uf_show_specific_survey":0,"_uf_disable_surveys":false,"footnotes":""},"categories":[1158,1122,1123,1],"tags":[1002,443,134,653,872],"class_list":["post-23696","post","type-post","status-publish","format-standard","has-post-thumbnail","hentry","category-jornades-lleure-feminismes","category-sector-camp-de-tarragona","category-sector-penedes-garraf-anoia","category-sense-categoria","tag-educacio-popular","tag-formacions","tag-transformacio-social","tag-trobada","tag-vila-seca"],"yoast_head":"<!-- This site is optimized with the Yoast SEO plugin v27.4 - https:\/\/yoast.com\/product\/yoast-seo-wordpress\/ -->\n<title>Els sectors Pened\u00e8s, Garraf i Anoia i Camp de Tarragona celebren la Trobada Intersectorial a Vila-seca - Esplac<\/title>\n<meta name=\"robots\" content=\"index, follow, max-snippet:-1, max-image-preview:large, max-video-preview:-1\" \/>\n<link rel=\"canonical\" href=\"https:\/\/www.esplac.cat\/penedes-garraf-anoia-i-camp-de-tarragona-celebren-la-trobada-intersectorial-vila-seca\/\" \/>\n<meta property=\"og:locale\" content=\"en_US\" \/>\n<meta property=\"og:type\" content=\"article\" \/>\n<meta property=\"og:title\" content=\"Els sectors Pened\u00e8s, Garraf i Anoia i Camp de Tarragona celebren la Trobada Intersectorial a Vila-seca - Esplac\" \/>\n<meta property=\"og:description\" content=\"M\u00e9s d\u2019una centena d\u2019infants i joves dels esplais GER (Sant [&hellip;]\" \/>\n<meta property=\"og:url\" content=\"https:\/\/www.esplac.cat\/penedes-garraf-anoia-i-camp-de-tarragona-celebren-la-trobada-intersectorial-vila-seca\/\" \/>\n<meta property=\"og:site_name\" content=\"Esplac\" \/>\n<meta property=\"article:published_time\" content=\"2019-05-20T06:36:27+00:00\" \/>\n<meta property=\"article:modified_time\" content=\"2020-10-15T16:23:22+00:00\" \/>\n<meta property=\"og:image\" content=\"https:\/\/www.esplac.cat\/wp-content\/uploads\/2019\/05\/portadaintersect.png\" \/>\n\t<meta property=\"og:image:width\" content=\"847\" \/>\n\t<meta property=\"og:image:height\" content=\"350\" \/>\n\t<meta property=\"og:image:type\" content=\"image\/png\" \/>\n<meta name=\"author\" content=\"Comunicaci\u00f3 Esplac\" \/>\n<meta name=\"twitter:card\" content=\"summary_large_image\" \/>\n<meta name=\"twitter:label1\" content=\"Written by\" \/>\n\t<meta name=\"twitter:data1\" content=\"Comunicaci\u00f3 Esplac\" \/>\n\t<meta name=\"twitter:label2\" content=\"Est. reading time\" \/>\n\t<meta name=\"twitter:data2\" content=\"2 minutes\" \/>\n<script type=\"application\/ld+json\" class=\"yoast-schema-graph\">{\"@context\":\"https:\\\/\\\/schema.org\",\"@graph\":[{\"@type\":\"Article\",\"@id\":\"https:\\\/\\\/www.esplac.cat\\\/penedes-garraf-anoia-i-camp-de-tarragona-celebren-la-trobada-intersectorial-vila-seca\\\/#article\",\"isPartOf\":{\"@id\":\"https:\\\/\\\/www.esplac.cat\\\/penedes-garraf-anoia-i-camp-de-tarragona-celebren-la-trobada-intersectorial-vila-seca\\\/\"},\"author\":{\"name\":\"Comunicaci\u00f3 Esplac\",\"@id\":\"https:\\\/\\\/www.esplac.cat\\\/#\\\/schema\\\/person\\\/908383cf240be18b68f8855d0583faca\"},\"headline\":\"Els sectors Pened\u00e8s, Garraf i Anoia i Camp de Tarragona celebren la Trobada Intersectorial a Vila-seca\",\"datePublished\":\"2019-05-20T06:36:27+00:00\",\"dateModified\":\"2020-10-15T16:23:22+00:00\",\"mainEntityOfPage\":{\"@id\":\"https:\\\/\\\/www.esplac.cat\\\/penedes-garraf-anoia-i-camp-de-tarragona-celebren-la-trobada-intersectorial-vila-seca\\\/\"},\"wordCount\":414,\"publisher\":{\"@id\":\"https:\\\/\\\/www.esplac.cat\\\/#organization\"},\"image\":{\"@id\":\"https:\\\/\\\/www.esplac.cat\\\/penedes-garraf-anoia-i-camp-de-tarragona-celebren-la-trobada-intersectorial-vila-seca\\\/#primaryimage\"},\"thumbnailUrl\":\"https:\\\/\\\/www.esplac.cat\\\/wp-content\\\/uploads\\\/2019\\\/05\\\/portadaintersect.png\",\"keywords\":[\"educaci\u00f3 popular\",\"formacions\",\"transformaci\u00f3 social\",\"trobada\",\"Vila-seca\"],\"articleSection\":[\"Jornades de Lleure i Feminismes\",\"Sector Camp de Tarragona\",\"Sector Pened\u00e8s, Garraf i Anoia\",\"Sense categoria\"],\"inLanguage\":\"en-US\"},{\"@type\":\"WebPage\",\"@id\":\"https:\\\/\\\/www.esplac.cat\\\/penedes-garraf-anoia-i-camp-de-tarragona-celebren-la-trobada-intersectorial-vila-seca\\\/\",\"url\":\"https:\\\/\\\/www.esplac.cat\\\/penedes-garraf-anoia-i-camp-de-tarragona-celebren-la-trobada-intersectorial-vila-seca\\\/\",\"name\":\"Els sectors Pened\u00e8s, Garraf i Anoia i Camp de Tarragona celebren la Trobada Intersectorial a Vila-seca - Esplac\",\"isPartOf\":{\"@id\":\"https:\\\/\\\/www.esplac.cat\\\/#website\"},\"primaryImageOfPage\":{\"@id\":\"https:\\\/\\\/www.esplac.cat\\\/penedes-garraf-anoia-i-camp-de-tarragona-celebren-la-trobada-intersectorial-vila-seca\\\/#primaryimage\"},\"image\":{\"@id\":\"https:\\\/\\\/www.esplac.cat\\\/penedes-garraf-anoia-i-camp-de-tarragona-celebren-la-trobada-intersectorial-vila-seca\\\/#primaryimage\"},\"thumbnailUrl\":\"https:\\\/\\\/www.esplac.cat\\\/wp-content\\\/uploads\\\/2019\\\/05\\\/portadaintersect.png\",\"datePublished\":\"2019-05-20T06:36:27+00:00\",\"dateModified\":\"2020-10-15T16:23:22+00:00\",\"breadcrumb\":{\"@id\":\"https:\\\/\\\/www.esplac.cat\\\/penedes-garraf-anoia-i-camp-de-tarragona-celebren-la-trobada-intersectorial-vila-seca\\\/#breadcrumb\"},\"inLanguage\":\"en-US\",\"potentialAction\":[{\"@type\":\"ReadAction\",\"target\":[\"https:\\\/\\\/www.esplac.cat\\\/penedes-garraf-anoia-i-camp-de-tarragona-celebren-la-trobada-intersectorial-vila-seca\\\/\"]}]},{\"@type\":\"ImageObject\",\"inLanguage\":\"en-US\",\"@id\":\"https:\\\/\\\/www.esplac.cat\\\/penedes-garraf-anoia-i-camp-de-tarragona-celebren-la-trobada-intersectorial-vila-seca\\\/#primaryimage\",\"url\":\"https:\\\/\\\/www.esplac.cat\\\/wp-content\\\/uploads\\\/2019\\\/05\\\/portadaintersect.png\",\"contentUrl\":\"https:\\\/\\\/www.esplac.cat\\\/wp-content\\\/uploads\\\/2019\\\/05\\\/portadaintersect.png\",\"width\":847,\"height\":350},{\"@type\":\"BreadcrumbList\",\"@id\":\"https:\\\/\\\/www.esplac.cat\\\/penedes-garraf-anoia-i-camp-de-tarragona-celebren-la-trobada-intersectorial-vila-seca\\\/#breadcrumb\",\"itemListElement\":[{\"@type\":\"ListItem\",\"position\":1,\"name\":\"Inici\",\"item\":\"https:\\\/\\\/www.esplac.cat\\\/en\\\/\"},{\"@type\":\"ListItem\",\"position\":2,\"name\":\"Els sectors Pened\u00e8s, Garraf i Anoia i Camp de Tarragona celebren la Trobada Intersectorial a Vila-seca\"}]},{\"@type\":\"WebSite\",\"@id\":\"https:\\\/\\\/www.esplac.cat\\\/#website\",\"url\":\"https:\\\/\\\/www.esplac.cat\\\/\",\"name\":\"Esplac\",\"description\":\"Esplais Catalans\",\"publisher\":{\"@id\":\"https:\\\/\\\/www.esplac.cat\\\/#organization\"},\"potentialAction\":[{\"@type\":\"SearchAction\",\"target\":{\"@type\":\"EntryPoint\",\"urlTemplate\":\"https:\\\/\\\/www.esplac.cat\\\/?s={search_term_string}\"},\"query-input\":{\"@type\":\"PropertyValueSpecification\",\"valueRequired\":true,\"valueName\":\"search_term_string\"}}],\"inLanguage\":\"en-US\"},{\"@type\":\"Organization\",\"@id\":\"https:\\\/\\\/www.esplac.cat\\\/#organization\",\"name\":\"Esplac\",\"url\":\"https:\\\/\\\/www.esplac.cat\\\/\",\"logo\":{\"@type\":\"ImageObject\",\"inLanguage\":\"en-US\",\"@id\":\"https:\\\/\\\/www.esplac.cat\\\/#\\\/schema\\\/logo\\\/image\\\/\",\"url\":\"https:\\\/\\\/www.esplac.cat\\\/wp-content\\\/uploads\\\/2019\\\/08\\\/logox2.png\",\"contentUrl\":\"https:\\\/\\\/www.esplac.cat\\\/wp-content\\\/uploads\\\/2019\\\/08\\\/logox2.png\",\"width\":600,\"height\":295,\"caption\":\"Esplac\"},\"image\":{\"@id\":\"https:\\\/\\\/www.esplac.cat\\\/#\\\/schema\\\/logo\\\/image\\\/\"}},{\"@type\":\"Person\",\"@id\":\"https:\\\/\\\/www.esplac.cat\\\/#\\\/schema\\\/person\\\/908383cf240be18b68f8855d0583faca\",\"name\":\"Comunicaci\u00f3 Esplac\",\"image\":{\"@type\":\"ImageObject\",\"inLanguage\":\"en-US\",\"@id\":\"https:\\\/\\\/secure.gravatar.com\\\/avatar\\\/7a4cf8feb412a76ea4a740ca02d95b06b2907b5a6c648c2dd0a1082a093c3141?s=96&d=mm&r=g\",\"url\":\"https:\\\/\\\/secure.gravatar.com\\\/avatar\\\/7a4cf8feb412a76ea4a740ca02d95b06b2907b5a6c648c2dd0a1082a093c3141?s=96&d=mm&r=g\",\"contentUrl\":\"https:\\\/\\\/secure.gravatar.com\\\/avatar\\\/7a4cf8feb412a76ea4a740ca02d95b06b2907b5a6c648c2dd0a1082a093c3141?s=96&d=mm&r=g\",\"caption\":\"Comunicaci\u00f3 Esplac\"}}]}<\/script>\n<!-- \/ Yoast SEO plugin. -->","yoast_head_json":{"title":"Els sectors Pened\u00e8s, Garraf i Anoia i Camp de Tarragona celebren la Trobada Intersectorial a Vila-seca - Esplac","robots":{"index":"index","follow":"follow","max-snippet":"max-snippet:-1","max-image-preview":"max-image-preview:large","max-video-preview":"max-video-preview:-1"},"canonical":"https:\/\/www.esplac.cat\/penedes-garraf-anoia-i-camp-de-tarragona-celebren-la-trobada-intersectorial-vila-seca\/","og_locale":"en_US","og_type":"article","og_title":"Els sectors Pened\u00e8s, Garraf i Anoia i Camp de Tarragona celebren la Trobada Intersectorial a Vila-seca - Esplac","og_description":"M\u00e9s d\u2019una centena d\u2019infants i joves dels esplais GER (Sant [&hellip;]","og_url":"https:\/\/www.esplac.cat\/penedes-garraf-anoia-i-camp-de-tarragona-celebren-la-trobada-intersectorial-vila-seca\/","og_site_name":"Esplac","article_published_time":"2019-05-20T06:36:27+00:00","article_modified_time":"2020-10-15T16:23:22+00:00","og_image":[{"width":847,"height":350,"url":"https:\/\/www.esplac.cat\/wp-content\/uploads\/2019\/05\/portadaintersect.png","type":"image\/png"}],"author":"Comunicaci\u00f3 Esplac","twitter_card":"summary_large_image","twitter_misc":{"Written by":"Comunicaci\u00f3 Esplac","Est. reading time":"2 minutes"},"schema":{"@context":"https:\/\/schema.org","@graph":[{"@type":"Article","@id":"https:\/\/www.esplac.cat\/penedes-garraf-anoia-i-camp-de-tarragona-celebren-la-trobada-intersectorial-vila-seca\/#article","isPartOf":{"@id":"https:\/\/www.esplac.cat\/penedes-garraf-anoia-i-camp-de-tarragona-celebren-la-trobada-intersectorial-vila-seca\/"},"author":{"name":"Comunicaci\u00f3 Esplac","@id":"https:\/\/www.esplac.cat\/#\/schema\/person\/908383cf240be18b68f8855d0583faca"},"headline":"Els sectors Pened\u00e8s, Garraf i Anoia i Camp de Tarragona celebren la Trobada Intersectorial a Vila-seca","datePublished":"2019-05-20T06:36:27+00:00","dateModified":"2020-10-15T16:23:22+00:00","mainEntityOfPage":{"@id":"https:\/\/www.esplac.cat\/penedes-garraf-anoia-i-camp-de-tarragona-celebren-la-trobada-intersectorial-vila-seca\/"},"wordCount":414,"publisher":{"@id":"https:\/\/www.esplac.cat\/#organization"},"image":{"@id":"https:\/\/www.esplac.cat\/penedes-garraf-anoia-i-camp-de-tarragona-celebren-la-trobada-intersectorial-vila-seca\/#primaryimage"},"thumbnailUrl":"https:\/\/www.esplac.cat\/wp-content\/uploads\/2019\/05\/portadaintersect.png","keywords":["educaci\u00f3 popular","formacions","transformaci\u00f3 social","trobada","Vila-seca"],"articleSection":["Jornades de Lleure i Feminismes","Sector Camp de Tarragona","Sector Pened\u00e8s, Garraf i Anoia","Sense categoria"],"inLanguage":"en-US"},{"@type":"WebPage","@id":"https:\/\/www.esplac.cat\/penedes-garraf-anoia-i-camp-de-tarragona-celebren-la-trobada-intersectorial-vila-seca\/","url":"https:\/\/www.esplac.cat\/penedes-garraf-anoia-i-camp-de-tarragona-celebren-la-trobada-intersectorial-vila-seca\/","name":"Els sectors Pened\u00e8s, Garraf i Anoia i Camp de Tarragona celebren la Trobada Intersectorial a Vila-seca - Esplac","isPartOf":{"@id":"https:\/\/www.esplac.cat\/#website"},"primaryImageOfPage":{"@id":"https:\/\/www.esplac.cat\/penedes-garraf-anoia-i-camp-de-tarragona-celebren-la-trobada-intersectorial-vila-seca\/#primaryimage"},"image":{"@id":"https:\/\/www.esplac.cat\/penedes-garraf-anoia-i-camp-de-tarragona-celebren-la-trobada-intersectorial-vila-seca\/#primaryimage"},"thumbnailUrl":"https:\/\/www.esplac.cat\/wp-content\/uploads\/2019\/05\/portadaintersect.png","datePublished":"2019-05-20T06:36:27+00:00","dateModified":"2020-10-15T16:23:22+00:00","breadcrumb":{"@id":"https:\/\/www.esplac.cat\/penedes-garraf-anoia-i-camp-de-tarragona-celebren-la-trobada-intersectorial-vila-seca\/#breadcrumb"},"inLanguage":"en-US","potentialAction":[{"@type":"ReadAction","target":["https:\/\/www.esplac.cat\/penedes-garraf-anoia-i-camp-de-tarragona-celebren-la-trobada-intersectorial-vila-seca\/"]}]},{"@type":"ImageObject","inLanguage":"en-US","@id":"https:\/\/www.esplac.cat\/penedes-garraf-anoia-i-camp-de-tarragona-celebren-la-trobada-intersectorial-vila-seca\/#primaryimage","url":"https:\/\/www.esplac.cat\/wp-content\/uploads\/2019\/05\/portadaintersect.png","contentUrl":"https:\/\/www.esplac.cat\/wp-content\/uploads\/2019\/05\/portadaintersect.png","width":847,"height":350},{"@type":"BreadcrumbList","@id":"https:\/\/www.esplac.cat\/penedes-garraf-anoia-i-camp-de-tarragona-celebren-la-trobada-intersectorial-vila-seca\/#breadcrumb","itemListElement":[{"@type":"ListItem","position":1,"name":"Inici","item":"https:\/\/www.esplac.cat\/en\/"},{"@type":"ListItem","position":2,"name":"Els sectors Pened\u00e8s, Garraf i Anoia i Camp de Tarragona celebren la Trobada Intersectorial a Vila-seca"}]},{"@type":"WebSite","@id":"https:\/\/www.esplac.cat\/#website","url":"https:\/\/www.esplac.cat\/","name":"Esplac","description":"Esplais Catalans","publisher":{"@id":"https:\/\/www.esplac.cat\/#organization"},"potentialAction":[{"@type":"SearchAction","target":{"@type":"EntryPoint","urlTemplate":"https:\/\/www.esplac.cat\/?s={search_term_string}"},"query-input":{"@type":"PropertyValueSpecification","valueRequired":true,"valueName":"search_term_string"}}],"inLanguage":"en-US"},{"@type":"Organization","@id":"https:\/\/www.esplac.cat\/#organization","name":"Esplac","url":"https:\/\/www.esplac.cat\/","logo":{"@type":"ImageObject","inLanguage":"en-US","@id":"https:\/\/www.esplac.cat\/#\/schema\/logo\/image\/","url":"https:\/\/www.esplac.cat\/wp-content\/uploads\/2019\/08\/logox2.png","contentUrl":"https:\/\/www.esplac.cat\/wp-content\/uploads\/2019\/08\/logox2.png","width":600,"height":295,"caption":"Esplac"},"image":{"@id":"https:\/\/www.esplac.cat\/#\/schema\/logo\/image\/"}},{"@type":"Person","@id":"https:\/\/www.esplac.cat\/#\/schema\/person\/908383cf240be18b68f8855d0583faca","name":"Comunicaci\u00f3 Esplac","image":{"@type":"ImageObject","inLanguage":"en-US","@id":"https:\/\/secure.gravatar.com\/avatar\/7a4cf8feb412a76ea4a740ca02d95b06b2907b5a6c648c2dd0a1082a093c3141?s=96&d=mm&r=g","url":"https:\/\/secure.gravatar.com\/avatar\/7a4cf8feb412a76ea4a740ca02d95b06b2907b5a6c648c2dd0a1082a093c3141?s=96&d=mm&r=g","contentUrl":"https:\/\/secure.gravatar.com\/avatar\/7a4cf8feb412a76ea4a740ca02d95b06b2907b5a6c648c2dd0a1082a093c3141?s=96&d=mm&r=g","caption":"Comunicaci\u00f3 Esplac"}}]}},"_links":{"self":[{"href":"https:\/\/www.esplac.cat\/en\/wp-json\/wp\/v2\/posts\/23696","targetHints":{"allow":["GET"]}}],"collection":[{"href":"https:\/\/www.esplac.cat\/en\/wp-json\/wp\/v2\/posts"}],"about":[{"href":"https:\/\/www.esplac.cat\/en\/wp-json\/wp\/v2\/types\/post"}],"author":[{"embeddable":true,"href":"https:\/\/www.esplac.cat\/en\/wp-json\/wp\/v2\/users\/3"}],"replies":[{"embeddable":true,"href":"https:\/\/www.esplac.cat\/en\/wp-json\/wp\/v2\/comments?post=23696"}],"version-history":[{"count":0,"href":"https:\/\/www.esplac.cat\/en\/wp-json\/wp\/v2\/posts\/23696\/revisions"}],"wp:featuredmedia":[{"embeddable":true,"href":"https:\/\/www.esplac.cat\/en\/wp-json\/wp\/v2\/media\/23697"}],"wp:attachment":[{"href":"https:\/\/www.esplac.cat\/en\/wp-json\/wp\/v2\/media?parent=23696"}],"wp:term":[{"taxonomy":"category","embeddable":true,"href":"https:\/\/www.esplac.cat\/en\/wp-json\/wp\/v2\/categories?post=23696"},{"taxonomy":"post_tag","embeddable":true,"href":"https:\/\/www.esplac.cat\/en\/wp-json\/wp\/v2\/tags?post=23696"}],"curies":[{"name":"wp","href":"https:\/\/api.w.org\/{rel}","templated":true}]}}