{"id":23733,"date":"2019-04-24T08:32:47","date_gmt":"2019-04-24T06:32:47","guid":{"rendered":"http:\/\/esplac.cat\/?p=22176"},"modified":"2020-10-15T17:23:26","modified_gmt":"2020-10-15T16:23:26","slug":"forum-europeu-de-joves-a-berlin","status":"publish","type":"post","link":"https:\/\/www.esplac.cat\/en\/forum-europeu-de-joves-a-berlin\/","title":{"rendered":"&#8220;Construint ponts per la cohesi\u00f3 social&#8221; F\u00f2rum Europeu de joves a Berl\u00edn"},"content":{"rendered":"<h4>Participa al F\u00f2rum Europeu de joves a Berl\u00edn del 25 al 27 de juny 2019. Si t&#8217;interessa, inscriu-te entre avui i dem\u00e0!<\/h4>\n<p style=\"text-align: justify;\">Participa de dos dies a Berl\u00edn en un esdeveniment que reunir\u00e0 activistes de la societat civil que es dediquen a les seves comunitats i organitzen projectes de cohesi\u00f3 social. Juntes aprendrem i obtindrem noves idees i enfocaments diferents per crear una Europa en la qual valgui la pena viure.<\/p>\n<p style=\"text-align: justify;\"><strong>Caracter\u00edstiques de l&#8217;activitat:<\/strong><\/p>\n<ul>\n<li style=\"text-align: justify;\">Viatges i allotjament: est\u00e0 tot cobert! Els viatges a \/ des de Berl\u00edn, allotjament, menjars i programes socials<\/li>\n<li style=\"text-align: justify;\">Condicions de participaci\u00f3: l&#8217;assist\u00e8ncia completa durant els dos dies a les activitats. Ser una persona compromesa i participar activament. Parlar angl\u00e8s.<\/li>\n<\/ul>\n<p style=\"text-align: justify;\"><strong>INSCRIPCIONS:<\/strong><\/p>\n<ul>\n<li style=\"text-align: justify;\">Contacta amb internacional@esplac.cat i inscriu-te al formulari\n<\/li>\n<li style=\"text-align: justify;\">Descarrega&#8217;t el formulari que t&#8217;adjuntem aqu\u00ed, omple&#8217;l i envia&#8217;l a valerieheim.projetaladin@gmail.com<\/li>\n<\/ul>\n<p>M\u00e9s informaci\u00f3 <a href=\"http:\/\/www.youthpress.org\/call-participants-young-europeans-forum-building-bridges-social-cohesion\/\" target=\"_blank\" rel=\"noopener noreferrer\">aqu\u00ed.<\/a><\/p>\n<p>&nbsp;<\/p>\n<p>&nbsp;<\/p>\n","protected":false},"excerpt":{"rendered":"<p>Participa al F\u00f2rum Europeu de joves a Berl\u00edn del 25 [&hellip;]<\/p>\n","protected":false},"author":1,"featured_media":23734,"comment_status":"closed","ping_status":"open","sticky":false,"template":"","format":"standard","meta":{"om_disable_all_campaigns":false,"_monsterinsights_skip_tracking":false,"_monsterinsights_sitenote_active":false,"_monsterinsights_sitenote_note":"","_monsterinsights_sitenote_category":0,"_uf_show_specific_survey":0,"_uf_disable_surveys":false,"footnotes":""},"categories":[1112,1],"tags":[513,402,555,166,134],"class_list":["post-23733","post","type-post","status-publish","format-standard","has-post-thumbnail","hentry","category-esplac-al-mon","category-sense-categoria","tag-berlin","tag-cohesio-social","tag-internacional","tag-joves","tag-transformacio-social"],"yoast_head":"<!-- This site is optimized with the Yoast SEO plugin v27.5 - https:\/\/yoast.com\/product\/yoast-seo-wordpress\/ -->\n<title>&quot;Construint ponts per la cohesi\u00f3 social&quot; F\u00f2rum Europeu de joves a Berl\u00edn - Esplac<\/title>\n<meta name=\"robots\" content=\"index, follow, max-snippet:-1, max-image-preview:large, max-video-preview:-1\" \/>\n<link rel=\"canonical\" href=\"https:\/\/www.esplac.cat\/forum-europeu-de-joves-a-berlin\/\" \/>\n<meta property=\"og:locale\" content=\"en_US\" \/>\n<meta property=\"og:type\" content=\"article\" \/>\n<meta property=\"og:title\" content=\"&quot;Construint ponts per la cohesi\u00f3 social&quot; F\u00f2rum Europeu de joves a Berl\u00edn - Esplac\" \/>\n<meta property=\"og:description\" content=\"Participa al F\u00f2rum Europeu de joves a Berl\u00edn del 25 [&hellip;]\" \/>\n<meta property=\"og:url\" content=\"https:\/\/www.esplac.cat\/forum-europeu-de-joves-a-berlin\/\" \/>\n<meta property=\"og:site_name\" content=\"Esplac\" \/>\n<meta property=\"article:published_time\" content=\"2019-04-24T06:32:47+00:00\" \/>\n<meta property=\"article:modified_time\" content=\"2020-10-15T16:23:26+00:00\" \/>\n<meta property=\"og:image\" content=\"https:\/\/www.esplac.cat\/wp-content\/uploads\/2019\/04\/portadaberlin.jpg\" \/>\n\t<meta property=\"og:image:width\" content=\"847\" \/>\n\t<meta property=\"og:image:height\" content=\"350\" \/>\n\t<meta property=\"og:image:type\" content=\"image\/jpeg\" \/>\n<meta name=\"author\" content=\"root\" \/>\n<meta name=\"twitter:card\" content=\"summary_large_image\" \/>\n<meta name=\"twitter:label1\" content=\"Written by\" \/>\n\t<meta name=\"twitter:data1\" content=\"root\" \/>\n\t<meta name=\"twitter:label2\" content=\"Est. reading time\" \/>\n\t<meta name=\"twitter:data2\" content=\"1 minute\" \/>\n<script type=\"application\/ld+json\" class=\"yoast-schema-graph\">{\"@context\":\"https:\\\/\\\/schema.org\",\"@graph\":[{\"@type\":\"Article\",\"@id\":\"https:\\\/\\\/www.esplac.cat\\\/forum-europeu-de-joves-a-berlin\\\/#article\",\"isPartOf\":{\"@id\":\"https:\\\/\\\/www.esplac.cat\\\/forum-europeu-de-joves-a-berlin\\\/\"},\"author\":{\"name\":\"root\",\"@id\":\"https:\\\/\\\/www.esplac.cat\\\/#\\\/schema\\\/person\\\/8d7ee340c02b239b152b9ff2c3d40766\"},\"headline\":\"&#8220;Construint ponts per la cohesi\u00f3 social&#8221; F\u00f2rum Europeu de joves a Berl\u00edn\",\"datePublished\":\"2019-04-24T06:32:47+00:00\",\"dateModified\":\"2020-10-15T16:23:26+00:00\",\"mainEntityOfPage\":{\"@id\":\"https:\\\/\\\/www.esplac.cat\\\/forum-europeu-de-joves-a-berlin\\\/\"},\"wordCount\":274,\"publisher\":{\"@id\":\"https:\\\/\\\/www.esplac.cat\\\/#organization\"},\"image\":{\"@id\":\"https:\\\/\\\/www.esplac.cat\\\/forum-europeu-de-joves-a-berlin\\\/#primaryimage\"},\"thumbnailUrl\":\"https:\\\/\\\/www.esplac.cat\\\/wp-content\\\/uploads\\\/2019\\\/04\\\/portadaberlin.jpg\",\"keywords\":[\"Berlin\",\"cohesi\u00f3 social\",\"internacional\",\"joves\",\"transformaci\u00f3 social\"],\"articleSection\":[\"Esplac al m\u00f3n\",\"Sense categoria\"],\"inLanguage\":\"en-US\"},{\"@type\":\"WebPage\",\"@id\":\"https:\\\/\\\/www.esplac.cat\\\/forum-europeu-de-joves-a-berlin\\\/\",\"url\":\"https:\\\/\\\/www.esplac.cat\\\/forum-europeu-de-joves-a-berlin\\\/\",\"name\":\"\\\"Construint ponts per la cohesi\u00f3 social\\\" F\u00f2rum Europeu de joves a Berl\u00edn - Esplac\",\"isPartOf\":{\"@id\":\"https:\\\/\\\/www.esplac.cat\\\/#website\"},\"primaryImageOfPage\":{\"@id\":\"https:\\\/\\\/www.esplac.cat\\\/forum-europeu-de-joves-a-berlin\\\/#primaryimage\"},\"image\":{\"@id\":\"https:\\\/\\\/www.esplac.cat\\\/forum-europeu-de-joves-a-berlin\\\/#primaryimage\"},\"thumbnailUrl\":\"https:\\\/\\\/www.esplac.cat\\\/wp-content\\\/uploads\\\/2019\\\/04\\\/portadaberlin.jpg\",\"datePublished\":\"2019-04-24T06:32:47+00:00\",\"dateModified\":\"2020-10-15T16:23:26+00:00\",\"breadcrumb\":{\"@id\":\"https:\\\/\\\/www.esplac.cat\\\/forum-europeu-de-joves-a-berlin\\\/#breadcrumb\"},\"inLanguage\":\"en-US\",\"potentialAction\":[{\"@type\":\"ReadAction\",\"target\":[\"https:\\\/\\\/www.esplac.cat\\\/forum-europeu-de-joves-a-berlin\\\/\"]}]},{\"@type\":\"ImageObject\",\"inLanguage\":\"en-US\",\"@id\":\"https:\\\/\\\/www.esplac.cat\\\/forum-europeu-de-joves-a-berlin\\\/#primaryimage\",\"url\":\"https:\\\/\\\/www.esplac.cat\\\/wp-content\\\/uploads\\\/2019\\\/04\\\/portadaberlin.jpg\",\"contentUrl\":\"https:\\\/\\\/www.esplac.cat\\\/wp-content\\\/uploads\\\/2019\\\/04\\\/portadaberlin.jpg\",\"width\":847,\"height\":350},{\"@type\":\"BreadcrumbList\",\"@id\":\"https:\\\/\\\/www.esplac.cat\\\/forum-europeu-de-joves-a-berlin\\\/#breadcrumb\",\"itemListElement\":[{\"@type\":\"ListItem\",\"position\":1,\"name\":\"Inici\",\"item\":\"https:\\\/\\\/www.esplac.cat\\\/en\\\/\"},{\"@type\":\"ListItem\",\"position\":2,\"name\":\"&#8220;Construint ponts per la cohesi\u00f3 social&#8221; F\u00f2rum Europeu de joves a Berl\u00edn\"}]},{\"@type\":\"WebSite\",\"@id\":\"https:\\\/\\\/www.esplac.cat\\\/#website\",\"url\":\"https:\\\/\\\/www.esplac.cat\\\/\",\"name\":\"Esplac\",\"description\":\"Esplais Catalans\",\"publisher\":{\"@id\":\"https:\\\/\\\/www.esplac.cat\\\/#organization\"},\"potentialAction\":[{\"@type\":\"SearchAction\",\"target\":{\"@type\":\"EntryPoint\",\"urlTemplate\":\"https:\\\/\\\/www.esplac.cat\\\/?s={search_term_string}\"},\"query-input\":{\"@type\":\"PropertyValueSpecification\",\"valueRequired\":true,\"valueName\":\"search_term_string\"}}],\"inLanguage\":\"en-US\"},{\"@type\":\"Organization\",\"@id\":\"https:\\\/\\\/www.esplac.cat\\\/#organization\",\"name\":\"Esplac\",\"url\":\"https:\\\/\\\/www.esplac.cat\\\/\",\"logo\":{\"@type\":\"ImageObject\",\"inLanguage\":\"en-US\",\"@id\":\"https:\\\/\\\/www.esplac.cat\\\/#\\\/schema\\\/logo\\\/image\\\/\",\"url\":\"https:\\\/\\\/www.esplac.cat\\\/wp-content\\\/uploads\\\/2019\\\/08\\\/logox2.png\",\"contentUrl\":\"https:\\\/\\\/www.esplac.cat\\\/wp-content\\\/uploads\\\/2019\\\/08\\\/logox2.png\",\"width\":600,\"height\":295,\"caption\":\"Esplac\"},\"image\":{\"@id\":\"https:\\\/\\\/www.esplac.cat\\\/#\\\/schema\\\/logo\\\/image\\\/\"}},{\"@type\":\"Person\",\"@id\":\"https:\\\/\\\/www.esplac.cat\\\/#\\\/schema\\\/person\\\/8d7ee340c02b239b152b9ff2c3d40766\",\"name\":\"root\",\"image\":{\"@type\":\"ImageObject\",\"inLanguage\":\"en-US\",\"@id\":\"https:\\\/\\\/secure.gravatar.com\\\/avatar\\\/9356757d53af8c5db257f894fbbd9ee7446c25af07cd2e7844bd1cf43acef754?s=96&d=mm&r=g\",\"url\":\"https:\\\/\\\/secure.gravatar.com\\\/avatar\\\/9356757d53af8c5db257f894fbbd9ee7446c25af07cd2e7844bd1cf43acef754?s=96&d=mm&r=g\",\"contentUrl\":\"https:\\\/\\\/secure.gravatar.com\\\/avatar\\\/9356757d53af8c5db257f894fbbd9ee7446c25af07cd2e7844bd1cf43acef754?s=96&d=mm&r=g\",\"caption\":\"root\"}}]}<\/script>\n<!-- \/ Yoast SEO plugin. -->","yoast_head_json":{"title":"\"Construint ponts per la cohesi\u00f3 social\" F\u00f2rum Europeu de joves a Berl\u00edn - Esplac","robots":{"index":"index","follow":"follow","max-snippet":"max-snippet:-1","max-image-preview":"max-image-preview:large","max-video-preview":"max-video-preview:-1"},"canonical":"https:\/\/www.esplac.cat\/forum-europeu-de-joves-a-berlin\/","og_locale":"en_US","og_type":"article","og_title":"\"Construint ponts per la cohesi\u00f3 social\" F\u00f2rum Europeu de joves a Berl\u00edn - Esplac","og_description":"Participa al F\u00f2rum Europeu de joves a Berl\u00edn del 25 [&hellip;]","og_url":"https:\/\/www.esplac.cat\/forum-europeu-de-joves-a-berlin\/","og_site_name":"Esplac","article_published_time":"2019-04-24T06:32:47+00:00","article_modified_time":"2020-10-15T16:23:26+00:00","og_image":[{"width":847,"height":350,"url":"https:\/\/www.esplac.cat\/wp-content\/uploads\/2019\/04\/portadaberlin.jpg","type":"image\/jpeg"}],"author":"root","twitter_card":"summary_large_image","twitter_misc":{"Written by":"root","Est. reading time":"1 minute"},"schema":{"@context":"https:\/\/schema.org","@graph":[{"@type":"Article","@id":"https:\/\/www.esplac.cat\/forum-europeu-de-joves-a-berlin\/#article","isPartOf":{"@id":"https:\/\/www.esplac.cat\/forum-europeu-de-joves-a-berlin\/"},"author":{"name":"root","@id":"https:\/\/www.esplac.cat\/#\/schema\/person\/8d7ee340c02b239b152b9ff2c3d40766"},"headline":"&#8220;Construint ponts per la cohesi\u00f3 social&#8221; F\u00f2rum Europeu de joves a Berl\u00edn","datePublished":"2019-04-24T06:32:47+00:00","dateModified":"2020-10-15T16:23:26+00:00","mainEntityOfPage":{"@id":"https:\/\/www.esplac.cat\/forum-europeu-de-joves-a-berlin\/"},"wordCount":274,"publisher":{"@id":"https:\/\/www.esplac.cat\/#organization"},"image":{"@id":"https:\/\/www.esplac.cat\/forum-europeu-de-joves-a-berlin\/#primaryimage"},"thumbnailUrl":"https:\/\/www.esplac.cat\/wp-content\/uploads\/2019\/04\/portadaberlin.jpg","keywords":["Berlin","cohesi\u00f3 social","internacional","joves","transformaci\u00f3 social"],"articleSection":["Esplac al m\u00f3n","Sense categoria"],"inLanguage":"en-US"},{"@type":"WebPage","@id":"https:\/\/www.esplac.cat\/forum-europeu-de-joves-a-berlin\/","url":"https:\/\/www.esplac.cat\/forum-europeu-de-joves-a-berlin\/","name":"\"Construint ponts per la cohesi\u00f3 social\" F\u00f2rum Europeu de joves a Berl\u00edn - Esplac","isPartOf":{"@id":"https:\/\/www.esplac.cat\/#website"},"primaryImageOfPage":{"@id":"https:\/\/www.esplac.cat\/forum-europeu-de-joves-a-berlin\/#primaryimage"},"image":{"@id":"https:\/\/www.esplac.cat\/forum-europeu-de-joves-a-berlin\/#primaryimage"},"thumbnailUrl":"https:\/\/www.esplac.cat\/wp-content\/uploads\/2019\/04\/portadaberlin.jpg","datePublished":"2019-04-24T06:32:47+00:00","dateModified":"2020-10-15T16:23:26+00:00","breadcrumb":{"@id":"https:\/\/www.esplac.cat\/forum-europeu-de-joves-a-berlin\/#breadcrumb"},"inLanguage":"en-US","potentialAction":[{"@type":"ReadAction","target":["https:\/\/www.esplac.cat\/forum-europeu-de-joves-a-berlin\/"]}]},{"@type":"ImageObject","inLanguage":"en-US","@id":"https:\/\/www.esplac.cat\/forum-europeu-de-joves-a-berlin\/#primaryimage","url":"https:\/\/www.esplac.cat\/wp-content\/uploads\/2019\/04\/portadaberlin.jpg","contentUrl":"https:\/\/www.esplac.cat\/wp-content\/uploads\/2019\/04\/portadaberlin.jpg","width":847,"height":350},{"@type":"BreadcrumbList","@id":"https:\/\/www.esplac.cat\/forum-europeu-de-joves-a-berlin\/#breadcrumb","itemListElement":[{"@type":"ListItem","position":1,"name":"Inici","item":"https:\/\/www.esplac.cat\/en\/"},{"@type":"ListItem","position":2,"name":"&#8220;Construint ponts per la cohesi\u00f3 social&#8221; F\u00f2rum Europeu de joves a Berl\u00edn"}]},{"@type":"WebSite","@id":"https:\/\/www.esplac.cat\/#website","url":"https:\/\/www.esplac.cat\/","name":"Esplac","description":"Esplais Catalans","publisher":{"@id":"https:\/\/www.esplac.cat\/#organization"},"potentialAction":[{"@type":"SearchAction","target":{"@type":"EntryPoint","urlTemplate":"https:\/\/www.esplac.cat\/?s={search_term_string}"},"query-input":{"@type":"PropertyValueSpecification","valueRequired":true,"valueName":"search_term_string"}}],"inLanguage":"en-US"},{"@type":"Organization","@id":"https:\/\/www.esplac.cat\/#organization","name":"Esplac","url":"https:\/\/www.esplac.cat\/","logo":{"@type":"ImageObject","inLanguage":"en-US","@id":"https:\/\/www.esplac.cat\/#\/schema\/logo\/image\/","url":"https:\/\/www.esplac.cat\/wp-content\/uploads\/2019\/08\/logox2.png","contentUrl":"https:\/\/www.esplac.cat\/wp-content\/uploads\/2019\/08\/logox2.png","width":600,"height":295,"caption":"Esplac"},"image":{"@id":"https:\/\/www.esplac.cat\/#\/schema\/logo\/image\/"}},{"@type":"Person","@id":"https:\/\/www.esplac.cat\/#\/schema\/person\/8d7ee340c02b239b152b9ff2c3d40766","name":"root","image":{"@type":"ImageObject","inLanguage":"en-US","@id":"https:\/\/secure.gravatar.com\/avatar\/9356757d53af8c5db257f894fbbd9ee7446c25af07cd2e7844bd1cf43acef754?s=96&d=mm&r=g","url":"https:\/\/secure.gravatar.com\/avatar\/9356757d53af8c5db257f894fbbd9ee7446c25af07cd2e7844bd1cf43acef754?s=96&d=mm&r=g","contentUrl":"https:\/\/secure.gravatar.com\/avatar\/9356757d53af8c5db257f894fbbd9ee7446c25af07cd2e7844bd1cf43acef754?s=96&d=mm&r=g","caption":"root"}}]}},"_links":{"self":[{"href":"https:\/\/www.esplac.cat\/en\/wp-json\/wp\/v2\/posts\/23733","targetHints":{"allow":["GET"]}}],"collection":[{"href":"https:\/\/www.esplac.cat\/en\/wp-json\/wp\/v2\/posts"}],"about":[{"href":"https:\/\/www.esplac.cat\/en\/wp-json\/wp\/v2\/types\/post"}],"author":[{"embeddable":true,"href":"https:\/\/www.esplac.cat\/en\/wp-json\/wp\/v2\/users\/1"}],"replies":[{"embeddable":true,"href":"https:\/\/www.esplac.cat\/en\/wp-json\/wp\/v2\/comments?post=23733"}],"version-history":[{"count":0,"href":"https:\/\/www.esplac.cat\/en\/wp-json\/wp\/v2\/posts\/23733\/revisions"}],"wp:featuredmedia":[{"embeddable":true,"href":"https:\/\/www.esplac.cat\/en\/wp-json\/wp\/v2\/media\/23734"}],"wp:attachment":[{"href":"https:\/\/www.esplac.cat\/en\/wp-json\/wp\/v2\/media?parent=23733"}],"wp:term":[{"taxonomy":"category","embeddable":true,"href":"https:\/\/www.esplac.cat\/en\/wp-json\/wp\/v2\/categories?post=23733"},{"taxonomy":"post_tag","embeddable":true,"href":"https:\/\/www.esplac.cat\/en\/wp-json\/wp\/v2\/tags?post=23733"}],"curies":[{"name":"wp","href":"https:\/\/api.w.org\/{rel}","templated":true}]}}