{"id":23784,"date":"2019-03-12T08:50:19","date_gmt":"2019-03-12T06:50:19","guid":{"rendered":"http:\/\/esplac.cat\/?p=21911"},"modified":"2020-10-15T17:23:31","modified_gmt":"2020-10-15T16:23:31","slug":"la-setmana-del-cigro-a-lesplai-gmm","status":"publish","type":"post","link":"https:\/\/www.esplac.cat\/en\/la-setmana-del-cigro-a-lesplai-gmm\/","title":{"rendered":"La setmana del cigr\u00f3 a l&#8217;esplai GMM!"},"content":{"rendered":"<h4 style=\"text-align: justify;\">Un any m\u00e9s l\u2019assemblea de monitores de l\u2019esplai GMM dels Llu\u00efsos de Gr\u00e0cia de Barcelona hem realitzat la setmana del cigr\u00f3 i volem compartir l\u2019experi\u00e8ncia per si algun altre esplai s\u2019anima a fer-ho.<\/h4>\n<p style=\"text-align: justify;\">La setmana del cigr\u00f3 \u00e9s una setmana de conviv\u00e8ncia de les monitores d\u2019un esplai, en qu\u00e8 <strong>combinem la rutina di\u00e0ria personal amb activitats col\u00b7lectives d\u2019esplai.<\/strong> Els objectius d\u2019aquesta iniciativa s\u00f3n fomentar la cohesi\u00f3 de l\u2019equip de monitores i treballar el projecte educatiu. Aquest any tamb\u00e9 l&#8217;hem aprofitat per dur a terme una formaci\u00f3 sobre co-educaci\u00f3 i vam aprofitar per fer molta feina de 80\u00e8 aniversari de l&#8217;esplai ja que s&#8217;apropa l&#8217;acte m\u00e9s esperat, la diada el dia 16 de Mar\u00e7. Va sorgir una comissi\u00f3 encarregada d\u2019organitzar la setmana del cigr\u00f3 que va planificar tot en funci\u00f3 de l\u2019horari acad\u00e8mics i d\u2019activitats de cada monitora, per poder compaginar la nostra rutina (feina i classes) i les reunions, \u00e0pats i el temps de descans a la nit. El dissabte despr\u00e9s de l&#8217;esplai vam celebrar un sopar de germanor convidant a les pre-monitores i a les ex-monis.<\/p>\n<p style=\"text-align: justify;\">Va ser una setmana d\u2019all\u00f2 m\u00e9s completa, que recomanem viure d\u2019una manera semblant a tots els esplais!<\/p>\n","protected":false},"excerpt":{"rendered":"<p>Un any m\u00e9s l\u2019assemblea de monitores de l\u2019esplai GMM dels [&hellip;]<\/p>\n","protected":false},"author":1,"featured_media":23785,"comment_status":"closed","ping_status":"open","sticky":false,"template":"","format":"standard","meta":{"om_disable_all_campaigns":false,"_monsterinsights_skip_tracking":false,"_monsterinsights_sitenote_active":false,"_monsterinsights_sitenote_note":"","_monsterinsights_sitenote_category":0,"_uf_show_specific_survey":0,"_uf_disable_surveys":false,"footnotes":""},"categories":[1110,1121,1128,1],"tags":[481,1002,1003,738,211,212,975,134],"class_list":["post-23784","post","type-post","status-publish","format-standard","has-post-thumbnail","hentry","category-activitats-sectors","category-bones-practiques-2","category-sector-barcelona","category-sense-categoria","tag-barcelona","tag-educacio-popular","tag-esplai","tag-lluisos-de-gracia","tag-monitores","tag-monitors","tag-setmana-del-cigro","tag-transformacio-social"],"yoast_head":"<!-- This site is optimized with the Yoast SEO plugin v27.4 - https:\/\/yoast.com\/product\/yoast-seo-wordpress\/ -->\n<title>La setmana del cigr\u00f3 a l&#039;esplai GMM! - Esplac<\/title>\n<meta name=\"robots\" content=\"index, follow, max-snippet:-1, max-image-preview:large, max-video-preview:-1\" \/>\n<link rel=\"canonical\" href=\"https:\/\/www.esplac.cat\/la-setmana-del-cigro-a-lesplai-gmm\/\" \/>\n<meta property=\"og:locale\" content=\"en_US\" \/>\n<meta property=\"og:type\" content=\"article\" \/>\n<meta property=\"og:title\" content=\"La setmana del cigr\u00f3 a l&#039;esplai GMM! - Esplac\" \/>\n<meta property=\"og:description\" content=\"Un any m\u00e9s l\u2019assemblea de monitores de l\u2019esplai GMM dels [&hellip;]\" \/>\n<meta property=\"og:url\" content=\"https:\/\/www.esplac.cat\/la-setmana-del-cigro-a-lesplai-gmm\/\" \/>\n<meta property=\"og:site_name\" content=\"Esplac\" \/>\n<meta property=\"article:published_time\" content=\"2019-03-12T06:50:19+00:00\" \/>\n<meta property=\"article:modified_time\" content=\"2020-10-15T16:23:31+00:00\" \/>\n<meta property=\"og:image\" content=\"https:\/\/www.esplac.cat\/wp-content\/uploads\/2019\/03\/portadagmm.jpg\" \/>\n\t<meta property=\"og:image:width\" content=\"847\" \/>\n\t<meta property=\"og:image:height\" content=\"350\" \/>\n\t<meta property=\"og:image:type\" content=\"image\/jpeg\" \/>\n<meta name=\"author\" content=\"root\" \/>\n<meta name=\"twitter:card\" content=\"summary_large_image\" \/>\n<meta name=\"twitter:label1\" content=\"Written by\" \/>\n\t<meta name=\"twitter:data1\" content=\"root\" \/>\n\t<meta name=\"twitter:label2\" content=\"Est. reading time\" \/>\n\t<meta name=\"twitter:data2\" content=\"1 minute\" \/>\n<script type=\"application\/ld+json\" class=\"yoast-schema-graph\">{\"@context\":\"https:\\\/\\\/schema.org\",\"@graph\":[{\"@type\":\"Article\",\"@id\":\"https:\\\/\\\/www.esplac.cat\\\/la-setmana-del-cigro-a-lesplai-gmm\\\/#article\",\"isPartOf\":{\"@id\":\"https:\\\/\\\/www.esplac.cat\\\/la-setmana-del-cigro-a-lesplai-gmm\\\/\"},\"author\":{\"name\":\"root\",\"@id\":\"https:\\\/\\\/www.esplac.cat\\\/#\\\/schema\\\/person\\\/8d7ee340c02b239b152b9ff2c3d40766\"},\"headline\":\"La setmana del cigr\u00f3 a l&#8217;esplai GMM!\",\"datePublished\":\"2019-03-12T06:50:19+00:00\",\"dateModified\":\"2020-10-15T16:23:31+00:00\",\"mainEntityOfPage\":{\"@id\":\"https:\\\/\\\/www.esplac.cat\\\/la-setmana-del-cigro-a-lesplai-gmm\\\/\"},\"wordCount\":230,\"publisher\":{\"@id\":\"https:\\\/\\\/www.esplac.cat\\\/#organization\"},\"image\":{\"@id\":\"https:\\\/\\\/www.esplac.cat\\\/la-setmana-del-cigro-a-lesplai-gmm\\\/#primaryimage\"},\"thumbnailUrl\":\"https:\\\/\\\/www.esplac.cat\\\/wp-content\\\/uploads\\\/2019\\\/03\\\/portadagmm.jpg\",\"keywords\":[\"barcelona\",\"educaci\u00f3 popular\",\"esplai\",\"Llu\u00efsos de Gr\u00e0cia\",\"monitores\",\"monitors\",\"setmana del cigr\u00f3\",\"transformaci\u00f3 social\"],\"articleSection\":[\"Activitats sectors\",\"Bones pr\u00e0ctiques\",\"Sector Barcelona\",\"Sense categoria\"],\"inLanguage\":\"en-US\"},{\"@type\":\"WebPage\",\"@id\":\"https:\\\/\\\/www.esplac.cat\\\/la-setmana-del-cigro-a-lesplai-gmm\\\/\",\"url\":\"https:\\\/\\\/www.esplac.cat\\\/la-setmana-del-cigro-a-lesplai-gmm\\\/\",\"name\":\"La setmana del cigr\u00f3 a l'esplai GMM! - Esplac\",\"isPartOf\":{\"@id\":\"https:\\\/\\\/www.esplac.cat\\\/#website\"},\"primaryImageOfPage\":{\"@id\":\"https:\\\/\\\/www.esplac.cat\\\/la-setmana-del-cigro-a-lesplai-gmm\\\/#primaryimage\"},\"image\":{\"@id\":\"https:\\\/\\\/www.esplac.cat\\\/la-setmana-del-cigro-a-lesplai-gmm\\\/#primaryimage\"},\"thumbnailUrl\":\"https:\\\/\\\/www.esplac.cat\\\/wp-content\\\/uploads\\\/2019\\\/03\\\/portadagmm.jpg\",\"datePublished\":\"2019-03-12T06:50:19+00:00\",\"dateModified\":\"2020-10-15T16:23:31+00:00\",\"breadcrumb\":{\"@id\":\"https:\\\/\\\/www.esplac.cat\\\/la-setmana-del-cigro-a-lesplai-gmm\\\/#breadcrumb\"},\"inLanguage\":\"en-US\",\"potentialAction\":[{\"@type\":\"ReadAction\",\"target\":[\"https:\\\/\\\/www.esplac.cat\\\/la-setmana-del-cigro-a-lesplai-gmm\\\/\"]}]},{\"@type\":\"ImageObject\",\"inLanguage\":\"en-US\",\"@id\":\"https:\\\/\\\/www.esplac.cat\\\/la-setmana-del-cigro-a-lesplai-gmm\\\/#primaryimage\",\"url\":\"https:\\\/\\\/www.esplac.cat\\\/wp-content\\\/uploads\\\/2019\\\/03\\\/portadagmm.jpg\",\"contentUrl\":\"https:\\\/\\\/www.esplac.cat\\\/wp-content\\\/uploads\\\/2019\\\/03\\\/portadagmm.jpg\",\"width\":847,\"height\":350},{\"@type\":\"BreadcrumbList\",\"@id\":\"https:\\\/\\\/www.esplac.cat\\\/la-setmana-del-cigro-a-lesplai-gmm\\\/#breadcrumb\",\"itemListElement\":[{\"@type\":\"ListItem\",\"position\":1,\"name\":\"Inici\",\"item\":\"https:\\\/\\\/www.esplac.cat\\\/en\\\/\"},{\"@type\":\"ListItem\",\"position\":2,\"name\":\"La setmana del cigr\u00f3 a l&#8217;esplai GMM!\"}]},{\"@type\":\"WebSite\",\"@id\":\"https:\\\/\\\/www.esplac.cat\\\/#website\",\"url\":\"https:\\\/\\\/www.esplac.cat\\\/\",\"name\":\"Esplac\",\"description\":\"Esplais Catalans\",\"publisher\":{\"@id\":\"https:\\\/\\\/www.esplac.cat\\\/#organization\"},\"potentialAction\":[{\"@type\":\"SearchAction\",\"target\":{\"@type\":\"EntryPoint\",\"urlTemplate\":\"https:\\\/\\\/www.esplac.cat\\\/?s={search_term_string}\"},\"query-input\":{\"@type\":\"PropertyValueSpecification\",\"valueRequired\":true,\"valueName\":\"search_term_string\"}}],\"inLanguage\":\"en-US\"},{\"@type\":\"Organization\",\"@id\":\"https:\\\/\\\/www.esplac.cat\\\/#organization\",\"name\":\"Esplac\",\"url\":\"https:\\\/\\\/www.esplac.cat\\\/\",\"logo\":{\"@type\":\"ImageObject\",\"inLanguage\":\"en-US\",\"@id\":\"https:\\\/\\\/www.esplac.cat\\\/#\\\/schema\\\/logo\\\/image\\\/\",\"url\":\"https:\\\/\\\/www.esplac.cat\\\/wp-content\\\/uploads\\\/2019\\\/08\\\/logox2.png\",\"contentUrl\":\"https:\\\/\\\/www.esplac.cat\\\/wp-content\\\/uploads\\\/2019\\\/08\\\/logox2.png\",\"width\":600,\"height\":295,\"caption\":\"Esplac\"},\"image\":{\"@id\":\"https:\\\/\\\/www.esplac.cat\\\/#\\\/schema\\\/logo\\\/image\\\/\"}},{\"@type\":\"Person\",\"@id\":\"https:\\\/\\\/www.esplac.cat\\\/#\\\/schema\\\/person\\\/8d7ee340c02b239b152b9ff2c3d40766\",\"name\":\"root\",\"image\":{\"@type\":\"ImageObject\",\"inLanguage\":\"en-US\",\"@id\":\"https:\\\/\\\/secure.gravatar.com\\\/avatar\\\/9356757d53af8c5db257f894fbbd9ee7446c25af07cd2e7844bd1cf43acef754?s=96&d=mm&r=g\",\"url\":\"https:\\\/\\\/secure.gravatar.com\\\/avatar\\\/9356757d53af8c5db257f894fbbd9ee7446c25af07cd2e7844bd1cf43acef754?s=96&d=mm&r=g\",\"contentUrl\":\"https:\\\/\\\/secure.gravatar.com\\\/avatar\\\/9356757d53af8c5db257f894fbbd9ee7446c25af07cd2e7844bd1cf43acef754?s=96&d=mm&r=g\",\"caption\":\"root\"}}]}<\/script>\n<!-- \/ Yoast SEO plugin. -->","yoast_head_json":{"title":"La setmana del cigr\u00f3 a l'esplai GMM! - Esplac","robots":{"index":"index","follow":"follow","max-snippet":"max-snippet:-1","max-image-preview":"max-image-preview:large","max-video-preview":"max-video-preview:-1"},"canonical":"https:\/\/www.esplac.cat\/la-setmana-del-cigro-a-lesplai-gmm\/","og_locale":"en_US","og_type":"article","og_title":"La setmana del cigr\u00f3 a l'esplai GMM! - Esplac","og_description":"Un any m\u00e9s l\u2019assemblea de monitores de l\u2019esplai GMM dels [&hellip;]","og_url":"https:\/\/www.esplac.cat\/la-setmana-del-cigro-a-lesplai-gmm\/","og_site_name":"Esplac","article_published_time":"2019-03-12T06:50:19+00:00","article_modified_time":"2020-10-15T16:23:31+00:00","og_image":[{"width":847,"height":350,"url":"https:\/\/www.esplac.cat\/wp-content\/uploads\/2019\/03\/portadagmm.jpg","type":"image\/jpeg"}],"author":"root","twitter_card":"summary_large_image","twitter_misc":{"Written by":"root","Est. reading time":"1 minute"},"schema":{"@context":"https:\/\/schema.org","@graph":[{"@type":"Article","@id":"https:\/\/www.esplac.cat\/la-setmana-del-cigro-a-lesplai-gmm\/#article","isPartOf":{"@id":"https:\/\/www.esplac.cat\/la-setmana-del-cigro-a-lesplai-gmm\/"},"author":{"name":"root","@id":"https:\/\/www.esplac.cat\/#\/schema\/person\/8d7ee340c02b239b152b9ff2c3d40766"},"headline":"La setmana del cigr\u00f3 a l&#8217;esplai GMM!","datePublished":"2019-03-12T06:50:19+00:00","dateModified":"2020-10-15T16:23:31+00:00","mainEntityOfPage":{"@id":"https:\/\/www.esplac.cat\/la-setmana-del-cigro-a-lesplai-gmm\/"},"wordCount":230,"publisher":{"@id":"https:\/\/www.esplac.cat\/#organization"},"image":{"@id":"https:\/\/www.esplac.cat\/la-setmana-del-cigro-a-lesplai-gmm\/#primaryimage"},"thumbnailUrl":"https:\/\/www.esplac.cat\/wp-content\/uploads\/2019\/03\/portadagmm.jpg","keywords":["barcelona","educaci\u00f3 popular","esplai","Llu\u00efsos de Gr\u00e0cia","monitores","monitors","setmana del cigr\u00f3","transformaci\u00f3 social"],"articleSection":["Activitats sectors","Bones pr\u00e0ctiques","Sector Barcelona","Sense categoria"],"inLanguage":"en-US"},{"@type":"WebPage","@id":"https:\/\/www.esplac.cat\/la-setmana-del-cigro-a-lesplai-gmm\/","url":"https:\/\/www.esplac.cat\/la-setmana-del-cigro-a-lesplai-gmm\/","name":"La setmana del cigr\u00f3 a l'esplai GMM! - Esplac","isPartOf":{"@id":"https:\/\/www.esplac.cat\/#website"},"primaryImageOfPage":{"@id":"https:\/\/www.esplac.cat\/la-setmana-del-cigro-a-lesplai-gmm\/#primaryimage"},"image":{"@id":"https:\/\/www.esplac.cat\/la-setmana-del-cigro-a-lesplai-gmm\/#primaryimage"},"thumbnailUrl":"https:\/\/www.esplac.cat\/wp-content\/uploads\/2019\/03\/portadagmm.jpg","datePublished":"2019-03-12T06:50:19+00:00","dateModified":"2020-10-15T16:23:31+00:00","breadcrumb":{"@id":"https:\/\/www.esplac.cat\/la-setmana-del-cigro-a-lesplai-gmm\/#breadcrumb"},"inLanguage":"en-US","potentialAction":[{"@type":"ReadAction","target":["https:\/\/www.esplac.cat\/la-setmana-del-cigro-a-lesplai-gmm\/"]}]},{"@type":"ImageObject","inLanguage":"en-US","@id":"https:\/\/www.esplac.cat\/la-setmana-del-cigro-a-lesplai-gmm\/#primaryimage","url":"https:\/\/www.esplac.cat\/wp-content\/uploads\/2019\/03\/portadagmm.jpg","contentUrl":"https:\/\/www.esplac.cat\/wp-content\/uploads\/2019\/03\/portadagmm.jpg","width":847,"height":350},{"@type":"BreadcrumbList","@id":"https:\/\/www.esplac.cat\/la-setmana-del-cigro-a-lesplai-gmm\/#breadcrumb","itemListElement":[{"@type":"ListItem","position":1,"name":"Inici","item":"https:\/\/www.esplac.cat\/en\/"},{"@type":"ListItem","position":2,"name":"La setmana del cigr\u00f3 a l&#8217;esplai GMM!"}]},{"@type":"WebSite","@id":"https:\/\/www.esplac.cat\/#website","url":"https:\/\/www.esplac.cat\/","name":"Esplac","description":"Esplais Catalans","publisher":{"@id":"https:\/\/www.esplac.cat\/#organization"},"potentialAction":[{"@type":"SearchAction","target":{"@type":"EntryPoint","urlTemplate":"https:\/\/www.esplac.cat\/?s={search_term_string}"},"query-input":{"@type":"PropertyValueSpecification","valueRequired":true,"valueName":"search_term_string"}}],"inLanguage":"en-US"},{"@type":"Organization","@id":"https:\/\/www.esplac.cat\/#organization","name":"Esplac","url":"https:\/\/www.esplac.cat\/","logo":{"@type":"ImageObject","inLanguage":"en-US","@id":"https:\/\/www.esplac.cat\/#\/schema\/logo\/image\/","url":"https:\/\/www.esplac.cat\/wp-content\/uploads\/2019\/08\/logox2.png","contentUrl":"https:\/\/www.esplac.cat\/wp-content\/uploads\/2019\/08\/logox2.png","width":600,"height":295,"caption":"Esplac"},"image":{"@id":"https:\/\/www.esplac.cat\/#\/schema\/logo\/image\/"}},{"@type":"Person","@id":"https:\/\/www.esplac.cat\/#\/schema\/person\/8d7ee340c02b239b152b9ff2c3d40766","name":"root","image":{"@type":"ImageObject","inLanguage":"en-US","@id":"https:\/\/secure.gravatar.com\/avatar\/9356757d53af8c5db257f894fbbd9ee7446c25af07cd2e7844bd1cf43acef754?s=96&d=mm&r=g","url":"https:\/\/secure.gravatar.com\/avatar\/9356757d53af8c5db257f894fbbd9ee7446c25af07cd2e7844bd1cf43acef754?s=96&d=mm&r=g","contentUrl":"https:\/\/secure.gravatar.com\/avatar\/9356757d53af8c5db257f894fbbd9ee7446c25af07cd2e7844bd1cf43acef754?s=96&d=mm&r=g","caption":"root"}}]}},"_links":{"self":[{"href":"https:\/\/www.esplac.cat\/en\/wp-json\/wp\/v2\/posts\/23784","targetHints":{"allow":["GET"]}}],"collection":[{"href":"https:\/\/www.esplac.cat\/en\/wp-json\/wp\/v2\/posts"}],"about":[{"href":"https:\/\/www.esplac.cat\/en\/wp-json\/wp\/v2\/types\/post"}],"author":[{"embeddable":true,"href":"https:\/\/www.esplac.cat\/en\/wp-json\/wp\/v2\/users\/1"}],"replies":[{"embeddable":true,"href":"https:\/\/www.esplac.cat\/en\/wp-json\/wp\/v2\/comments?post=23784"}],"version-history":[{"count":0,"href":"https:\/\/www.esplac.cat\/en\/wp-json\/wp\/v2\/posts\/23784\/revisions"}],"wp:featuredmedia":[{"embeddable":true,"href":"https:\/\/www.esplac.cat\/en\/wp-json\/wp\/v2\/media\/23785"}],"wp:attachment":[{"href":"https:\/\/www.esplac.cat\/en\/wp-json\/wp\/v2\/media?parent=23784"}],"wp:term":[{"taxonomy":"category","embeddable":true,"href":"https:\/\/www.esplac.cat\/en\/wp-json\/wp\/v2\/categories?post=23784"},{"taxonomy":"post_tag","embeddable":true,"href":"https:\/\/www.esplac.cat\/en\/wp-json\/wp\/v2\/tags?post=23784"}],"curies":[{"name":"wp","href":"https:\/\/api.w.org\/{rel}","templated":true}]}}