{"id":23793,"date":"2019-03-07T10:44:11","date_gmt":"2019-03-07T08:44:11","guid":{"rendered":"http:\/\/esplac.cat\/?p=21923"},"modified":"2020-10-15T17:23:32","modified_gmt":"2020-10-15T16:23:32","slug":"ja-tenim-aqui-els-videos-i-fotos-de-lescola-desplac-2019","status":"publish","type":"post","link":"https:\/\/www.esplac.cat\/en\/ja-tenim-aqui-els-videos-i-fotos-de-lescola-desplac-2019\/","title":{"rendered":"Ja tenim aqu\u00ed els v\u00eddeos i fotos de l&#8217;Escola d&#8217;Esplac 2019!"},"content":{"rendered":"<h4 style=\"text-align: justify;\">Fem resum de l&#8217;Escola d&#8217;Esplac 2019 amb fotograf\u00edes i v\u00eddeos del cap de setmana del 16 i 17 de febrer. Unes jornades centrades en el debat sobre el poder adult\u00a0en l\u2019acompanyament de l\u2019educaci\u00f3 d\u2019infants i adolescents.<\/h4>\n<p style=\"text-align: justify;\">L&#8217;Escola d&#8217;Esplac 2019 es va celebrar a Barcelona, al centre C\u00edvic El Coll-La Bruguera i l\u2019Escola Montseny. Sota el ti\u0301tol\u00a0<strong>\u201cI tu, com eduques?\u201d<\/strong>, les pone\u0300ncies, les taules rodones i els espais de debat de la trobada van girar al voltant de l\u2019adultocentrisme, com es manifesta i de quina manera hi podem fer front. A continuaci\u00f3 us adjuntem el material de la trobada:<\/p>\n<ul>\n<li style=\"text-align: justify;\"><strong>V\u00eddeos\u00a0complets\u00a0de les pon\u00e8ncies:<\/strong>\n<ul>\n<li><a href=\"https:\/\/www.youtube.com\/watch?v=au7FVP-leJE&amp;list=PLA_E8rFAz2-OdfUBYGqw-Ku2q6aoGtpLR&amp;index=3\" target=\"_blank\" rel=\"noopener noreferrer\">Pon\u00e8ncia inicial: Ani P\u00e9rez Rueda<\/a><\/li>\n<li><a href=\"https:\/\/www.youtube.com\/watch?v=jvuSC0HK1C0&amp;list=PLA_E8rFAz2-OdfUBYGqw-Ku2q6aoGtpLR&amp;index=4\" target=\"_blank\" rel=\"noopener noreferrer\">El dret dels infants a debat (pon\u00e8ncia final): Lourdes Gait\u00e1n<\/a><\/li>\n<\/ul>\n<\/li>\n<li style=\"text-align: justify;\"><strong>\u00c0udios de les taules rodones:<\/strong>\n<ul>\n<li><a href=\"https:\/\/www.youtube.com\/watch?v=mRscTDSF4HQ&amp;list=PLA_E8rFAz2-OdfUBYGqw-Ku2q6aoGtpLR&amp;index=5\" target=\"_blank\" rel=\"noopener noreferrer\">Pedagogia amb subjecte<\/a>\u00a0(a c\u00e0rrec de Marc Alcega, Isaac Uy\u00e0 i Laura Torrella)<\/li>\n<li><a href=\"https:\/\/www.youtube.com\/watch?v=fBmslSWrDek&amp;list=PLA_E8rFAz2-OdfUBYGqw-Ku2q6aoGtpLR&amp;index=6\" target=\"_blank\" rel=\"noopener noreferrer\">Construint la ciutat a trav\u00e9s de la participaci\u00f3 infantil i juvenil<\/a>\u00a0(a c\u00e0rrec de Julia Goula, Benedetta Rodeghiero i Elena Guim)<\/li>\n<li><a href=\"https:\/\/www.youtube.com\/watch?v=TjsqilalLGk&amp;list=PLA_E8rFAz2-OdfUBYGqw-Ku2q6aoGtpLR&amp;index=7\" target=\"_blank\" rel=\"noopener noreferrer\">Desmuntant l&#8217;imaginari col\u00b7lectiu de l&#8217;adolesc\u00e8ncia<\/a>\u00a0(a c\u00e0rrec d&#8217;Ingrid Agud-Morell, Pau L\u00f3pez i Ferm\u00edn Rodr\u00edguez)<\/li>\n<li><a href=\"https:\/\/www.youtube.com\/watch?v=RmaQcaB-GO8&amp;list=PLA_E8rFAz2-OdfUBYGqw-Ku2q6aoGtpLR&amp;index=8\" target=\"_blank\" rel=\"noopener noreferrer\">Donant poder a la inf\u00e0ncia<\/a>\u00a0(a c\u00e0rrec de Miquel Martorell i Marta Bertran)<\/li>\n<li><a href=\"https:\/\/www.youtube.com\/watch?v=IpHqlBsp-7I&amp;list=PLA_E8rFAz2-OdfUBYGqw-Ku2q6aoGtpLR&amp;index=9\" target=\"_blank\" rel=\"noopener noreferrer\">Apoderament juvenil per combatre l&#8217;adultocentrisme<\/a>\u00a0(a c\u00e0rrec de Asun Llena, Albert Mart\u00edn i Jordi Estivill)<\/li>\n<\/ul>\n<\/li>\n<li style=\"text-align: justify;\"><strong>Entrevistes a ponents i participants:<\/strong>\n<ul>\n<li style=\"text-align: justify;\"><a href=\"https:\/\/www.youtube.com\/watch?v=lim1Ojo-q9g&amp;list=PLA_E8rFAz2-OdfUBYGqw-Ku2q6aoGtpLR&amp;index=2&amp;t=0s\" target=\"_blank\" rel=\"noopener noreferrer\">Qu\u00e8 opinen les participants?<\/a><\/li>\n<li style=\"text-align: justify;\"><a href=\"https:\/\/www.youtube.com\/watch?v=F-YwKNSJj0w&amp;index=2&amp;list=PLA_E8rFAz2-OdfUBYGqw-Ku2q6aoGtpLR\" target=\"_blank\" rel=\"noopener noreferrer\">Me&#8217;n fas 5 c\u00e8ntims?\n<p><\/a><\/li>\n<\/ul>\n<\/li>\n<li><strong>\u00c0lbum\u00a0amb les millors fotografies\u00a0del cap de setmana:<\/strong>\n<ul>\n<li><a href=\"https:\/\/photos.app.goo.gl\/xmzKCfEW1h6Jxakk9\" target=\"_blank\" rel=\"noopener noreferrer\">Google Fotos<\/a><\/li>\n<li><a href=\"https:\/\/www.facebook.com\/pg\/esplaiscatalans\/photos\/?tab=album&amp;album_id=2170645526291667\" target=\"_blank\" rel=\"noopener noreferrer\">Facebook\n<p><\/a><\/li>\n<\/ul>\n<\/li>\n<li><strong><a href=\"https:\/\/www.youtube.com\/watch?v=nrx8MpXQVjY\" target=\"_blank\" rel=\"noopener noreferrer\">V\u00eddeo resum<\/a> en imatges i tuits\u00a0<\/strong><\/li>\n<\/ul>\n<p>Tamb\u00e9, pots trobar tots els tuits amb l&#8217;etiqueta #EscolaEsplac19 que es van\u00a0fer\u00a0<a href=\"https:\/\/twitter.com\/hashtag\/escolaesplac19?f=tweets&amp;vertical=default&amp;src=hash\" target=\"_blank\" rel=\"noopener noreferrer\">aqu\u00ed!\u00a0<\/a><\/p>\n","protected":false},"excerpt":{"rendered":"<p>Fem resum de l&#8217;Escola d&#8217;Esplac 2019 amb fotograf\u00edes i v\u00eddeos [&hellip;]<\/p>\n","protected":false},"author":1,"featured_media":23794,"comment_status":"closed","ping_status":"open","sticky":false,"template":"","format":"standard","meta":{"om_disable_all_campaigns":false,"_monsterinsights_skip_tracking":false,"_monsterinsights_sitenote_active":false,"_monsterinsights_sitenote_note":"","_monsterinsights_sitenote_category":0,"_uf_show_specific_survey":0,"_uf_disable_surveys":false,"footnotes":""},"categories":[1131,1129,1167,1162,1],"tags":[1051,1023,92,1002,1003,54,344,134],"class_list":["post-23793","post","type-post","status-publish","format-standard","has-post-thumbnail","hentry","category-cursos-formacions","category-escola-desplac","category-infancia","category-linies-pedagogiques","category-sense-categoria","tag-adolescentse","tag-adultocentrisme","tag-educacio","tag-educacio-popular","tag-esplai","tag-formacio","tag-infants","tag-transformacio-social"],"yoast_head":"<!-- This site is optimized with the Yoast SEO plugin v27.5 - https:\/\/yoast.com\/product\/yoast-seo-wordpress\/ -->\n<title>Ja tenim aqu\u00ed els v\u00eddeos i fotos de l&#039;Escola d&#039;Esplac 2019! - Esplac<\/title>\n<meta name=\"robots\" content=\"index, follow, max-snippet:-1, max-image-preview:large, max-video-preview:-1\" \/>\n<link rel=\"canonical\" href=\"https:\/\/www.esplac.cat\/ja-tenim-aqui-els-videos-i-fotos-de-lescola-desplac-2019\/\" \/>\n<meta property=\"og:locale\" content=\"en_US\" \/>\n<meta property=\"og:type\" content=\"article\" \/>\n<meta property=\"og:title\" content=\"Ja tenim aqu\u00ed els v\u00eddeos i fotos de l&#039;Escola d&#039;Esplac 2019! - Esplac\" \/>\n<meta property=\"og:description\" content=\"Fem resum de l&#8217;Escola d&#8217;Esplac 2019 amb fotograf\u00edes i v\u00eddeos [&hellip;]\" \/>\n<meta property=\"og:url\" content=\"https:\/\/www.esplac.cat\/ja-tenim-aqui-els-videos-i-fotos-de-lescola-desplac-2019\/\" \/>\n<meta property=\"og:site_name\" content=\"Esplac\" \/>\n<meta property=\"article:published_time\" content=\"2019-03-07T08:44:11+00:00\" \/>\n<meta property=\"article:modified_time\" content=\"2020-10-15T16:23:32+00:00\" \/>\n<meta property=\"og:image\" content=\"https:\/\/www.esplac.cat\/wp-content\/uploads\/2019\/03\/portada-escola-esplac.jpg\" \/>\n\t<meta property=\"og:image:width\" content=\"847\" \/>\n\t<meta property=\"og:image:height\" content=\"350\" \/>\n\t<meta property=\"og:image:type\" content=\"image\/jpeg\" \/>\n<meta name=\"author\" content=\"root\" \/>\n<meta name=\"twitter:card\" content=\"summary_large_image\" \/>\n<meta name=\"twitter:label1\" content=\"Written by\" \/>\n\t<meta name=\"twitter:data1\" content=\"root\" \/>\n\t<meta name=\"twitter:label2\" content=\"Est. reading time\" \/>\n\t<meta name=\"twitter:data2\" content=\"1 minute\" \/>\n<script type=\"application\/ld+json\" class=\"yoast-schema-graph\">{\"@context\":\"https:\\\/\\\/schema.org\",\"@graph\":[{\"@type\":\"Article\",\"@id\":\"https:\\\/\\\/www.esplac.cat\\\/ja-tenim-aqui-els-videos-i-fotos-de-lescola-desplac-2019\\\/#article\",\"isPartOf\":{\"@id\":\"https:\\\/\\\/www.esplac.cat\\\/ja-tenim-aqui-els-videos-i-fotos-de-lescola-desplac-2019\\\/\"},\"author\":{\"name\":\"root\",\"@id\":\"https:\\\/\\\/www.esplac.cat\\\/#\\\/schema\\\/person\\\/8d7ee340c02b239b152b9ff2c3d40766\"},\"headline\":\"Ja tenim aqu\u00ed els v\u00eddeos i fotos de l&#8217;Escola d&#8217;Esplac 2019!\",\"datePublished\":\"2019-03-07T08:44:11+00:00\",\"dateModified\":\"2020-10-15T16:23:32+00:00\",\"mainEntityOfPage\":{\"@id\":\"https:\\\/\\\/www.esplac.cat\\\/ja-tenim-aqui-els-videos-i-fotos-de-lescola-desplac-2019\\\/\"},\"wordCount\":295,\"publisher\":{\"@id\":\"https:\\\/\\\/www.esplac.cat\\\/#organization\"},\"image\":{\"@id\":\"https:\\\/\\\/www.esplac.cat\\\/ja-tenim-aqui-els-videos-i-fotos-de-lescola-desplac-2019\\\/#primaryimage\"},\"thumbnailUrl\":\"https:\\\/\\\/www.esplac.cat\\\/wp-content\\\/uploads\\\/2019\\\/03\\\/portada-escola-esplac.jpg\",\"keywords\":[\"adolescentse\",\"Adultocentrisme\",\"educaci\u00f3\",\"educaci\u00f3 popular\",\"esplai\",\"formaci\u00f3\",\"infants\",\"transformaci\u00f3 social\"],\"articleSection\":[\"Cursos i formacions\",\"Escola d'Esplac\",\"Inf\u00e0ncia i Esplaiada\",\"L\u00ednies pedag\u00f2giques\",\"Sense categoria\"],\"inLanguage\":\"en-US\"},{\"@type\":\"WebPage\",\"@id\":\"https:\\\/\\\/www.esplac.cat\\\/ja-tenim-aqui-els-videos-i-fotos-de-lescola-desplac-2019\\\/\",\"url\":\"https:\\\/\\\/www.esplac.cat\\\/ja-tenim-aqui-els-videos-i-fotos-de-lescola-desplac-2019\\\/\",\"name\":\"Ja tenim aqu\u00ed els v\u00eddeos i fotos de l'Escola d'Esplac 2019! - Esplac\",\"isPartOf\":{\"@id\":\"https:\\\/\\\/www.esplac.cat\\\/#website\"},\"primaryImageOfPage\":{\"@id\":\"https:\\\/\\\/www.esplac.cat\\\/ja-tenim-aqui-els-videos-i-fotos-de-lescola-desplac-2019\\\/#primaryimage\"},\"image\":{\"@id\":\"https:\\\/\\\/www.esplac.cat\\\/ja-tenim-aqui-els-videos-i-fotos-de-lescola-desplac-2019\\\/#primaryimage\"},\"thumbnailUrl\":\"https:\\\/\\\/www.esplac.cat\\\/wp-content\\\/uploads\\\/2019\\\/03\\\/portada-escola-esplac.jpg\",\"datePublished\":\"2019-03-07T08:44:11+00:00\",\"dateModified\":\"2020-10-15T16:23:32+00:00\",\"breadcrumb\":{\"@id\":\"https:\\\/\\\/www.esplac.cat\\\/ja-tenim-aqui-els-videos-i-fotos-de-lescola-desplac-2019\\\/#breadcrumb\"},\"inLanguage\":\"en-US\",\"potentialAction\":[{\"@type\":\"ReadAction\",\"target\":[\"https:\\\/\\\/www.esplac.cat\\\/ja-tenim-aqui-els-videos-i-fotos-de-lescola-desplac-2019\\\/\"]}]},{\"@type\":\"ImageObject\",\"inLanguage\":\"en-US\",\"@id\":\"https:\\\/\\\/www.esplac.cat\\\/ja-tenim-aqui-els-videos-i-fotos-de-lescola-desplac-2019\\\/#primaryimage\",\"url\":\"https:\\\/\\\/www.esplac.cat\\\/wp-content\\\/uploads\\\/2019\\\/03\\\/portada-escola-esplac.jpg\",\"contentUrl\":\"https:\\\/\\\/www.esplac.cat\\\/wp-content\\\/uploads\\\/2019\\\/03\\\/portada-escola-esplac.jpg\",\"width\":847,\"height\":350},{\"@type\":\"BreadcrumbList\",\"@id\":\"https:\\\/\\\/www.esplac.cat\\\/ja-tenim-aqui-els-videos-i-fotos-de-lescola-desplac-2019\\\/#breadcrumb\",\"itemListElement\":[{\"@type\":\"ListItem\",\"position\":1,\"name\":\"Inici\",\"item\":\"https:\\\/\\\/www.esplac.cat\\\/en\\\/\"},{\"@type\":\"ListItem\",\"position\":2,\"name\":\"Ja tenim aqu\u00ed els v\u00eddeos i fotos de l&#8217;Escola d&#8217;Esplac 2019!\"}]},{\"@type\":\"WebSite\",\"@id\":\"https:\\\/\\\/www.esplac.cat\\\/#website\",\"url\":\"https:\\\/\\\/www.esplac.cat\\\/\",\"name\":\"Esplac\",\"description\":\"Esplais Catalans\",\"publisher\":{\"@id\":\"https:\\\/\\\/www.esplac.cat\\\/#organization\"},\"potentialAction\":[{\"@type\":\"SearchAction\",\"target\":{\"@type\":\"EntryPoint\",\"urlTemplate\":\"https:\\\/\\\/www.esplac.cat\\\/?s={search_term_string}\"},\"query-input\":{\"@type\":\"PropertyValueSpecification\",\"valueRequired\":true,\"valueName\":\"search_term_string\"}}],\"inLanguage\":\"en-US\"},{\"@type\":\"Organization\",\"@id\":\"https:\\\/\\\/www.esplac.cat\\\/#organization\",\"name\":\"Esplac\",\"url\":\"https:\\\/\\\/www.esplac.cat\\\/\",\"logo\":{\"@type\":\"ImageObject\",\"inLanguage\":\"en-US\",\"@id\":\"https:\\\/\\\/www.esplac.cat\\\/#\\\/schema\\\/logo\\\/image\\\/\",\"url\":\"https:\\\/\\\/www.esplac.cat\\\/wp-content\\\/uploads\\\/2019\\\/08\\\/logox2.png\",\"contentUrl\":\"https:\\\/\\\/www.esplac.cat\\\/wp-content\\\/uploads\\\/2019\\\/08\\\/logox2.png\",\"width\":600,\"height\":295,\"caption\":\"Esplac\"},\"image\":{\"@id\":\"https:\\\/\\\/www.esplac.cat\\\/#\\\/schema\\\/logo\\\/image\\\/\"}},{\"@type\":\"Person\",\"@id\":\"https:\\\/\\\/www.esplac.cat\\\/#\\\/schema\\\/person\\\/8d7ee340c02b239b152b9ff2c3d40766\",\"name\":\"root\",\"image\":{\"@type\":\"ImageObject\",\"inLanguage\":\"en-US\",\"@id\":\"https:\\\/\\\/secure.gravatar.com\\\/avatar\\\/9356757d53af8c5db257f894fbbd9ee7446c25af07cd2e7844bd1cf43acef754?s=96&d=mm&r=g\",\"url\":\"https:\\\/\\\/secure.gravatar.com\\\/avatar\\\/9356757d53af8c5db257f894fbbd9ee7446c25af07cd2e7844bd1cf43acef754?s=96&d=mm&r=g\",\"contentUrl\":\"https:\\\/\\\/secure.gravatar.com\\\/avatar\\\/9356757d53af8c5db257f894fbbd9ee7446c25af07cd2e7844bd1cf43acef754?s=96&d=mm&r=g\",\"caption\":\"root\"}}]}<\/script>\n<!-- \/ Yoast SEO plugin. -->","yoast_head_json":{"title":"Ja tenim aqu\u00ed els v\u00eddeos i fotos de l'Escola d'Esplac 2019! - Esplac","robots":{"index":"index","follow":"follow","max-snippet":"max-snippet:-1","max-image-preview":"max-image-preview:large","max-video-preview":"max-video-preview:-1"},"canonical":"https:\/\/www.esplac.cat\/ja-tenim-aqui-els-videos-i-fotos-de-lescola-desplac-2019\/","og_locale":"en_US","og_type":"article","og_title":"Ja tenim aqu\u00ed els v\u00eddeos i fotos de l'Escola d'Esplac 2019! - Esplac","og_description":"Fem resum de l&#8217;Escola d&#8217;Esplac 2019 amb fotograf\u00edes i v\u00eddeos [&hellip;]","og_url":"https:\/\/www.esplac.cat\/ja-tenim-aqui-els-videos-i-fotos-de-lescola-desplac-2019\/","og_site_name":"Esplac","article_published_time":"2019-03-07T08:44:11+00:00","article_modified_time":"2020-10-15T16:23:32+00:00","og_image":[{"width":847,"height":350,"url":"https:\/\/www.esplac.cat\/wp-content\/uploads\/2019\/03\/portada-escola-esplac.jpg","type":"image\/jpeg"}],"author":"root","twitter_card":"summary_large_image","twitter_misc":{"Written by":"root","Est. reading time":"1 minute"},"schema":{"@context":"https:\/\/schema.org","@graph":[{"@type":"Article","@id":"https:\/\/www.esplac.cat\/ja-tenim-aqui-els-videos-i-fotos-de-lescola-desplac-2019\/#article","isPartOf":{"@id":"https:\/\/www.esplac.cat\/ja-tenim-aqui-els-videos-i-fotos-de-lescola-desplac-2019\/"},"author":{"name":"root","@id":"https:\/\/www.esplac.cat\/#\/schema\/person\/8d7ee340c02b239b152b9ff2c3d40766"},"headline":"Ja tenim aqu\u00ed els v\u00eddeos i fotos de l&#8217;Escola d&#8217;Esplac 2019!","datePublished":"2019-03-07T08:44:11+00:00","dateModified":"2020-10-15T16:23:32+00:00","mainEntityOfPage":{"@id":"https:\/\/www.esplac.cat\/ja-tenim-aqui-els-videos-i-fotos-de-lescola-desplac-2019\/"},"wordCount":295,"publisher":{"@id":"https:\/\/www.esplac.cat\/#organization"},"image":{"@id":"https:\/\/www.esplac.cat\/ja-tenim-aqui-els-videos-i-fotos-de-lescola-desplac-2019\/#primaryimage"},"thumbnailUrl":"https:\/\/www.esplac.cat\/wp-content\/uploads\/2019\/03\/portada-escola-esplac.jpg","keywords":["adolescentse","Adultocentrisme","educaci\u00f3","educaci\u00f3 popular","esplai","formaci\u00f3","infants","transformaci\u00f3 social"],"articleSection":["Cursos i formacions","Escola d'Esplac","Inf\u00e0ncia i Esplaiada","L\u00ednies pedag\u00f2giques","Sense categoria"],"inLanguage":"en-US"},{"@type":"WebPage","@id":"https:\/\/www.esplac.cat\/ja-tenim-aqui-els-videos-i-fotos-de-lescola-desplac-2019\/","url":"https:\/\/www.esplac.cat\/ja-tenim-aqui-els-videos-i-fotos-de-lescola-desplac-2019\/","name":"Ja tenim aqu\u00ed els v\u00eddeos i fotos de l'Escola d'Esplac 2019! - Esplac","isPartOf":{"@id":"https:\/\/www.esplac.cat\/#website"},"primaryImageOfPage":{"@id":"https:\/\/www.esplac.cat\/ja-tenim-aqui-els-videos-i-fotos-de-lescola-desplac-2019\/#primaryimage"},"image":{"@id":"https:\/\/www.esplac.cat\/ja-tenim-aqui-els-videos-i-fotos-de-lescola-desplac-2019\/#primaryimage"},"thumbnailUrl":"https:\/\/www.esplac.cat\/wp-content\/uploads\/2019\/03\/portada-escola-esplac.jpg","datePublished":"2019-03-07T08:44:11+00:00","dateModified":"2020-10-15T16:23:32+00:00","breadcrumb":{"@id":"https:\/\/www.esplac.cat\/ja-tenim-aqui-els-videos-i-fotos-de-lescola-desplac-2019\/#breadcrumb"},"inLanguage":"en-US","potentialAction":[{"@type":"ReadAction","target":["https:\/\/www.esplac.cat\/ja-tenim-aqui-els-videos-i-fotos-de-lescola-desplac-2019\/"]}]},{"@type":"ImageObject","inLanguage":"en-US","@id":"https:\/\/www.esplac.cat\/ja-tenim-aqui-els-videos-i-fotos-de-lescola-desplac-2019\/#primaryimage","url":"https:\/\/www.esplac.cat\/wp-content\/uploads\/2019\/03\/portada-escola-esplac.jpg","contentUrl":"https:\/\/www.esplac.cat\/wp-content\/uploads\/2019\/03\/portada-escola-esplac.jpg","width":847,"height":350},{"@type":"BreadcrumbList","@id":"https:\/\/www.esplac.cat\/ja-tenim-aqui-els-videos-i-fotos-de-lescola-desplac-2019\/#breadcrumb","itemListElement":[{"@type":"ListItem","position":1,"name":"Inici","item":"https:\/\/www.esplac.cat\/en\/"},{"@type":"ListItem","position":2,"name":"Ja tenim aqu\u00ed els v\u00eddeos i fotos de l&#8217;Escola d&#8217;Esplac 2019!"}]},{"@type":"WebSite","@id":"https:\/\/www.esplac.cat\/#website","url":"https:\/\/www.esplac.cat\/","name":"Esplac","description":"Esplais Catalans","publisher":{"@id":"https:\/\/www.esplac.cat\/#organization"},"potentialAction":[{"@type":"SearchAction","target":{"@type":"EntryPoint","urlTemplate":"https:\/\/www.esplac.cat\/?s={search_term_string}"},"query-input":{"@type":"PropertyValueSpecification","valueRequired":true,"valueName":"search_term_string"}}],"inLanguage":"en-US"},{"@type":"Organization","@id":"https:\/\/www.esplac.cat\/#organization","name":"Esplac","url":"https:\/\/www.esplac.cat\/","logo":{"@type":"ImageObject","inLanguage":"en-US","@id":"https:\/\/www.esplac.cat\/#\/schema\/logo\/image\/","url":"https:\/\/www.esplac.cat\/wp-content\/uploads\/2019\/08\/logox2.png","contentUrl":"https:\/\/www.esplac.cat\/wp-content\/uploads\/2019\/08\/logox2.png","width":600,"height":295,"caption":"Esplac"},"image":{"@id":"https:\/\/www.esplac.cat\/#\/schema\/logo\/image\/"}},{"@type":"Person","@id":"https:\/\/www.esplac.cat\/#\/schema\/person\/8d7ee340c02b239b152b9ff2c3d40766","name":"root","image":{"@type":"ImageObject","inLanguage":"en-US","@id":"https:\/\/secure.gravatar.com\/avatar\/9356757d53af8c5db257f894fbbd9ee7446c25af07cd2e7844bd1cf43acef754?s=96&d=mm&r=g","url":"https:\/\/secure.gravatar.com\/avatar\/9356757d53af8c5db257f894fbbd9ee7446c25af07cd2e7844bd1cf43acef754?s=96&d=mm&r=g","contentUrl":"https:\/\/secure.gravatar.com\/avatar\/9356757d53af8c5db257f894fbbd9ee7446c25af07cd2e7844bd1cf43acef754?s=96&d=mm&r=g","caption":"root"}}]}},"_links":{"self":[{"href":"https:\/\/www.esplac.cat\/en\/wp-json\/wp\/v2\/posts\/23793","targetHints":{"allow":["GET"]}}],"collection":[{"href":"https:\/\/www.esplac.cat\/en\/wp-json\/wp\/v2\/posts"}],"about":[{"href":"https:\/\/www.esplac.cat\/en\/wp-json\/wp\/v2\/types\/post"}],"author":[{"embeddable":true,"href":"https:\/\/www.esplac.cat\/en\/wp-json\/wp\/v2\/users\/1"}],"replies":[{"embeddable":true,"href":"https:\/\/www.esplac.cat\/en\/wp-json\/wp\/v2\/comments?post=23793"}],"version-history":[{"count":0,"href":"https:\/\/www.esplac.cat\/en\/wp-json\/wp\/v2\/posts\/23793\/revisions"}],"wp:featuredmedia":[{"embeddable":true,"href":"https:\/\/www.esplac.cat\/en\/wp-json\/wp\/v2\/media\/23794"}],"wp:attachment":[{"href":"https:\/\/www.esplac.cat\/en\/wp-json\/wp\/v2\/media?parent=23793"}],"wp:term":[{"taxonomy":"category","embeddable":true,"href":"https:\/\/www.esplac.cat\/en\/wp-json\/wp\/v2\/categories?post=23793"},{"taxonomy":"post_tag","embeddable":true,"href":"https:\/\/www.esplac.cat\/en\/wp-json\/wp\/v2\/tags?post=23793"}],"curies":[{"name":"wp","href":"https:\/\/api.w.org\/{rel}","templated":true}]}}