{"id":23841,"date":"2019-02-19T16:00:43","date_gmt":"2019-02-19T14:00:43","guid":{"rendered":"http:\/\/esplac.cat\/?p=21840"},"modified":"2020-10-15T17:23:34","modified_gmt":"2020-10-15T16:23:34","slug":"nou-concepte-tothom-parla-adultocentrisme-escola-esplac-2019","status":"publish","type":"post","link":"https:\/\/www.esplac.cat\/en\/nou-concepte-tothom-parla-adultocentrisme-escola-esplac-2019\/","title":{"rendered":"El nou concepte del que tothom parla: l\u2019adultocentrisme. ESCOLA D&#8217;ESPLAC 2019."},"content":{"rendered":"<h4 style=\"text-align: justify;\">En aquesta sisena edici\u00f3 de l\u2019Escola d\u2019Esplac, sota el lema \u201cI tu, com eduques?\u201d, m\u00e9s d\u2019un centenar de participants vam reflexionar i debatre sobre el poder i el privilegi adult en l\u2019acompanyament i l\u2019educaci\u00f3 d\u2019infants i adolescents.<\/h4>\n<p style=\"text-align: justify;\">L\u2019Escola d\u2019Esplac \u00e9s un espai formatiu, de debat i d\u2019intercanvi d\u2019experi\u00e8ncies i recursos que ofereix idees noves per revisar i millorar la tasca educativa de persones relacionades amb el m\u00f3n educatiu. A trav\u00e9s de <strong>pon\u00e8ncies, taules rodones i espais de debat<\/strong>, en aquesta sisena edici\u00f3 vam\u00a0anar compartint opinions i extraient les pr\u00f2pies conclusions sobre l\u2019<strong>adultocentrisme<\/strong>: com es manifesta i de quina manera s\u2019hi pot fer front en les relacions educatives.<\/p>\n<p style=\"text-align: justify;\">Aquest cap de setmana de formaci\u00f3 va comptar amb la pres\u00e8ncia de diverses persones expertes en els \u00e0mbits de l\u2019educaci\u00f3, la pedagogia i la sociologia. <strong>Ana Irene P\u00e9rez Rueda<\/strong> (Universitat Aut\u00f2noma de Madrid), va ser l\u2019encarregada de donar el tret de sortida a la jornada, encap\u00e7alant una pon\u00e8ncia en la que va destacar que \u201c<em>l&#8217;adultocentrisme t\u00e9 una relaci\u00f3 directa amb altres formes d&#8217;opressi\u00f3 com el patriarcat i el capitalisme<\/em>&#8220;. <strong>Lourdes Gait\u00e1n Mu\u00f1oz<\/strong> (investigadora en inf\u00e0ncia i s\u00f2cia fundadora del GSIA), va encarregar-se de la pon\u00e8ncia de tancament, i va voler ressaltar que \u201c<em>\u00e9s molt diferent fer associacions per als infants, que tenir associacions fetes per infants&#8221;, i que \u201cpoc a poc els infants comencen a prendre consci\u00e8ncia dels seus drets, i aix\u00f2 \u00e9s degut, en gran part, a associacions com els esplais<\/em>&#8220;.<\/p>\n<p style=\"text-align: justify;\">A m\u00e9s de les dues caps de cartell, tamb\u00e9 van formar part del cercle d\u2019experts que van participar en les taules rodones noms com <strong>Miquel Martorell, Marta Bertran, Ingrid Agud-Morell, Pau L\u00f3pez, Ferm\u00edn Rodr\u00edguez, Asun Llena, Albert Mart\u00edn, Jordi Estivill, Isaac Uy\u00e0, Laura Torrella, Julia Goula, Benedetta Rodeghiero <\/strong>i<strong> Elena Guim<\/strong>.<\/p>\n<p style=\"text-align: justify;\"><strong>Caterina Pedregal<\/strong>, presidenta d&#8217;Esplac, va valorar \u201cmolt positivament\u201d l\u2019edici\u00f3 d\u2019enguany, \u201cd\u2019una banda, pel gran volum de participaci\u00f3, i de l\u2019altra, pel bon nivell de debat i reflexi\u00f3 potenciat per les ponents i les persones expertes convidades\u201d.<\/p>\n<p style=\"text-align: justify;\">Aqu\u00ed\u00a0podeu veure un v\u00eddeo resum en imatges i tuits d&#8217;aquesta edici\u00f3 de l&#8217;Escola d&#8217;Esplac plena de debat i reflexi\u00f3:<\/p>\n<p>&nbsp;<\/p>\n<div class=\"video-shortcode\"><iframe class=\"fusion-hidden\" data-privacy-type=\"youtube\" src=\"\" title=\"Escola d&#039;Esplac 2019  | Un resum en imatges i tuits\" width=\"1200\" height=\"675\" data-privacy-src=\"https:\/\/www.youtube.com\/embed\/nrx8MpXQVjY?feature=oembed\" frameborder=\"0\" allow=\"accelerometer; autoplay; encrypted-media; gyroscope; picture-in-picture\" allowfullscreen><\/iframe><div class=\"fusion-privacy-placeholder\" style=\"width:1200px; height:675px;\" data-privacy-type=\"youtube\"><div class=\"fusion-privacy-placeholder-content\"><div class=\"fusion-privacy-label\">For privacy reasons YouTube needs your permission to be loaded. For more details, please see our <a class=\"privacy-policy-link\" href=\"https:\/\/www.esplac.cat\/avis-legal\/\" rel=\"privacy-policy\">Av\u00eds Legal<\/a>.<\/div><a href=\"\" data-privacy-type=\"youtube\" class=\"fusion-button button-default fusion-button-default-size button fusion-privacy-consent\">I Accept<\/a><\/div><\/div><\/div>\n","protected":false},"excerpt":{"rendered":"<p>En aquesta sisena edici\u00f3 de l\u2019Escola d\u2019Esplac, sota el lema [&hellip;]<\/p>\n","protected":false},"author":1,"featured_media":23842,"comment_status":"closed","ping_status":"open","sticky":false,"template":"","format":"standard","meta":{"om_disable_all_campaigns":false,"_monsterinsights_skip_tracking":false,"_monsterinsights_sitenote_active":false,"_monsterinsights_sitenote_note":"","_monsterinsights_sitenote_category":0,"_uf_show_specific_survey":0,"_uf_disable_surveys":false,"footnotes":""},"categories":[1131,1129,1167,1162,1],"tags":[1023,599,92,1002,184,1003,443,134],"class_list":["post-23841","post","type-post","status-publish","format-standard","has-post-thumbnail","hentry","category-cursos-formacions","category-escola-desplac","category-infancia","category-linies-pedagogiques","category-sense-categoria","tag-adultocentrisme","tag-debat","tag-educacio","tag-educacio-popular","tag-escola-desplac","tag-esplai","tag-formacions","tag-transformacio-social"],"yoast_head":"<!-- This site is optimized with the Yoast SEO plugin v27.4 - https:\/\/yoast.com\/product\/yoast-seo-wordpress\/ -->\n<title>El nou concepte del que tothom parla: l\u2019adultocentrisme. ESCOLA D&#039;ESPLAC 2019. - Esplac<\/title>\n<meta name=\"robots\" content=\"index, follow, max-snippet:-1, max-image-preview:large, max-video-preview:-1\" \/>\n<link rel=\"canonical\" href=\"https:\/\/www.esplac.cat\/nou-concepte-tothom-parla-adultocentrisme-escola-esplac-2019\/\" \/>\n<meta property=\"og:locale\" content=\"en_US\" \/>\n<meta property=\"og:type\" content=\"article\" \/>\n<meta property=\"og:title\" content=\"El nou concepte del que tothom parla: l\u2019adultocentrisme. ESCOLA D&#039;ESPLAC 2019. - Esplac\" \/>\n<meta property=\"og:description\" content=\"En aquesta sisena edici\u00f3 de l\u2019Escola d\u2019Esplac, sota el lema [&hellip;]\" \/>\n<meta property=\"og:url\" content=\"https:\/\/www.esplac.cat\/nou-concepte-tothom-parla-adultocentrisme-escola-esplac-2019\/\" \/>\n<meta property=\"og:site_name\" content=\"Esplac\" \/>\n<meta property=\"article:published_time\" content=\"2019-02-19T14:00:43+00:00\" \/>\n<meta property=\"article:modified_time\" content=\"2020-10-15T16:23:34+00:00\" \/>\n<meta property=\"og:image\" content=\"https:\/\/www.esplac.cat\/wp-content\/uploads\/2019\/02\/Untitled-1.jpg\" \/>\n\t<meta property=\"og:image:width\" content=\"847\" \/>\n\t<meta property=\"og:image:height\" content=\"350\" \/>\n\t<meta property=\"og:image:type\" content=\"image\/jpeg\" \/>\n<meta name=\"author\" content=\"root\" \/>\n<meta name=\"twitter:card\" content=\"summary_large_image\" \/>\n<meta name=\"twitter:label1\" content=\"Written by\" \/>\n\t<meta name=\"twitter:data1\" content=\"root\" \/>\n\t<meta name=\"twitter:label2\" content=\"Est. reading time\" \/>\n\t<meta name=\"twitter:data2\" content=\"2 minutes\" \/>\n<script type=\"application\/ld+json\" class=\"yoast-schema-graph\">{\"@context\":\"https:\\\/\\\/schema.org\",\"@graph\":[{\"@type\":\"Article\",\"@id\":\"https:\\\/\\\/www.esplac.cat\\\/nou-concepte-tothom-parla-adultocentrisme-escola-esplac-2019\\\/#article\",\"isPartOf\":{\"@id\":\"https:\\\/\\\/www.esplac.cat\\\/nou-concepte-tothom-parla-adultocentrisme-escola-esplac-2019\\\/\"},\"author\":{\"name\":\"root\",\"@id\":\"https:\\\/\\\/www.esplac.cat\\\/#\\\/schema\\\/person\\\/8d7ee340c02b239b152b9ff2c3d40766\"},\"headline\":\"El nou concepte del que tothom parla: l\u2019adultocentrisme. ESCOLA D&#8217;ESPLAC 2019.\",\"datePublished\":\"2019-02-19T14:00:43+00:00\",\"dateModified\":\"2020-10-15T16:23:34+00:00\",\"mainEntityOfPage\":{\"@id\":\"https:\\\/\\\/www.esplac.cat\\\/nou-concepte-tothom-parla-adultocentrisme-escola-esplac-2019\\\/\"},\"wordCount\":416,\"publisher\":{\"@id\":\"https:\\\/\\\/www.esplac.cat\\\/#organization\"},\"image\":{\"@id\":\"https:\\\/\\\/www.esplac.cat\\\/nou-concepte-tothom-parla-adultocentrisme-escola-esplac-2019\\\/#primaryimage\"},\"thumbnailUrl\":\"https:\\\/\\\/www.esplac.cat\\\/wp-content\\\/uploads\\\/2019\\\/02\\\/Untitled-1.jpg\",\"keywords\":[\"Adultocentrisme\",\"debat\",\"educaci\u00f3\",\"educaci\u00f3 popular\",\"escola d'Esplac\",\"esplai\",\"formacions\",\"transformaci\u00f3 social\"],\"articleSection\":[\"Cursos i formacions\",\"Escola d'Esplac\",\"Inf\u00e0ncia i Esplaiada\",\"L\u00ednies pedag\u00f2giques\",\"Sense categoria\"],\"inLanguage\":\"en-US\"},{\"@type\":\"WebPage\",\"@id\":\"https:\\\/\\\/www.esplac.cat\\\/nou-concepte-tothom-parla-adultocentrisme-escola-esplac-2019\\\/\",\"url\":\"https:\\\/\\\/www.esplac.cat\\\/nou-concepte-tothom-parla-adultocentrisme-escola-esplac-2019\\\/\",\"name\":\"El nou concepte del que tothom parla: l\u2019adultocentrisme. ESCOLA D'ESPLAC 2019. - Esplac\",\"isPartOf\":{\"@id\":\"https:\\\/\\\/www.esplac.cat\\\/#website\"},\"primaryImageOfPage\":{\"@id\":\"https:\\\/\\\/www.esplac.cat\\\/nou-concepte-tothom-parla-adultocentrisme-escola-esplac-2019\\\/#primaryimage\"},\"image\":{\"@id\":\"https:\\\/\\\/www.esplac.cat\\\/nou-concepte-tothom-parla-adultocentrisme-escola-esplac-2019\\\/#primaryimage\"},\"thumbnailUrl\":\"https:\\\/\\\/www.esplac.cat\\\/wp-content\\\/uploads\\\/2019\\\/02\\\/Untitled-1.jpg\",\"datePublished\":\"2019-02-19T14:00:43+00:00\",\"dateModified\":\"2020-10-15T16:23:34+00:00\",\"breadcrumb\":{\"@id\":\"https:\\\/\\\/www.esplac.cat\\\/nou-concepte-tothom-parla-adultocentrisme-escola-esplac-2019\\\/#breadcrumb\"},\"inLanguage\":\"en-US\",\"potentialAction\":[{\"@type\":\"ReadAction\",\"target\":[\"https:\\\/\\\/www.esplac.cat\\\/nou-concepte-tothom-parla-adultocentrisme-escola-esplac-2019\\\/\"]}]},{\"@type\":\"ImageObject\",\"inLanguage\":\"en-US\",\"@id\":\"https:\\\/\\\/www.esplac.cat\\\/nou-concepte-tothom-parla-adultocentrisme-escola-esplac-2019\\\/#primaryimage\",\"url\":\"https:\\\/\\\/www.esplac.cat\\\/wp-content\\\/uploads\\\/2019\\\/02\\\/Untitled-1.jpg\",\"contentUrl\":\"https:\\\/\\\/www.esplac.cat\\\/wp-content\\\/uploads\\\/2019\\\/02\\\/Untitled-1.jpg\",\"width\":847,\"height\":350},{\"@type\":\"BreadcrumbList\",\"@id\":\"https:\\\/\\\/www.esplac.cat\\\/nou-concepte-tothom-parla-adultocentrisme-escola-esplac-2019\\\/#breadcrumb\",\"itemListElement\":[{\"@type\":\"ListItem\",\"position\":1,\"name\":\"Inici\",\"item\":\"https:\\\/\\\/www.esplac.cat\\\/en\\\/\"},{\"@type\":\"ListItem\",\"position\":2,\"name\":\"El nou concepte del que tothom parla: l\u2019adultocentrisme. ESCOLA D&#8217;ESPLAC 2019.\"}]},{\"@type\":\"WebSite\",\"@id\":\"https:\\\/\\\/www.esplac.cat\\\/#website\",\"url\":\"https:\\\/\\\/www.esplac.cat\\\/\",\"name\":\"Esplac\",\"description\":\"Esplais Catalans\",\"publisher\":{\"@id\":\"https:\\\/\\\/www.esplac.cat\\\/#organization\"},\"potentialAction\":[{\"@type\":\"SearchAction\",\"target\":{\"@type\":\"EntryPoint\",\"urlTemplate\":\"https:\\\/\\\/www.esplac.cat\\\/?s={search_term_string}\"},\"query-input\":{\"@type\":\"PropertyValueSpecification\",\"valueRequired\":true,\"valueName\":\"search_term_string\"}}],\"inLanguage\":\"en-US\"},{\"@type\":\"Organization\",\"@id\":\"https:\\\/\\\/www.esplac.cat\\\/#organization\",\"name\":\"Esplac\",\"url\":\"https:\\\/\\\/www.esplac.cat\\\/\",\"logo\":{\"@type\":\"ImageObject\",\"inLanguage\":\"en-US\",\"@id\":\"https:\\\/\\\/www.esplac.cat\\\/#\\\/schema\\\/logo\\\/image\\\/\",\"url\":\"https:\\\/\\\/www.esplac.cat\\\/wp-content\\\/uploads\\\/2019\\\/08\\\/logox2.png\",\"contentUrl\":\"https:\\\/\\\/www.esplac.cat\\\/wp-content\\\/uploads\\\/2019\\\/08\\\/logox2.png\",\"width\":600,\"height\":295,\"caption\":\"Esplac\"},\"image\":{\"@id\":\"https:\\\/\\\/www.esplac.cat\\\/#\\\/schema\\\/logo\\\/image\\\/\"}},{\"@type\":\"Person\",\"@id\":\"https:\\\/\\\/www.esplac.cat\\\/#\\\/schema\\\/person\\\/8d7ee340c02b239b152b9ff2c3d40766\",\"name\":\"root\",\"image\":{\"@type\":\"ImageObject\",\"inLanguage\":\"en-US\",\"@id\":\"https:\\\/\\\/secure.gravatar.com\\\/avatar\\\/9356757d53af8c5db257f894fbbd9ee7446c25af07cd2e7844bd1cf43acef754?s=96&d=mm&r=g\",\"url\":\"https:\\\/\\\/secure.gravatar.com\\\/avatar\\\/9356757d53af8c5db257f894fbbd9ee7446c25af07cd2e7844bd1cf43acef754?s=96&d=mm&r=g\",\"contentUrl\":\"https:\\\/\\\/secure.gravatar.com\\\/avatar\\\/9356757d53af8c5db257f894fbbd9ee7446c25af07cd2e7844bd1cf43acef754?s=96&d=mm&r=g\",\"caption\":\"root\"}}]}<\/script>\n<!-- \/ Yoast SEO plugin. -->","yoast_head_json":{"title":"El nou concepte del que tothom parla: l\u2019adultocentrisme. ESCOLA D'ESPLAC 2019. - Esplac","robots":{"index":"index","follow":"follow","max-snippet":"max-snippet:-1","max-image-preview":"max-image-preview:large","max-video-preview":"max-video-preview:-1"},"canonical":"https:\/\/www.esplac.cat\/nou-concepte-tothom-parla-adultocentrisme-escola-esplac-2019\/","og_locale":"en_US","og_type":"article","og_title":"El nou concepte del que tothom parla: l\u2019adultocentrisme. ESCOLA D'ESPLAC 2019. - Esplac","og_description":"En aquesta sisena edici\u00f3 de l\u2019Escola d\u2019Esplac, sota el lema [&hellip;]","og_url":"https:\/\/www.esplac.cat\/nou-concepte-tothom-parla-adultocentrisme-escola-esplac-2019\/","og_site_name":"Esplac","article_published_time":"2019-02-19T14:00:43+00:00","article_modified_time":"2020-10-15T16:23:34+00:00","og_image":[{"width":847,"height":350,"url":"https:\/\/www.esplac.cat\/wp-content\/uploads\/2019\/02\/Untitled-1.jpg","type":"image\/jpeg"}],"author":"root","twitter_card":"summary_large_image","twitter_misc":{"Written by":"root","Est. reading time":"2 minutes"},"schema":{"@context":"https:\/\/schema.org","@graph":[{"@type":"Article","@id":"https:\/\/www.esplac.cat\/nou-concepte-tothom-parla-adultocentrisme-escola-esplac-2019\/#article","isPartOf":{"@id":"https:\/\/www.esplac.cat\/nou-concepte-tothom-parla-adultocentrisme-escola-esplac-2019\/"},"author":{"name":"root","@id":"https:\/\/www.esplac.cat\/#\/schema\/person\/8d7ee340c02b239b152b9ff2c3d40766"},"headline":"El nou concepte del que tothom parla: l\u2019adultocentrisme. ESCOLA D&#8217;ESPLAC 2019.","datePublished":"2019-02-19T14:00:43+00:00","dateModified":"2020-10-15T16:23:34+00:00","mainEntityOfPage":{"@id":"https:\/\/www.esplac.cat\/nou-concepte-tothom-parla-adultocentrisme-escola-esplac-2019\/"},"wordCount":416,"publisher":{"@id":"https:\/\/www.esplac.cat\/#organization"},"image":{"@id":"https:\/\/www.esplac.cat\/nou-concepte-tothom-parla-adultocentrisme-escola-esplac-2019\/#primaryimage"},"thumbnailUrl":"https:\/\/www.esplac.cat\/wp-content\/uploads\/2019\/02\/Untitled-1.jpg","keywords":["Adultocentrisme","debat","educaci\u00f3","educaci\u00f3 popular","escola d'Esplac","esplai","formacions","transformaci\u00f3 social"],"articleSection":["Cursos i formacions","Escola d'Esplac","Inf\u00e0ncia i Esplaiada","L\u00ednies pedag\u00f2giques","Sense categoria"],"inLanguage":"en-US"},{"@type":"WebPage","@id":"https:\/\/www.esplac.cat\/nou-concepte-tothom-parla-adultocentrisme-escola-esplac-2019\/","url":"https:\/\/www.esplac.cat\/nou-concepte-tothom-parla-adultocentrisme-escola-esplac-2019\/","name":"El nou concepte del que tothom parla: l\u2019adultocentrisme. ESCOLA D'ESPLAC 2019. - Esplac","isPartOf":{"@id":"https:\/\/www.esplac.cat\/#website"},"primaryImageOfPage":{"@id":"https:\/\/www.esplac.cat\/nou-concepte-tothom-parla-adultocentrisme-escola-esplac-2019\/#primaryimage"},"image":{"@id":"https:\/\/www.esplac.cat\/nou-concepte-tothom-parla-adultocentrisme-escola-esplac-2019\/#primaryimage"},"thumbnailUrl":"https:\/\/www.esplac.cat\/wp-content\/uploads\/2019\/02\/Untitled-1.jpg","datePublished":"2019-02-19T14:00:43+00:00","dateModified":"2020-10-15T16:23:34+00:00","breadcrumb":{"@id":"https:\/\/www.esplac.cat\/nou-concepte-tothom-parla-adultocentrisme-escola-esplac-2019\/#breadcrumb"},"inLanguage":"en-US","potentialAction":[{"@type":"ReadAction","target":["https:\/\/www.esplac.cat\/nou-concepte-tothom-parla-adultocentrisme-escola-esplac-2019\/"]}]},{"@type":"ImageObject","inLanguage":"en-US","@id":"https:\/\/www.esplac.cat\/nou-concepte-tothom-parla-adultocentrisme-escola-esplac-2019\/#primaryimage","url":"https:\/\/www.esplac.cat\/wp-content\/uploads\/2019\/02\/Untitled-1.jpg","contentUrl":"https:\/\/www.esplac.cat\/wp-content\/uploads\/2019\/02\/Untitled-1.jpg","width":847,"height":350},{"@type":"BreadcrumbList","@id":"https:\/\/www.esplac.cat\/nou-concepte-tothom-parla-adultocentrisme-escola-esplac-2019\/#breadcrumb","itemListElement":[{"@type":"ListItem","position":1,"name":"Inici","item":"https:\/\/www.esplac.cat\/en\/"},{"@type":"ListItem","position":2,"name":"El nou concepte del que tothom parla: l\u2019adultocentrisme. ESCOLA D&#8217;ESPLAC 2019."}]},{"@type":"WebSite","@id":"https:\/\/www.esplac.cat\/#website","url":"https:\/\/www.esplac.cat\/","name":"Esplac","description":"Esplais Catalans","publisher":{"@id":"https:\/\/www.esplac.cat\/#organization"},"potentialAction":[{"@type":"SearchAction","target":{"@type":"EntryPoint","urlTemplate":"https:\/\/www.esplac.cat\/?s={search_term_string}"},"query-input":{"@type":"PropertyValueSpecification","valueRequired":true,"valueName":"search_term_string"}}],"inLanguage":"en-US"},{"@type":"Organization","@id":"https:\/\/www.esplac.cat\/#organization","name":"Esplac","url":"https:\/\/www.esplac.cat\/","logo":{"@type":"ImageObject","inLanguage":"en-US","@id":"https:\/\/www.esplac.cat\/#\/schema\/logo\/image\/","url":"https:\/\/www.esplac.cat\/wp-content\/uploads\/2019\/08\/logox2.png","contentUrl":"https:\/\/www.esplac.cat\/wp-content\/uploads\/2019\/08\/logox2.png","width":600,"height":295,"caption":"Esplac"},"image":{"@id":"https:\/\/www.esplac.cat\/#\/schema\/logo\/image\/"}},{"@type":"Person","@id":"https:\/\/www.esplac.cat\/#\/schema\/person\/8d7ee340c02b239b152b9ff2c3d40766","name":"root","image":{"@type":"ImageObject","inLanguage":"en-US","@id":"https:\/\/secure.gravatar.com\/avatar\/9356757d53af8c5db257f894fbbd9ee7446c25af07cd2e7844bd1cf43acef754?s=96&d=mm&r=g","url":"https:\/\/secure.gravatar.com\/avatar\/9356757d53af8c5db257f894fbbd9ee7446c25af07cd2e7844bd1cf43acef754?s=96&d=mm&r=g","contentUrl":"https:\/\/secure.gravatar.com\/avatar\/9356757d53af8c5db257f894fbbd9ee7446c25af07cd2e7844bd1cf43acef754?s=96&d=mm&r=g","caption":"root"}}]}},"_links":{"self":[{"href":"https:\/\/www.esplac.cat\/en\/wp-json\/wp\/v2\/posts\/23841","targetHints":{"allow":["GET"]}}],"collection":[{"href":"https:\/\/www.esplac.cat\/en\/wp-json\/wp\/v2\/posts"}],"about":[{"href":"https:\/\/www.esplac.cat\/en\/wp-json\/wp\/v2\/types\/post"}],"author":[{"embeddable":true,"href":"https:\/\/www.esplac.cat\/en\/wp-json\/wp\/v2\/users\/1"}],"replies":[{"embeddable":true,"href":"https:\/\/www.esplac.cat\/en\/wp-json\/wp\/v2\/comments?post=23841"}],"version-history":[{"count":0,"href":"https:\/\/www.esplac.cat\/en\/wp-json\/wp\/v2\/posts\/23841\/revisions"}],"wp:featuredmedia":[{"embeddable":true,"href":"https:\/\/www.esplac.cat\/en\/wp-json\/wp\/v2\/media\/23842"}],"wp:attachment":[{"href":"https:\/\/www.esplac.cat\/en\/wp-json\/wp\/v2\/media?parent=23841"}],"wp:term":[{"taxonomy":"category","embeddable":true,"href":"https:\/\/www.esplac.cat\/en\/wp-json\/wp\/v2\/categories?post=23841"},{"taxonomy":"post_tag","embeddable":true,"href":"https:\/\/www.esplac.cat\/en\/wp-json\/wp\/v2\/tags?post=23841"}],"curies":[{"name":"wp","href":"https:\/\/api.w.org\/{rel}","templated":true}]}}