{"id":23850,"date":"2019-02-14T10:51:56","date_gmt":"2019-02-14T08:51:56","guid":{"rendered":"http:\/\/esplac.cat\/?p=21812"},"modified":"2020-10-15T17:23:36","modified_gmt":"2020-10-15T16:23:36","slug":"es-busca-persona-voluntaria-a-austria-durant-7-mesos","status":"publish","type":"post","link":"https:\/\/www.esplac.cat\/en\/es-busca-persona-voluntaria-a-austria-durant-7-mesos\/","title":{"rendered":"Es busca persona volunt\u00e0ria a \u00c0ustria durant 7 mesos"},"content":{"rendered":"<p style=\"text-align: justify;\"><strong>L&#8217;entitat<a href=\"https:\/\/www.kinderfreunde.at\/V\/Rote-Falken-Oesterreich\" target=\"_blank\" rel=\"noopener noreferrer\"> Kinderfreunde i Rote Falken<\/a><\/strong>\u00a0est\u00e0 buscant una persona amb ganes i motivada per ser volunt\u00e0ria del Cos Europeu de Solidaritat (projecte de voluntariat europeu) a temps complet, principalment a<strong> Viena durant 7 mesos (des de principis de maig del 2019 fins a finals de novembre del 2019).<\/strong><\/p>\n<p style=\"text-align: justify;\"><strong>Com \u00e9s l&#8217;entitat?<\/strong> Kinderfreunde \u00e9s una organitzaci\u00f3 dirigida per nens\/nenes i joves. Compta amb 300 grups locals que estan organitzats en 9 branques federals. Kinderfreunde i Rote Falken s&#8217;encarreguen dels grups infantils, llars d&#8217;infants, parcs infantils, centres familiars i juvenils i molts altres. L&#8217;enfocament educatiu est\u00e0 fortament relacionat amb els drets dels infants i s&#8217;ha centrat en l&#8217;educaci\u00f3 cap a la democr\u00e0cia.<\/p>\n<p style=\"text-align: justify;\"><strong>Quines serien les meves tasques?<\/strong><\/p>\n<ol>\n<li style=\"text-align: justify;\"><strong>Donar suport a activitats<\/strong> com per exemple organitzaci\u00f3 d&#8217;un camp de 3 dies per aproximadament 1,500 persones, un campament d&#8217;estiu internacional de dues setmanes amb aproximadament 700 participants i un seminari de 2 dies per aproximadament 120 joves. La persona volunt\u00e0ria participaria en el<strong> proc\u00e9s de planificaci\u00f3 creativa<\/strong> i ajudaria a crear un programa divers per als diferents grups d&#8217;edats. La persona volunt\u00e0ria treballar\u00e0 conjuntament amb un equip de volunt\u00e0ries (internacionals).<\/li>\n<li style=\"text-align: justify;\">Donar suport al <strong>projecte<\/strong> <strong>Connect<\/strong>: \u00c9s una nova branca dins de l&#8217;oficina que t\u00e9 com a objectiu proporcionar activitats d&#8217;oci i de formaci\u00f3 per a <strong>persones refugiades.<\/strong><\/li>\n<li style=\"text-align: justify;\">Donar suport al <strong>camp Internacional de D\u00f6briach<\/strong>: Durant l&#8217;estiu, es preveu que les persones volunt\u00e0ries donin suport a l&#8217;equip a D\u00f6briach. Tamb\u00e9 estem creant projectes Erasmus + en aquest per\u00edode.<\/li>\n<\/ol>\n<p style=\"text-align: justify;\"><strong>Qu\u00e8 em costaria i qu\u00e8 s&#8217;ofereix?<\/strong><\/p>\n<ul>\n<li style=\"text-align: justify;\">L&#8217;allotjament i el menjar \u00e9s organitzat i pagat per l&#8217;entitat d&#8217;acollida. Cada mes es reben una quantitat de diners.<\/li>\n<li style=\"text-align: justify;\">Els vols s\u00f3n subvencionats<\/li>\n<li style=\"text-align: justify;\">Curs d&#8217;Alemany pagat<\/li>\n<li style=\"text-align: justify;\">Suport i formaci\u00f3 durant tot el projecte<\/li>\n<\/ul>\n<p style=\"text-align: justify;\"><strong>Qu\u00e8 guanyo fent un voluntariat europeu?<\/strong><\/p>\n<ul>\n<li style=\"text-align: justify;\">Creixement personal tant en l&#8217;\u00e0mbit de formaci\u00f3 com en l&#8217;\u00e0mbit de desenvolupament personal.<\/li>\n<li style=\"text-align: justify;\">Oportunitat d&#8217;aprendre una nova llengua i de millorar l&#8217;angl\u00e8s<\/li>\n<li style=\"text-align: justify;\">Oportunitat de con\u00e8ixer com funciona una altra entitat similar a Esplac en un altre context i amb gent molt diferent<\/li>\n<li style=\"text-align: justify;\">Participar activament en l&#8217;organitzaci\u00f3 i desenvolupament d&#8217;activitats juvenils.<\/li>\n<li style=\"text-align: justify;\">Viure una experi\u00e8ncia molt enriquidora: noves amistats, nou pa\u00eds, nous reptes a afrontar, descobertes personals&#8230;<\/li>\n<\/ul>\n<p style=\"text-align: justify;\"><strong>Vull con\u00e8ixer experi\u00e8ncies de persones que ho han fet&#8230;<\/strong><\/p>\n<ul>\n<li style=\"text-align: justify;\">Visita el<a href=\"https:\/\/www.somesplai.cat\/index.php\/category\/creuant_mirades\/\" target=\"_blank\" rel=\"noopener noreferrer\"><strong> Blog Creuant Mirades del Som Esplai<\/strong><\/a> on les persones acollides i enviades d&#8217;Esplac expliquen les seves experi\u00e8ncies.<\/li>\n<li style=\"text-align: justify;\">Visita la web Cos Europeu de Solidaritat: <a href=\"https:\/\/europa.eu\/youth\/solidarity\/video_es\" target=\"_blank\" rel=\"noopener noreferrer\">Aqu\u00ed<\/a> i <a href=\"https:\/\/europa.eu\/youth\/EU\/volunteering\/volunteer-stories_en\" target=\"_blank\" rel=\"noopener noreferrer\">aqu\u00ed<\/a>.<\/li>\n<\/ul>\n<p style=\"text-align: justify;\">Contacta amb <strong>internacional@esplac.cat<\/strong> perqu\u00e8 et posin en contacte amb persones que han anat a aquesta entitat o en d&#8217;altres per parlar-ne!<\/p>\n<p style=\"text-align: justify;\"><strong>Em fa il\u00b7lusi\u00f3 participar-hi o\u00a0tenir\u00a0m\u00e9s informaci\u00f3:<\/strong><\/p>\n<ul>\n<li style=\"text-align: justify;\">Contacta amb internacional@esplac.cat<\/li>\n<\/ul>\n<p>Donat que el projecte comen\u00e7a al maig, si est\u00e0s interessada, <strong>contacta&#8217;ns com m\u00e9s aviat millor!<\/strong><\/p>\n","protected":false},"excerpt":{"rendered":"<p>L&#8217;entitat Kinderfreunde i Rote Falken\u00a0est\u00e0 buscant una persona amb ganes [&hellip;]<\/p>\n","protected":false},"author":1,"featured_media":23851,"comment_status":"closed","ping_status":"open","sticky":false,"template":"","format":"standard","meta":{"om_disable_all_campaigns":false,"_monsterinsights_skip_tracking":false,"_monsterinsights_sitenote_active":false,"_monsterinsights_sitenote_note":"","_monsterinsights_sitenote_category":0,"_uf_show_specific_survey":0,"_uf_disable_surveys":false,"footnotes":""},"categories":[1112,1],"tags":[1031,692,1002,952,314,555,187,134,1042,158],"class_list":["post-23850","post","type-post","status-publish","format-standard","has-post-thumbnail","hentry","category-esplac-al-mon","category-sense-categoria","tag-activitats","tag-austria","tag-educacio-popular","tag-esplac-al-mon","tag-evs","tag-internacional","tag-sve","tag-transformacio-social","tag-viena","tag-voluntariat"],"yoast_head":"<!-- This site is optimized with the Yoast SEO plugin v27.5 - https:\/\/yoast.com\/product\/yoast-seo-wordpress\/ -->\n<title>Es busca persona volunt\u00e0ria a \u00c0ustria durant 7 mesos - Esplac<\/title>\n<meta name=\"robots\" content=\"index, follow, max-snippet:-1, max-image-preview:large, max-video-preview:-1\" \/>\n<link rel=\"canonical\" href=\"https:\/\/www.esplac.cat\/es-busca-persona-voluntaria-a-austria-durant-7-mesos\/\" \/>\n<meta property=\"og:locale\" content=\"en_US\" \/>\n<meta property=\"og:type\" content=\"article\" \/>\n<meta property=\"og:title\" content=\"Es busca persona volunt\u00e0ria a \u00c0ustria durant 7 mesos - Esplac\" \/>\n<meta property=\"og:description\" content=\"L&#8217;entitat Kinderfreunde i Rote Falken\u00a0est\u00e0 buscant una persona amb ganes [&hellip;]\" \/>\n<meta property=\"og:url\" content=\"https:\/\/www.esplac.cat\/es-busca-persona-voluntaria-a-austria-durant-7-mesos\/\" \/>\n<meta property=\"og:site_name\" content=\"Esplac\" \/>\n<meta property=\"article:published_time\" content=\"2019-02-14T08:51:56+00:00\" \/>\n<meta property=\"article:modified_time\" content=\"2020-10-15T16:23:36+00:00\" \/>\n<meta property=\"og:image\" content=\"https:\/\/www.esplac.cat\/wp-content\/uploads\/2019\/02\/portada.jpg\" \/>\n\t<meta property=\"og:image:width\" content=\"847\" \/>\n\t<meta property=\"og:image:height\" content=\"350\" \/>\n\t<meta property=\"og:image:type\" content=\"image\/jpeg\" \/>\n<meta name=\"author\" content=\"root\" \/>\n<meta name=\"twitter:card\" content=\"summary_large_image\" \/>\n<meta name=\"twitter:label1\" content=\"Written by\" \/>\n\t<meta name=\"twitter:data1\" content=\"root\" \/>\n\t<meta name=\"twitter:label2\" content=\"Est. reading time\" \/>\n\t<meta name=\"twitter:data2\" content=\"2 minutes\" \/>\n<script type=\"application\/ld+json\" class=\"yoast-schema-graph\">{\"@context\":\"https:\\\/\\\/schema.org\",\"@graph\":[{\"@type\":\"Article\",\"@id\":\"https:\\\/\\\/www.esplac.cat\\\/es-busca-persona-voluntaria-a-austria-durant-7-mesos\\\/#article\",\"isPartOf\":{\"@id\":\"https:\\\/\\\/www.esplac.cat\\\/es-busca-persona-voluntaria-a-austria-durant-7-mesos\\\/\"},\"author\":{\"name\":\"root\",\"@id\":\"https:\\\/\\\/www.esplac.cat\\\/#\\\/schema\\\/person\\\/8d7ee340c02b239b152b9ff2c3d40766\"},\"headline\":\"Es busca persona volunt\u00e0ria a \u00c0ustria durant 7 mesos\",\"datePublished\":\"2019-02-14T08:51:56+00:00\",\"dateModified\":\"2020-10-15T16:23:36+00:00\",\"mainEntityOfPage\":{\"@id\":\"https:\\\/\\\/www.esplac.cat\\\/es-busca-persona-voluntaria-a-austria-durant-7-mesos\\\/\"},\"wordCount\":492,\"publisher\":{\"@id\":\"https:\\\/\\\/www.esplac.cat\\\/#organization\"},\"image\":{\"@id\":\"https:\\\/\\\/www.esplac.cat\\\/es-busca-persona-voluntaria-a-austria-durant-7-mesos\\\/#primaryimage\"},\"thumbnailUrl\":\"https:\\\/\\\/www.esplac.cat\\\/wp-content\\\/uploads\\\/2019\\\/02\\\/portada.jpg\",\"keywords\":[\"activitats\",\"\u00c0ustria\",\"educaci\u00f3 popular\",\"Esplac al Mon\",\"evs\",\"internacional\",\"sve\",\"transformaci\u00f3 social\",\"Viena\",\"voluntariat\"],\"articleSection\":[\"Esplac al m\u00f3n\",\"Sense categoria\"],\"inLanguage\":\"en-US\"},{\"@type\":\"WebPage\",\"@id\":\"https:\\\/\\\/www.esplac.cat\\\/es-busca-persona-voluntaria-a-austria-durant-7-mesos\\\/\",\"url\":\"https:\\\/\\\/www.esplac.cat\\\/es-busca-persona-voluntaria-a-austria-durant-7-mesos\\\/\",\"name\":\"Es busca persona volunt\u00e0ria a \u00c0ustria durant 7 mesos - Esplac\",\"isPartOf\":{\"@id\":\"https:\\\/\\\/www.esplac.cat\\\/#website\"},\"primaryImageOfPage\":{\"@id\":\"https:\\\/\\\/www.esplac.cat\\\/es-busca-persona-voluntaria-a-austria-durant-7-mesos\\\/#primaryimage\"},\"image\":{\"@id\":\"https:\\\/\\\/www.esplac.cat\\\/es-busca-persona-voluntaria-a-austria-durant-7-mesos\\\/#primaryimage\"},\"thumbnailUrl\":\"https:\\\/\\\/www.esplac.cat\\\/wp-content\\\/uploads\\\/2019\\\/02\\\/portada.jpg\",\"datePublished\":\"2019-02-14T08:51:56+00:00\",\"dateModified\":\"2020-10-15T16:23:36+00:00\",\"breadcrumb\":{\"@id\":\"https:\\\/\\\/www.esplac.cat\\\/es-busca-persona-voluntaria-a-austria-durant-7-mesos\\\/#breadcrumb\"},\"inLanguage\":\"en-US\",\"potentialAction\":[{\"@type\":\"ReadAction\",\"target\":[\"https:\\\/\\\/www.esplac.cat\\\/es-busca-persona-voluntaria-a-austria-durant-7-mesos\\\/\"]}]},{\"@type\":\"ImageObject\",\"inLanguage\":\"en-US\",\"@id\":\"https:\\\/\\\/www.esplac.cat\\\/es-busca-persona-voluntaria-a-austria-durant-7-mesos\\\/#primaryimage\",\"url\":\"https:\\\/\\\/www.esplac.cat\\\/wp-content\\\/uploads\\\/2019\\\/02\\\/portada.jpg\",\"contentUrl\":\"https:\\\/\\\/www.esplac.cat\\\/wp-content\\\/uploads\\\/2019\\\/02\\\/portada.jpg\",\"width\":847,\"height\":350},{\"@type\":\"BreadcrumbList\",\"@id\":\"https:\\\/\\\/www.esplac.cat\\\/es-busca-persona-voluntaria-a-austria-durant-7-mesos\\\/#breadcrumb\",\"itemListElement\":[{\"@type\":\"ListItem\",\"position\":1,\"name\":\"Inici\",\"item\":\"https:\\\/\\\/www.esplac.cat\\\/en\\\/\"},{\"@type\":\"ListItem\",\"position\":2,\"name\":\"Es busca persona volunt\u00e0ria a \u00c0ustria durant 7 mesos\"}]},{\"@type\":\"WebSite\",\"@id\":\"https:\\\/\\\/www.esplac.cat\\\/#website\",\"url\":\"https:\\\/\\\/www.esplac.cat\\\/\",\"name\":\"Esplac\",\"description\":\"Esplais Catalans\",\"publisher\":{\"@id\":\"https:\\\/\\\/www.esplac.cat\\\/#organization\"},\"potentialAction\":[{\"@type\":\"SearchAction\",\"target\":{\"@type\":\"EntryPoint\",\"urlTemplate\":\"https:\\\/\\\/www.esplac.cat\\\/?s={search_term_string}\"},\"query-input\":{\"@type\":\"PropertyValueSpecification\",\"valueRequired\":true,\"valueName\":\"search_term_string\"}}],\"inLanguage\":\"en-US\"},{\"@type\":\"Organization\",\"@id\":\"https:\\\/\\\/www.esplac.cat\\\/#organization\",\"name\":\"Esplac\",\"url\":\"https:\\\/\\\/www.esplac.cat\\\/\",\"logo\":{\"@type\":\"ImageObject\",\"inLanguage\":\"en-US\",\"@id\":\"https:\\\/\\\/www.esplac.cat\\\/#\\\/schema\\\/logo\\\/image\\\/\",\"url\":\"https:\\\/\\\/www.esplac.cat\\\/wp-content\\\/uploads\\\/2019\\\/08\\\/logox2.png\",\"contentUrl\":\"https:\\\/\\\/www.esplac.cat\\\/wp-content\\\/uploads\\\/2019\\\/08\\\/logox2.png\",\"width\":600,\"height\":295,\"caption\":\"Esplac\"},\"image\":{\"@id\":\"https:\\\/\\\/www.esplac.cat\\\/#\\\/schema\\\/logo\\\/image\\\/\"}},{\"@type\":\"Person\",\"@id\":\"https:\\\/\\\/www.esplac.cat\\\/#\\\/schema\\\/person\\\/8d7ee340c02b239b152b9ff2c3d40766\",\"name\":\"root\",\"image\":{\"@type\":\"ImageObject\",\"inLanguage\":\"en-US\",\"@id\":\"https:\\\/\\\/secure.gravatar.com\\\/avatar\\\/9356757d53af8c5db257f894fbbd9ee7446c25af07cd2e7844bd1cf43acef754?s=96&d=mm&r=g\",\"url\":\"https:\\\/\\\/secure.gravatar.com\\\/avatar\\\/9356757d53af8c5db257f894fbbd9ee7446c25af07cd2e7844bd1cf43acef754?s=96&d=mm&r=g\",\"contentUrl\":\"https:\\\/\\\/secure.gravatar.com\\\/avatar\\\/9356757d53af8c5db257f894fbbd9ee7446c25af07cd2e7844bd1cf43acef754?s=96&d=mm&r=g\",\"caption\":\"root\"}}]}<\/script>\n<!-- \/ Yoast SEO plugin. -->","yoast_head_json":{"title":"Es busca persona volunt\u00e0ria a \u00c0ustria durant 7 mesos - Esplac","robots":{"index":"index","follow":"follow","max-snippet":"max-snippet:-1","max-image-preview":"max-image-preview:large","max-video-preview":"max-video-preview:-1"},"canonical":"https:\/\/www.esplac.cat\/es-busca-persona-voluntaria-a-austria-durant-7-mesos\/","og_locale":"en_US","og_type":"article","og_title":"Es busca persona volunt\u00e0ria a \u00c0ustria durant 7 mesos - Esplac","og_description":"L&#8217;entitat Kinderfreunde i Rote Falken\u00a0est\u00e0 buscant una persona amb ganes [&hellip;]","og_url":"https:\/\/www.esplac.cat\/es-busca-persona-voluntaria-a-austria-durant-7-mesos\/","og_site_name":"Esplac","article_published_time":"2019-02-14T08:51:56+00:00","article_modified_time":"2020-10-15T16:23:36+00:00","og_image":[{"width":847,"height":350,"url":"https:\/\/www.esplac.cat\/wp-content\/uploads\/2019\/02\/portada.jpg","type":"image\/jpeg"}],"author":"root","twitter_card":"summary_large_image","twitter_misc":{"Written by":"root","Est. reading time":"2 minutes"},"schema":{"@context":"https:\/\/schema.org","@graph":[{"@type":"Article","@id":"https:\/\/www.esplac.cat\/es-busca-persona-voluntaria-a-austria-durant-7-mesos\/#article","isPartOf":{"@id":"https:\/\/www.esplac.cat\/es-busca-persona-voluntaria-a-austria-durant-7-mesos\/"},"author":{"name":"root","@id":"https:\/\/www.esplac.cat\/#\/schema\/person\/8d7ee340c02b239b152b9ff2c3d40766"},"headline":"Es busca persona volunt\u00e0ria a \u00c0ustria durant 7 mesos","datePublished":"2019-02-14T08:51:56+00:00","dateModified":"2020-10-15T16:23:36+00:00","mainEntityOfPage":{"@id":"https:\/\/www.esplac.cat\/es-busca-persona-voluntaria-a-austria-durant-7-mesos\/"},"wordCount":492,"publisher":{"@id":"https:\/\/www.esplac.cat\/#organization"},"image":{"@id":"https:\/\/www.esplac.cat\/es-busca-persona-voluntaria-a-austria-durant-7-mesos\/#primaryimage"},"thumbnailUrl":"https:\/\/www.esplac.cat\/wp-content\/uploads\/2019\/02\/portada.jpg","keywords":["activitats","\u00c0ustria","educaci\u00f3 popular","Esplac al Mon","evs","internacional","sve","transformaci\u00f3 social","Viena","voluntariat"],"articleSection":["Esplac al m\u00f3n","Sense categoria"],"inLanguage":"en-US"},{"@type":"WebPage","@id":"https:\/\/www.esplac.cat\/es-busca-persona-voluntaria-a-austria-durant-7-mesos\/","url":"https:\/\/www.esplac.cat\/es-busca-persona-voluntaria-a-austria-durant-7-mesos\/","name":"Es busca persona volunt\u00e0ria a \u00c0ustria durant 7 mesos - Esplac","isPartOf":{"@id":"https:\/\/www.esplac.cat\/#website"},"primaryImageOfPage":{"@id":"https:\/\/www.esplac.cat\/es-busca-persona-voluntaria-a-austria-durant-7-mesos\/#primaryimage"},"image":{"@id":"https:\/\/www.esplac.cat\/es-busca-persona-voluntaria-a-austria-durant-7-mesos\/#primaryimage"},"thumbnailUrl":"https:\/\/www.esplac.cat\/wp-content\/uploads\/2019\/02\/portada.jpg","datePublished":"2019-02-14T08:51:56+00:00","dateModified":"2020-10-15T16:23:36+00:00","breadcrumb":{"@id":"https:\/\/www.esplac.cat\/es-busca-persona-voluntaria-a-austria-durant-7-mesos\/#breadcrumb"},"inLanguage":"en-US","potentialAction":[{"@type":"ReadAction","target":["https:\/\/www.esplac.cat\/es-busca-persona-voluntaria-a-austria-durant-7-mesos\/"]}]},{"@type":"ImageObject","inLanguage":"en-US","@id":"https:\/\/www.esplac.cat\/es-busca-persona-voluntaria-a-austria-durant-7-mesos\/#primaryimage","url":"https:\/\/www.esplac.cat\/wp-content\/uploads\/2019\/02\/portada.jpg","contentUrl":"https:\/\/www.esplac.cat\/wp-content\/uploads\/2019\/02\/portada.jpg","width":847,"height":350},{"@type":"BreadcrumbList","@id":"https:\/\/www.esplac.cat\/es-busca-persona-voluntaria-a-austria-durant-7-mesos\/#breadcrumb","itemListElement":[{"@type":"ListItem","position":1,"name":"Inici","item":"https:\/\/www.esplac.cat\/en\/"},{"@type":"ListItem","position":2,"name":"Es busca persona volunt\u00e0ria a \u00c0ustria durant 7 mesos"}]},{"@type":"WebSite","@id":"https:\/\/www.esplac.cat\/#website","url":"https:\/\/www.esplac.cat\/","name":"Esplac","description":"Esplais Catalans","publisher":{"@id":"https:\/\/www.esplac.cat\/#organization"},"potentialAction":[{"@type":"SearchAction","target":{"@type":"EntryPoint","urlTemplate":"https:\/\/www.esplac.cat\/?s={search_term_string}"},"query-input":{"@type":"PropertyValueSpecification","valueRequired":true,"valueName":"search_term_string"}}],"inLanguage":"en-US"},{"@type":"Organization","@id":"https:\/\/www.esplac.cat\/#organization","name":"Esplac","url":"https:\/\/www.esplac.cat\/","logo":{"@type":"ImageObject","inLanguage":"en-US","@id":"https:\/\/www.esplac.cat\/#\/schema\/logo\/image\/","url":"https:\/\/www.esplac.cat\/wp-content\/uploads\/2019\/08\/logox2.png","contentUrl":"https:\/\/www.esplac.cat\/wp-content\/uploads\/2019\/08\/logox2.png","width":600,"height":295,"caption":"Esplac"},"image":{"@id":"https:\/\/www.esplac.cat\/#\/schema\/logo\/image\/"}},{"@type":"Person","@id":"https:\/\/www.esplac.cat\/#\/schema\/person\/8d7ee340c02b239b152b9ff2c3d40766","name":"root","image":{"@type":"ImageObject","inLanguage":"en-US","@id":"https:\/\/secure.gravatar.com\/avatar\/9356757d53af8c5db257f894fbbd9ee7446c25af07cd2e7844bd1cf43acef754?s=96&d=mm&r=g","url":"https:\/\/secure.gravatar.com\/avatar\/9356757d53af8c5db257f894fbbd9ee7446c25af07cd2e7844bd1cf43acef754?s=96&d=mm&r=g","contentUrl":"https:\/\/secure.gravatar.com\/avatar\/9356757d53af8c5db257f894fbbd9ee7446c25af07cd2e7844bd1cf43acef754?s=96&d=mm&r=g","caption":"root"}}]}},"_links":{"self":[{"href":"https:\/\/www.esplac.cat\/en\/wp-json\/wp\/v2\/posts\/23850","targetHints":{"allow":["GET"]}}],"collection":[{"href":"https:\/\/www.esplac.cat\/en\/wp-json\/wp\/v2\/posts"}],"about":[{"href":"https:\/\/www.esplac.cat\/en\/wp-json\/wp\/v2\/types\/post"}],"author":[{"embeddable":true,"href":"https:\/\/www.esplac.cat\/en\/wp-json\/wp\/v2\/users\/1"}],"replies":[{"embeddable":true,"href":"https:\/\/www.esplac.cat\/en\/wp-json\/wp\/v2\/comments?post=23850"}],"version-history":[{"count":0,"href":"https:\/\/www.esplac.cat\/en\/wp-json\/wp\/v2\/posts\/23850\/revisions"}],"wp:featuredmedia":[{"embeddable":true,"href":"https:\/\/www.esplac.cat\/en\/wp-json\/wp\/v2\/media\/23851"}],"wp:attachment":[{"href":"https:\/\/www.esplac.cat\/en\/wp-json\/wp\/v2\/media?parent=23850"}],"wp:term":[{"taxonomy":"category","embeddable":true,"href":"https:\/\/www.esplac.cat\/en\/wp-json\/wp\/v2\/categories?post=23850"},{"taxonomy":"post_tag","embeddable":true,"href":"https:\/\/www.esplac.cat\/en\/wp-json\/wp\/v2\/tags?post=23850"}],"curies":[{"name":"wp","href":"https:\/\/api.w.org\/{rel}","templated":true}]}}