{"id":23865,"date":"2019-01-28T12:06:49","date_gmt":"2019-01-28T10:06:49","guid":{"rendered":"http:\/\/esplac.cat\/?p=21509"},"modified":"2020-10-15T17:23:38","modified_gmt":"2020-10-15T16:23:38","slug":"esplais-catalans-mostrem-nostre-rebuig-atac-feixista-contra-nou-centre-lgbti-barcelona","status":"publish","type":"post","link":"https:\/\/www.esplac.cat\/en\/esplais-catalans-mostrem-nostre-rebuig-atac-feixista-contra-nou-centre-lgbti-barcelona\/","title":{"rendered":"Esplais Catalans mostrem el nostre rebuig a l&#8217;atac feixista contra el nou centre LGTBI de Barcelona"},"content":{"rendered":"<p style=\"text-align: justify;\">Ahir, dia 27 de gener a la matinada, el nou centre LGTBI de Barcelona, obert feia nom\u00e9s una setmana, va ser v\u00edctima d\u2019un atac feixista. Al mat\u00ed va apar\u00e8ixer amb vidres trencats i pintades LGTBIf\u00f2biques.<\/p>\n<p style=\"text-align: justify;\">Des d\u2019Esplais Catalans i el seu nou grup de treball de G\u00e8neres i Sexualitats Diverses i Dissidents ens solidaritzem amb el nou centre LGTBI i <strong>volem mostrar el nostre rebuig frontal a totes aquelles accions que tenen com a objectiu coartar la llibertat de les persones.<\/strong> Nosaltres creiem en la llibertat de vestir-se, actuar, expressar-se i viure la sexualitat i la identitat de g\u00e8nere com cadasc\u00fa vulgui, respectant l\u2019espectre de colors que representa la diversitat que tant ens enriqueix. Com a associaci\u00f3 educativa creiem que Barcelona i tota Catalunya han de ser espais segurs perqu\u00e8 els infants puguin cr\u00e9ixer i identificar-se com vulguin, tenint de referents persones que posen el seu gra de sorra en contra del feixisme i l\u2019intent de convertir els nostres pobles i ciutats en espais intolerants i plens d\u2019odi. Reivindiquem, tamb\u00e9, que la destrossa del centre nom\u00e9s \u00e9s una d&#8217;entre tantes altres agressions que les persones LGTBI patim a diari arreu del pa\u00eds.<\/p>\n<p style=\"text-align: justify;\">\u00c9s per aix\u00f2, i molt m\u00e9s, que us animem a anar a la <strong>concentraci\u00f3 convocada per avui, 28 de gener, a les 18:30 davant del centre LGTBI<\/strong> al carrer C\/ Comte Borrell, 22 de Barcelona<\/p>\n<p style=\"text-align: justify;\">No podran trencar amb odi tot all\u00f2 que s\u2019ha constru\u00eft amb amor i estima. Nosaltres sempre lluitarem per estimar i ser qui ens surti. Sortim al carrer i demostrem que som moltes m\u00e9s les persones que volem que els barris i pobles de Catalunya siguin diversos i multicolors!<\/p>\n<p style=\"text-align: justify;\"><strong>CONTRA EL FEIXISME NI UN PAS ENRERE!<\/strong><\/p>\n","protected":false},"excerpt":{"rendered":"<p>Ahir, dia 27 de gener a la matinada, el nou [&hellip;]<\/p>\n","protected":false},"author":1,"featured_media":23866,"comment_status":"closed","ping_status":"open","sticky":false,"template":"","format":"standard","meta":{"om_disable_all_campaigns":false,"_monsterinsights_skip_tracking":false,"_monsterinsights_sitenote_active":false,"_monsterinsights_sitenote_note":"","_monsterinsights_sitenote_category":0,"_uf_show_specific_survey":0,"_uf_disable_surveys":false,"footnotes":""},"categories":[1127,1],"tags":[508,481,747,1039],"class_list":["post-23865","post","type-post","status-publish","format-standard","has-post-thumbnail","hentry","category-comunicats-posicionaments","category-sense-categoria","tag-antifeixisme","tag-barcelona","tag-lgbti","tag-lgbtifobia"],"yoast_head":"<!-- This site is optimized with the Yoast SEO plugin v27.4 - https:\/\/yoast.com\/product\/yoast-seo-wordpress\/ -->\n<title>Esplais Catalans mostrem el nostre rebuig a l&#039;atac feixista contra el nou centre LGTBI de Barcelona - Esplac<\/title>\n<meta name=\"robots\" content=\"index, follow, max-snippet:-1, max-image-preview:large, max-video-preview:-1\" \/>\n<link rel=\"canonical\" href=\"https:\/\/www.esplac.cat\/esplais-catalans-mostrem-nostre-rebuig-atac-feixista-contra-nou-centre-lgbti-barcelona\/\" \/>\n<meta property=\"og:locale\" content=\"en_US\" \/>\n<meta property=\"og:type\" content=\"article\" \/>\n<meta property=\"og:title\" content=\"Esplais Catalans mostrem el nostre rebuig a l&#039;atac feixista contra el nou centre LGTBI de Barcelona - Esplac\" \/>\n<meta property=\"og:description\" content=\"Ahir, dia 27 de gener a la matinada, el nou [&hellip;]\" \/>\n<meta property=\"og:url\" content=\"https:\/\/www.esplac.cat\/esplais-catalans-mostrem-nostre-rebuig-atac-feixista-contra-nou-centre-lgbti-barcelona\/\" \/>\n<meta property=\"og:site_name\" content=\"Esplac\" \/>\n<meta property=\"article:published_time\" content=\"2019-01-28T10:06:49+00:00\" \/>\n<meta property=\"article:modified_time\" content=\"2020-10-15T16:23:38+00:00\" \/>\n<meta property=\"og:image\" content=\"https:\/\/www.esplac.cat\/wp-content\/uploads\/2019\/01\/LGBTIportada.jpg\" \/>\n\t<meta property=\"og:image:width\" content=\"843\" \/>\n\t<meta property=\"og:image:height\" content=\"349\" \/>\n\t<meta property=\"og:image:type\" content=\"image\/jpeg\" \/>\n<meta name=\"author\" content=\"root\" \/>\n<meta name=\"twitter:card\" content=\"summary_large_image\" \/>\n<meta name=\"twitter:label1\" content=\"Written by\" \/>\n\t<meta name=\"twitter:data1\" content=\"root\" \/>\n\t<meta name=\"twitter:label2\" content=\"Est. reading time\" \/>\n\t<meta name=\"twitter:data2\" content=\"1 minute\" \/>\n<script type=\"application\/ld+json\" class=\"yoast-schema-graph\">{\"@context\":\"https:\\\/\\\/schema.org\",\"@graph\":[{\"@type\":\"Article\",\"@id\":\"https:\\\/\\\/www.esplac.cat\\\/esplais-catalans-mostrem-nostre-rebuig-atac-feixista-contra-nou-centre-lgbti-barcelona\\\/#article\",\"isPartOf\":{\"@id\":\"https:\\\/\\\/www.esplac.cat\\\/esplais-catalans-mostrem-nostre-rebuig-atac-feixista-contra-nou-centre-lgbti-barcelona\\\/\"},\"author\":{\"name\":\"root\",\"@id\":\"https:\\\/\\\/www.esplac.cat\\\/#\\\/schema\\\/person\\\/8d7ee340c02b239b152b9ff2c3d40766\"},\"headline\":\"Esplais Catalans mostrem el nostre rebuig a l&#8217;atac feixista contra el nou centre LGTBI de Barcelona\",\"datePublished\":\"2019-01-28T10:06:49+00:00\",\"dateModified\":\"2020-10-15T16:23:38+00:00\",\"mainEntityOfPage\":{\"@id\":\"https:\\\/\\\/www.esplac.cat\\\/esplais-catalans-mostrem-nostre-rebuig-atac-feixista-contra-nou-centre-lgbti-barcelona\\\/\"},\"wordCount\":314,\"publisher\":{\"@id\":\"https:\\\/\\\/www.esplac.cat\\\/#organization\"},\"image\":{\"@id\":\"https:\\\/\\\/www.esplac.cat\\\/esplais-catalans-mostrem-nostre-rebuig-atac-feixista-contra-nou-centre-lgbti-barcelona\\\/#primaryimage\"},\"thumbnailUrl\":\"https:\\\/\\\/www.esplac.cat\\\/wp-content\\\/uploads\\\/2019\\\/01\\\/LGBTIportada.jpg\",\"keywords\":[\"antifeixisme\",\"barcelona\",\"LGBTI\",\"LGBTIf\u00f2bia\"],\"articleSection\":[\"Comunicats i posicionaments\",\"Sense categoria\"],\"inLanguage\":\"en-US\"},{\"@type\":\"WebPage\",\"@id\":\"https:\\\/\\\/www.esplac.cat\\\/esplais-catalans-mostrem-nostre-rebuig-atac-feixista-contra-nou-centre-lgbti-barcelona\\\/\",\"url\":\"https:\\\/\\\/www.esplac.cat\\\/esplais-catalans-mostrem-nostre-rebuig-atac-feixista-contra-nou-centre-lgbti-barcelona\\\/\",\"name\":\"Esplais Catalans mostrem el nostre rebuig a l'atac feixista contra el nou centre LGTBI de Barcelona - Esplac\",\"isPartOf\":{\"@id\":\"https:\\\/\\\/www.esplac.cat\\\/#website\"},\"primaryImageOfPage\":{\"@id\":\"https:\\\/\\\/www.esplac.cat\\\/esplais-catalans-mostrem-nostre-rebuig-atac-feixista-contra-nou-centre-lgbti-barcelona\\\/#primaryimage\"},\"image\":{\"@id\":\"https:\\\/\\\/www.esplac.cat\\\/esplais-catalans-mostrem-nostre-rebuig-atac-feixista-contra-nou-centre-lgbti-barcelona\\\/#primaryimage\"},\"thumbnailUrl\":\"https:\\\/\\\/www.esplac.cat\\\/wp-content\\\/uploads\\\/2019\\\/01\\\/LGBTIportada.jpg\",\"datePublished\":\"2019-01-28T10:06:49+00:00\",\"dateModified\":\"2020-10-15T16:23:38+00:00\",\"breadcrumb\":{\"@id\":\"https:\\\/\\\/www.esplac.cat\\\/esplais-catalans-mostrem-nostre-rebuig-atac-feixista-contra-nou-centre-lgbti-barcelona\\\/#breadcrumb\"},\"inLanguage\":\"en-US\",\"potentialAction\":[{\"@type\":\"ReadAction\",\"target\":[\"https:\\\/\\\/www.esplac.cat\\\/esplais-catalans-mostrem-nostre-rebuig-atac-feixista-contra-nou-centre-lgbti-barcelona\\\/\"]}]},{\"@type\":\"ImageObject\",\"inLanguage\":\"en-US\",\"@id\":\"https:\\\/\\\/www.esplac.cat\\\/esplais-catalans-mostrem-nostre-rebuig-atac-feixista-contra-nou-centre-lgbti-barcelona\\\/#primaryimage\",\"url\":\"https:\\\/\\\/www.esplac.cat\\\/wp-content\\\/uploads\\\/2019\\\/01\\\/LGBTIportada.jpg\",\"contentUrl\":\"https:\\\/\\\/www.esplac.cat\\\/wp-content\\\/uploads\\\/2019\\\/01\\\/LGBTIportada.jpg\",\"width\":843,\"height\":349},{\"@type\":\"BreadcrumbList\",\"@id\":\"https:\\\/\\\/www.esplac.cat\\\/esplais-catalans-mostrem-nostre-rebuig-atac-feixista-contra-nou-centre-lgbti-barcelona\\\/#breadcrumb\",\"itemListElement\":[{\"@type\":\"ListItem\",\"position\":1,\"name\":\"Inici\",\"item\":\"https:\\\/\\\/www.esplac.cat\\\/en\\\/\"},{\"@type\":\"ListItem\",\"position\":2,\"name\":\"Esplais Catalans mostrem el nostre rebuig a l&#8217;atac feixista contra el nou centre LGTBI de Barcelona\"}]},{\"@type\":\"WebSite\",\"@id\":\"https:\\\/\\\/www.esplac.cat\\\/#website\",\"url\":\"https:\\\/\\\/www.esplac.cat\\\/\",\"name\":\"Esplac\",\"description\":\"Esplais Catalans\",\"publisher\":{\"@id\":\"https:\\\/\\\/www.esplac.cat\\\/#organization\"},\"potentialAction\":[{\"@type\":\"SearchAction\",\"target\":{\"@type\":\"EntryPoint\",\"urlTemplate\":\"https:\\\/\\\/www.esplac.cat\\\/?s={search_term_string}\"},\"query-input\":{\"@type\":\"PropertyValueSpecification\",\"valueRequired\":true,\"valueName\":\"search_term_string\"}}],\"inLanguage\":\"en-US\"},{\"@type\":\"Organization\",\"@id\":\"https:\\\/\\\/www.esplac.cat\\\/#organization\",\"name\":\"Esplac\",\"url\":\"https:\\\/\\\/www.esplac.cat\\\/\",\"logo\":{\"@type\":\"ImageObject\",\"inLanguage\":\"en-US\",\"@id\":\"https:\\\/\\\/www.esplac.cat\\\/#\\\/schema\\\/logo\\\/image\\\/\",\"url\":\"https:\\\/\\\/www.esplac.cat\\\/wp-content\\\/uploads\\\/2019\\\/08\\\/logox2.png\",\"contentUrl\":\"https:\\\/\\\/www.esplac.cat\\\/wp-content\\\/uploads\\\/2019\\\/08\\\/logox2.png\",\"width\":600,\"height\":295,\"caption\":\"Esplac\"},\"image\":{\"@id\":\"https:\\\/\\\/www.esplac.cat\\\/#\\\/schema\\\/logo\\\/image\\\/\"}},{\"@type\":\"Person\",\"@id\":\"https:\\\/\\\/www.esplac.cat\\\/#\\\/schema\\\/person\\\/8d7ee340c02b239b152b9ff2c3d40766\",\"name\":\"root\",\"image\":{\"@type\":\"ImageObject\",\"inLanguage\":\"en-US\",\"@id\":\"https:\\\/\\\/secure.gravatar.com\\\/avatar\\\/9356757d53af8c5db257f894fbbd9ee7446c25af07cd2e7844bd1cf43acef754?s=96&d=mm&r=g\",\"url\":\"https:\\\/\\\/secure.gravatar.com\\\/avatar\\\/9356757d53af8c5db257f894fbbd9ee7446c25af07cd2e7844bd1cf43acef754?s=96&d=mm&r=g\",\"contentUrl\":\"https:\\\/\\\/secure.gravatar.com\\\/avatar\\\/9356757d53af8c5db257f894fbbd9ee7446c25af07cd2e7844bd1cf43acef754?s=96&d=mm&r=g\",\"caption\":\"root\"}}]}<\/script>\n<!-- \/ Yoast SEO plugin. -->","yoast_head_json":{"title":"Esplais Catalans mostrem el nostre rebuig a l'atac feixista contra el nou centre LGTBI de Barcelona - Esplac","robots":{"index":"index","follow":"follow","max-snippet":"max-snippet:-1","max-image-preview":"max-image-preview:large","max-video-preview":"max-video-preview:-1"},"canonical":"https:\/\/www.esplac.cat\/esplais-catalans-mostrem-nostre-rebuig-atac-feixista-contra-nou-centre-lgbti-barcelona\/","og_locale":"en_US","og_type":"article","og_title":"Esplais Catalans mostrem el nostre rebuig a l'atac feixista contra el nou centre LGTBI de Barcelona - Esplac","og_description":"Ahir, dia 27 de gener a la matinada, el nou [&hellip;]","og_url":"https:\/\/www.esplac.cat\/esplais-catalans-mostrem-nostre-rebuig-atac-feixista-contra-nou-centre-lgbti-barcelona\/","og_site_name":"Esplac","article_published_time":"2019-01-28T10:06:49+00:00","article_modified_time":"2020-10-15T16:23:38+00:00","og_image":[{"width":843,"height":349,"url":"https:\/\/www.esplac.cat\/wp-content\/uploads\/2019\/01\/LGBTIportada.jpg","type":"image\/jpeg"}],"author":"root","twitter_card":"summary_large_image","twitter_misc":{"Written by":"root","Est. reading time":"1 minute"},"schema":{"@context":"https:\/\/schema.org","@graph":[{"@type":"Article","@id":"https:\/\/www.esplac.cat\/esplais-catalans-mostrem-nostre-rebuig-atac-feixista-contra-nou-centre-lgbti-barcelona\/#article","isPartOf":{"@id":"https:\/\/www.esplac.cat\/esplais-catalans-mostrem-nostre-rebuig-atac-feixista-contra-nou-centre-lgbti-barcelona\/"},"author":{"name":"root","@id":"https:\/\/www.esplac.cat\/#\/schema\/person\/8d7ee340c02b239b152b9ff2c3d40766"},"headline":"Esplais Catalans mostrem el nostre rebuig a l&#8217;atac feixista contra el nou centre LGTBI de Barcelona","datePublished":"2019-01-28T10:06:49+00:00","dateModified":"2020-10-15T16:23:38+00:00","mainEntityOfPage":{"@id":"https:\/\/www.esplac.cat\/esplais-catalans-mostrem-nostre-rebuig-atac-feixista-contra-nou-centre-lgbti-barcelona\/"},"wordCount":314,"publisher":{"@id":"https:\/\/www.esplac.cat\/#organization"},"image":{"@id":"https:\/\/www.esplac.cat\/esplais-catalans-mostrem-nostre-rebuig-atac-feixista-contra-nou-centre-lgbti-barcelona\/#primaryimage"},"thumbnailUrl":"https:\/\/www.esplac.cat\/wp-content\/uploads\/2019\/01\/LGBTIportada.jpg","keywords":["antifeixisme","barcelona","LGBTI","LGBTIf\u00f2bia"],"articleSection":["Comunicats i posicionaments","Sense categoria"],"inLanguage":"en-US"},{"@type":"WebPage","@id":"https:\/\/www.esplac.cat\/esplais-catalans-mostrem-nostre-rebuig-atac-feixista-contra-nou-centre-lgbti-barcelona\/","url":"https:\/\/www.esplac.cat\/esplais-catalans-mostrem-nostre-rebuig-atac-feixista-contra-nou-centre-lgbti-barcelona\/","name":"Esplais Catalans mostrem el nostre rebuig a l'atac feixista contra el nou centre LGTBI de Barcelona - Esplac","isPartOf":{"@id":"https:\/\/www.esplac.cat\/#website"},"primaryImageOfPage":{"@id":"https:\/\/www.esplac.cat\/esplais-catalans-mostrem-nostre-rebuig-atac-feixista-contra-nou-centre-lgbti-barcelona\/#primaryimage"},"image":{"@id":"https:\/\/www.esplac.cat\/esplais-catalans-mostrem-nostre-rebuig-atac-feixista-contra-nou-centre-lgbti-barcelona\/#primaryimage"},"thumbnailUrl":"https:\/\/www.esplac.cat\/wp-content\/uploads\/2019\/01\/LGBTIportada.jpg","datePublished":"2019-01-28T10:06:49+00:00","dateModified":"2020-10-15T16:23:38+00:00","breadcrumb":{"@id":"https:\/\/www.esplac.cat\/esplais-catalans-mostrem-nostre-rebuig-atac-feixista-contra-nou-centre-lgbti-barcelona\/#breadcrumb"},"inLanguage":"en-US","potentialAction":[{"@type":"ReadAction","target":["https:\/\/www.esplac.cat\/esplais-catalans-mostrem-nostre-rebuig-atac-feixista-contra-nou-centre-lgbti-barcelona\/"]}]},{"@type":"ImageObject","inLanguage":"en-US","@id":"https:\/\/www.esplac.cat\/esplais-catalans-mostrem-nostre-rebuig-atac-feixista-contra-nou-centre-lgbti-barcelona\/#primaryimage","url":"https:\/\/www.esplac.cat\/wp-content\/uploads\/2019\/01\/LGBTIportada.jpg","contentUrl":"https:\/\/www.esplac.cat\/wp-content\/uploads\/2019\/01\/LGBTIportada.jpg","width":843,"height":349},{"@type":"BreadcrumbList","@id":"https:\/\/www.esplac.cat\/esplais-catalans-mostrem-nostre-rebuig-atac-feixista-contra-nou-centre-lgbti-barcelona\/#breadcrumb","itemListElement":[{"@type":"ListItem","position":1,"name":"Inici","item":"https:\/\/www.esplac.cat\/en\/"},{"@type":"ListItem","position":2,"name":"Esplais Catalans mostrem el nostre rebuig a l&#8217;atac feixista contra el nou centre LGTBI de Barcelona"}]},{"@type":"WebSite","@id":"https:\/\/www.esplac.cat\/#website","url":"https:\/\/www.esplac.cat\/","name":"Esplac","description":"Esplais Catalans","publisher":{"@id":"https:\/\/www.esplac.cat\/#organization"},"potentialAction":[{"@type":"SearchAction","target":{"@type":"EntryPoint","urlTemplate":"https:\/\/www.esplac.cat\/?s={search_term_string}"},"query-input":{"@type":"PropertyValueSpecification","valueRequired":true,"valueName":"search_term_string"}}],"inLanguage":"en-US"},{"@type":"Organization","@id":"https:\/\/www.esplac.cat\/#organization","name":"Esplac","url":"https:\/\/www.esplac.cat\/","logo":{"@type":"ImageObject","inLanguage":"en-US","@id":"https:\/\/www.esplac.cat\/#\/schema\/logo\/image\/","url":"https:\/\/www.esplac.cat\/wp-content\/uploads\/2019\/08\/logox2.png","contentUrl":"https:\/\/www.esplac.cat\/wp-content\/uploads\/2019\/08\/logox2.png","width":600,"height":295,"caption":"Esplac"},"image":{"@id":"https:\/\/www.esplac.cat\/#\/schema\/logo\/image\/"}},{"@type":"Person","@id":"https:\/\/www.esplac.cat\/#\/schema\/person\/8d7ee340c02b239b152b9ff2c3d40766","name":"root","image":{"@type":"ImageObject","inLanguage":"en-US","@id":"https:\/\/secure.gravatar.com\/avatar\/9356757d53af8c5db257f894fbbd9ee7446c25af07cd2e7844bd1cf43acef754?s=96&d=mm&r=g","url":"https:\/\/secure.gravatar.com\/avatar\/9356757d53af8c5db257f894fbbd9ee7446c25af07cd2e7844bd1cf43acef754?s=96&d=mm&r=g","contentUrl":"https:\/\/secure.gravatar.com\/avatar\/9356757d53af8c5db257f894fbbd9ee7446c25af07cd2e7844bd1cf43acef754?s=96&d=mm&r=g","caption":"root"}}]}},"_links":{"self":[{"href":"https:\/\/www.esplac.cat\/en\/wp-json\/wp\/v2\/posts\/23865","targetHints":{"allow":["GET"]}}],"collection":[{"href":"https:\/\/www.esplac.cat\/en\/wp-json\/wp\/v2\/posts"}],"about":[{"href":"https:\/\/www.esplac.cat\/en\/wp-json\/wp\/v2\/types\/post"}],"author":[{"embeddable":true,"href":"https:\/\/www.esplac.cat\/en\/wp-json\/wp\/v2\/users\/1"}],"replies":[{"embeddable":true,"href":"https:\/\/www.esplac.cat\/en\/wp-json\/wp\/v2\/comments?post=23865"}],"version-history":[{"count":0,"href":"https:\/\/www.esplac.cat\/en\/wp-json\/wp\/v2\/posts\/23865\/revisions"}],"wp:featuredmedia":[{"embeddable":true,"href":"https:\/\/www.esplac.cat\/en\/wp-json\/wp\/v2\/media\/23866"}],"wp:attachment":[{"href":"https:\/\/www.esplac.cat\/en\/wp-json\/wp\/v2\/media?parent=23865"}],"wp:term":[{"taxonomy":"category","embeddable":true,"href":"https:\/\/www.esplac.cat\/en\/wp-json\/wp\/v2\/categories?post=23865"},{"taxonomy":"post_tag","embeddable":true,"href":"https:\/\/www.esplac.cat\/en\/wp-json\/wp\/v2\/tags?post=23865"}],"curies":[{"name":"wp","href":"https:\/\/api.w.org\/{rel}","templated":true}]}}