{"id":23878,"date":"2019-01-08T12:20:35","date_gmt":"2019-01-08T10:20:35","guid":{"rendered":"http:\/\/esplac.cat\/?p=20907"},"modified":"2020-10-15T17:23:40","modified_gmt":"2020-10-15T16:23:40","slug":"sapropen-inscripcions-monifestat-2019","status":"publish","type":"post","link":"https:\/\/www.esplac.cat\/en\/sapropen-inscripcions-monifestat-2019\/","title":{"rendered":"S&#8217;apropen les inscripcions de la Monifesta&#8217;t 2019!"},"content":{"rendered":"<h4 style=\"text-align: justify;\">Cada cop queda menys per l&#8217;esperada Monifesta&#8217;t 2019, que es celebrar\u00e0 el dia 29, 30 i 31 de mar\u00e7 al Vendrell. Estigueu atentes i atents\u00a0que la setmana que ve (dilluns 14 de gener) s&#8217;obriran les inscripcions!<\/h4>\n<p style=\"text-align: justify;\"><strong><br \/>\nQu\u00e8 \u00e9s la Monifesta&#8217;t?<\/strong><\/p>\n<p style=\"text-align: justify;\">La Monifesta\u2019t \u00e9s la trobada general de monis d\u2019Esplac, en qu\u00e8 fem formacions, activitats i festa! Es duu a terme generalment cada tres anys i est\u00e0 organitzada per les mateixes monitores i monitors participants.<\/p>\n<p style=\"text-align: justify;\">La Monifesta\u2019t es planteja com un moment important en la consci\u00e8ncia col\u00b7lectiva del conjunt de monis dels esplais i com un espai on poder aprendre, en el sentit m\u00e9s ampli de la paraula, no nom\u00e9s t\u00e8cniques i coneixements, sin\u00f3 tamb\u00e9 saber aprendre de l\u2019experi\u00e8ncia de la companya o company i contagiar-nos l\u2019alegria que ens ha d\u2019acompanyar per aconseguir l\u2019objectiu de ser una mica m\u00e9s feli\u00e7os, per poder fer m\u00e9s feli\u00e7os als altres.<\/p>\n<p style=\"text-align: justify;\"><span style=\"color: #ffffff;\">.<\/span><\/p>\n<p style=\"text-align: justify;\"><strong>Com ser\u00e0 la Monifesta&#8217;t 2019?<\/strong><\/p>\n<p style=\"text-align: justify;\">Enguany, la trobada ser\u00e0 de tres dies plens d&#8217;activitats, formacions i festa! Concretament els dies\u00a0<strong>29, 30 <\/strong>i<strong> 31 de mar\u00e7\u00a0<\/strong>de 2019, al\u00a0<strong>Vendrell.\u00a0<\/strong>Girar\u00e0 entorn el lema\u00a0&#8220;<strong>Perseguim utopies, constru\u00efm el m\u00f3n que volem!<\/strong>&#8220;, perqu\u00e8\u00a0els monis perseguim una societat millor. \u00c9s per aix\u00f2 que ens dediquem a transformar i a transformar-nos: <strong>som agents actius del canvi<\/strong>. Les monis que formem els esplais no ens conformem amb la societat on vivim:<strong> volem deixar el m\u00f3n millor del que l&#8217;hem trobat<\/strong> i \u00e9s a trav\u00e9s de l&#8217;esperit vivencial, de les excursions, els campaments i les activitats, que canviem el nostre entorn proper i la nostra manera de percebre el m\u00f3n i de relacionar-nos-hi.<strong> Aprenem fent<\/strong>, i de cada experi\u00e8ncia n&#8217;extraiem nou coneixement. Ho fem <strong>juntes<\/strong>: treballant en equip, compartint, creixent, estimant-nos i gaudint.<\/p>\n<p style=\"text-align: justify;\"><strong>L&#8217;educaci\u00f3 \u00e9s l&#8217;eina m\u00e9s potent que tenim per canviar el m\u00f3n<\/strong> i des de l&#8217;esplai ho podem aconseguir perqu\u00e8 tenim les ganes, la voluntat, els infants, la joventut i les fam\u00edlies per fer-ho.<\/p>\n<p style=\"text-align: justify;\">I per tot aix\u00f2, en aquesta edici\u00f3 partim d&#8217;aquest lema i visi\u00f3, per omplir El Vendrell d&#8217;aprenentatge i transformaci\u00f3!<\/p>\n<p style=\"text-align: justify;\"><span style=\"color: #ffffff;\">.<\/span><\/p>\n<p style=\"text-align: justify;\"><strong>Com hi puc participar?<\/strong><\/p>\n<p style=\"text-align: justify;\">Pots participar-hi tant si ets moni com si formes part d&#8217;Esplac (s\u00f2cia, exmoni, dirigent&#8230;):<\/p>\n<ul style=\"text-align: justify;\">\n<li><strong>Si ets moni: <\/strong>les inscripcions s&#8217;obriran la setmana que ve a trav\u00e9s de <strong><a href=\"https:\/\/era.esplac.cat\" target=\"_blank\" rel=\"noopener noreferrer\">l&#8217;Era<\/a>.<\/strong>\u00a0<strong><br \/>\n<\/strong><\/li>\n<li><strong>Si no ets moni:<\/strong>\u00a0pots formar part de l&#8217;equip d&#8217;organitzaci\u00f3! Les inscripcions s&#8217;obriran tamb\u00e9 pr\u00f2ximament.<\/li>\n<\/ul>\n<p style=\"text-align: justify;\">En qualsevol cas, pots formar part dels grups de treball:\u00a0<strong>a<\/strong><strong>mbientaci\u00f3\u00a0<\/strong>(ideaci\u00f3 i decoraci\u00f3 dels diferents espais),\u00a0<strong>acte unitari\u00a0<\/strong>(planificaci\u00f3 de l\u2019acte conjunt reivindicatiu que es realitzar\u00e0 el diumenge al mat\u00ed)\u00a0i\u00a0<strong>intercanvis entre els esplais\u00a0<\/strong>(creaci\u00f3 de din\u00e0miques i espais que facilitin l\u2019intercanvi d\u2019idees, experi\u00e8ncies, etc. entre les monitores). Si vols participar-hi, haur\u00e0s d&#8217;enviar un missatge a <strong>organitzacio@esplac.cat<\/strong><\/p>\n<p style=\"text-align: justify;\"><strong>Com seran les inscripcions?\u00a0<\/strong><\/p>\n<p style=\"text-align: justify;\">Si ets moni, has d&#8217;estar alerta a l&#8217;hora d&#8217;apuntar-te a cada taller o formaci\u00f3, n&#8217;hi ha molts a la vegada, no et facis un embolic! Mira detalladament cada taller i a quina hora es far\u00e0. A m\u00e9s, com abans t&#8217;hi apuntis, tindr\u00e0s m\u00e9s probabilitats de tenir pla\u00e7a al taller que m\u00e9s t&#8217;interessi! Tamb\u00e9, tingues en compte que aquest primer per\u00edode d&#8217;inscripcions ser\u00e0 m\u00e9s barat que a partir del febrer!<\/p>\n<p style=\"text-align: justify;\">No t&#8217;ho perdis! Entre totes i tots farem que sigui una Monifesta&#8217;t memorable!<\/p>\n<p style=\"text-align: justify;\">\n","protected":false},"excerpt":{"rendered":"<p>Cada cop queda menys per l&#8217;esperada Monifesta&#8217;t 2019, que es [&hellip;]<\/p>\n","protected":false},"author":1,"featured_media":23868,"comment_status":"closed","ping_status":"open","sticky":false,"template":"","format":"standard","meta":{"om_disable_all_campaigns":false,"_monsterinsights_skip_tracking":false,"_monsterinsights_sitenote_active":false,"_monsterinsights_sitenote_note":"","_monsterinsights_sitenote_category":0,"_uf_show_specific_survey":0,"_uf_disable_surveys":false,"footnotes":""},"categories":[1115,1],"tags":[1031,1002,1011,1003,1032,443,225,1006,185,36,134,1033],"class_list":["post-23878","post","type-post","status-publish","format-standard","has-post-thumbnail","hentry","category-monifestat","category-sense-categoria","tag-activitats","tag-educacio-popular","tag-el-vendrell","tag-esplai","tag-festa","tag-formacions","tag-inscripcions","tag-lleure","tag-monifestat","tag-monis","tag-transformacio-social","tag-utopies"],"yoast_head":"<!-- This site is optimized with the Yoast SEO plugin v27.4 - https:\/\/yoast.com\/product\/yoast-seo-wordpress\/ -->\n<title>S&#039;apropen les inscripcions de la Monifesta&#039;t 2019! - Esplac<\/title>\n<meta name=\"robots\" content=\"index, follow, max-snippet:-1, max-image-preview:large, max-video-preview:-1\" \/>\n<link rel=\"canonical\" href=\"https:\/\/www.esplac.cat\/es\/sapropen-inscripcions-monifestat-2019\/\" \/>\n<meta property=\"og:locale\" content=\"en_US\" \/>\n<meta property=\"og:type\" content=\"article\" \/>\n<meta property=\"og:title\" content=\"S&#039;apropen les inscripcions de la Monifesta&#039;t 2019! - Esplac\" \/>\n<meta property=\"og:description\" content=\"Cada cop queda menys per l&#8217;esperada Monifesta&#8217;t 2019, que es [&hellip;]\" \/>\n<meta property=\"og:url\" content=\"https:\/\/www.esplac.cat\/es\/sapropen-inscripcions-monifestat-2019\/\" \/>\n<meta property=\"og:site_name\" content=\"Esplac\" \/>\n<meta property=\"article:published_time\" content=\"2019-01-08T10:20:35+00:00\" \/>\n<meta property=\"article:modified_time\" content=\"2020-10-15T16:23:40+00:00\" \/>\n<meta property=\"og:image\" content=\"https:\/\/www.esplac.cat\/wp-content\/uploads\/2018\/10\/banner_web.jpg\" \/>\n\t<meta property=\"og:image:width\" content=\"847\" \/>\n\t<meta property=\"og:image:height\" content=\"350\" \/>\n\t<meta property=\"og:image:type\" content=\"image\/jpeg\" \/>\n<meta name=\"author\" content=\"root\" \/>\n<meta name=\"twitter:card\" content=\"summary_large_image\" \/>\n<meta name=\"twitter:label1\" content=\"Written by\" \/>\n\t<meta name=\"twitter:data1\" content=\"root\" \/>\n\t<meta name=\"twitter:label2\" content=\"Est. reading time\" \/>\n\t<meta name=\"twitter:data2\" content=\"3 minutes\" \/>\n<script type=\"application\/ld+json\" class=\"yoast-schema-graph\">{\"@context\":\"https:\\\/\\\/schema.org\",\"@graph\":[{\"@type\":\"Article\",\"@id\":\"https:\\\/\\\/www.esplac.cat\\\/es\\\/sapropen-inscripcions-monifestat-2019\\\/#article\",\"isPartOf\":{\"@id\":\"https:\\\/\\\/www.esplac.cat\\\/es\\\/sapropen-inscripcions-monifestat-2019\\\/\"},\"author\":{\"name\":\"root\",\"@id\":\"https:\\\/\\\/www.esplac.cat\\\/#\\\/schema\\\/person\\\/8d7ee340c02b239b152b9ff2c3d40766\"},\"headline\":\"S&#8217;apropen les inscripcions de la Monifesta&#8217;t 2019!\",\"datePublished\":\"2019-01-08T10:20:35+00:00\",\"dateModified\":\"2020-10-15T16:23:40+00:00\",\"mainEntityOfPage\":{\"@id\":\"https:\\\/\\\/www.esplac.cat\\\/es\\\/sapropen-inscripcions-monifestat-2019\\\/\"},\"wordCount\":603,\"publisher\":{\"@id\":\"https:\\\/\\\/www.esplac.cat\\\/#organization\"},\"image\":{\"@id\":\"https:\\\/\\\/www.esplac.cat\\\/es\\\/sapropen-inscripcions-monifestat-2019\\\/#primaryimage\"},\"thumbnailUrl\":\"https:\\\/\\\/www.esplac.cat\\\/wp-content\\\/uploads\\\/2018\\\/10\\\/banner_web.jpg\",\"keywords\":[\"activitats\",\"educaci\u00f3 popular\",\"El Vendrell\",\"esplai\",\"festa\",\"formacions\",\"inscripcions\",\"lleure\",\"monifesta't\",\"monis\",\"transformaci\u00f3 social\",\"Utopies\"],\"articleSection\":[\"Monifesta't\",\"Sense categoria\"],\"inLanguage\":\"en-US\"},{\"@type\":\"WebPage\",\"@id\":\"https:\\\/\\\/www.esplac.cat\\\/es\\\/sapropen-inscripcions-monifestat-2019\\\/\",\"url\":\"https:\\\/\\\/www.esplac.cat\\\/es\\\/sapropen-inscripcions-monifestat-2019\\\/\",\"name\":\"S'apropen les inscripcions de la Monifesta't 2019! - Esplac\",\"isPartOf\":{\"@id\":\"https:\\\/\\\/www.esplac.cat\\\/#website\"},\"primaryImageOfPage\":{\"@id\":\"https:\\\/\\\/www.esplac.cat\\\/es\\\/sapropen-inscripcions-monifestat-2019\\\/#primaryimage\"},\"image\":{\"@id\":\"https:\\\/\\\/www.esplac.cat\\\/es\\\/sapropen-inscripcions-monifestat-2019\\\/#primaryimage\"},\"thumbnailUrl\":\"https:\\\/\\\/www.esplac.cat\\\/wp-content\\\/uploads\\\/2018\\\/10\\\/banner_web.jpg\",\"datePublished\":\"2019-01-08T10:20:35+00:00\",\"dateModified\":\"2020-10-15T16:23:40+00:00\",\"breadcrumb\":{\"@id\":\"https:\\\/\\\/www.esplac.cat\\\/es\\\/sapropen-inscripcions-monifestat-2019\\\/#breadcrumb\"},\"inLanguage\":\"en-US\",\"potentialAction\":[{\"@type\":\"ReadAction\",\"target\":[\"https:\\\/\\\/www.esplac.cat\\\/es\\\/sapropen-inscripcions-monifestat-2019\\\/\"]}]},{\"@type\":\"ImageObject\",\"inLanguage\":\"en-US\",\"@id\":\"https:\\\/\\\/www.esplac.cat\\\/es\\\/sapropen-inscripcions-monifestat-2019\\\/#primaryimage\",\"url\":\"https:\\\/\\\/www.esplac.cat\\\/wp-content\\\/uploads\\\/2018\\\/10\\\/banner_web.jpg\",\"contentUrl\":\"https:\\\/\\\/www.esplac.cat\\\/wp-content\\\/uploads\\\/2018\\\/10\\\/banner_web.jpg\",\"width\":847,\"height\":350},{\"@type\":\"BreadcrumbList\",\"@id\":\"https:\\\/\\\/www.esplac.cat\\\/es\\\/sapropen-inscripcions-monifestat-2019\\\/#breadcrumb\",\"itemListElement\":[{\"@type\":\"ListItem\",\"position\":1,\"name\":\"Inici\",\"item\":\"https:\\\/\\\/www.esplac.cat\\\/en\\\/\"},{\"@type\":\"ListItem\",\"position\":2,\"name\":\"S&#8217;apropen les inscripcions de la Monifesta&#8217;t 2019!\"}]},{\"@type\":\"WebSite\",\"@id\":\"https:\\\/\\\/www.esplac.cat\\\/#website\",\"url\":\"https:\\\/\\\/www.esplac.cat\\\/\",\"name\":\"Esplac\",\"description\":\"Esplais Catalans\",\"publisher\":{\"@id\":\"https:\\\/\\\/www.esplac.cat\\\/#organization\"},\"potentialAction\":[{\"@type\":\"SearchAction\",\"target\":{\"@type\":\"EntryPoint\",\"urlTemplate\":\"https:\\\/\\\/www.esplac.cat\\\/?s={search_term_string}\"},\"query-input\":{\"@type\":\"PropertyValueSpecification\",\"valueRequired\":true,\"valueName\":\"search_term_string\"}}],\"inLanguage\":\"en-US\"},{\"@type\":\"Organization\",\"@id\":\"https:\\\/\\\/www.esplac.cat\\\/#organization\",\"name\":\"Esplac\",\"url\":\"https:\\\/\\\/www.esplac.cat\\\/\",\"logo\":{\"@type\":\"ImageObject\",\"inLanguage\":\"en-US\",\"@id\":\"https:\\\/\\\/www.esplac.cat\\\/#\\\/schema\\\/logo\\\/image\\\/\",\"url\":\"https:\\\/\\\/www.esplac.cat\\\/wp-content\\\/uploads\\\/2019\\\/08\\\/logox2.png\",\"contentUrl\":\"https:\\\/\\\/www.esplac.cat\\\/wp-content\\\/uploads\\\/2019\\\/08\\\/logox2.png\",\"width\":600,\"height\":295,\"caption\":\"Esplac\"},\"image\":{\"@id\":\"https:\\\/\\\/www.esplac.cat\\\/#\\\/schema\\\/logo\\\/image\\\/\"}},{\"@type\":\"Person\",\"@id\":\"https:\\\/\\\/www.esplac.cat\\\/#\\\/schema\\\/person\\\/8d7ee340c02b239b152b9ff2c3d40766\",\"name\":\"root\",\"image\":{\"@type\":\"ImageObject\",\"inLanguage\":\"en-US\",\"@id\":\"https:\\\/\\\/secure.gravatar.com\\\/avatar\\\/9356757d53af8c5db257f894fbbd9ee7446c25af07cd2e7844bd1cf43acef754?s=96&d=mm&r=g\",\"url\":\"https:\\\/\\\/secure.gravatar.com\\\/avatar\\\/9356757d53af8c5db257f894fbbd9ee7446c25af07cd2e7844bd1cf43acef754?s=96&d=mm&r=g\",\"contentUrl\":\"https:\\\/\\\/secure.gravatar.com\\\/avatar\\\/9356757d53af8c5db257f894fbbd9ee7446c25af07cd2e7844bd1cf43acef754?s=96&d=mm&r=g\",\"caption\":\"root\"}}]}<\/script>\n<!-- \/ Yoast SEO plugin. -->","yoast_head_json":{"title":"S'apropen les inscripcions de la Monifesta't 2019! - Esplac","robots":{"index":"index","follow":"follow","max-snippet":"max-snippet:-1","max-image-preview":"max-image-preview:large","max-video-preview":"max-video-preview:-1"},"canonical":"https:\/\/www.esplac.cat\/es\/sapropen-inscripcions-monifestat-2019\/","og_locale":"en_US","og_type":"article","og_title":"S'apropen les inscripcions de la Monifesta't 2019! - Esplac","og_description":"Cada cop queda menys per l&#8217;esperada Monifesta&#8217;t 2019, que es [&hellip;]","og_url":"https:\/\/www.esplac.cat\/es\/sapropen-inscripcions-monifestat-2019\/","og_site_name":"Esplac","article_published_time":"2019-01-08T10:20:35+00:00","article_modified_time":"2020-10-15T16:23:40+00:00","og_image":[{"width":847,"height":350,"url":"https:\/\/www.esplac.cat\/wp-content\/uploads\/2018\/10\/banner_web.jpg","type":"image\/jpeg"}],"author":"root","twitter_card":"summary_large_image","twitter_misc":{"Written by":"root","Est. reading time":"3 minutes"},"schema":{"@context":"https:\/\/schema.org","@graph":[{"@type":"Article","@id":"https:\/\/www.esplac.cat\/es\/sapropen-inscripcions-monifestat-2019\/#article","isPartOf":{"@id":"https:\/\/www.esplac.cat\/es\/sapropen-inscripcions-monifestat-2019\/"},"author":{"name":"root","@id":"https:\/\/www.esplac.cat\/#\/schema\/person\/8d7ee340c02b239b152b9ff2c3d40766"},"headline":"S&#8217;apropen les inscripcions de la Monifesta&#8217;t 2019!","datePublished":"2019-01-08T10:20:35+00:00","dateModified":"2020-10-15T16:23:40+00:00","mainEntityOfPage":{"@id":"https:\/\/www.esplac.cat\/es\/sapropen-inscripcions-monifestat-2019\/"},"wordCount":603,"publisher":{"@id":"https:\/\/www.esplac.cat\/#organization"},"image":{"@id":"https:\/\/www.esplac.cat\/es\/sapropen-inscripcions-monifestat-2019\/#primaryimage"},"thumbnailUrl":"https:\/\/www.esplac.cat\/wp-content\/uploads\/2018\/10\/banner_web.jpg","keywords":["activitats","educaci\u00f3 popular","El Vendrell","esplai","festa","formacions","inscripcions","lleure","monifesta't","monis","transformaci\u00f3 social","Utopies"],"articleSection":["Monifesta't","Sense categoria"],"inLanguage":"en-US"},{"@type":"WebPage","@id":"https:\/\/www.esplac.cat\/es\/sapropen-inscripcions-monifestat-2019\/","url":"https:\/\/www.esplac.cat\/es\/sapropen-inscripcions-monifestat-2019\/","name":"S'apropen les inscripcions de la Monifesta't 2019! - Esplac","isPartOf":{"@id":"https:\/\/www.esplac.cat\/#website"},"primaryImageOfPage":{"@id":"https:\/\/www.esplac.cat\/es\/sapropen-inscripcions-monifestat-2019\/#primaryimage"},"image":{"@id":"https:\/\/www.esplac.cat\/es\/sapropen-inscripcions-monifestat-2019\/#primaryimage"},"thumbnailUrl":"https:\/\/www.esplac.cat\/wp-content\/uploads\/2018\/10\/banner_web.jpg","datePublished":"2019-01-08T10:20:35+00:00","dateModified":"2020-10-15T16:23:40+00:00","breadcrumb":{"@id":"https:\/\/www.esplac.cat\/es\/sapropen-inscripcions-monifestat-2019\/#breadcrumb"},"inLanguage":"en-US","potentialAction":[{"@type":"ReadAction","target":["https:\/\/www.esplac.cat\/es\/sapropen-inscripcions-monifestat-2019\/"]}]},{"@type":"ImageObject","inLanguage":"en-US","@id":"https:\/\/www.esplac.cat\/es\/sapropen-inscripcions-monifestat-2019\/#primaryimage","url":"https:\/\/www.esplac.cat\/wp-content\/uploads\/2018\/10\/banner_web.jpg","contentUrl":"https:\/\/www.esplac.cat\/wp-content\/uploads\/2018\/10\/banner_web.jpg","width":847,"height":350},{"@type":"BreadcrumbList","@id":"https:\/\/www.esplac.cat\/es\/sapropen-inscripcions-monifestat-2019\/#breadcrumb","itemListElement":[{"@type":"ListItem","position":1,"name":"Inici","item":"https:\/\/www.esplac.cat\/en\/"},{"@type":"ListItem","position":2,"name":"S&#8217;apropen les inscripcions de la Monifesta&#8217;t 2019!"}]},{"@type":"WebSite","@id":"https:\/\/www.esplac.cat\/#website","url":"https:\/\/www.esplac.cat\/","name":"Esplac","description":"Esplais Catalans","publisher":{"@id":"https:\/\/www.esplac.cat\/#organization"},"potentialAction":[{"@type":"SearchAction","target":{"@type":"EntryPoint","urlTemplate":"https:\/\/www.esplac.cat\/?s={search_term_string}"},"query-input":{"@type":"PropertyValueSpecification","valueRequired":true,"valueName":"search_term_string"}}],"inLanguage":"en-US"},{"@type":"Organization","@id":"https:\/\/www.esplac.cat\/#organization","name":"Esplac","url":"https:\/\/www.esplac.cat\/","logo":{"@type":"ImageObject","inLanguage":"en-US","@id":"https:\/\/www.esplac.cat\/#\/schema\/logo\/image\/","url":"https:\/\/www.esplac.cat\/wp-content\/uploads\/2019\/08\/logox2.png","contentUrl":"https:\/\/www.esplac.cat\/wp-content\/uploads\/2019\/08\/logox2.png","width":600,"height":295,"caption":"Esplac"},"image":{"@id":"https:\/\/www.esplac.cat\/#\/schema\/logo\/image\/"}},{"@type":"Person","@id":"https:\/\/www.esplac.cat\/#\/schema\/person\/8d7ee340c02b239b152b9ff2c3d40766","name":"root","image":{"@type":"ImageObject","inLanguage":"en-US","@id":"https:\/\/secure.gravatar.com\/avatar\/9356757d53af8c5db257f894fbbd9ee7446c25af07cd2e7844bd1cf43acef754?s=96&d=mm&r=g","url":"https:\/\/secure.gravatar.com\/avatar\/9356757d53af8c5db257f894fbbd9ee7446c25af07cd2e7844bd1cf43acef754?s=96&d=mm&r=g","contentUrl":"https:\/\/secure.gravatar.com\/avatar\/9356757d53af8c5db257f894fbbd9ee7446c25af07cd2e7844bd1cf43acef754?s=96&d=mm&r=g","caption":"root"}}]}},"_links":{"self":[{"href":"https:\/\/www.esplac.cat\/en\/wp-json\/wp\/v2\/posts\/23878","targetHints":{"allow":["GET"]}}],"collection":[{"href":"https:\/\/www.esplac.cat\/en\/wp-json\/wp\/v2\/posts"}],"about":[{"href":"https:\/\/www.esplac.cat\/en\/wp-json\/wp\/v2\/types\/post"}],"author":[{"embeddable":true,"href":"https:\/\/www.esplac.cat\/en\/wp-json\/wp\/v2\/users\/1"}],"replies":[{"embeddable":true,"href":"https:\/\/www.esplac.cat\/en\/wp-json\/wp\/v2\/comments?post=23878"}],"version-history":[{"count":0,"href":"https:\/\/www.esplac.cat\/en\/wp-json\/wp\/v2\/posts\/23878\/revisions"}],"wp:featuredmedia":[{"embeddable":true,"href":"https:\/\/www.esplac.cat\/en\/wp-json\/wp\/v2\/media\/23868"}],"wp:attachment":[{"href":"https:\/\/www.esplac.cat\/en\/wp-json\/wp\/v2\/media?parent=23878"}],"wp:term":[{"taxonomy":"category","embeddable":true,"href":"https:\/\/www.esplac.cat\/en\/wp-json\/wp\/v2\/categories?post=23878"},{"taxonomy":"post_tag","embeddable":true,"href":"https:\/\/www.esplac.cat\/en\/wp-json\/wp\/v2\/tags?post=23878"}],"curies":[{"name":"wp","href":"https:\/\/api.w.org\/{rel}","templated":true}]}}