{"id":23880,"date":"2018-12-21T11:37:04","date_gmt":"2018-12-21T09:37:04","guid":{"rendered":"http:\/\/esplac.cat\/?p=20472"},"modified":"2020-10-15T17:23:41","modified_gmt":"2020-10-15T16:23:41","slug":"inscripcions-obertes-pel-curs-peer-2-0-education-for-democratic-citizenship","status":"publish","type":"post","link":"https:\/\/www.esplac.cat\/en\/inscripcions-obertes-pel-curs-peer-2-0-education-for-democratic-citizenship\/","title":{"rendered":"INSCRIPCIONS OBERTES PEL CURS Peer 2.0 Education for Democratic Citizenship!"},"content":{"rendered":"<h4 style=\"text-align: justify;\" align=\"justify\">INSCRIPCIONS OBERTES PEL CURS Peer 2.0 Education for Democratic Citizenship!<\/h4>\n<p style=\"text-align: justify;\" align=\"justify\"><span style=\"font-family: Georgia, Palatino; font-size: 12pt;\"><span style=\"color: #000000;\"><b>De qu\u00e8 es tracta? <\/b><\/span><span style=\"color: #000000;\">\u00c9s una formaci\u00f3 de <\/span><span style=\"color: #000000;\"><b>8 dies<\/b><\/span> <span style=\"color: #000000;\">(excloent els dies de viatge) organitzat per l\u2019 IFM en col\u00b7laboraci\u00f3 amb el Departament de Joventut del Consell d&#8217;Europa.<\/span><\/span><\/p>\n<p style=\"text-align: justify;\" align=\"justify\"><span style=\"font-family: Georgia, Palatino; font-size: 12pt;\"><span style=\"color: #000000;\"><b>A qui va destinat? <\/b><\/span><span style=\"color: #000000;\">\u00c9s una <\/span><span style=\"color: #000000;\"><b>formaci\u00f3 d\u2019alt nivell<\/b><\/span> <span style=\"color: #000000;\">per educadors i educadores de <\/span><span style=\"color: #000000;\"><b>16 a 30 anys.<\/b><\/span> <span style=\"color: #000000;\">En total seran 25 educadors\/es joves.<\/span><\/span><\/p>\n<p style=\"text-align: justify;\" align=\"justify\"><span style=\"font-family: Georgia, Palatino; font-size: 12pt;\"><span style=\"color: #000000;\"><b>Qu\u00e8 es far\u00e0? <\/b><\/span><span style=\"color: #000000;\">Explorar l&#8217;educaci\u00f3 no formal i l&#8217;educaci\u00f3 en drets humans, i es proporcionar\u00e0 les compet\u00e8ncies, eines i confian\u00e7a per a progressar i millorar la seva tasca com a educadors i educadores. La formaci\u00f3 t\u00e9 per objectiu <\/span><span style=\"color: #000000;\"><b>construir una comunitat de companys i companyes educadors\/es<\/b><\/span> <span style=\"color: #000000;\">en l&#8217;educaci\u00f3 socialista i ser\u00e0 una plataforma per a llan\u00e7ar el grup d&#8217;educadors i educadores de l\u2019IFM-SEI.<\/span><\/span><\/p>\n<p style=\"text-align: justify;\" align=\"justify\"><span style=\"font-family: Georgia, Palatino; font-size: 12pt;\"><span style=\"color: #000000;\"><b>Quan? <\/b><\/span><span style=\"color: #000000;\">Del<\/span> <span style=\"color: #000000;\"><b>22 de Febrer <\/b><\/span><span style=\"color: #000000;\">al<\/span> <span style=\"color: #000000;\"><b>3 de Mar\u00e7 2019 <\/b><\/span><span style=\"color: #000000;\">(incloent-hi els dies de viatge) <\/span><\/span><\/p>\n<p style=\"text-align: justify;\" align=\"justify\"><span style=\"font-family: Georgia, Palatino; font-size: 12pt;\"><span style=\"color: #000000;\"><b>On? Hongria<\/b><\/span><span style=\"color: #000000;\">, European Youth Centre Budapest. <\/span><\/span><\/p>\n<p style=\"text-align: justify;\" align=\"justify\"><span style=\"font-family: Georgia, Palatino; font-size: 12pt;\"><span style=\"color: #000000;\"><b>Quan costa?<\/b><\/span> <span style=\"color: #000000;\"><b>50 euros tot!<\/b><\/span> <span style=\"color: #000000;\">Inclou: gastos de viatge (ruta m\u00e9s econ\u00f2mica), visa, asseguran\u00e7a, allotjament, menjars i activitats. L\u2019allotjament i els menjars s\u00f3n organitzats pels organitzadors. <\/span><\/span><\/p>\n<p style=\"text-align: justify;\" align=\"justify\"><span style=\"font-family: Georgia, Palatino; font-size: 12pt;\"><span style=\"color: #000000;\"><b>Fins quan em puc apuntar? <\/b><\/span><span style=\"color: #000000;\">Fins al <\/span><span style=\"color: #000000;\"><b>dilluns 7 de gener del 2019. <\/b><\/span><\/span><\/p>\n<p style=\"text-align: justify;\" align=\"justify\"><span style=\"font-family: Georgia, Palatino; font-size: 12pt;\"><span style=\"color: #000000;\"><b>I si necessito m\u00e9s informaci\u00f3?<\/b><\/span>\u00a0<span style=\"color: #000000;\"><a href=\"http:\/\/ifm-sei.org\/en\/2018\/12\/apply-peers-2-0\/\">Aqu\u00ed trobar\u00e0s el programa i informaci\u00f3 m\u00e9s detallada<\/a>. <\/span><\/span><\/p>\n<p style=\"text-align: justify;\" align=\"justify\"><span style=\"color: #000000; font-family: Georgia, Palatino; font-size: 12pt;\"><b>EM VULL APUNTAR! Qu\u00e8 faig? <\/b><\/span><\/p>\n<ol style=\"text-align: justify;\">\n<li><span style=\"font-family: Georgia, Palatino; font-size: 12pt;\"><span style=\"color: #000000;\">Enviar un v\u00eddeo (m\u00e0xim dos minuts) que expliqui la seva motivaci\u00f3 i inter\u00e8s per a assistir a Peers 2.0 per correu electr\u00f2nic a <\/span><a href=\"mailto:contact@ifm-sei.org\"><span style=\"color: #000000;\"><u>contact@ifm-sei.org<\/u><\/span><\/a><\/span><\/li>\n<li><span style=\"font-family: Georgia, Palatino; font-size: 12pt;\"><span style=\"color: #000000;\">Completar el <a href=\"https:\/\/docs.google.com\/forms\/d\/e\/1FAIpQLSfwobtDLLfgQGsbJzZWc8vecR03D4PuxhmMjWccux0ztcPMRw\/viewform\">formulari electr\u00f2nic en l\u00ednia <\/a><\/span><span style=\"color: #000000;\">\u00a0que inclou preguntes com: expectatives, motivaci\u00f3 per participar, experi\u00e8ncia rellevant, etc.<\/span><\/span><\/li>\n<\/ol>\n<p style=\"text-align: justify;\"><span style=\"font-family: Georgia, Palatino; font-size: 12pt;\"><span style=\"color: #000000;\"><b>I SI TINC DUBTES<\/b><\/span><span style=\"color: #000000;\">? Contacta amb <\/span><span style=\"color: #000000;\"><b>internacional@esplac.cat<\/b><\/span> <span style=\"color: #000000;\">i te\u2019ls respondrem tan b\u00e9 com puguem!!! Tamb\u00e9 podeu contactar amb l\u2019entitat organitzadora:<\/span><span style=\"color: #000000;\"><b>contact@ifm-sei.org.<\/b><\/span><\/span><\/p>\n","protected":false},"excerpt":{"rendered":"<p>INSCRIPCIONS OBERTES PEL CURS Peer 2.0 Education for Democratic Citizenship! [&hellip;]<\/p>\n","protected":false},"author":3,"featured_media":23881,"comment_status":"closed","ping_status":"open","sticky":false,"template":"","format":"standard","meta":{"om_disable_all_campaigns":false,"_monsterinsights_skip_tracking":false,"_monsterinsights_sitenote_active":false,"_monsterinsights_sitenote_note":"","_monsterinsights_sitenote_category":0,"_uf_show_specific_survey":0,"_uf_disable_surveys":false,"footnotes":""},"categories":[1112,1],"tags":[1002,1030,518,225,555],"class_list":["post-23880","post","type-post","status-publish","format-standard","has-post-thumbnail","hentry","category-esplac-al-mon","category-sense-categoria","tag-educacio-popular","tag-hongria","tag-ifm","tag-inscripcions","tag-internacional"],"yoast_head":"<!-- This site is optimized with the Yoast SEO plugin v27.5 - https:\/\/yoast.com\/product\/yoast-seo-wordpress\/ -->\n<title>INSCRIPCIONS OBERTES PEL CURS Peer 2.0 Education for Democratic Citizenship! - Esplac<\/title>\n<meta name=\"robots\" content=\"index, follow, max-snippet:-1, max-image-preview:large, max-video-preview:-1\" \/>\n<link rel=\"canonical\" href=\"https:\/\/www.esplac.cat\/inscripcions-obertes-pel-curs-peer-2-0-education-for-democratic-citizenship\/\" \/>\n<meta property=\"og:locale\" content=\"en_US\" \/>\n<meta property=\"og:type\" content=\"article\" \/>\n<meta property=\"og:title\" content=\"INSCRIPCIONS OBERTES PEL CURS Peer 2.0 Education for Democratic Citizenship! - Esplac\" \/>\n<meta property=\"og:description\" content=\"INSCRIPCIONS OBERTES PEL CURS Peer 2.0 Education for Democratic Citizenship! [&hellip;]\" \/>\n<meta property=\"og:url\" content=\"https:\/\/www.esplac.cat\/inscripcions-obertes-pel-curs-peer-2-0-education-for-democratic-citizenship\/\" \/>\n<meta property=\"og:site_name\" content=\"Esplac\" \/>\n<meta property=\"article:published_time\" content=\"2018-12-21T09:37:04+00:00\" \/>\n<meta property=\"article:modified_time\" content=\"2020-10-15T16:23:41+00:00\" \/>\n<meta property=\"og:image\" content=\"https:\/\/www.esplac.cat\/wp-content\/uploads\/2018\/12\/NotiLogoPeer2.0.jpg\" \/>\n\t<meta property=\"og:image:width\" content=\"870\" \/>\n\t<meta property=\"og:image:height\" content=\"317\" \/>\n\t<meta property=\"og:image:type\" content=\"image\/jpeg\" \/>\n<meta name=\"author\" content=\"Comunicaci\u00f3 Esplac\" \/>\n<meta name=\"twitter:card\" content=\"summary_large_image\" \/>\n<meta name=\"twitter:label1\" content=\"Written by\" \/>\n\t<meta name=\"twitter:data1\" content=\"Comunicaci\u00f3 Esplac\" \/>\n\t<meta name=\"twitter:label2\" content=\"Est. reading time\" \/>\n\t<meta name=\"twitter:data2\" content=\"1 minute\" \/>\n<script type=\"application\/ld+json\" class=\"yoast-schema-graph\">{\"@context\":\"https:\\\/\\\/schema.org\",\"@graph\":[{\"@type\":\"Article\",\"@id\":\"https:\\\/\\\/www.esplac.cat\\\/inscripcions-obertes-pel-curs-peer-2-0-education-for-democratic-citizenship\\\/#article\",\"isPartOf\":{\"@id\":\"https:\\\/\\\/www.esplac.cat\\\/inscripcions-obertes-pel-curs-peer-2-0-education-for-democratic-citizenship\\\/\"},\"author\":{\"name\":\"Comunicaci\u00f3 Esplac\",\"@id\":\"https:\\\/\\\/www.esplac.cat\\\/#\\\/schema\\\/person\\\/908383cf240be18b68f8855d0583faca\"},\"headline\":\"INSCRIPCIONS OBERTES PEL CURS Peer 2.0 Education for Democratic Citizenship!\",\"datePublished\":\"2018-12-21T09:37:04+00:00\",\"dateModified\":\"2020-10-15T16:23:41+00:00\",\"mainEntityOfPage\":{\"@id\":\"https:\\\/\\\/www.esplac.cat\\\/inscripcions-obertes-pel-curs-peer-2-0-education-for-democratic-citizenship\\\/\"},\"wordCount\":299,\"publisher\":{\"@id\":\"https:\\\/\\\/www.esplac.cat\\\/#organization\"},\"image\":{\"@id\":\"https:\\\/\\\/www.esplac.cat\\\/inscripcions-obertes-pel-curs-peer-2-0-education-for-democratic-citizenship\\\/#primaryimage\"},\"thumbnailUrl\":\"https:\\\/\\\/www.esplac.cat\\\/wp-content\\\/uploads\\\/2018\\\/12\\\/NotiLogoPeer2.0.jpg\",\"keywords\":[\"educaci\u00f3 popular\",\"Hongria\",\"ifm\",\"inscripcions\",\"internacional\"],\"articleSection\":[\"Esplac al m\u00f3n\",\"Sense categoria\"],\"inLanguage\":\"en-US\"},{\"@type\":\"WebPage\",\"@id\":\"https:\\\/\\\/www.esplac.cat\\\/inscripcions-obertes-pel-curs-peer-2-0-education-for-democratic-citizenship\\\/\",\"url\":\"https:\\\/\\\/www.esplac.cat\\\/inscripcions-obertes-pel-curs-peer-2-0-education-for-democratic-citizenship\\\/\",\"name\":\"INSCRIPCIONS OBERTES PEL CURS Peer 2.0 Education for Democratic Citizenship! - Esplac\",\"isPartOf\":{\"@id\":\"https:\\\/\\\/www.esplac.cat\\\/#website\"},\"primaryImageOfPage\":{\"@id\":\"https:\\\/\\\/www.esplac.cat\\\/inscripcions-obertes-pel-curs-peer-2-0-education-for-democratic-citizenship\\\/#primaryimage\"},\"image\":{\"@id\":\"https:\\\/\\\/www.esplac.cat\\\/inscripcions-obertes-pel-curs-peer-2-0-education-for-democratic-citizenship\\\/#primaryimage\"},\"thumbnailUrl\":\"https:\\\/\\\/www.esplac.cat\\\/wp-content\\\/uploads\\\/2018\\\/12\\\/NotiLogoPeer2.0.jpg\",\"datePublished\":\"2018-12-21T09:37:04+00:00\",\"dateModified\":\"2020-10-15T16:23:41+00:00\",\"breadcrumb\":{\"@id\":\"https:\\\/\\\/www.esplac.cat\\\/inscripcions-obertes-pel-curs-peer-2-0-education-for-democratic-citizenship\\\/#breadcrumb\"},\"inLanguage\":\"en-US\",\"potentialAction\":[{\"@type\":\"ReadAction\",\"target\":[\"https:\\\/\\\/www.esplac.cat\\\/inscripcions-obertes-pel-curs-peer-2-0-education-for-democratic-citizenship\\\/\"]}]},{\"@type\":\"ImageObject\",\"inLanguage\":\"en-US\",\"@id\":\"https:\\\/\\\/www.esplac.cat\\\/inscripcions-obertes-pel-curs-peer-2-0-education-for-democratic-citizenship\\\/#primaryimage\",\"url\":\"https:\\\/\\\/www.esplac.cat\\\/wp-content\\\/uploads\\\/2018\\\/12\\\/NotiLogoPeer2.0.jpg\",\"contentUrl\":\"https:\\\/\\\/www.esplac.cat\\\/wp-content\\\/uploads\\\/2018\\\/12\\\/NotiLogoPeer2.0.jpg\",\"width\":870,\"height\":317},{\"@type\":\"BreadcrumbList\",\"@id\":\"https:\\\/\\\/www.esplac.cat\\\/inscripcions-obertes-pel-curs-peer-2-0-education-for-democratic-citizenship\\\/#breadcrumb\",\"itemListElement\":[{\"@type\":\"ListItem\",\"position\":1,\"name\":\"Inici\",\"item\":\"https:\\\/\\\/www.esplac.cat\\\/en\\\/\"},{\"@type\":\"ListItem\",\"position\":2,\"name\":\"INSCRIPCIONS OBERTES PEL CURS Peer 2.0 Education for Democratic Citizenship!\"}]},{\"@type\":\"WebSite\",\"@id\":\"https:\\\/\\\/www.esplac.cat\\\/#website\",\"url\":\"https:\\\/\\\/www.esplac.cat\\\/\",\"name\":\"Esplac\",\"description\":\"Esplais Catalans\",\"publisher\":{\"@id\":\"https:\\\/\\\/www.esplac.cat\\\/#organization\"},\"potentialAction\":[{\"@type\":\"SearchAction\",\"target\":{\"@type\":\"EntryPoint\",\"urlTemplate\":\"https:\\\/\\\/www.esplac.cat\\\/?s={search_term_string}\"},\"query-input\":{\"@type\":\"PropertyValueSpecification\",\"valueRequired\":true,\"valueName\":\"search_term_string\"}}],\"inLanguage\":\"en-US\"},{\"@type\":\"Organization\",\"@id\":\"https:\\\/\\\/www.esplac.cat\\\/#organization\",\"name\":\"Esplac\",\"url\":\"https:\\\/\\\/www.esplac.cat\\\/\",\"logo\":{\"@type\":\"ImageObject\",\"inLanguage\":\"en-US\",\"@id\":\"https:\\\/\\\/www.esplac.cat\\\/#\\\/schema\\\/logo\\\/image\\\/\",\"url\":\"https:\\\/\\\/www.esplac.cat\\\/wp-content\\\/uploads\\\/2019\\\/08\\\/logox2.png\",\"contentUrl\":\"https:\\\/\\\/www.esplac.cat\\\/wp-content\\\/uploads\\\/2019\\\/08\\\/logox2.png\",\"width\":600,\"height\":295,\"caption\":\"Esplac\"},\"image\":{\"@id\":\"https:\\\/\\\/www.esplac.cat\\\/#\\\/schema\\\/logo\\\/image\\\/\"}},{\"@type\":\"Person\",\"@id\":\"https:\\\/\\\/www.esplac.cat\\\/#\\\/schema\\\/person\\\/908383cf240be18b68f8855d0583faca\",\"name\":\"Comunicaci\u00f3 Esplac\",\"image\":{\"@type\":\"ImageObject\",\"inLanguage\":\"en-US\",\"@id\":\"https:\\\/\\\/secure.gravatar.com\\\/avatar\\\/7a4cf8feb412a76ea4a740ca02d95b06b2907b5a6c648c2dd0a1082a093c3141?s=96&d=mm&r=g\",\"url\":\"https:\\\/\\\/secure.gravatar.com\\\/avatar\\\/7a4cf8feb412a76ea4a740ca02d95b06b2907b5a6c648c2dd0a1082a093c3141?s=96&d=mm&r=g\",\"contentUrl\":\"https:\\\/\\\/secure.gravatar.com\\\/avatar\\\/7a4cf8feb412a76ea4a740ca02d95b06b2907b5a6c648c2dd0a1082a093c3141?s=96&d=mm&r=g\",\"caption\":\"Comunicaci\u00f3 Esplac\"}}]}<\/script>\n<!-- \/ Yoast SEO plugin. -->","yoast_head_json":{"title":"INSCRIPCIONS OBERTES PEL CURS Peer 2.0 Education for Democratic Citizenship! - Esplac","robots":{"index":"index","follow":"follow","max-snippet":"max-snippet:-1","max-image-preview":"max-image-preview:large","max-video-preview":"max-video-preview:-1"},"canonical":"https:\/\/www.esplac.cat\/inscripcions-obertes-pel-curs-peer-2-0-education-for-democratic-citizenship\/","og_locale":"en_US","og_type":"article","og_title":"INSCRIPCIONS OBERTES PEL CURS Peer 2.0 Education for Democratic Citizenship! - Esplac","og_description":"INSCRIPCIONS OBERTES PEL CURS Peer 2.0 Education for Democratic Citizenship! [&hellip;]","og_url":"https:\/\/www.esplac.cat\/inscripcions-obertes-pel-curs-peer-2-0-education-for-democratic-citizenship\/","og_site_name":"Esplac","article_published_time":"2018-12-21T09:37:04+00:00","article_modified_time":"2020-10-15T16:23:41+00:00","og_image":[{"width":870,"height":317,"url":"https:\/\/www.esplac.cat\/wp-content\/uploads\/2018\/12\/NotiLogoPeer2.0.jpg","type":"image\/jpeg"}],"author":"Comunicaci\u00f3 Esplac","twitter_card":"summary_large_image","twitter_misc":{"Written by":"Comunicaci\u00f3 Esplac","Est. reading time":"1 minute"},"schema":{"@context":"https:\/\/schema.org","@graph":[{"@type":"Article","@id":"https:\/\/www.esplac.cat\/inscripcions-obertes-pel-curs-peer-2-0-education-for-democratic-citizenship\/#article","isPartOf":{"@id":"https:\/\/www.esplac.cat\/inscripcions-obertes-pel-curs-peer-2-0-education-for-democratic-citizenship\/"},"author":{"name":"Comunicaci\u00f3 Esplac","@id":"https:\/\/www.esplac.cat\/#\/schema\/person\/908383cf240be18b68f8855d0583faca"},"headline":"INSCRIPCIONS OBERTES PEL CURS Peer 2.0 Education for Democratic Citizenship!","datePublished":"2018-12-21T09:37:04+00:00","dateModified":"2020-10-15T16:23:41+00:00","mainEntityOfPage":{"@id":"https:\/\/www.esplac.cat\/inscripcions-obertes-pel-curs-peer-2-0-education-for-democratic-citizenship\/"},"wordCount":299,"publisher":{"@id":"https:\/\/www.esplac.cat\/#organization"},"image":{"@id":"https:\/\/www.esplac.cat\/inscripcions-obertes-pel-curs-peer-2-0-education-for-democratic-citizenship\/#primaryimage"},"thumbnailUrl":"https:\/\/www.esplac.cat\/wp-content\/uploads\/2018\/12\/NotiLogoPeer2.0.jpg","keywords":["educaci\u00f3 popular","Hongria","ifm","inscripcions","internacional"],"articleSection":["Esplac al m\u00f3n","Sense categoria"],"inLanguage":"en-US"},{"@type":"WebPage","@id":"https:\/\/www.esplac.cat\/inscripcions-obertes-pel-curs-peer-2-0-education-for-democratic-citizenship\/","url":"https:\/\/www.esplac.cat\/inscripcions-obertes-pel-curs-peer-2-0-education-for-democratic-citizenship\/","name":"INSCRIPCIONS OBERTES PEL CURS Peer 2.0 Education for Democratic Citizenship! - Esplac","isPartOf":{"@id":"https:\/\/www.esplac.cat\/#website"},"primaryImageOfPage":{"@id":"https:\/\/www.esplac.cat\/inscripcions-obertes-pel-curs-peer-2-0-education-for-democratic-citizenship\/#primaryimage"},"image":{"@id":"https:\/\/www.esplac.cat\/inscripcions-obertes-pel-curs-peer-2-0-education-for-democratic-citizenship\/#primaryimage"},"thumbnailUrl":"https:\/\/www.esplac.cat\/wp-content\/uploads\/2018\/12\/NotiLogoPeer2.0.jpg","datePublished":"2018-12-21T09:37:04+00:00","dateModified":"2020-10-15T16:23:41+00:00","breadcrumb":{"@id":"https:\/\/www.esplac.cat\/inscripcions-obertes-pel-curs-peer-2-0-education-for-democratic-citizenship\/#breadcrumb"},"inLanguage":"en-US","potentialAction":[{"@type":"ReadAction","target":["https:\/\/www.esplac.cat\/inscripcions-obertes-pel-curs-peer-2-0-education-for-democratic-citizenship\/"]}]},{"@type":"ImageObject","inLanguage":"en-US","@id":"https:\/\/www.esplac.cat\/inscripcions-obertes-pel-curs-peer-2-0-education-for-democratic-citizenship\/#primaryimage","url":"https:\/\/www.esplac.cat\/wp-content\/uploads\/2018\/12\/NotiLogoPeer2.0.jpg","contentUrl":"https:\/\/www.esplac.cat\/wp-content\/uploads\/2018\/12\/NotiLogoPeer2.0.jpg","width":870,"height":317},{"@type":"BreadcrumbList","@id":"https:\/\/www.esplac.cat\/inscripcions-obertes-pel-curs-peer-2-0-education-for-democratic-citizenship\/#breadcrumb","itemListElement":[{"@type":"ListItem","position":1,"name":"Inici","item":"https:\/\/www.esplac.cat\/en\/"},{"@type":"ListItem","position":2,"name":"INSCRIPCIONS OBERTES PEL CURS Peer 2.0 Education for Democratic Citizenship!"}]},{"@type":"WebSite","@id":"https:\/\/www.esplac.cat\/#website","url":"https:\/\/www.esplac.cat\/","name":"Esplac","description":"Esplais Catalans","publisher":{"@id":"https:\/\/www.esplac.cat\/#organization"},"potentialAction":[{"@type":"SearchAction","target":{"@type":"EntryPoint","urlTemplate":"https:\/\/www.esplac.cat\/?s={search_term_string}"},"query-input":{"@type":"PropertyValueSpecification","valueRequired":true,"valueName":"search_term_string"}}],"inLanguage":"en-US"},{"@type":"Organization","@id":"https:\/\/www.esplac.cat\/#organization","name":"Esplac","url":"https:\/\/www.esplac.cat\/","logo":{"@type":"ImageObject","inLanguage":"en-US","@id":"https:\/\/www.esplac.cat\/#\/schema\/logo\/image\/","url":"https:\/\/www.esplac.cat\/wp-content\/uploads\/2019\/08\/logox2.png","contentUrl":"https:\/\/www.esplac.cat\/wp-content\/uploads\/2019\/08\/logox2.png","width":600,"height":295,"caption":"Esplac"},"image":{"@id":"https:\/\/www.esplac.cat\/#\/schema\/logo\/image\/"}},{"@type":"Person","@id":"https:\/\/www.esplac.cat\/#\/schema\/person\/908383cf240be18b68f8855d0583faca","name":"Comunicaci\u00f3 Esplac","image":{"@type":"ImageObject","inLanguage":"en-US","@id":"https:\/\/secure.gravatar.com\/avatar\/7a4cf8feb412a76ea4a740ca02d95b06b2907b5a6c648c2dd0a1082a093c3141?s=96&d=mm&r=g","url":"https:\/\/secure.gravatar.com\/avatar\/7a4cf8feb412a76ea4a740ca02d95b06b2907b5a6c648c2dd0a1082a093c3141?s=96&d=mm&r=g","contentUrl":"https:\/\/secure.gravatar.com\/avatar\/7a4cf8feb412a76ea4a740ca02d95b06b2907b5a6c648c2dd0a1082a093c3141?s=96&d=mm&r=g","caption":"Comunicaci\u00f3 Esplac"}}]}},"_links":{"self":[{"href":"https:\/\/www.esplac.cat\/en\/wp-json\/wp\/v2\/posts\/23880","targetHints":{"allow":["GET"]}}],"collection":[{"href":"https:\/\/www.esplac.cat\/en\/wp-json\/wp\/v2\/posts"}],"about":[{"href":"https:\/\/www.esplac.cat\/en\/wp-json\/wp\/v2\/types\/post"}],"author":[{"embeddable":true,"href":"https:\/\/www.esplac.cat\/en\/wp-json\/wp\/v2\/users\/3"}],"replies":[{"embeddable":true,"href":"https:\/\/www.esplac.cat\/en\/wp-json\/wp\/v2\/comments?post=23880"}],"version-history":[{"count":0,"href":"https:\/\/www.esplac.cat\/en\/wp-json\/wp\/v2\/posts\/23880\/revisions"}],"wp:featuredmedia":[{"embeddable":true,"href":"https:\/\/www.esplac.cat\/en\/wp-json\/wp\/v2\/media\/23881"}],"wp:attachment":[{"href":"https:\/\/www.esplac.cat\/en\/wp-json\/wp\/v2\/media?parent=23880"}],"wp:term":[{"taxonomy":"category","embeddable":true,"href":"https:\/\/www.esplac.cat\/en\/wp-json\/wp\/v2\/categories?post=23880"},{"taxonomy":"post_tag","embeddable":true,"href":"https:\/\/www.esplac.cat\/en\/wp-json\/wp\/v2\/tags?post=23880"}],"curies":[{"name":"wp","href":"https:\/\/api.w.org\/{rel}","templated":true}]}}