{"id":23906,"date":"2018-11-13T10:20:10","date_gmt":"2018-11-13T08:20:10","guid":{"rendered":"http:\/\/esplac.cat\/?p=19836"},"modified":"2018-11-13T10:20:10","modified_gmt":"2018-11-13T08:20:10","slug":"20n-donem-volta-drets-infants","status":"publish","type":"post","link":"https:\/\/www.esplac.cat\/en\/20n-donem-volta-drets-infants\/","title":{"rendered":"20N: Donem la volta als drets dels infants!"},"content":{"rendered":"<h4>Aquest cap de setmana sortirem al carrer per celebrar el Dia Universal dels Drets dels Infants<\/h4>\n<p style=\"text-align: justify;\">Esplais Catalans som un associaci\u00f3 laica i progressista en qu\u00e8 treballem dia a dia per la sensibilitzaci\u00f3 i la promoci\u00f3 dels drets dels infants. Enfoquem l\u2019educaci\u00f3 dels nens i nenes des d\u2019una perspectiva integral que inclou, tant el coneixement dels propis drets i responsabilitats, com les habilitats i actituds necess\u00e0ries per construir una societat m\u00e9s justa i igualit\u00e0ria. Busquem una transformaci\u00f3 social que sorgeixi de la participaci\u00f3 de totes i tots. Tamb\u00e9 dels infants, que sens dubte tenen veu i tenen drets!<\/p>\n<p>\u00c9s per aix\u00f2 que, amb motiu del Dia Universal dels Drets dels Infants (dimarts 20 de novembre), aquest cap de setmana\u00a0es realitzen diverses activitats des dels sectors per reivindicar els drets dels\u00a0infants de tot el m\u00f3n:<\/p>\n<p>&nbsp;<\/p>\n<p><strong>Sector Pened\u00e8s, Garraf i Anoia<\/strong><\/p>\n<p>\u00c9s far\u00e0 una Trobada General del Sector d&#8217;un dia. Dissabte al mat\u00ed cada grup d&#8217;edat treballar\u00e0 un dret i a la tarda, a partir de les reflexions que hagin extret al mat\u00ed, faran una manifestaci\u00f3 que acabar\u00e0 amb la lectura del manifest i, finalment, una mica d&#8217;animaci\u00f3 per part de les monitores!<\/p>\n<p><strong><br \/>\nSector Baix Llobregat<\/strong><\/p>\n<p style=\"text-align: justify;\">Dissabte 12 i diumenge 18\u00a0es celebrar\u00e0 una\u00a0trobada amb els esplais del sector a Santa Coloma de Cervell\u00f3. Cada edat treballar\u00e0 un dret diferent durant el dissabte al mat\u00ed. Despr\u00e9s de dinar es far\u00e0 un manifest conjunt amb tot el que s&#8217;ha fet durant el mat\u00ed. Una vegada fet el manifest, hi haur\u00e0 un espectacle d&#8217;animaci\u00f3 infantil. Els m\u00e9s grans faran les activitats durant la tarda i al mat\u00ed de diumenge.<\/p>\n<p style=\"text-align: justify;\"><strong><br \/>\nSector Osona-Ripoll\u00e8s<\/strong><\/p>\n<p style=\"text-align: justify;\">Dia d&#8217;activitats el dissabte 17 a Castellter\u00e7ol!<\/p>\n<p style=\"text-align: justify;\"><strong><br \/>\nSector Barcelona<\/strong><\/p>\n<p style=\"text-align: justify;\">Els esplais Espurna, Turons i la Lluna celebraran el 20N el dissabte 24 fent una activitat que es diu &#8220;Sembralleure&#8221;. L&#8217;activitat, que \u00e9s de mat\u00ed i tarda, la organitzen com a ECSM, Esplais i Caus de Sants-Monju\u00efc.<\/p>\n<p style=\"text-align: justify;\"><strong><br \/>\nSector Camp de Taragona<\/strong><\/p>\n<p>Tant l&#8217;esplai Esclop com La Grapadora faran activitats relacionades amb el 20N!<\/p>\n<p><strong><br \/>\nSector Vall\u00e8s Occidental<\/strong><\/p>\n<p>Alguns esplais del sector celebren el 20N amb activitats durant tot el dissabte 17. Pel mat\u00ed (10 h) al Parc de les Nacions Unides de Terrassa comencen les activitats, seguides d&#8217;un dinar all\u00e0 mateix a les 13:30 h. Despr\u00e9s de dinar, a les 16 h, s&#8217;iniciar\u00e0\u00a0una\u00a0cercavila i es finalitzar\u00e0 la trobada amb un berenar, a les 17 h, al mateix punt d&#8217;inici.<\/p>\n<p>&nbsp;<\/p>\n<p><a href=\"http:\/\/esplac.cat\/wp-content\/uploads\/2018\/11\/20-N-5-1.jpg\"><img decoding=\"async\" class=\"wp-image-19886 aligncenter\" src=\"http:\/\/esplac.cat\/wp-content\/uploads\/2018\/11\/20-N-5-1.jpg\" alt=\"\" width=\"578\" height=\"818\" \/><\/a><\/p>\n","protected":false},"excerpt":{"rendered":"<p>Aquest cap de setmana sortirem al carrer per celebrar el [&hellip;]<\/p>\n","protected":false},"author":1,"featured_media":23909,"comment_status":"closed","ping_status":"open","sticky":false,"template":"","format":"standard","meta":{"om_disable_all_campaigns":false,"_monsterinsights_skip_tracking":false,"_monsterinsights_sitenote_active":false,"_monsterinsights_sitenote_note":"","_monsterinsights_sitenote_category":0,"_uf_show_specific_survey":0,"_uf_disable_surveys":false,"footnotes":""},"categories":[1135,1],"tags":[375,1017,376,1002,1003,344,1006],"class_list":["post-23906","post","type-post","status-publish","format-standard","has-post-thumbnail","hentry","category-20-n-drets-dels-infants","category-sense-categoria","tag-20n","tag-drets","tag-dudi","tag-educacio-popular","tag-esplai","tag-infants","tag-lleure"],"yoast_head":"<!-- This site is optimized with the Yoast SEO plugin v27.4 - https:\/\/yoast.com\/product\/yoast-seo-wordpress\/ -->\n<title>20N: Donem la volta als drets dels infants! - Esplac<\/title>\n<meta name=\"robots\" content=\"index, follow, max-snippet:-1, max-image-preview:large, max-video-preview:-1\" \/>\n<link rel=\"canonical\" href=\"https:\/\/www.esplac.cat\/es\/20n-donem-volta-drets-infants\/\" \/>\n<meta property=\"og:locale\" content=\"en_US\" \/>\n<meta property=\"og:type\" content=\"article\" \/>\n<meta property=\"og:title\" content=\"20N: Donem la volta als drets dels infants! - Esplac\" \/>\n<meta property=\"og:description\" content=\"Aquest cap de setmana sortirem al carrer per celebrar el [&hellip;]\" \/>\n<meta property=\"og:url\" content=\"https:\/\/www.esplac.cat\/es\/20n-donem-volta-drets-infants\/\" \/>\n<meta property=\"og:site_name\" content=\"Esplac\" \/>\n<meta property=\"article:published_time\" content=\"2018-11-13T08:20:10+00:00\" \/>\n<meta property=\"og:image\" content=\"https:\/\/www.esplac.cat\/wp-content\/uploads\/2018\/11\/dudi.jpg\" \/>\n\t<meta property=\"og:image:width\" content=\"847\" \/>\n\t<meta property=\"og:image:height\" content=\"350\" \/>\n\t<meta property=\"og:image:type\" content=\"image\/jpeg\" \/>\n<meta name=\"author\" content=\"root\" \/>\n<meta name=\"twitter:card\" content=\"summary_large_image\" \/>\n<meta name=\"twitter:label1\" content=\"Written by\" \/>\n\t<meta name=\"twitter:data1\" content=\"root\" \/>\n\t<meta name=\"twitter:label2\" content=\"Est. reading time\" \/>\n\t<meta name=\"twitter:data2\" content=\"2 minutes\" \/>\n<script type=\"application\/ld+json\" class=\"yoast-schema-graph\">{\"@context\":\"https:\\\/\\\/schema.org\",\"@graph\":[{\"@type\":\"Article\",\"@id\":\"https:\\\/\\\/www.esplac.cat\\\/es\\\/20n-donem-volta-drets-infants\\\/#article\",\"isPartOf\":{\"@id\":\"https:\\\/\\\/www.esplac.cat\\\/es\\\/20n-donem-volta-drets-infants\\\/\"},\"author\":{\"name\":\"root\",\"@id\":\"https:\\\/\\\/www.esplac.cat\\\/#\\\/schema\\\/person\\\/8d7ee340c02b239b152b9ff2c3d40766\"},\"headline\":\"20N: Donem la volta als drets dels infants!\",\"datePublished\":\"2018-11-13T08:20:10+00:00\",\"mainEntityOfPage\":{\"@id\":\"https:\\\/\\\/www.esplac.cat\\\/es\\\/20n-donem-volta-drets-infants\\\/\"},\"wordCount\":424,\"publisher\":{\"@id\":\"https:\\\/\\\/www.esplac.cat\\\/#organization\"},\"image\":{\"@id\":\"https:\\\/\\\/www.esplac.cat\\\/es\\\/20n-donem-volta-drets-infants\\\/#primaryimage\"},\"thumbnailUrl\":\"https:\\\/\\\/www.esplac.cat\\\/wp-content\\\/uploads\\\/2018\\\/11\\\/dudi.jpg\",\"keywords\":[\"20N\",\"drets\",\"DUDI\",\"educaci\u00f3 popular\",\"esplai\",\"infants\",\"lleure\"],\"articleSection\":[\"20-N: Drets dels infants\",\"Sense categoria\"],\"inLanguage\":\"en-US\"},{\"@type\":\"WebPage\",\"@id\":\"https:\\\/\\\/www.esplac.cat\\\/es\\\/20n-donem-volta-drets-infants\\\/\",\"url\":\"https:\\\/\\\/www.esplac.cat\\\/es\\\/20n-donem-volta-drets-infants\\\/\",\"name\":\"20N: Donem la volta als drets dels infants! - Esplac\",\"isPartOf\":{\"@id\":\"https:\\\/\\\/www.esplac.cat\\\/#website\"},\"primaryImageOfPage\":{\"@id\":\"https:\\\/\\\/www.esplac.cat\\\/es\\\/20n-donem-volta-drets-infants\\\/#primaryimage\"},\"image\":{\"@id\":\"https:\\\/\\\/www.esplac.cat\\\/es\\\/20n-donem-volta-drets-infants\\\/#primaryimage\"},\"thumbnailUrl\":\"https:\\\/\\\/www.esplac.cat\\\/wp-content\\\/uploads\\\/2018\\\/11\\\/dudi.jpg\",\"datePublished\":\"2018-11-13T08:20:10+00:00\",\"breadcrumb\":{\"@id\":\"https:\\\/\\\/www.esplac.cat\\\/es\\\/20n-donem-volta-drets-infants\\\/#breadcrumb\"},\"inLanguage\":\"en-US\",\"potentialAction\":[{\"@type\":\"ReadAction\",\"target\":[\"https:\\\/\\\/www.esplac.cat\\\/es\\\/20n-donem-volta-drets-infants\\\/\"]}]},{\"@type\":\"ImageObject\",\"inLanguage\":\"en-US\",\"@id\":\"https:\\\/\\\/www.esplac.cat\\\/es\\\/20n-donem-volta-drets-infants\\\/#primaryimage\",\"url\":\"https:\\\/\\\/www.esplac.cat\\\/wp-content\\\/uploads\\\/2018\\\/11\\\/dudi.jpg\",\"contentUrl\":\"https:\\\/\\\/www.esplac.cat\\\/wp-content\\\/uploads\\\/2018\\\/11\\\/dudi.jpg\",\"width\":847,\"height\":350},{\"@type\":\"BreadcrumbList\",\"@id\":\"https:\\\/\\\/www.esplac.cat\\\/es\\\/20n-donem-volta-drets-infants\\\/#breadcrumb\",\"itemListElement\":[{\"@type\":\"ListItem\",\"position\":1,\"name\":\"Inici\",\"item\":\"https:\\\/\\\/www.esplac.cat\\\/en\\\/\"},{\"@type\":\"ListItem\",\"position\":2,\"name\":\"20N: Donem la volta als drets dels infants!\"}]},{\"@type\":\"WebSite\",\"@id\":\"https:\\\/\\\/www.esplac.cat\\\/#website\",\"url\":\"https:\\\/\\\/www.esplac.cat\\\/\",\"name\":\"Esplac\",\"description\":\"Esplais Catalans\",\"publisher\":{\"@id\":\"https:\\\/\\\/www.esplac.cat\\\/#organization\"},\"potentialAction\":[{\"@type\":\"SearchAction\",\"target\":{\"@type\":\"EntryPoint\",\"urlTemplate\":\"https:\\\/\\\/www.esplac.cat\\\/?s={search_term_string}\"},\"query-input\":{\"@type\":\"PropertyValueSpecification\",\"valueRequired\":true,\"valueName\":\"search_term_string\"}}],\"inLanguage\":\"en-US\"},{\"@type\":\"Organization\",\"@id\":\"https:\\\/\\\/www.esplac.cat\\\/#organization\",\"name\":\"Esplac\",\"url\":\"https:\\\/\\\/www.esplac.cat\\\/\",\"logo\":{\"@type\":\"ImageObject\",\"inLanguage\":\"en-US\",\"@id\":\"https:\\\/\\\/www.esplac.cat\\\/#\\\/schema\\\/logo\\\/image\\\/\",\"url\":\"https:\\\/\\\/www.esplac.cat\\\/wp-content\\\/uploads\\\/2019\\\/08\\\/logox2.png\",\"contentUrl\":\"https:\\\/\\\/www.esplac.cat\\\/wp-content\\\/uploads\\\/2019\\\/08\\\/logox2.png\",\"width\":600,\"height\":295,\"caption\":\"Esplac\"},\"image\":{\"@id\":\"https:\\\/\\\/www.esplac.cat\\\/#\\\/schema\\\/logo\\\/image\\\/\"}},{\"@type\":\"Person\",\"@id\":\"https:\\\/\\\/www.esplac.cat\\\/#\\\/schema\\\/person\\\/8d7ee340c02b239b152b9ff2c3d40766\",\"name\":\"root\",\"image\":{\"@type\":\"ImageObject\",\"inLanguage\":\"en-US\",\"@id\":\"https:\\\/\\\/secure.gravatar.com\\\/avatar\\\/9356757d53af8c5db257f894fbbd9ee7446c25af07cd2e7844bd1cf43acef754?s=96&d=mm&r=g\",\"url\":\"https:\\\/\\\/secure.gravatar.com\\\/avatar\\\/9356757d53af8c5db257f894fbbd9ee7446c25af07cd2e7844bd1cf43acef754?s=96&d=mm&r=g\",\"contentUrl\":\"https:\\\/\\\/secure.gravatar.com\\\/avatar\\\/9356757d53af8c5db257f894fbbd9ee7446c25af07cd2e7844bd1cf43acef754?s=96&d=mm&r=g\",\"caption\":\"root\"}}]}<\/script>\n<!-- \/ Yoast SEO plugin. -->","yoast_head_json":{"title":"20N: Donem la volta als drets dels infants! - Esplac","robots":{"index":"index","follow":"follow","max-snippet":"max-snippet:-1","max-image-preview":"max-image-preview:large","max-video-preview":"max-video-preview:-1"},"canonical":"https:\/\/www.esplac.cat\/es\/20n-donem-volta-drets-infants\/","og_locale":"en_US","og_type":"article","og_title":"20N: Donem la volta als drets dels infants! - Esplac","og_description":"Aquest cap de setmana sortirem al carrer per celebrar el [&hellip;]","og_url":"https:\/\/www.esplac.cat\/es\/20n-donem-volta-drets-infants\/","og_site_name":"Esplac","article_published_time":"2018-11-13T08:20:10+00:00","og_image":[{"width":847,"height":350,"url":"https:\/\/www.esplac.cat\/wp-content\/uploads\/2018\/11\/dudi.jpg","type":"image\/jpeg"}],"author":"root","twitter_card":"summary_large_image","twitter_misc":{"Written by":"root","Est. reading time":"2 minutes"},"schema":{"@context":"https:\/\/schema.org","@graph":[{"@type":"Article","@id":"https:\/\/www.esplac.cat\/es\/20n-donem-volta-drets-infants\/#article","isPartOf":{"@id":"https:\/\/www.esplac.cat\/es\/20n-donem-volta-drets-infants\/"},"author":{"name":"root","@id":"https:\/\/www.esplac.cat\/#\/schema\/person\/8d7ee340c02b239b152b9ff2c3d40766"},"headline":"20N: Donem la volta als drets dels infants!","datePublished":"2018-11-13T08:20:10+00:00","mainEntityOfPage":{"@id":"https:\/\/www.esplac.cat\/es\/20n-donem-volta-drets-infants\/"},"wordCount":424,"publisher":{"@id":"https:\/\/www.esplac.cat\/#organization"},"image":{"@id":"https:\/\/www.esplac.cat\/es\/20n-donem-volta-drets-infants\/#primaryimage"},"thumbnailUrl":"https:\/\/www.esplac.cat\/wp-content\/uploads\/2018\/11\/dudi.jpg","keywords":["20N","drets","DUDI","educaci\u00f3 popular","esplai","infants","lleure"],"articleSection":["20-N: Drets dels infants","Sense categoria"],"inLanguage":"en-US"},{"@type":"WebPage","@id":"https:\/\/www.esplac.cat\/es\/20n-donem-volta-drets-infants\/","url":"https:\/\/www.esplac.cat\/es\/20n-donem-volta-drets-infants\/","name":"20N: Donem la volta als drets dels infants! - Esplac","isPartOf":{"@id":"https:\/\/www.esplac.cat\/#website"},"primaryImageOfPage":{"@id":"https:\/\/www.esplac.cat\/es\/20n-donem-volta-drets-infants\/#primaryimage"},"image":{"@id":"https:\/\/www.esplac.cat\/es\/20n-donem-volta-drets-infants\/#primaryimage"},"thumbnailUrl":"https:\/\/www.esplac.cat\/wp-content\/uploads\/2018\/11\/dudi.jpg","datePublished":"2018-11-13T08:20:10+00:00","breadcrumb":{"@id":"https:\/\/www.esplac.cat\/es\/20n-donem-volta-drets-infants\/#breadcrumb"},"inLanguage":"en-US","potentialAction":[{"@type":"ReadAction","target":["https:\/\/www.esplac.cat\/es\/20n-donem-volta-drets-infants\/"]}]},{"@type":"ImageObject","inLanguage":"en-US","@id":"https:\/\/www.esplac.cat\/es\/20n-donem-volta-drets-infants\/#primaryimage","url":"https:\/\/www.esplac.cat\/wp-content\/uploads\/2018\/11\/dudi.jpg","contentUrl":"https:\/\/www.esplac.cat\/wp-content\/uploads\/2018\/11\/dudi.jpg","width":847,"height":350},{"@type":"BreadcrumbList","@id":"https:\/\/www.esplac.cat\/es\/20n-donem-volta-drets-infants\/#breadcrumb","itemListElement":[{"@type":"ListItem","position":1,"name":"Inici","item":"https:\/\/www.esplac.cat\/en\/"},{"@type":"ListItem","position":2,"name":"20N: Donem la volta als drets dels infants!"}]},{"@type":"WebSite","@id":"https:\/\/www.esplac.cat\/#website","url":"https:\/\/www.esplac.cat\/","name":"Esplac","description":"Esplais Catalans","publisher":{"@id":"https:\/\/www.esplac.cat\/#organization"},"potentialAction":[{"@type":"SearchAction","target":{"@type":"EntryPoint","urlTemplate":"https:\/\/www.esplac.cat\/?s={search_term_string}"},"query-input":{"@type":"PropertyValueSpecification","valueRequired":true,"valueName":"search_term_string"}}],"inLanguage":"en-US"},{"@type":"Organization","@id":"https:\/\/www.esplac.cat\/#organization","name":"Esplac","url":"https:\/\/www.esplac.cat\/","logo":{"@type":"ImageObject","inLanguage":"en-US","@id":"https:\/\/www.esplac.cat\/#\/schema\/logo\/image\/","url":"https:\/\/www.esplac.cat\/wp-content\/uploads\/2019\/08\/logox2.png","contentUrl":"https:\/\/www.esplac.cat\/wp-content\/uploads\/2019\/08\/logox2.png","width":600,"height":295,"caption":"Esplac"},"image":{"@id":"https:\/\/www.esplac.cat\/#\/schema\/logo\/image\/"}},{"@type":"Person","@id":"https:\/\/www.esplac.cat\/#\/schema\/person\/8d7ee340c02b239b152b9ff2c3d40766","name":"root","image":{"@type":"ImageObject","inLanguage":"en-US","@id":"https:\/\/secure.gravatar.com\/avatar\/9356757d53af8c5db257f894fbbd9ee7446c25af07cd2e7844bd1cf43acef754?s=96&d=mm&r=g","url":"https:\/\/secure.gravatar.com\/avatar\/9356757d53af8c5db257f894fbbd9ee7446c25af07cd2e7844bd1cf43acef754?s=96&d=mm&r=g","contentUrl":"https:\/\/secure.gravatar.com\/avatar\/9356757d53af8c5db257f894fbbd9ee7446c25af07cd2e7844bd1cf43acef754?s=96&d=mm&r=g","caption":"root"}}]}},"_links":{"self":[{"href":"https:\/\/www.esplac.cat\/en\/wp-json\/wp\/v2\/posts\/23906","targetHints":{"allow":["GET"]}}],"collection":[{"href":"https:\/\/www.esplac.cat\/en\/wp-json\/wp\/v2\/posts"}],"about":[{"href":"https:\/\/www.esplac.cat\/en\/wp-json\/wp\/v2\/types\/post"}],"author":[{"embeddable":true,"href":"https:\/\/www.esplac.cat\/en\/wp-json\/wp\/v2\/users\/1"}],"replies":[{"embeddable":true,"href":"https:\/\/www.esplac.cat\/en\/wp-json\/wp\/v2\/comments?post=23906"}],"version-history":[{"count":0,"href":"https:\/\/www.esplac.cat\/en\/wp-json\/wp\/v2\/posts\/23906\/revisions"}],"wp:featuredmedia":[{"embeddable":true,"href":"https:\/\/www.esplac.cat\/en\/wp-json\/wp\/v2\/media\/23909"}],"wp:attachment":[{"href":"https:\/\/www.esplac.cat\/en\/wp-json\/wp\/v2\/media?parent=23906"}],"wp:term":[{"taxonomy":"category","embeddable":true,"href":"https:\/\/www.esplac.cat\/en\/wp-json\/wp\/v2\/categories?post=23906"},{"taxonomy":"post_tag","embeddable":true,"href":"https:\/\/www.esplac.cat\/en\/wp-json\/wp\/v2\/tags?post=23906"}],"curies":[{"name":"wp","href":"https:\/\/api.w.org\/{rel}","templated":true}]}}