{"id":23919,"date":"2018-11-07T08:52:34","date_gmt":"2018-11-07T06:52:34","guid":{"rendered":"http:\/\/esplac.cat\/?p=19420"},"modified":"2018-11-07T08:52:34","modified_gmt":"2018-11-07T06:52:34","slug":"esplai-gmm-80-anys","status":"publish","type":"post","link":"https:\/\/www.esplac.cat\/en\/esplai-gmm-80-anys\/","title":{"rendered":"L&#8217;Esplai GMM fa 80 anys!"},"content":{"rendered":"<h4 style=\"text-align: justify;\">L&#8217;Esplai GMM (<a href=\"http:\/\/esplac.cat\/sector-geografic-barcelona\/\" target=\"_blank\" rel=\"noopener noreferrer\">Sector Barcelona<\/a>), l&#8217;esplai m\u00e9s antic d&#8217;Esplais Catalans, celebra els 80 anys i ja estan preparant activitats i esdeveniments on tothom hi est\u00e0 convidat.<\/h4>\n<p style=\"text-align: justify;\">Amb motiu d&#8217;aquest 80\u00e8 aniversari, l&#8217;esplai GMM ens ha fet arribar aquest missatge que volen compartir amb vosaltres:<\/p>\n<p style=\"text-align: justify;\">&#8220;L&#8217;<a href=\"http:\/\/www.esplaigmm.org\/\" target=\"_blank\" rel=\"noopener noreferrer\">Esplai GMM<\/a>\u00a0fa 80 anys!! Estem molt orgulloses de ser l&#8217;esplai m\u00e9s antic d&#8217; Esplais Catalans. Per celebrar\u00a0com cal el nostre 80\u00e8 aniversari, a partir del gener organitzarem un munt d&#8217;activitats i esdeveniments. Us anirem informant de mica en mica per\u00f2 de moment us presentem el nou logo!:<\/p>\n<div style=\"text-align: justify;\"><a href=\"http:\/\/esplac.cat\/wp-content\/uploads\/2018\/10\/Captura-de-pantalla-2018-10-02-a-las-10.04.02.png\"><img decoding=\"async\" class=\"wp-image-19421 aligncenter\" src=\"http:\/\/esplac.cat\/wp-content\/uploads\/2018\/10\/Captura-de-pantalla-2018-10-02-a-las-10.04.02.png\" alt=\"\" width=\"349\" height=\"336\" \/><\/a><\/div>\n<div style=\"text-align: justify;\"><\/div>\n<div style=\"text-align: justify;\">Tamb\u00e9 us volem animar a totes i tots a participar en el <strong>concurs pel disseny de la dessuadora<\/strong> que volem fer pel 80\u00e8. Pot participar tothom qui vulgui (amistats, familiars&#8230;), no cal ser un professional per enviar propostes!<\/div>\n<div style=\"text-align: justify;\">\n<p style=\"text-align: justify;\">Tothom qui vulgui participar-hi, pot\u00a0enviar un correu a\u00a0<span class=\"m_-489593174987446721m_5951917355592193204gmail-text_exposed_show\"><a href=\"mailto:80aniversarigmm@gmail.com\" target=\"_blank\" rel=\"noopener noreferrer\">80aniversarigmm@gmail.com<\/a>\u00a0<strong>abans del 30 de Novembre<\/strong>. A l&#8217;esplai de nadal es far\u00e0 una votaci\u00f3 popular i el guanyador obtindr\u00e0 un pack de regal gratis. \u00a0<\/span>T&#8217;hi animes?<span class=\"m_-489593174987446721m_5951917355592193204gmail-_5mfr\"><span class=\"m_-489593174987446721m_5951917355592193204gmail-_6qdm\">&#8220;<\/span><\/span><\/p>\n<\/div>\n<p style=\"text-align: justify;\"><a href=\"http:\/\/esplac.cat\/wp-content\/uploads\/2018\/10\/lESPLAIGMM.jpg\"><img decoding=\"async\" class=\"wp-image-19423 aligncenter\" src=\"http:\/\/esplac.cat\/wp-content\/uploads\/2018\/10\/lESPLAIGMM.jpg\" alt=\"\" width=\"477\" height=\"868\" \/><\/a><\/p>\n","protected":false},"excerpt":{"rendered":"<p>L&#8217;Esplai GMM (Sector Barcelona), l&#8217;esplai m\u00e9s antic d&#8217;Esplais Catalans, celebra [&hellip;]<\/p>\n","protected":false},"author":1,"featured_media":23920,"comment_status":"closed","ping_status":"open","sticky":false,"template":"","format":"standard","meta":{"om_disable_all_campaigns":false,"_monsterinsights_skip_tracking":false,"_monsterinsights_sitenote_active":false,"_monsterinsights_sitenote_note":"","_monsterinsights_sitenote_category":0,"_uf_show_specific_survey":0,"_uf_disable_surveys":false,"footnotes":""},"categories":[1128,1],"tags":[481,1002,1003,844,1006],"class_list":["post-23919","post","type-post","status-publish","format-standard","has-post-thumbnail","hentry","category-sector-barcelona","category-sense-categoria","tag-barcelona","tag-educacio-popular","tag-esplai","tag-gmm","tag-lleure"],"yoast_head":"<!-- This site is optimized with the Yoast SEO plugin v27.5 - https:\/\/yoast.com\/product\/yoast-seo-wordpress\/ -->\n<title>L&#039;Esplai GMM fa 80 anys! - Esplac<\/title>\n<meta name=\"robots\" content=\"index, follow, max-snippet:-1, max-image-preview:large, max-video-preview:-1\" \/>\n<link rel=\"canonical\" href=\"https:\/\/www.esplac.cat\/en\/esplai-gmm-80-anys\/\" \/>\n<meta property=\"og:locale\" content=\"en_US\" \/>\n<meta property=\"og:type\" content=\"article\" \/>\n<meta property=\"og:title\" content=\"L&#039;Esplai GMM fa 80 anys! - Esplac\" \/>\n<meta property=\"og:description\" content=\"L&#8217;Esplai GMM (Sector Barcelona), l&#8217;esplai m\u00e9s antic d&#8217;Esplais Catalans, celebra [&hellip;]\" \/>\n<meta property=\"og:url\" content=\"https:\/\/www.esplac.cat\/en\/esplai-gmm-80-anys\/\" \/>\n<meta property=\"og:site_name\" content=\"Esplac\" \/>\n<meta property=\"article:published_time\" content=\"2018-11-07T06:52:34+00:00\" \/>\n<meta property=\"og:image\" content=\"https:\/\/www.esplac.cat\/wp-content\/uploads\/2018\/10\/Untitled-2.jpg\" \/>\n\t<meta property=\"og:image:width\" content=\"847\" \/>\n\t<meta property=\"og:image:height\" content=\"350\" \/>\n\t<meta property=\"og:image:type\" content=\"image\/jpeg\" \/>\n<meta name=\"author\" content=\"root\" \/>\n<meta name=\"twitter:card\" content=\"summary_large_image\" \/>\n<meta name=\"twitter:label1\" content=\"Written by\" \/>\n\t<meta name=\"twitter:data1\" content=\"root\" \/>\n\t<meta name=\"twitter:label2\" content=\"Est. reading time\" \/>\n\t<meta name=\"twitter:data2\" content=\"1 minute\" \/>\n<script type=\"application\/ld+json\" class=\"yoast-schema-graph\">{\"@context\":\"https:\\\/\\\/schema.org\",\"@graph\":[{\"@type\":\"Article\",\"@id\":\"https:\\\/\\\/www.esplac.cat\\\/en\\\/esplai-gmm-80-anys\\\/#article\",\"isPartOf\":{\"@id\":\"https:\\\/\\\/www.esplac.cat\\\/en\\\/esplai-gmm-80-anys\\\/\"},\"author\":{\"name\":\"root\",\"@id\":\"https:\\\/\\\/www.esplac.cat\\\/#\\\/schema\\\/person\\\/8d7ee340c02b239b152b9ff2c3d40766\"},\"headline\":\"L&#8217;Esplai GMM fa 80 anys!\",\"datePublished\":\"2018-11-07T06:52:34+00:00\",\"mainEntityOfPage\":{\"@id\":\"https:\\\/\\\/www.esplac.cat\\\/en\\\/esplai-gmm-80-anys\\\/\"},\"wordCount\":178,\"publisher\":{\"@id\":\"https:\\\/\\\/www.esplac.cat\\\/#organization\"},\"image\":{\"@id\":\"https:\\\/\\\/www.esplac.cat\\\/en\\\/esplai-gmm-80-anys\\\/#primaryimage\"},\"thumbnailUrl\":\"https:\\\/\\\/www.esplac.cat\\\/wp-content\\\/uploads\\\/2018\\\/10\\\/Untitled-2.jpg\",\"keywords\":[\"barcelona\",\"educaci\u00f3 popular\",\"esplai\",\"GMM\",\"lleure\"],\"articleSection\":[\"Sector Barcelona\",\"Sense categoria\"],\"inLanguage\":\"en-US\"},{\"@type\":\"WebPage\",\"@id\":\"https:\\\/\\\/www.esplac.cat\\\/en\\\/esplai-gmm-80-anys\\\/\",\"url\":\"https:\\\/\\\/www.esplac.cat\\\/en\\\/esplai-gmm-80-anys\\\/\",\"name\":\"L'Esplai GMM fa 80 anys! - Esplac\",\"isPartOf\":{\"@id\":\"https:\\\/\\\/www.esplac.cat\\\/#website\"},\"primaryImageOfPage\":{\"@id\":\"https:\\\/\\\/www.esplac.cat\\\/en\\\/esplai-gmm-80-anys\\\/#primaryimage\"},\"image\":{\"@id\":\"https:\\\/\\\/www.esplac.cat\\\/en\\\/esplai-gmm-80-anys\\\/#primaryimage\"},\"thumbnailUrl\":\"https:\\\/\\\/www.esplac.cat\\\/wp-content\\\/uploads\\\/2018\\\/10\\\/Untitled-2.jpg\",\"datePublished\":\"2018-11-07T06:52:34+00:00\",\"breadcrumb\":{\"@id\":\"https:\\\/\\\/www.esplac.cat\\\/en\\\/esplai-gmm-80-anys\\\/#breadcrumb\"},\"inLanguage\":\"en-US\",\"potentialAction\":[{\"@type\":\"ReadAction\",\"target\":[\"https:\\\/\\\/www.esplac.cat\\\/en\\\/esplai-gmm-80-anys\\\/\"]}]},{\"@type\":\"ImageObject\",\"inLanguage\":\"en-US\",\"@id\":\"https:\\\/\\\/www.esplac.cat\\\/en\\\/esplai-gmm-80-anys\\\/#primaryimage\",\"url\":\"https:\\\/\\\/www.esplac.cat\\\/wp-content\\\/uploads\\\/2018\\\/10\\\/Untitled-2.jpg\",\"contentUrl\":\"https:\\\/\\\/www.esplac.cat\\\/wp-content\\\/uploads\\\/2018\\\/10\\\/Untitled-2.jpg\",\"width\":847,\"height\":350},{\"@type\":\"BreadcrumbList\",\"@id\":\"https:\\\/\\\/www.esplac.cat\\\/en\\\/esplai-gmm-80-anys\\\/#breadcrumb\",\"itemListElement\":[{\"@type\":\"ListItem\",\"position\":1,\"name\":\"Inici\",\"item\":\"https:\\\/\\\/www.esplac.cat\\\/en\\\/\"},{\"@type\":\"ListItem\",\"position\":2,\"name\":\"L&#8217;Esplai GMM fa 80 anys!\"}]},{\"@type\":\"WebSite\",\"@id\":\"https:\\\/\\\/www.esplac.cat\\\/#website\",\"url\":\"https:\\\/\\\/www.esplac.cat\\\/\",\"name\":\"Esplac\",\"description\":\"Esplais Catalans\",\"publisher\":{\"@id\":\"https:\\\/\\\/www.esplac.cat\\\/#organization\"},\"potentialAction\":[{\"@type\":\"SearchAction\",\"target\":{\"@type\":\"EntryPoint\",\"urlTemplate\":\"https:\\\/\\\/www.esplac.cat\\\/?s={search_term_string}\"},\"query-input\":{\"@type\":\"PropertyValueSpecification\",\"valueRequired\":true,\"valueName\":\"search_term_string\"}}],\"inLanguage\":\"en-US\"},{\"@type\":\"Organization\",\"@id\":\"https:\\\/\\\/www.esplac.cat\\\/#organization\",\"name\":\"Esplac\",\"url\":\"https:\\\/\\\/www.esplac.cat\\\/\",\"logo\":{\"@type\":\"ImageObject\",\"inLanguage\":\"en-US\",\"@id\":\"https:\\\/\\\/www.esplac.cat\\\/#\\\/schema\\\/logo\\\/image\\\/\",\"url\":\"https:\\\/\\\/www.esplac.cat\\\/wp-content\\\/uploads\\\/2019\\\/08\\\/logox2.png\",\"contentUrl\":\"https:\\\/\\\/www.esplac.cat\\\/wp-content\\\/uploads\\\/2019\\\/08\\\/logox2.png\",\"width\":600,\"height\":295,\"caption\":\"Esplac\"},\"image\":{\"@id\":\"https:\\\/\\\/www.esplac.cat\\\/#\\\/schema\\\/logo\\\/image\\\/\"}},{\"@type\":\"Person\",\"@id\":\"https:\\\/\\\/www.esplac.cat\\\/#\\\/schema\\\/person\\\/8d7ee340c02b239b152b9ff2c3d40766\",\"name\":\"root\",\"image\":{\"@type\":\"ImageObject\",\"inLanguage\":\"en-US\",\"@id\":\"https:\\\/\\\/secure.gravatar.com\\\/avatar\\\/9356757d53af8c5db257f894fbbd9ee7446c25af07cd2e7844bd1cf43acef754?s=96&d=mm&r=g\",\"url\":\"https:\\\/\\\/secure.gravatar.com\\\/avatar\\\/9356757d53af8c5db257f894fbbd9ee7446c25af07cd2e7844bd1cf43acef754?s=96&d=mm&r=g\",\"contentUrl\":\"https:\\\/\\\/secure.gravatar.com\\\/avatar\\\/9356757d53af8c5db257f894fbbd9ee7446c25af07cd2e7844bd1cf43acef754?s=96&d=mm&r=g\",\"caption\":\"root\"}}]}<\/script>\n<!-- \/ Yoast SEO plugin. -->","yoast_head_json":{"title":"L'Esplai GMM fa 80 anys! - Esplac","robots":{"index":"index","follow":"follow","max-snippet":"max-snippet:-1","max-image-preview":"max-image-preview:large","max-video-preview":"max-video-preview:-1"},"canonical":"https:\/\/www.esplac.cat\/en\/esplai-gmm-80-anys\/","og_locale":"en_US","og_type":"article","og_title":"L'Esplai GMM fa 80 anys! - Esplac","og_description":"L&#8217;Esplai GMM (Sector Barcelona), l&#8217;esplai m\u00e9s antic d&#8217;Esplais Catalans, celebra [&hellip;]","og_url":"https:\/\/www.esplac.cat\/en\/esplai-gmm-80-anys\/","og_site_name":"Esplac","article_published_time":"2018-11-07T06:52:34+00:00","og_image":[{"width":847,"height":350,"url":"https:\/\/www.esplac.cat\/wp-content\/uploads\/2018\/10\/Untitled-2.jpg","type":"image\/jpeg"}],"author":"root","twitter_card":"summary_large_image","twitter_misc":{"Written by":"root","Est. reading time":"1 minute"},"schema":{"@context":"https:\/\/schema.org","@graph":[{"@type":"Article","@id":"https:\/\/www.esplac.cat\/en\/esplai-gmm-80-anys\/#article","isPartOf":{"@id":"https:\/\/www.esplac.cat\/en\/esplai-gmm-80-anys\/"},"author":{"name":"root","@id":"https:\/\/www.esplac.cat\/#\/schema\/person\/8d7ee340c02b239b152b9ff2c3d40766"},"headline":"L&#8217;Esplai GMM fa 80 anys!","datePublished":"2018-11-07T06:52:34+00:00","mainEntityOfPage":{"@id":"https:\/\/www.esplac.cat\/en\/esplai-gmm-80-anys\/"},"wordCount":178,"publisher":{"@id":"https:\/\/www.esplac.cat\/#organization"},"image":{"@id":"https:\/\/www.esplac.cat\/en\/esplai-gmm-80-anys\/#primaryimage"},"thumbnailUrl":"https:\/\/www.esplac.cat\/wp-content\/uploads\/2018\/10\/Untitled-2.jpg","keywords":["barcelona","educaci\u00f3 popular","esplai","GMM","lleure"],"articleSection":["Sector Barcelona","Sense categoria"],"inLanguage":"en-US"},{"@type":"WebPage","@id":"https:\/\/www.esplac.cat\/en\/esplai-gmm-80-anys\/","url":"https:\/\/www.esplac.cat\/en\/esplai-gmm-80-anys\/","name":"L'Esplai GMM fa 80 anys! - Esplac","isPartOf":{"@id":"https:\/\/www.esplac.cat\/#website"},"primaryImageOfPage":{"@id":"https:\/\/www.esplac.cat\/en\/esplai-gmm-80-anys\/#primaryimage"},"image":{"@id":"https:\/\/www.esplac.cat\/en\/esplai-gmm-80-anys\/#primaryimage"},"thumbnailUrl":"https:\/\/www.esplac.cat\/wp-content\/uploads\/2018\/10\/Untitled-2.jpg","datePublished":"2018-11-07T06:52:34+00:00","breadcrumb":{"@id":"https:\/\/www.esplac.cat\/en\/esplai-gmm-80-anys\/#breadcrumb"},"inLanguage":"en-US","potentialAction":[{"@type":"ReadAction","target":["https:\/\/www.esplac.cat\/en\/esplai-gmm-80-anys\/"]}]},{"@type":"ImageObject","inLanguage":"en-US","@id":"https:\/\/www.esplac.cat\/en\/esplai-gmm-80-anys\/#primaryimage","url":"https:\/\/www.esplac.cat\/wp-content\/uploads\/2018\/10\/Untitled-2.jpg","contentUrl":"https:\/\/www.esplac.cat\/wp-content\/uploads\/2018\/10\/Untitled-2.jpg","width":847,"height":350},{"@type":"BreadcrumbList","@id":"https:\/\/www.esplac.cat\/en\/esplai-gmm-80-anys\/#breadcrumb","itemListElement":[{"@type":"ListItem","position":1,"name":"Inici","item":"https:\/\/www.esplac.cat\/en\/"},{"@type":"ListItem","position":2,"name":"L&#8217;Esplai GMM fa 80 anys!"}]},{"@type":"WebSite","@id":"https:\/\/www.esplac.cat\/#website","url":"https:\/\/www.esplac.cat\/","name":"Esplac","description":"Esplais Catalans","publisher":{"@id":"https:\/\/www.esplac.cat\/#organization"},"potentialAction":[{"@type":"SearchAction","target":{"@type":"EntryPoint","urlTemplate":"https:\/\/www.esplac.cat\/?s={search_term_string}"},"query-input":{"@type":"PropertyValueSpecification","valueRequired":true,"valueName":"search_term_string"}}],"inLanguage":"en-US"},{"@type":"Organization","@id":"https:\/\/www.esplac.cat\/#organization","name":"Esplac","url":"https:\/\/www.esplac.cat\/","logo":{"@type":"ImageObject","inLanguage":"en-US","@id":"https:\/\/www.esplac.cat\/#\/schema\/logo\/image\/","url":"https:\/\/www.esplac.cat\/wp-content\/uploads\/2019\/08\/logox2.png","contentUrl":"https:\/\/www.esplac.cat\/wp-content\/uploads\/2019\/08\/logox2.png","width":600,"height":295,"caption":"Esplac"},"image":{"@id":"https:\/\/www.esplac.cat\/#\/schema\/logo\/image\/"}},{"@type":"Person","@id":"https:\/\/www.esplac.cat\/#\/schema\/person\/8d7ee340c02b239b152b9ff2c3d40766","name":"root","image":{"@type":"ImageObject","inLanguage":"en-US","@id":"https:\/\/secure.gravatar.com\/avatar\/9356757d53af8c5db257f894fbbd9ee7446c25af07cd2e7844bd1cf43acef754?s=96&d=mm&r=g","url":"https:\/\/secure.gravatar.com\/avatar\/9356757d53af8c5db257f894fbbd9ee7446c25af07cd2e7844bd1cf43acef754?s=96&d=mm&r=g","contentUrl":"https:\/\/secure.gravatar.com\/avatar\/9356757d53af8c5db257f894fbbd9ee7446c25af07cd2e7844bd1cf43acef754?s=96&d=mm&r=g","caption":"root"}}]}},"_links":{"self":[{"href":"https:\/\/www.esplac.cat\/en\/wp-json\/wp\/v2\/posts\/23919","targetHints":{"allow":["GET"]}}],"collection":[{"href":"https:\/\/www.esplac.cat\/en\/wp-json\/wp\/v2\/posts"}],"about":[{"href":"https:\/\/www.esplac.cat\/en\/wp-json\/wp\/v2\/types\/post"}],"author":[{"embeddable":true,"href":"https:\/\/www.esplac.cat\/en\/wp-json\/wp\/v2\/users\/1"}],"replies":[{"embeddable":true,"href":"https:\/\/www.esplac.cat\/en\/wp-json\/wp\/v2\/comments?post=23919"}],"version-history":[{"count":0,"href":"https:\/\/www.esplac.cat\/en\/wp-json\/wp\/v2\/posts\/23919\/revisions"}],"wp:featuredmedia":[{"embeddable":true,"href":"https:\/\/www.esplac.cat\/en\/wp-json\/wp\/v2\/media\/23920"}],"wp:attachment":[{"href":"https:\/\/www.esplac.cat\/en\/wp-json\/wp\/v2\/media?parent=23919"}],"wp:term":[{"taxonomy":"category","embeddable":true,"href":"https:\/\/www.esplac.cat\/en\/wp-json\/wp\/v2\/categories?post=23919"},{"taxonomy":"post_tag","embeddable":true,"href":"https:\/\/www.esplac.cat\/en\/wp-json\/wp\/v2\/tags?post=23919"}],"curies":[{"name":"wp","href":"https:\/\/api.w.org\/{rel}","templated":true}]}}