{"id":23923,"date":"2018-11-07T08:24:26","date_gmt":"2018-11-07T06:24:26","guid":{"rendered":"http:\/\/esplac.cat\/?p=19649"},"modified":"2018-11-07T08:24:26","modified_gmt":"2018-11-07T06:24:26","slug":"sector-girona-arrenca-curs","status":"publish","type":"post","link":"https:\/\/www.esplac.cat\/en\/sector-girona-arrenca-curs\/","title":{"rendered":"El Sector Girona arrenca el curs!"},"content":{"rendered":"<h4 style=\"text-align: justify;\"><strong>El Sector Girona celebra l\u2019AGO del sector a Llagostera amb un gran \u00e8xit de participaci\u00f3.<\/strong><\/h4>\n<p style=\"text-align: justify;\">El <a href=\"http:\/\/esplac.cat\/sector-geografic-girona\/\" target=\"_blank\" rel=\"noopener noreferrer\">Sector Girona<\/a> d\u2019esplac va celebrar el passat 16 de setembre el tret de sortida del curs 2018-19 tot celebrant l\u2019<strong>AGO del sector<\/strong> a la vila de<strong> Llagostera<\/strong>. En aquest f\u00f2rum hi van participar unes <strong>25 monitores de l\u2019Esplai Papu Tisores i de l\u2019Esplai de Medinya<\/strong>. \u00a0Tot i que van fatlar alguns esplais del sector, l\u2019assemblea va servir per a confirmar les ganes i voluntat de consolidaci\u00f3 del sector.<\/p>\n<p style=\"text-align: justify;\">Aix\u00ed doncs, amb una mica de retard l\u2019AGO va comen\u00e7ar al local del Papu Tisores tot agafant forces per la llarga jornada que ens esperava amb alguns sucs i croissants de pr\u00f2ximitat. Aquest inici va estar marcat pel rep\u00e0s de la mem\u00f2ria, all\u00f2 que el sector havia fet el curs passat, i tamb\u00e9 per l\u2019elecci\u00f3 de l\u2019Eduard Mu\u00f1oz com a EGS del Sector Girona<strong>\u00a0<\/strong>que aquest any acompanyar\u00e0 a l\u2019Elena Virgili, EGS des del curs passat.<\/p>\n<p style=\"text-align: justify;\">Posteriorment vam sortir per aprofitar el solet que feia a la pla\u00e7a del poble i fer un bon an\u00e0lisi del sector que ens permet\u00e9s fer un pla de treball, i aix\u00ed, respondre\u00a0a les necessitats i motivacions del sector.<\/p>\n<p style=\"text-align: justify;\">Finalment la jornada va acabar amb una macarronada per a celebrar la feina feta al mat\u00ed i poder descansar tot gaudint del bonic entorn que es podia veure des de la pla\u00e7a del poble.<\/p>\n<div id=\"attachment_19653\" style=\"width: 498px\" class=\"wp-caption aligncenter\"><a href=\"http:\/\/esplac.cat\/wp-content\/uploads\/2018\/11\/IMG_20180916_115606.jpg\"><img decoding=\"async\" aria-describedby=\"caption-attachment-19653\" class=\" wp-image-19653\" src=\"http:\/\/esplac.cat\/wp-content\/uploads\/2018\/11\/IMG_20180916_115606.jpg\" alt=\"\" width=\"488\" height=\"366\" \/><\/a><p id=\"caption-attachment-19653\" class=\"wp-caption-text\"><span style=\"color: #ffffff;\">sdr<\/span><\/p><\/div>\n<div id=\"attachment_19652\" style=\"width: 489px\" class=\"wp-caption aligncenter\"><a href=\"http:\/\/esplac.cat\/wp-content\/uploads\/2018\/11\/IMG_20180916_103702.jpg\"><img decoding=\"async\" aria-describedby=\"caption-attachment-19652\" class=\" wp-image-19652\" src=\"http:\/\/esplac.cat\/wp-content\/uploads\/2018\/11\/IMG_20180916_103702.jpg\" alt=\"\" width=\"479\" height=\"359\" \/><\/a><p id=\"caption-attachment-19652\" class=\"wp-caption-text\"><span style=\"color: #ffffff;\">sdr<\/span><\/p><\/div>\n","protected":false},"excerpt":{"rendered":"<p>El Sector Girona celebra l\u2019AGO del sector a Llagostera amb [&hellip;]<\/p>\n","protected":false},"author":1,"featured_media":23926,"comment_status":"closed","ping_status":"open","sticky":false,"template":"","format":"standard","meta":{"om_disable_all_campaigns":false,"_monsterinsights_skip_tracking":false,"_monsterinsights_sitenote_active":false,"_monsterinsights_sitenote_note":"","_monsterinsights_sitenote_category":0,"_uf_show_specific_survey":0,"_uf_disable_surveys":false,"footnotes":""},"categories":[1110,1],"tags":[335,1002,1003,432,499,1006,211,558,1013],"class_list":["post-23923","post","type-post","status-publish","format-standard","has-post-thumbnail","hentry","category-activitats-sectors","category-sense-categoria","tag-ago","tag-educacio-popular","tag-esplai","tag-girona","tag-llagostera","tag-lleure","tag-monitores","tag-nou-curs","tag-sector"],"yoast_head":"<!-- This site is optimized with the Yoast SEO plugin v27.5 - https:\/\/yoast.com\/product\/yoast-seo-wordpress\/ -->\n<title>El Sector Girona arrenca el curs! - Esplac<\/title>\n<meta name=\"robots\" content=\"index, follow, max-snippet:-1, max-image-preview:large, max-video-preview:-1\" \/>\n<link rel=\"canonical\" href=\"https:\/\/www.esplac.cat\/sector-girona-arrenca-curs\/\" \/>\n<meta property=\"og:locale\" content=\"en_US\" \/>\n<meta property=\"og:type\" content=\"article\" \/>\n<meta property=\"og:title\" content=\"El Sector Girona arrenca el curs! - Esplac\" \/>\n<meta property=\"og:description\" content=\"El Sector Girona celebra l\u2019AGO del sector a Llagostera amb [&hellip;]\" \/>\n<meta property=\"og:url\" content=\"https:\/\/www.esplac.cat\/sector-girona-arrenca-curs\/\" \/>\n<meta property=\"og:site_name\" content=\"Esplac\" \/>\n<meta property=\"article:published_time\" content=\"2018-11-07T06:24:26+00:00\" \/>\n<meta property=\"og:image\" content=\"https:\/\/www.esplac.cat\/wp-content\/uploads\/2018\/11\/portadagironaago.jpg\" \/>\n\t<meta property=\"og:image:width\" content=\"847\" \/>\n\t<meta property=\"og:image:height\" content=\"350\" \/>\n\t<meta property=\"og:image:type\" content=\"image\/jpeg\" \/>\n<meta name=\"author\" content=\"root\" \/>\n<meta name=\"twitter:card\" content=\"summary_large_image\" \/>\n<meta name=\"twitter:label1\" content=\"Written by\" \/>\n\t<meta name=\"twitter:data1\" content=\"root\" \/>\n\t<meta name=\"twitter:label2\" content=\"Est. reading time\" \/>\n\t<meta name=\"twitter:data2\" content=\"1 minute\" \/>\n<script type=\"application\/ld+json\" class=\"yoast-schema-graph\">{\"@context\":\"https:\\\/\\\/schema.org\",\"@graph\":[{\"@type\":\"Article\",\"@id\":\"https:\\\/\\\/www.esplac.cat\\\/sector-girona-arrenca-curs\\\/#article\",\"isPartOf\":{\"@id\":\"https:\\\/\\\/www.esplac.cat\\\/sector-girona-arrenca-curs\\\/\"},\"author\":{\"name\":\"root\",\"@id\":\"https:\\\/\\\/www.esplac.cat\\\/#\\\/schema\\\/person\\\/8d7ee340c02b239b152b9ff2c3d40766\"},\"headline\":\"El Sector Girona arrenca el curs!\",\"datePublished\":\"2018-11-07T06:24:26+00:00\",\"mainEntityOfPage\":{\"@id\":\"https:\\\/\\\/www.esplac.cat\\\/sector-girona-arrenca-curs\\\/\"},\"wordCount\":273,\"publisher\":{\"@id\":\"https:\\\/\\\/www.esplac.cat\\\/#organization\"},\"image\":{\"@id\":\"https:\\\/\\\/www.esplac.cat\\\/sector-girona-arrenca-curs\\\/#primaryimage\"},\"thumbnailUrl\":\"https:\\\/\\\/www.esplac.cat\\\/wp-content\\\/uploads\\\/2018\\\/11\\\/portadagironaago.jpg\",\"keywords\":[\"AGO\",\"educaci\u00f3 popular\",\"esplai\",\"Girona\",\"llagostera\",\"lleure\",\"monitores\",\"nou curs\",\"sector\"],\"articleSection\":[\"Activitats sectors\",\"Sense categoria\"],\"inLanguage\":\"en-US\"},{\"@type\":\"WebPage\",\"@id\":\"https:\\\/\\\/www.esplac.cat\\\/sector-girona-arrenca-curs\\\/\",\"url\":\"https:\\\/\\\/www.esplac.cat\\\/sector-girona-arrenca-curs\\\/\",\"name\":\"El Sector Girona arrenca el curs! - Esplac\",\"isPartOf\":{\"@id\":\"https:\\\/\\\/www.esplac.cat\\\/#website\"},\"primaryImageOfPage\":{\"@id\":\"https:\\\/\\\/www.esplac.cat\\\/sector-girona-arrenca-curs\\\/#primaryimage\"},\"image\":{\"@id\":\"https:\\\/\\\/www.esplac.cat\\\/sector-girona-arrenca-curs\\\/#primaryimage\"},\"thumbnailUrl\":\"https:\\\/\\\/www.esplac.cat\\\/wp-content\\\/uploads\\\/2018\\\/11\\\/portadagironaago.jpg\",\"datePublished\":\"2018-11-07T06:24:26+00:00\",\"breadcrumb\":{\"@id\":\"https:\\\/\\\/www.esplac.cat\\\/sector-girona-arrenca-curs\\\/#breadcrumb\"},\"inLanguage\":\"en-US\",\"potentialAction\":[{\"@type\":\"ReadAction\",\"target\":[\"https:\\\/\\\/www.esplac.cat\\\/sector-girona-arrenca-curs\\\/\"]}]},{\"@type\":\"ImageObject\",\"inLanguage\":\"en-US\",\"@id\":\"https:\\\/\\\/www.esplac.cat\\\/sector-girona-arrenca-curs\\\/#primaryimage\",\"url\":\"https:\\\/\\\/www.esplac.cat\\\/wp-content\\\/uploads\\\/2018\\\/11\\\/portadagironaago.jpg\",\"contentUrl\":\"https:\\\/\\\/www.esplac.cat\\\/wp-content\\\/uploads\\\/2018\\\/11\\\/portadagironaago.jpg\",\"width\":847,\"height\":350},{\"@type\":\"BreadcrumbList\",\"@id\":\"https:\\\/\\\/www.esplac.cat\\\/sector-girona-arrenca-curs\\\/#breadcrumb\",\"itemListElement\":[{\"@type\":\"ListItem\",\"position\":1,\"name\":\"Inici\",\"item\":\"https:\\\/\\\/www.esplac.cat\\\/en\\\/\"},{\"@type\":\"ListItem\",\"position\":2,\"name\":\"El Sector Girona arrenca el curs!\"}]},{\"@type\":\"WebSite\",\"@id\":\"https:\\\/\\\/www.esplac.cat\\\/#website\",\"url\":\"https:\\\/\\\/www.esplac.cat\\\/\",\"name\":\"Esplac\",\"description\":\"Esplais Catalans\",\"publisher\":{\"@id\":\"https:\\\/\\\/www.esplac.cat\\\/#organization\"},\"potentialAction\":[{\"@type\":\"SearchAction\",\"target\":{\"@type\":\"EntryPoint\",\"urlTemplate\":\"https:\\\/\\\/www.esplac.cat\\\/?s={search_term_string}\"},\"query-input\":{\"@type\":\"PropertyValueSpecification\",\"valueRequired\":true,\"valueName\":\"search_term_string\"}}],\"inLanguage\":\"en-US\"},{\"@type\":\"Organization\",\"@id\":\"https:\\\/\\\/www.esplac.cat\\\/#organization\",\"name\":\"Esplac\",\"url\":\"https:\\\/\\\/www.esplac.cat\\\/\",\"logo\":{\"@type\":\"ImageObject\",\"inLanguage\":\"en-US\",\"@id\":\"https:\\\/\\\/www.esplac.cat\\\/#\\\/schema\\\/logo\\\/image\\\/\",\"url\":\"https:\\\/\\\/www.esplac.cat\\\/wp-content\\\/uploads\\\/2019\\\/08\\\/logox2.png\",\"contentUrl\":\"https:\\\/\\\/www.esplac.cat\\\/wp-content\\\/uploads\\\/2019\\\/08\\\/logox2.png\",\"width\":600,\"height\":295,\"caption\":\"Esplac\"},\"image\":{\"@id\":\"https:\\\/\\\/www.esplac.cat\\\/#\\\/schema\\\/logo\\\/image\\\/\"}},{\"@type\":\"Person\",\"@id\":\"https:\\\/\\\/www.esplac.cat\\\/#\\\/schema\\\/person\\\/8d7ee340c02b239b152b9ff2c3d40766\",\"name\":\"root\",\"image\":{\"@type\":\"ImageObject\",\"inLanguage\":\"en-US\",\"@id\":\"https:\\\/\\\/secure.gravatar.com\\\/avatar\\\/9356757d53af8c5db257f894fbbd9ee7446c25af07cd2e7844bd1cf43acef754?s=96&d=mm&r=g\",\"url\":\"https:\\\/\\\/secure.gravatar.com\\\/avatar\\\/9356757d53af8c5db257f894fbbd9ee7446c25af07cd2e7844bd1cf43acef754?s=96&d=mm&r=g\",\"contentUrl\":\"https:\\\/\\\/secure.gravatar.com\\\/avatar\\\/9356757d53af8c5db257f894fbbd9ee7446c25af07cd2e7844bd1cf43acef754?s=96&d=mm&r=g\",\"caption\":\"root\"}}]}<\/script>\n<!-- \/ Yoast SEO plugin. -->","yoast_head_json":{"title":"El Sector Girona arrenca el curs! - Esplac","robots":{"index":"index","follow":"follow","max-snippet":"max-snippet:-1","max-image-preview":"max-image-preview:large","max-video-preview":"max-video-preview:-1"},"canonical":"https:\/\/www.esplac.cat\/sector-girona-arrenca-curs\/","og_locale":"en_US","og_type":"article","og_title":"El Sector Girona arrenca el curs! - Esplac","og_description":"El Sector Girona celebra l\u2019AGO del sector a Llagostera amb [&hellip;]","og_url":"https:\/\/www.esplac.cat\/sector-girona-arrenca-curs\/","og_site_name":"Esplac","article_published_time":"2018-11-07T06:24:26+00:00","og_image":[{"width":847,"height":350,"url":"https:\/\/www.esplac.cat\/wp-content\/uploads\/2018\/11\/portadagironaago.jpg","type":"image\/jpeg"}],"author":"root","twitter_card":"summary_large_image","twitter_misc":{"Written by":"root","Est. reading time":"1 minute"},"schema":{"@context":"https:\/\/schema.org","@graph":[{"@type":"Article","@id":"https:\/\/www.esplac.cat\/sector-girona-arrenca-curs\/#article","isPartOf":{"@id":"https:\/\/www.esplac.cat\/sector-girona-arrenca-curs\/"},"author":{"name":"root","@id":"https:\/\/www.esplac.cat\/#\/schema\/person\/8d7ee340c02b239b152b9ff2c3d40766"},"headline":"El Sector Girona arrenca el curs!","datePublished":"2018-11-07T06:24:26+00:00","mainEntityOfPage":{"@id":"https:\/\/www.esplac.cat\/sector-girona-arrenca-curs\/"},"wordCount":273,"publisher":{"@id":"https:\/\/www.esplac.cat\/#organization"},"image":{"@id":"https:\/\/www.esplac.cat\/sector-girona-arrenca-curs\/#primaryimage"},"thumbnailUrl":"https:\/\/www.esplac.cat\/wp-content\/uploads\/2018\/11\/portadagironaago.jpg","keywords":["AGO","educaci\u00f3 popular","esplai","Girona","llagostera","lleure","monitores","nou curs","sector"],"articleSection":["Activitats sectors","Sense categoria"],"inLanguage":"en-US"},{"@type":"WebPage","@id":"https:\/\/www.esplac.cat\/sector-girona-arrenca-curs\/","url":"https:\/\/www.esplac.cat\/sector-girona-arrenca-curs\/","name":"El Sector Girona arrenca el curs! - Esplac","isPartOf":{"@id":"https:\/\/www.esplac.cat\/#website"},"primaryImageOfPage":{"@id":"https:\/\/www.esplac.cat\/sector-girona-arrenca-curs\/#primaryimage"},"image":{"@id":"https:\/\/www.esplac.cat\/sector-girona-arrenca-curs\/#primaryimage"},"thumbnailUrl":"https:\/\/www.esplac.cat\/wp-content\/uploads\/2018\/11\/portadagironaago.jpg","datePublished":"2018-11-07T06:24:26+00:00","breadcrumb":{"@id":"https:\/\/www.esplac.cat\/sector-girona-arrenca-curs\/#breadcrumb"},"inLanguage":"en-US","potentialAction":[{"@type":"ReadAction","target":["https:\/\/www.esplac.cat\/sector-girona-arrenca-curs\/"]}]},{"@type":"ImageObject","inLanguage":"en-US","@id":"https:\/\/www.esplac.cat\/sector-girona-arrenca-curs\/#primaryimage","url":"https:\/\/www.esplac.cat\/wp-content\/uploads\/2018\/11\/portadagironaago.jpg","contentUrl":"https:\/\/www.esplac.cat\/wp-content\/uploads\/2018\/11\/portadagironaago.jpg","width":847,"height":350},{"@type":"BreadcrumbList","@id":"https:\/\/www.esplac.cat\/sector-girona-arrenca-curs\/#breadcrumb","itemListElement":[{"@type":"ListItem","position":1,"name":"Inici","item":"https:\/\/www.esplac.cat\/en\/"},{"@type":"ListItem","position":2,"name":"El Sector Girona arrenca el curs!"}]},{"@type":"WebSite","@id":"https:\/\/www.esplac.cat\/#website","url":"https:\/\/www.esplac.cat\/","name":"Esplac","description":"Esplais Catalans","publisher":{"@id":"https:\/\/www.esplac.cat\/#organization"},"potentialAction":[{"@type":"SearchAction","target":{"@type":"EntryPoint","urlTemplate":"https:\/\/www.esplac.cat\/?s={search_term_string}"},"query-input":{"@type":"PropertyValueSpecification","valueRequired":true,"valueName":"search_term_string"}}],"inLanguage":"en-US"},{"@type":"Organization","@id":"https:\/\/www.esplac.cat\/#organization","name":"Esplac","url":"https:\/\/www.esplac.cat\/","logo":{"@type":"ImageObject","inLanguage":"en-US","@id":"https:\/\/www.esplac.cat\/#\/schema\/logo\/image\/","url":"https:\/\/www.esplac.cat\/wp-content\/uploads\/2019\/08\/logox2.png","contentUrl":"https:\/\/www.esplac.cat\/wp-content\/uploads\/2019\/08\/logox2.png","width":600,"height":295,"caption":"Esplac"},"image":{"@id":"https:\/\/www.esplac.cat\/#\/schema\/logo\/image\/"}},{"@type":"Person","@id":"https:\/\/www.esplac.cat\/#\/schema\/person\/8d7ee340c02b239b152b9ff2c3d40766","name":"root","image":{"@type":"ImageObject","inLanguage":"en-US","@id":"https:\/\/secure.gravatar.com\/avatar\/9356757d53af8c5db257f894fbbd9ee7446c25af07cd2e7844bd1cf43acef754?s=96&d=mm&r=g","url":"https:\/\/secure.gravatar.com\/avatar\/9356757d53af8c5db257f894fbbd9ee7446c25af07cd2e7844bd1cf43acef754?s=96&d=mm&r=g","contentUrl":"https:\/\/secure.gravatar.com\/avatar\/9356757d53af8c5db257f894fbbd9ee7446c25af07cd2e7844bd1cf43acef754?s=96&d=mm&r=g","caption":"root"}}]}},"_links":{"self":[{"href":"https:\/\/www.esplac.cat\/en\/wp-json\/wp\/v2\/posts\/23923","targetHints":{"allow":["GET"]}}],"collection":[{"href":"https:\/\/www.esplac.cat\/en\/wp-json\/wp\/v2\/posts"}],"about":[{"href":"https:\/\/www.esplac.cat\/en\/wp-json\/wp\/v2\/types\/post"}],"author":[{"embeddable":true,"href":"https:\/\/www.esplac.cat\/en\/wp-json\/wp\/v2\/users\/1"}],"replies":[{"embeddable":true,"href":"https:\/\/www.esplac.cat\/en\/wp-json\/wp\/v2\/comments?post=23923"}],"version-history":[{"count":0,"href":"https:\/\/www.esplac.cat\/en\/wp-json\/wp\/v2\/posts\/23923\/revisions"}],"wp:featuredmedia":[{"embeddable":true,"href":"https:\/\/www.esplac.cat\/en\/wp-json\/wp\/v2\/media\/23926"}],"wp:attachment":[{"href":"https:\/\/www.esplac.cat\/en\/wp-json\/wp\/v2\/media?parent=23923"}],"wp:term":[{"taxonomy":"category","embeddable":true,"href":"https:\/\/www.esplac.cat\/en\/wp-json\/wp\/v2\/categories?post=23923"},{"taxonomy":"post_tag","embeddable":true,"href":"https:\/\/www.esplac.cat\/en\/wp-json\/wp\/v2\/tags?post=23923"}],"curies":[{"name":"wp","href":"https:\/\/api.w.org\/{rel}","templated":true}]}}