{"id":23932,"date":"2018-10-31T10:00:48","date_gmt":"2018-10-31T08:00:48","guid":{"rendered":"http:\/\/esplac.cat\/?p=19476"},"modified":"2019-11-14T12:01:48","modified_gmt":"2019-11-14T10:01:48","slug":"inscripcions-winter-school-2018-marxisme-feminisme","status":"publish","type":"post","link":"https:\/\/www.esplac.cat\/en\/inscripcions-winter-school-2018-marxisme-feminisme\/","title":{"rendered":"Inscripcions obertes a la Winter School 2018 sobre Marxisme i Feminisme"},"content":{"rendered":"<h4 style=\"text-align: justify;\">Arriba la nova formaci\u00f3 internacional Winter School 2018! Enguany, t\u00e9 com a t\u00edtol &#8220;Marxisme-Feminisme &#8211; No hi ha socialisme sense feminisme, no hi ha feminisme sense socialisme!&#8221;.<\/h4>\n<p style=\"text-align: justify;\">El Centre Kurt L\u00f6wenstein, entitat de formaci\u00f3 vinculada als Die Falken, d&#8217;Alemaya, obre convocat\u00f2ria pel seminari internacional d&#8217;hivern que tindr\u00e0 lloc del<strong> 28 de desembre<\/strong> <strong>del 2018 al 4 de gener<\/strong> <strong>del 2019<\/strong>, prop de <strong>Berl\u00edn.<\/strong><\/p>\n<p style=\"text-align: justify;\">Durant el seminari es reflexionar\u00e0 sobre la<strong> relaci\u00f3 entre el capitalisme i l&#8217;opressi\u00f3 de les dones<\/strong>, tenint en compte aspectes com la fam\u00edlia, la interseccionalitat, els rols de g\u00e8nere i l&#8217;estat del feminisme contemporani.<\/p>\n<p style=\"text-align: justify;\">La relaci\u00f3 entre el feminisme i el marxisme no sempre ha estat f\u00e0cil. L&#8217;autoorganitzaci\u00f3 de molts grups diferents de dones, com les dones feministes socialistes, feministes de color i feministes queer, s&#8217;han hagut d&#8217;organitzar per anar treballant aquells aspectes buits en les Teories de Marx sobre el capitalisme i la producci\u00f3.<\/p>\n<p style=\"text-align: justify;\">A m\u00e9s a m\u00e9s, es preveu realitzar tallers i debats pol\u00edtics autoorganitzats pels i les joves participants, aix\u00ed com passar una estona divertida conjuntament.\u00a0Les i els\u00a0participants passaran un dia a Berl\u00edn i <strong>celebraran l&#8217;any nou a la seu del seu centre.<\/strong><\/p>\n<p style=\"text-align: justify;\">Si com a monis d&#8217;Esplac creieu que us pot ser interessant i en teniu ganes, pot ser una experi\u00e8ncia molt profitosa tant per vosaltres com pels vostres esplais. No dubteu en inscriure-us\u00a0aqu\u00ed:<\/p>\n<p style=\"text-align: justify;\">\n<p>&nbsp;<\/p>\n<p><strong>Informaci\u00f3 Pr\u00e0ctica:<\/strong><\/p>\n<ul>\n<li style=\"text-align: justify;\"><strong> Dates:<\/strong> 28 de Desembre al 4 de gener 2018. (Els i les joves passaran el cap d&#8217;any junts a Berl\u00edn)<\/li>\n<li style=\"text-align: justify;\"><strong>Lloc:<\/strong> A la seu del centre Kurt L\u00f6wenstein (prop de Berl\u00edn).<\/li>\n<li style=\"text-align: justify;\"><strong>Preu:<\/strong> 50 euros per participant (allotjament i manutenci\u00f3)<\/li>\n<li style=\"text-align: justify;\"><strong>Subvenci\u00f3:<\/strong> 275 euros per participant<\/li>\n<li style=\"text-align: justify;\"><strong>Inscripcions:<\/strong> Cal omplir aquest formulari<\/li>\n<li style=\"text-align: justify;\"><strong>Data l\u00edmit inscripci\u00f3:<\/strong> 10 de novembre<\/li>\n<li style=\"text-align: justify;\"><strong>Contacte:<\/strong> \u00a0internacional@esplac.cat\u00a0 (933026103)<\/li>\n<\/ul>\n","protected":false},"excerpt":{"rendered":"<p>Arriba la nova formaci\u00f3 internacional Winter School 2018! Enguany, t\u00e9 [&hellip;]<\/p>\n","protected":false},"author":1,"featured_media":23933,"comment_status":"closed","ping_status":"open","sticky":false,"template":"","format":"standard","meta":{"om_disable_all_campaigns":false,"_monsterinsights_skip_tracking":false,"_monsterinsights_sitenote_active":false,"_monsterinsights_sitenote_note":"","_monsterinsights_sitenote_category":0,"_uf_show_specific_survey":0,"_uf_disable_surveys":false,"footnotes":""},"categories":[1112,1158,1],"tags":[513,1002,1003,391,54,1014,225,555,1015],"class_list":["post-23932","post","type-post","status-publish","format-standard","has-post-thumbnail","hentry","category-esplac-al-mon","category-jornades-lleure-feminismes","category-sense-categoria","tag-berlin","tag-educacio-popular","tag-esplai","tag-feminisme","tag-formacio","tag-hivern","tag-inscripcions","tag-internacional","tag-marxisme"],"yoast_head":"<!-- This site is optimized with the Yoast SEO plugin v27.5 - https:\/\/yoast.com\/product\/yoast-seo-wordpress\/ -->\n<title>Inscripcions obertes a la Winter School 2018 sobre Marxisme i Feminisme - Esplac<\/title>\n<meta name=\"robots\" content=\"index, follow, max-snippet:-1, max-image-preview:large, max-video-preview:-1\" \/>\n<link rel=\"canonical\" href=\"https:\/\/www.esplac.cat\/es\/inscripcions-winter-school-2018-marxisme-feminisme\/\" \/>\n<meta property=\"og:locale\" content=\"en_US\" \/>\n<meta property=\"og:type\" content=\"article\" \/>\n<meta property=\"og:title\" content=\"Inscripcions obertes a la Winter School 2018 sobre Marxisme i Feminisme - Esplac\" \/>\n<meta property=\"og:description\" content=\"Arriba la nova formaci\u00f3 internacional Winter School 2018! Enguany, t\u00e9 [&hellip;]\" \/>\n<meta property=\"og:url\" content=\"https:\/\/www.esplac.cat\/es\/inscripcions-winter-school-2018-marxisme-feminisme\/\" \/>\n<meta property=\"og:site_name\" content=\"Esplac\" \/>\n<meta property=\"article:published_time\" content=\"2018-10-31T08:00:48+00:00\" \/>\n<meta property=\"article:modified_time\" content=\"2019-11-14T10:01:48+00:00\" \/>\n<meta property=\"og:image\" content=\"https:\/\/www.esplac.cat\/wp-content\/uploads\/2018\/10\/winterschool.jpg\" \/>\n\t<meta property=\"og:image:width\" content=\"847\" \/>\n\t<meta property=\"og:image:height\" content=\"350\" \/>\n\t<meta property=\"og:image:type\" content=\"image\/jpeg\" \/>\n<meta name=\"author\" content=\"root\" \/>\n<meta name=\"twitter:card\" content=\"summary_large_image\" \/>\n<meta name=\"twitter:label1\" content=\"Written by\" \/>\n\t<meta name=\"twitter:data1\" content=\"root\" \/>\n\t<meta name=\"twitter:label2\" content=\"Est. reading time\" \/>\n\t<meta name=\"twitter:data2\" content=\"2 minutes\" \/>\n<script type=\"application\/ld+json\" class=\"yoast-schema-graph\">{\"@context\":\"https:\\\/\\\/schema.org\",\"@graph\":[{\"@type\":\"Article\",\"@id\":\"https:\\\/\\\/www.esplac.cat\\\/es\\\/inscripcions-winter-school-2018-marxisme-feminisme\\\/#article\",\"isPartOf\":{\"@id\":\"https:\\\/\\\/www.esplac.cat\\\/es\\\/inscripcions-winter-school-2018-marxisme-feminisme\\\/\"},\"author\":{\"name\":\"root\",\"@id\":\"https:\\\/\\\/www.esplac.cat\\\/#\\\/schema\\\/person\\\/8d7ee340c02b239b152b9ff2c3d40766\"},\"headline\":\"Inscripcions obertes a la Winter School 2018 sobre Marxisme i Feminisme\",\"datePublished\":\"2018-10-31T08:00:48+00:00\",\"dateModified\":\"2019-11-14T10:01:48+00:00\",\"mainEntityOfPage\":{\"@id\":\"https:\\\/\\\/www.esplac.cat\\\/es\\\/inscripcions-winter-school-2018-marxisme-feminisme\\\/\"},\"wordCount\":366,\"publisher\":{\"@id\":\"https:\\\/\\\/www.esplac.cat\\\/#organization\"},\"image\":{\"@id\":\"https:\\\/\\\/www.esplac.cat\\\/es\\\/inscripcions-winter-school-2018-marxisme-feminisme\\\/#primaryimage\"},\"thumbnailUrl\":\"https:\\\/\\\/www.esplac.cat\\\/wp-content\\\/uploads\\\/2018\\\/10\\\/winterschool.jpg\",\"keywords\":[\"Berlin\",\"educaci\u00f3 popular\",\"esplai\",\"feminisme\",\"formaci\u00f3\",\"hivern\",\"inscripcions\",\"internacional\",\"Marxisme\"],\"articleSection\":[\"Esplac al m\u00f3n\",\"Jornades de Lleure i Feminismes\",\"Sense categoria\"],\"inLanguage\":\"en-US\"},{\"@type\":\"WebPage\",\"@id\":\"https:\\\/\\\/www.esplac.cat\\\/es\\\/inscripcions-winter-school-2018-marxisme-feminisme\\\/\",\"url\":\"https:\\\/\\\/www.esplac.cat\\\/es\\\/inscripcions-winter-school-2018-marxisme-feminisme\\\/\",\"name\":\"Inscripcions obertes a la Winter School 2018 sobre Marxisme i Feminisme - Esplac\",\"isPartOf\":{\"@id\":\"https:\\\/\\\/www.esplac.cat\\\/#website\"},\"primaryImageOfPage\":{\"@id\":\"https:\\\/\\\/www.esplac.cat\\\/es\\\/inscripcions-winter-school-2018-marxisme-feminisme\\\/#primaryimage\"},\"image\":{\"@id\":\"https:\\\/\\\/www.esplac.cat\\\/es\\\/inscripcions-winter-school-2018-marxisme-feminisme\\\/#primaryimage\"},\"thumbnailUrl\":\"https:\\\/\\\/www.esplac.cat\\\/wp-content\\\/uploads\\\/2018\\\/10\\\/winterschool.jpg\",\"datePublished\":\"2018-10-31T08:00:48+00:00\",\"dateModified\":\"2019-11-14T10:01:48+00:00\",\"breadcrumb\":{\"@id\":\"https:\\\/\\\/www.esplac.cat\\\/es\\\/inscripcions-winter-school-2018-marxisme-feminisme\\\/#breadcrumb\"},\"inLanguage\":\"en-US\",\"potentialAction\":[{\"@type\":\"ReadAction\",\"target\":[\"https:\\\/\\\/www.esplac.cat\\\/es\\\/inscripcions-winter-school-2018-marxisme-feminisme\\\/\"]}]},{\"@type\":\"ImageObject\",\"inLanguage\":\"en-US\",\"@id\":\"https:\\\/\\\/www.esplac.cat\\\/es\\\/inscripcions-winter-school-2018-marxisme-feminisme\\\/#primaryimage\",\"url\":\"https:\\\/\\\/www.esplac.cat\\\/wp-content\\\/uploads\\\/2018\\\/10\\\/winterschool.jpg\",\"contentUrl\":\"https:\\\/\\\/www.esplac.cat\\\/wp-content\\\/uploads\\\/2018\\\/10\\\/winterschool.jpg\",\"width\":847,\"height\":350},{\"@type\":\"BreadcrumbList\",\"@id\":\"https:\\\/\\\/www.esplac.cat\\\/es\\\/inscripcions-winter-school-2018-marxisme-feminisme\\\/#breadcrumb\",\"itemListElement\":[{\"@type\":\"ListItem\",\"position\":1,\"name\":\"Inici\",\"item\":\"https:\\\/\\\/www.esplac.cat\\\/en\\\/\"},{\"@type\":\"ListItem\",\"position\":2,\"name\":\"Inscripcions obertes a la Winter School 2018 sobre Marxisme i Feminisme\"}]},{\"@type\":\"WebSite\",\"@id\":\"https:\\\/\\\/www.esplac.cat\\\/#website\",\"url\":\"https:\\\/\\\/www.esplac.cat\\\/\",\"name\":\"Esplac\",\"description\":\"Esplais Catalans\",\"publisher\":{\"@id\":\"https:\\\/\\\/www.esplac.cat\\\/#organization\"},\"potentialAction\":[{\"@type\":\"SearchAction\",\"target\":{\"@type\":\"EntryPoint\",\"urlTemplate\":\"https:\\\/\\\/www.esplac.cat\\\/?s={search_term_string}\"},\"query-input\":{\"@type\":\"PropertyValueSpecification\",\"valueRequired\":true,\"valueName\":\"search_term_string\"}}],\"inLanguage\":\"en-US\"},{\"@type\":\"Organization\",\"@id\":\"https:\\\/\\\/www.esplac.cat\\\/#organization\",\"name\":\"Esplac\",\"url\":\"https:\\\/\\\/www.esplac.cat\\\/\",\"logo\":{\"@type\":\"ImageObject\",\"inLanguage\":\"en-US\",\"@id\":\"https:\\\/\\\/www.esplac.cat\\\/#\\\/schema\\\/logo\\\/image\\\/\",\"url\":\"https:\\\/\\\/www.esplac.cat\\\/wp-content\\\/uploads\\\/2019\\\/08\\\/logox2.png\",\"contentUrl\":\"https:\\\/\\\/www.esplac.cat\\\/wp-content\\\/uploads\\\/2019\\\/08\\\/logox2.png\",\"width\":600,\"height\":295,\"caption\":\"Esplac\"},\"image\":{\"@id\":\"https:\\\/\\\/www.esplac.cat\\\/#\\\/schema\\\/logo\\\/image\\\/\"}},{\"@type\":\"Person\",\"@id\":\"https:\\\/\\\/www.esplac.cat\\\/#\\\/schema\\\/person\\\/8d7ee340c02b239b152b9ff2c3d40766\",\"name\":\"root\",\"image\":{\"@type\":\"ImageObject\",\"inLanguage\":\"en-US\",\"@id\":\"https:\\\/\\\/secure.gravatar.com\\\/avatar\\\/9356757d53af8c5db257f894fbbd9ee7446c25af07cd2e7844bd1cf43acef754?s=96&d=mm&r=g\",\"url\":\"https:\\\/\\\/secure.gravatar.com\\\/avatar\\\/9356757d53af8c5db257f894fbbd9ee7446c25af07cd2e7844bd1cf43acef754?s=96&d=mm&r=g\",\"contentUrl\":\"https:\\\/\\\/secure.gravatar.com\\\/avatar\\\/9356757d53af8c5db257f894fbbd9ee7446c25af07cd2e7844bd1cf43acef754?s=96&d=mm&r=g\",\"caption\":\"root\"}}]}<\/script>\n<!-- \/ Yoast SEO plugin. -->","yoast_head_json":{"title":"Inscripcions obertes a la Winter School 2018 sobre Marxisme i Feminisme - Esplac","robots":{"index":"index","follow":"follow","max-snippet":"max-snippet:-1","max-image-preview":"max-image-preview:large","max-video-preview":"max-video-preview:-1"},"canonical":"https:\/\/www.esplac.cat\/es\/inscripcions-winter-school-2018-marxisme-feminisme\/","og_locale":"en_US","og_type":"article","og_title":"Inscripcions obertes a la Winter School 2018 sobre Marxisme i Feminisme - Esplac","og_description":"Arriba la nova formaci\u00f3 internacional Winter School 2018! Enguany, t\u00e9 [&hellip;]","og_url":"https:\/\/www.esplac.cat\/es\/inscripcions-winter-school-2018-marxisme-feminisme\/","og_site_name":"Esplac","article_published_time":"2018-10-31T08:00:48+00:00","article_modified_time":"2019-11-14T10:01:48+00:00","og_image":[{"width":847,"height":350,"url":"https:\/\/www.esplac.cat\/wp-content\/uploads\/2018\/10\/winterschool.jpg","type":"image\/jpeg"}],"author":"root","twitter_card":"summary_large_image","twitter_misc":{"Written by":"root","Est. reading time":"2 minutes"},"schema":{"@context":"https:\/\/schema.org","@graph":[{"@type":"Article","@id":"https:\/\/www.esplac.cat\/es\/inscripcions-winter-school-2018-marxisme-feminisme\/#article","isPartOf":{"@id":"https:\/\/www.esplac.cat\/es\/inscripcions-winter-school-2018-marxisme-feminisme\/"},"author":{"name":"root","@id":"https:\/\/www.esplac.cat\/#\/schema\/person\/8d7ee340c02b239b152b9ff2c3d40766"},"headline":"Inscripcions obertes a la Winter School 2018 sobre Marxisme i Feminisme","datePublished":"2018-10-31T08:00:48+00:00","dateModified":"2019-11-14T10:01:48+00:00","mainEntityOfPage":{"@id":"https:\/\/www.esplac.cat\/es\/inscripcions-winter-school-2018-marxisme-feminisme\/"},"wordCount":366,"publisher":{"@id":"https:\/\/www.esplac.cat\/#organization"},"image":{"@id":"https:\/\/www.esplac.cat\/es\/inscripcions-winter-school-2018-marxisme-feminisme\/#primaryimage"},"thumbnailUrl":"https:\/\/www.esplac.cat\/wp-content\/uploads\/2018\/10\/winterschool.jpg","keywords":["Berlin","educaci\u00f3 popular","esplai","feminisme","formaci\u00f3","hivern","inscripcions","internacional","Marxisme"],"articleSection":["Esplac al m\u00f3n","Jornades de Lleure i Feminismes","Sense categoria"],"inLanguage":"en-US"},{"@type":"WebPage","@id":"https:\/\/www.esplac.cat\/es\/inscripcions-winter-school-2018-marxisme-feminisme\/","url":"https:\/\/www.esplac.cat\/es\/inscripcions-winter-school-2018-marxisme-feminisme\/","name":"Inscripcions obertes a la Winter School 2018 sobre Marxisme i Feminisme - Esplac","isPartOf":{"@id":"https:\/\/www.esplac.cat\/#website"},"primaryImageOfPage":{"@id":"https:\/\/www.esplac.cat\/es\/inscripcions-winter-school-2018-marxisme-feminisme\/#primaryimage"},"image":{"@id":"https:\/\/www.esplac.cat\/es\/inscripcions-winter-school-2018-marxisme-feminisme\/#primaryimage"},"thumbnailUrl":"https:\/\/www.esplac.cat\/wp-content\/uploads\/2018\/10\/winterschool.jpg","datePublished":"2018-10-31T08:00:48+00:00","dateModified":"2019-11-14T10:01:48+00:00","breadcrumb":{"@id":"https:\/\/www.esplac.cat\/es\/inscripcions-winter-school-2018-marxisme-feminisme\/#breadcrumb"},"inLanguage":"en-US","potentialAction":[{"@type":"ReadAction","target":["https:\/\/www.esplac.cat\/es\/inscripcions-winter-school-2018-marxisme-feminisme\/"]}]},{"@type":"ImageObject","inLanguage":"en-US","@id":"https:\/\/www.esplac.cat\/es\/inscripcions-winter-school-2018-marxisme-feminisme\/#primaryimage","url":"https:\/\/www.esplac.cat\/wp-content\/uploads\/2018\/10\/winterschool.jpg","contentUrl":"https:\/\/www.esplac.cat\/wp-content\/uploads\/2018\/10\/winterschool.jpg","width":847,"height":350},{"@type":"BreadcrumbList","@id":"https:\/\/www.esplac.cat\/es\/inscripcions-winter-school-2018-marxisme-feminisme\/#breadcrumb","itemListElement":[{"@type":"ListItem","position":1,"name":"Inici","item":"https:\/\/www.esplac.cat\/en\/"},{"@type":"ListItem","position":2,"name":"Inscripcions obertes a la Winter School 2018 sobre Marxisme i Feminisme"}]},{"@type":"WebSite","@id":"https:\/\/www.esplac.cat\/#website","url":"https:\/\/www.esplac.cat\/","name":"Esplac","description":"Esplais Catalans","publisher":{"@id":"https:\/\/www.esplac.cat\/#organization"},"potentialAction":[{"@type":"SearchAction","target":{"@type":"EntryPoint","urlTemplate":"https:\/\/www.esplac.cat\/?s={search_term_string}"},"query-input":{"@type":"PropertyValueSpecification","valueRequired":true,"valueName":"search_term_string"}}],"inLanguage":"en-US"},{"@type":"Organization","@id":"https:\/\/www.esplac.cat\/#organization","name":"Esplac","url":"https:\/\/www.esplac.cat\/","logo":{"@type":"ImageObject","inLanguage":"en-US","@id":"https:\/\/www.esplac.cat\/#\/schema\/logo\/image\/","url":"https:\/\/www.esplac.cat\/wp-content\/uploads\/2019\/08\/logox2.png","contentUrl":"https:\/\/www.esplac.cat\/wp-content\/uploads\/2019\/08\/logox2.png","width":600,"height":295,"caption":"Esplac"},"image":{"@id":"https:\/\/www.esplac.cat\/#\/schema\/logo\/image\/"}},{"@type":"Person","@id":"https:\/\/www.esplac.cat\/#\/schema\/person\/8d7ee340c02b239b152b9ff2c3d40766","name":"root","image":{"@type":"ImageObject","inLanguage":"en-US","@id":"https:\/\/secure.gravatar.com\/avatar\/9356757d53af8c5db257f894fbbd9ee7446c25af07cd2e7844bd1cf43acef754?s=96&d=mm&r=g","url":"https:\/\/secure.gravatar.com\/avatar\/9356757d53af8c5db257f894fbbd9ee7446c25af07cd2e7844bd1cf43acef754?s=96&d=mm&r=g","contentUrl":"https:\/\/secure.gravatar.com\/avatar\/9356757d53af8c5db257f894fbbd9ee7446c25af07cd2e7844bd1cf43acef754?s=96&d=mm&r=g","caption":"root"}}]}},"_links":{"self":[{"href":"https:\/\/www.esplac.cat\/en\/wp-json\/wp\/v2\/posts\/23932","targetHints":{"allow":["GET"]}}],"collection":[{"href":"https:\/\/www.esplac.cat\/en\/wp-json\/wp\/v2\/posts"}],"about":[{"href":"https:\/\/www.esplac.cat\/en\/wp-json\/wp\/v2\/types\/post"}],"author":[{"embeddable":true,"href":"https:\/\/www.esplac.cat\/en\/wp-json\/wp\/v2\/users\/1"}],"replies":[{"embeddable":true,"href":"https:\/\/www.esplac.cat\/en\/wp-json\/wp\/v2\/comments?post=23932"}],"version-history":[{"count":0,"href":"https:\/\/www.esplac.cat\/en\/wp-json\/wp\/v2\/posts\/23932\/revisions"}],"wp:featuredmedia":[{"embeddable":true,"href":"https:\/\/www.esplac.cat\/en\/wp-json\/wp\/v2\/media\/23933"}],"wp:attachment":[{"href":"https:\/\/www.esplac.cat\/en\/wp-json\/wp\/v2\/media?parent=23932"}],"wp:term":[{"taxonomy":"category","embeddable":true,"href":"https:\/\/www.esplac.cat\/en\/wp-json\/wp\/v2\/categories?post=23932"},{"taxonomy":"post_tag","embeddable":true,"href":"https:\/\/www.esplac.cat\/en\/wp-json\/wp\/v2\/tags?post=23932"}],"curies":[{"name":"wp","href":"https:\/\/api.w.org\/{rel}","templated":true}]}}