{"id":23934,"date":"2018-10-29T09:40:43","date_gmt":"2018-10-29T07:40:43","guid":{"rendered":"http:\/\/esplac.cat\/?p=19413"},"modified":"2018-10-29T09:40:43","modified_gmt":"2018-10-29T07:40:43","slug":"trobada-referents-sector-barcelona","status":"publish","type":"post","link":"https:\/\/www.esplac.cat\/en\/trobada-referents-sector-barcelona\/","title":{"rendered":"TROBADA DE REFERENTS DEL SECTOR BARCELONA"},"content":{"rendered":"<h4 style=\"text-align: justify;\">El passat diumenge 21 d\u2019octubre les referents del <a href=\"http:\/\/esplac.cat\/sector-geografic-barcelona\/\" target=\"_blank\" rel=\"noopener noreferrer\">Sector Barcelona<\/a> es van trobar a l\u2019Esplai GMM (Llu\u00efsos de Gr\u00e0cia) per fer cohesi\u00f3 i debatre el seu paper dins del sector.<\/h4>\n<p style=\"text-align: justify;\">Vam comen\u00e7ar el dia a les 10:30h amb 10 referents i l\u2019EGS amb els objectius de cohesionar el nou equip de referents, con\u00e8ixer els conceptes b\u00e0sics d\u2019Esplac i debatre temes del sector. Durant el mat\u00ed, vam fer formacions sobre com funciona Esplac, els seus \u00f2rgans i l\u2019organigrama. A m\u00e9s, tamb\u00e9 es va dibuixar per primer cop l\u2019organigrama del Sector Barcelona. Despr\u00e9s es van fer dos debats, un sobre el rol de les referents i l\u2019altre sobre el rol de l\u2019EGS a les comissions del sector. Abans de dinar, es va fer una din\u00e0mica sobre el rol de les referents i es va debatre si aquestes eren portaveus o representants de l\u2019esplai.<\/p>\n<p style=\"text-align: justify;\">Quan es van acabar les formacions i els debats, vam dinar conjuntament pasta amb verduretes, cuinat per l\u2019EGS amb molt d\u2019amor.<\/p>\n<p style=\"text-align: justify;\">Vam acabar la jornada concloent que havien sigut poques per\u00f2 molt ben avingudes, i les referents ho van valorar com una activitat molt \u00fatil!<\/p>\n","protected":false},"excerpt":{"rendered":"<p>El passat diumenge 21 d\u2019octubre les referents del Sector Barcelona [&hellip;]<\/p>\n","protected":false},"author":1,"featured_media":23935,"comment_status":"closed","ping_status":"open","sticky":false,"template":"","format":"standard","meta":{"om_disable_all_campaigns":false,"_monsterinsights_skip_tracking":false,"_monsterinsights_sitenote_active":false,"_monsterinsights_sitenote_note":"","_monsterinsights_sitenote_category":0,"_uf_show_specific_survey":0,"_uf_disable_surveys":false,"footnotes":""},"categories":[1128,1],"tags":[481,627,599,1002,1003,845,1006,1013,653],"class_list":["post-23934","post","type-post","status-publish","format-standard","has-post-thumbnail","hentry","category-sector-barcelona","category-sense-categoria","tag-barcelona","tag-cohesio","tag-debat","tag-educacio-popular","tag-esplai","tag-gracia","tag-lleure","tag-sector","tag-trobada"],"yoast_head":"<!-- This site is optimized with the Yoast SEO plugin v27.5 - https:\/\/yoast.com\/product\/yoast-seo-wordpress\/ -->\n<title>TROBADA DE REFERENTS DEL SECTOR BARCELONA - Esplac<\/title>\n<meta name=\"robots\" content=\"index, follow, max-snippet:-1, max-image-preview:large, max-video-preview:-1\" \/>\n<link rel=\"canonical\" href=\"https:\/\/www.esplac.cat\/trobada-referents-sector-barcelona\/\" \/>\n<meta property=\"og:locale\" content=\"en_US\" \/>\n<meta property=\"og:type\" content=\"article\" \/>\n<meta property=\"og:title\" content=\"TROBADA DE REFERENTS DEL SECTOR BARCELONA - Esplac\" \/>\n<meta property=\"og:description\" content=\"El passat diumenge 21 d\u2019octubre les referents del Sector Barcelona [&hellip;]\" \/>\n<meta property=\"og:url\" content=\"https:\/\/www.esplac.cat\/trobada-referents-sector-barcelona\/\" \/>\n<meta property=\"og:site_name\" content=\"Esplac\" \/>\n<meta property=\"article:published_time\" content=\"2018-10-29T07:40:43+00:00\" \/>\n<meta property=\"og:image\" content=\"https:\/\/www.esplac.cat\/wp-content\/uploads\/2018\/10\/portadasb.jpg\" \/>\n\t<meta property=\"og:image:width\" content=\"847\" \/>\n\t<meta property=\"og:image:height\" content=\"350\" \/>\n\t<meta property=\"og:image:type\" content=\"image\/jpeg\" \/>\n<meta name=\"author\" content=\"root\" \/>\n<meta name=\"twitter:card\" content=\"summary_large_image\" \/>\n<meta name=\"twitter:label1\" content=\"Written by\" \/>\n\t<meta name=\"twitter:data1\" content=\"root\" \/>\n\t<meta name=\"twitter:label2\" content=\"Est. reading time\" \/>\n\t<meta name=\"twitter:data2\" content=\"1 minute\" \/>\n<script type=\"application\/ld+json\" class=\"yoast-schema-graph\">{\"@context\":\"https:\\\/\\\/schema.org\",\"@graph\":[{\"@type\":\"Article\",\"@id\":\"https:\\\/\\\/www.esplac.cat\\\/trobada-referents-sector-barcelona\\\/#article\",\"isPartOf\":{\"@id\":\"https:\\\/\\\/www.esplac.cat\\\/trobada-referents-sector-barcelona\\\/\"},\"author\":{\"name\":\"root\",\"@id\":\"https:\\\/\\\/www.esplac.cat\\\/#\\\/schema\\\/person\\\/8d7ee340c02b239b152b9ff2c3d40766\"},\"headline\":\"TROBADA DE REFERENTS DEL SECTOR BARCELONA\",\"datePublished\":\"2018-10-29T07:40:43+00:00\",\"mainEntityOfPage\":{\"@id\":\"https:\\\/\\\/www.esplac.cat\\\/trobada-referents-sector-barcelona\\\/\"},\"wordCount\":209,\"publisher\":{\"@id\":\"https:\\\/\\\/www.esplac.cat\\\/#organization\"},\"image\":{\"@id\":\"https:\\\/\\\/www.esplac.cat\\\/trobada-referents-sector-barcelona\\\/#primaryimage\"},\"thumbnailUrl\":\"https:\\\/\\\/www.esplac.cat\\\/wp-content\\\/uploads\\\/2018\\\/10\\\/portadasb.jpg\",\"keywords\":[\"barcelona\",\"cohesi\u00f3\",\"debat\",\"educaci\u00f3 popular\",\"esplai\",\"Gr\u00e0cia\",\"lleure\",\"sector\",\"trobada\"],\"articleSection\":[\"Sector Barcelona\",\"Sense categoria\"],\"inLanguage\":\"en-US\"},{\"@type\":\"WebPage\",\"@id\":\"https:\\\/\\\/www.esplac.cat\\\/trobada-referents-sector-barcelona\\\/\",\"url\":\"https:\\\/\\\/www.esplac.cat\\\/trobada-referents-sector-barcelona\\\/\",\"name\":\"TROBADA DE REFERENTS DEL SECTOR BARCELONA - Esplac\",\"isPartOf\":{\"@id\":\"https:\\\/\\\/www.esplac.cat\\\/#website\"},\"primaryImageOfPage\":{\"@id\":\"https:\\\/\\\/www.esplac.cat\\\/trobada-referents-sector-barcelona\\\/#primaryimage\"},\"image\":{\"@id\":\"https:\\\/\\\/www.esplac.cat\\\/trobada-referents-sector-barcelona\\\/#primaryimage\"},\"thumbnailUrl\":\"https:\\\/\\\/www.esplac.cat\\\/wp-content\\\/uploads\\\/2018\\\/10\\\/portadasb.jpg\",\"datePublished\":\"2018-10-29T07:40:43+00:00\",\"breadcrumb\":{\"@id\":\"https:\\\/\\\/www.esplac.cat\\\/trobada-referents-sector-barcelona\\\/#breadcrumb\"},\"inLanguage\":\"en-US\",\"potentialAction\":[{\"@type\":\"ReadAction\",\"target\":[\"https:\\\/\\\/www.esplac.cat\\\/trobada-referents-sector-barcelona\\\/\"]}]},{\"@type\":\"ImageObject\",\"inLanguage\":\"en-US\",\"@id\":\"https:\\\/\\\/www.esplac.cat\\\/trobada-referents-sector-barcelona\\\/#primaryimage\",\"url\":\"https:\\\/\\\/www.esplac.cat\\\/wp-content\\\/uploads\\\/2018\\\/10\\\/portadasb.jpg\",\"contentUrl\":\"https:\\\/\\\/www.esplac.cat\\\/wp-content\\\/uploads\\\/2018\\\/10\\\/portadasb.jpg\",\"width\":847,\"height\":350},{\"@type\":\"BreadcrumbList\",\"@id\":\"https:\\\/\\\/www.esplac.cat\\\/trobada-referents-sector-barcelona\\\/#breadcrumb\",\"itemListElement\":[{\"@type\":\"ListItem\",\"position\":1,\"name\":\"Inici\",\"item\":\"https:\\\/\\\/www.esplac.cat\\\/en\\\/\"},{\"@type\":\"ListItem\",\"position\":2,\"name\":\"TROBADA DE REFERENTS DEL SECTOR BARCELONA\"}]},{\"@type\":\"WebSite\",\"@id\":\"https:\\\/\\\/www.esplac.cat\\\/#website\",\"url\":\"https:\\\/\\\/www.esplac.cat\\\/\",\"name\":\"Esplac\",\"description\":\"Esplais Catalans\",\"publisher\":{\"@id\":\"https:\\\/\\\/www.esplac.cat\\\/#organization\"},\"potentialAction\":[{\"@type\":\"SearchAction\",\"target\":{\"@type\":\"EntryPoint\",\"urlTemplate\":\"https:\\\/\\\/www.esplac.cat\\\/?s={search_term_string}\"},\"query-input\":{\"@type\":\"PropertyValueSpecification\",\"valueRequired\":true,\"valueName\":\"search_term_string\"}}],\"inLanguage\":\"en-US\"},{\"@type\":\"Organization\",\"@id\":\"https:\\\/\\\/www.esplac.cat\\\/#organization\",\"name\":\"Esplac\",\"url\":\"https:\\\/\\\/www.esplac.cat\\\/\",\"logo\":{\"@type\":\"ImageObject\",\"inLanguage\":\"en-US\",\"@id\":\"https:\\\/\\\/www.esplac.cat\\\/#\\\/schema\\\/logo\\\/image\\\/\",\"url\":\"https:\\\/\\\/www.esplac.cat\\\/wp-content\\\/uploads\\\/2019\\\/08\\\/logox2.png\",\"contentUrl\":\"https:\\\/\\\/www.esplac.cat\\\/wp-content\\\/uploads\\\/2019\\\/08\\\/logox2.png\",\"width\":600,\"height\":295,\"caption\":\"Esplac\"},\"image\":{\"@id\":\"https:\\\/\\\/www.esplac.cat\\\/#\\\/schema\\\/logo\\\/image\\\/\"}},{\"@type\":\"Person\",\"@id\":\"https:\\\/\\\/www.esplac.cat\\\/#\\\/schema\\\/person\\\/8d7ee340c02b239b152b9ff2c3d40766\",\"name\":\"root\",\"image\":{\"@type\":\"ImageObject\",\"inLanguage\":\"en-US\",\"@id\":\"https:\\\/\\\/secure.gravatar.com\\\/avatar\\\/9356757d53af8c5db257f894fbbd9ee7446c25af07cd2e7844bd1cf43acef754?s=96&d=mm&r=g\",\"url\":\"https:\\\/\\\/secure.gravatar.com\\\/avatar\\\/9356757d53af8c5db257f894fbbd9ee7446c25af07cd2e7844bd1cf43acef754?s=96&d=mm&r=g\",\"contentUrl\":\"https:\\\/\\\/secure.gravatar.com\\\/avatar\\\/9356757d53af8c5db257f894fbbd9ee7446c25af07cd2e7844bd1cf43acef754?s=96&d=mm&r=g\",\"caption\":\"root\"}}]}<\/script>\n<!-- \/ Yoast SEO plugin. -->","yoast_head_json":{"title":"TROBADA DE REFERENTS DEL SECTOR BARCELONA - Esplac","robots":{"index":"index","follow":"follow","max-snippet":"max-snippet:-1","max-image-preview":"max-image-preview:large","max-video-preview":"max-video-preview:-1"},"canonical":"https:\/\/www.esplac.cat\/trobada-referents-sector-barcelona\/","og_locale":"en_US","og_type":"article","og_title":"TROBADA DE REFERENTS DEL SECTOR BARCELONA - Esplac","og_description":"El passat diumenge 21 d\u2019octubre les referents del Sector Barcelona [&hellip;]","og_url":"https:\/\/www.esplac.cat\/trobada-referents-sector-barcelona\/","og_site_name":"Esplac","article_published_time":"2018-10-29T07:40:43+00:00","og_image":[{"width":847,"height":350,"url":"https:\/\/www.esplac.cat\/wp-content\/uploads\/2018\/10\/portadasb.jpg","type":"image\/jpeg"}],"author":"root","twitter_card":"summary_large_image","twitter_misc":{"Written by":"root","Est. reading time":"1 minute"},"schema":{"@context":"https:\/\/schema.org","@graph":[{"@type":"Article","@id":"https:\/\/www.esplac.cat\/trobada-referents-sector-barcelona\/#article","isPartOf":{"@id":"https:\/\/www.esplac.cat\/trobada-referents-sector-barcelona\/"},"author":{"name":"root","@id":"https:\/\/www.esplac.cat\/#\/schema\/person\/8d7ee340c02b239b152b9ff2c3d40766"},"headline":"TROBADA DE REFERENTS DEL SECTOR BARCELONA","datePublished":"2018-10-29T07:40:43+00:00","mainEntityOfPage":{"@id":"https:\/\/www.esplac.cat\/trobada-referents-sector-barcelona\/"},"wordCount":209,"publisher":{"@id":"https:\/\/www.esplac.cat\/#organization"},"image":{"@id":"https:\/\/www.esplac.cat\/trobada-referents-sector-barcelona\/#primaryimage"},"thumbnailUrl":"https:\/\/www.esplac.cat\/wp-content\/uploads\/2018\/10\/portadasb.jpg","keywords":["barcelona","cohesi\u00f3","debat","educaci\u00f3 popular","esplai","Gr\u00e0cia","lleure","sector","trobada"],"articleSection":["Sector Barcelona","Sense categoria"],"inLanguage":"en-US"},{"@type":"WebPage","@id":"https:\/\/www.esplac.cat\/trobada-referents-sector-barcelona\/","url":"https:\/\/www.esplac.cat\/trobada-referents-sector-barcelona\/","name":"TROBADA DE REFERENTS DEL SECTOR BARCELONA - Esplac","isPartOf":{"@id":"https:\/\/www.esplac.cat\/#website"},"primaryImageOfPage":{"@id":"https:\/\/www.esplac.cat\/trobada-referents-sector-barcelona\/#primaryimage"},"image":{"@id":"https:\/\/www.esplac.cat\/trobada-referents-sector-barcelona\/#primaryimage"},"thumbnailUrl":"https:\/\/www.esplac.cat\/wp-content\/uploads\/2018\/10\/portadasb.jpg","datePublished":"2018-10-29T07:40:43+00:00","breadcrumb":{"@id":"https:\/\/www.esplac.cat\/trobada-referents-sector-barcelona\/#breadcrumb"},"inLanguage":"en-US","potentialAction":[{"@type":"ReadAction","target":["https:\/\/www.esplac.cat\/trobada-referents-sector-barcelona\/"]}]},{"@type":"ImageObject","inLanguage":"en-US","@id":"https:\/\/www.esplac.cat\/trobada-referents-sector-barcelona\/#primaryimage","url":"https:\/\/www.esplac.cat\/wp-content\/uploads\/2018\/10\/portadasb.jpg","contentUrl":"https:\/\/www.esplac.cat\/wp-content\/uploads\/2018\/10\/portadasb.jpg","width":847,"height":350},{"@type":"BreadcrumbList","@id":"https:\/\/www.esplac.cat\/trobada-referents-sector-barcelona\/#breadcrumb","itemListElement":[{"@type":"ListItem","position":1,"name":"Inici","item":"https:\/\/www.esplac.cat\/en\/"},{"@type":"ListItem","position":2,"name":"TROBADA DE REFERENTS DEL SECTOR BARCELONA"}]},{"@type":"WebSite","@id":"https:\/\/www.esplac.cat\/#website","url":"https:\/\/www.esplac.cat\/","name":"Esplac","description":"Esplais Catalans","publisher":{"@id":"https:\/\/www.esplac.cat\/#organization"},"potentialAction":[{"@type":"SearchAction","target":{"@type":"EntryPoint","urlTemplate":"https:\/\/www.esplac.cat\/?s={search_term_string}"},"query-input":{"@type":"PropertyValueSpecification","valueRequired":true,"valueName":"search_term_string"}}],"inLanguage":"en-US"},{"@type":"Organization","@id":"https:\/\/www.esplac.cat\/#organization","name":"Esplac","url":"https:\/\/www.esplac.cat\/","logo":{"@type":"ImageObject","inLanguage":"en-US","@id":"https:\/\/www.esplac.cat\/#\/schema\/logo\/image\/","url":"https:\/\/www.esplac.cat\/wp-content\/uploads\/2019\/08\/logox2.png","contentUrl":"https:\/\/www.esplac.cat\/wp-content\/uploads\/2019\/08\/logox2.png","width":600,"height":295,"caption":"Esplac"},"image":{"@id":"https:\/\/www.esplac.cat\/#\/schema\/logo\/image\/"}},{"@type":"Person","@id":"https:\/\/www.esplac.cat\/#\/schema\/person\/8d7ee340c02b239b152b9ff2c3d40766","name":"root","image":{"@type":"ImageObject","inLanguage":"en-US","@id":"https:\/\/secure.gravatar.com\/avatar\/9356757d53af8c5db257f894fbbd9ee7446c25af07cd2e7844bd1cf43acef754?s=96&d=mm&r=g","url":"https:\/\/secure.gravatar.com\/avatar\/9356757d53af8c5db257f894fbbd9ee7446c25af07cd2e7844bd1cf43acef754?s=96&d=mm&r=g","contentUrl":"https:\/\/secure.gravatar.com\/avatar\/9356757d53af8c5db257f894fbbd9ee7446c25af07cd2e7844bd1cf43acef754?s=96&d=mm&r=g","caption":"root"}}]}},"_links":{"self":[{"href":"https:\/\/www.esplac.cat\/en\/wp-json\/wp\/v2\/posts\/23934","targetHints":{"allow":["GET"]}}],"collection":[{"href":"https:\/\/www.esplac.cat\/en\/wp-json\/wp\/v2\/posts"}],"about":[{"href":"https:\/\/www.esplac.cat\/en\/wp-json\/wp\/v2\/types\/post"}],"author":[{"embeddable":true,"href":"https:\/\/www.esplac.cat\/en\/wp-json\/wp\/v2\/users\/1"}],"replies":[{"embeddable":true,"href":"https:\/\/www.esplac.cat\/en\/wp-json\/wp\/v2\/comments?post=23934"}],"version-history":[{"count":0,"href":"https:\/\/www.esplac.cat\/en\/wp-json\/wp\/v2\/posts\/23934\/revisions"}],"wp:featuredmedia":[{"embeddable":true,"href":"https:\/\/www.esplac.cat\/en\/wp-json\/wp\/v2\/media\/23935"}],"wp:attachment":[{"href":"https:\/\/www.esplac.cat\/en\/wp-json\/wp\/v2\/media?parent=23934"}],"wp:term":[{"taxonomy":"category","embeddable":true,"href":"https:\/\/www.esplac.cat\/en\/wp-json\/wp\/v2\/categories?post=23934"},{"taxonomy":"post_tag","embeddable":true,"href":"https:\/\/www.esplac.cat\/en\/wp-json\/wp\/v2\/tags?post=23934"}],"curies":[{"name":"wp","href":"https:\/\/api.w.org\/{rel}","templated":true}]}}