{"id":23956,"date":"2018-10-11T09:52:16","date_gmt":"2018-10-11T07:52:16","guid":{"rendered":"http:\/\/esplac.cat\/?p=18882"},"modified":"2018-10-11T09:52:16","modified_gmt":"2018-10-11T07:52:16","slug":"sector-bages-bergueda-arrenca-curs","status":"publish","type":"post","link":"https:\/\/www.esplac.cat\/en\/sector-bages-bergueda-arrenca-curs\/","title":{"rendered":"El sector Bages-Bergued\u00e0 arrenca el curs"},"content":{"rendered":"<h4 style=\"text-align: justify;\">Aquest cap de setmana passat, els dies 6 i 7 d\u2019octubre, el <a href=\"http:\/\/esplac.cat\/sector-geografic-bages-bergueda\/\" target=\"_blank\" rel=\"noopener noreferrer\">sector Bages-Bergued\u00e0<\/a>, conegut per la seva fixaci\u00f3 per la far\u00e0ndula, va estar for\u00e7a ocupat ja que vam gaudir de la Trobada de Monitores i AGO de sector m\u00e9s multitudin\u00e0ria dels \u00faltims anys.<\/h4>\n<p style=\"text-align: justify;\">Vam quedar dissabte a les 9h del mat\u00ed a Casserres, a l\u2019esplai Xiruques del Roc de la Mel. A l\u2019arribar, unes m\u00e9s d\u2019hora i les altres m\u00e9s tard, vam comen\u00e7ar amb jocs de coneixen\u00e7a per aix\u00ed iniciar les<strong> formacions de diversitat cultural, prevenci\u00f3 del bullying i coeducaci\u00f3<\/strong> amb els motors escalfats. Podem resumir aquestes quatre hores com intenses, reflexives i plenes d\u2019enriquiment gr\u00e0cies a compartir i posar en com\u00fa. Com de b\u00e9 va, tenir espais per poder col\u00b7lectivitzar!<\/p>\n<p style=\"text-align: justify;\">Per seguir en la l\u00ednia, cal destacar que al sector Bages-Bergued\u00e0 tamb\u00e9 ens sabem cuidar i posar les cures al centre. \u00c9s per aix\u00f2 que dos companys de l\u2019esplai el GEPS, Bernat i Guillem, ens van cuinar dues paelles: una de mar i muntanya i una altra de vegeteriana. Una gran manera de comen\u00e7ar el curs fent caliu i llepant-nos els dits. Gr\u00e0cies, cuiners!<\/p>\n<p style=\"text-align: justify;\">Un cop amb la panxa ben plena i amb les energies carregades, va arribar el moment m\u00e9s esperat del cap de setmana: l\u2019<strong>Assemblea General Ordin\u00e0ria del sector<\/strong>. Hi havia en total 7 esplais amb dret a vot: Vic-Remei, Agrupament Roques Albes, Minuatx, El Cep, GEPS, Merlot i Xiruques de la Mel; i el nouvingut del sector amb una gran motivaci\u00f3: Lairet! Tot i les hores, cal destacar i remarcar que hi va haver una bona implicaci\u00f3 general. L\u2019escolta, el respecte i l\u2019entesa van ser-hi presents durant el transcurs de tota l\u2019AGO. I tampoc van faltar-hi la creativitat ni idees noves i diverses per crear nous projectes.<\/p>\n<p style=\"text-align: justify;\">I despr\u00e9s de la feina ben feta, qu\u00e8 millor que una mica de far\u00e0ndula? Dividits en cinc grups diferents, el show va comen\u00e7ar. Vam transformar-nos en cuineres, nedadores, castelleres, executives i ciclistes. Cada grup tenia un objectiu diferent que havia d\u2019assolir durant el transcurs del sopar: des de discursos surrealistes fins a balls sincronitzats passant per fer desapar\u00e8ixer el menjar.<\/p>\n<p style=\"text-align: justify;\">Quan el show comen\u00e7a, despr\u00e9s no hi ha qui ens aturi. M\u00fasica, beures i bon rotllo. La nit va ser nom\u00e9s la m\u00e0xima expressi\u00f3 del que vam viure durant tot el dia. Plena de balls, rialles i la fundaci\u00f3 de \u201ccomis extra-oficials\u201d. No hi ha res com ajuntar monitores implicades i motivades per crear un clima dist\u00e8s i carregat de bones vibracions.<\/p>\n<p style=\"text-align: justify;\">Per\u00f2 com tota bona nit, arriba el mat\u00ed. Va arribar l\u2019hora de recollir i endre\u00e7ar el local, l\u2019hora dels \u201ca reveure\u201d o \u201cfins la pr\u00f2xima reuni\u00f3\u201d i l\u2019hora de tornar a casa plenes de noves viv\u00e8ncies i amb les piles carregades amb el sector.<\/p>\n<p style=\"text-align: justify;\">Un agra\u00efment general a tot el Bages-Bergued\u00e0 i sobretot a l\u2019esplai Xiruques de la Mel, per la confian\u00e7a en cedir l\u2019esplai per a poder celebrar aquest cap de setmana. Aix\u00f2 no ha fet res m\u00e9s que comen\u00e7ar.<\/p>\n<p style=\"text-align: justify;\">Salut i far\u00e0ndula!<br \/>\nBages-Bergued\u00e0 lolololoo!<\/p>\n","protected":false},"excerpt":{"rendered":"<p>Aquest cap de setmana passat, els dies 6 i 7 [&hellip;]<\/p>\n","protected":false},"author":1,"featured_media":23957,"comment_status":"closed","ping_status":"open","sticky":false,"template":"","format":"standard","meta":{"om_disable_all_campaigns":false,"_monsterinsights_skip_tracking":false,"_monsterinsights_sitenote_active":false,"_monsterinsights_sitenote_note":"","_monsterinsights_sitenote_category":0,"_uf_show_specific_survey":0,"_uf_disable_surveys":false,"footnotes":""},"categories":[1133,1],"tags":[1007,1008,1009,1002,1003,211,653],"class_list":["post-23956","post","type-post","status-publish","format-standard","has-post-thumbnail","hentry","category-sector-bages-bergueda-cerdanya","category-sense-categoria","tag-bages","tag-bergueda","tag-curs","tag-educacio-popular","tag-esplai","tag-monitores","tag-trobada"],"yoast_head":"<!-- This site is optimized with the Yoast SEO plugin v27.5 - https:\/\/yoast.com\/product\/yoast-seo-wordpress\/ -->\n<title>El sector Bages-Bergued\u00e0 arrenca el curs - Esplac<\/title>\n<meta name=\"robots\" content=\"index, follow, max-snippet:-1, max-image-preview:large, max-video-preview:-1\" \/>\n<link rel=\"canonical\" href=\"https:\/\/www.esplac.cat\/sector-bages-bergueda-arrenca-curs\/\" \/>\n<meta property=\"og:locale\" content=\"en_US\" \/>\n<meta property=\"og:type\" content=\"article\" \/>\n<meta property=\"og:title\" content=\"El sector Bages-Bergued\u00e0 arrenca el curs - Esplac\" \/>\n<meta property=\"og:description\" content=\"Aquest cap de setmana passat, els dies 6 i 7 [&hellip;]\" \/>\n<meta property=\"og:url\" content=\"https:\/\/www.esplac.cat\/sector-bages-bergueda-arrenca-curs\/\" \/>\n<meta property=\"og:site_name\" content=\"Esplac\" \/>\n<meta property=\"article:published_time\" content=\"2018-10-11T07:52:16+00:00\" \/>\n<meta property=\"og:image\" content=\"https:\/\/www.esplac.cat\/wp-content\/uploads\/2018\/10\/bagesber.jpg\" \/>\n\t<meta property=\"og:image:width\" content=\"847\" \/>\n\t<meta property=\"og:image:height\" content=\"350\" \/>\n\t<meta property=\"og:image:type\" content=\"image\/jpeg\" \/>\n<meta name=\"author\" content=\"root\" \/>\n<meta name=\"twitter:card\" content=\"summary_large_image\" \/>\n<meta name=\"twitter:label1\" content=\"Written by\" \/>\n\t<meta name=\"twitter:data1\" content=\"root\" \/>\n\t<meta name=\"twitter:label2\" content=\"Est. reading time\" \/>\n\t<meta name=\"twitter:data2\" content=\"3 minutes\" \/>\n<script type=\"application\/ld+json\" class=\"yoast-schema-graph\">{\"@context\":\"https:\\\/\\\/schema.org\",\"@graph\":[{\"@type\":\"Article\",\"@id\":\"https:\\\/\\\/www.esplac.cat\\\/sector-bages-bergueda-arrenca-curs\\\/#article\",\"isPartOf\":{\"@id\":\"https:\\\/\\\/www.esplac.cat\\\/sector-bages-bergueda-arrenca-curs\\\/\"},\"author\":{\"name\":\"root\",\"@id\":\"https:\\\/\\\/www.esplac.cat\\\/#\\\/schema\\\/person\\\/8d7ee340c02b239b152b9ff2c3d40766\"},\"headline\":\"El sector Bages-Bergued\u00e0 arrenca el curs\",\"datePublished\":\"2018-10-11T07:52:16+00:00\",\"mainEntityOfPage\":{\"@id\":\"https:\\\/\\\/www.esplac.cat\\\/sector-bages-bergueda-arrenca-curs\\\/\"},\"wordCount\":552,\"publisher\":{\"@id\":\"https:\\\/\\\/www.esplac.cat\\\/#organization\"},\"image\":{\"@id\":\"https:\\\/\\\/www.esplac.cat\\\/sector-bages-bergueda-arrenca-curs\\\/#primaryimage\"},\"thumbnailUrl\":\"https:\\\/\\\/www.esplac.cat\\\/wp-content\\\/uploads\\\/2018\\\/10\\\/bagesber.jpg\",\"keywords\":[\"bages\",\"bergueda\",\"curs\",\"educaci\u00f3 popular\",\"esplai\",\"monitores\",\"trobada\"],\"articleSection\":[\"Sector Bages, Bergued\u00e0 i La Cerdanya\",\"Sense categoria\"],\"inLanguage\":\"en-US\"},{\"@type\":\"WebPage\",\"@id\":\"https:\\\/\\\/www.esplac.cat\\\/sector-bages-bergueda-arrenca-curs\\\/\",\"url\":\"https:\\\/\\\/www.esplac.cat\\\/sector-bages-bergueda-arrenca-curs\\\/\",\"name\":\"El sector Bages-Bergued\u00e0 arrenca el curs - Esplac\",\"isPartOf\":{\"@id\":\"https:\\\/\\\/www.esplac.cat\\\/#website\"},\"primaryImageOfPage\":{\"@id\":\"https:\\\/\\\/www.esplac.cat\\\/sector-bages-bergueda-arrenca-curs\\\/#primaryimage\"},\"image\":{\"@id\":\"https:\\\/\\\/www.esplac.cat\\\/sector-bages-bergueda-arrenca-curs\\\/#primaryimage\"},\"thumbnailUrl\":\"https:\\\/\\\/www.esplac.cat\\\/wp-content\\\/uploads\\\/2018\\\/10\\\/bagesber.jpg\",\"datePublished\":\"2018-10-11T07:52:16+00:00\",\"breadcrumb\":{\"@id\":\"https:\\\/\\\/www.esplac.cat\\\/sector-bages-bergueda-arrenca-curs\\\/#breadcrumb\"},\"inLanguage\":\"en-US\",\"potentialAction\":[{\"@type\":\"ReadAction\",\"target\":[\"https:\\\/\\\/www.esplac.cat\\\/sector-bages-bergueda-arrenca-curs\\\/\"]}]},{\"@type\":\"ImageObject\",\"inLanguage\":\"en-US\",\"@id\":\"https:\\\/\\\/www.esplac.cat\\\/sector-bages-bergueda-arrenca-curs\\\/#primaryimage\",\"url\":\"https:\\\/\\\/www.esplac.cat\\\/wp-content\\\/uploads\\\/2018\\\/10\\\/bagesber.jpg\",\"contentUrl\":\"https:\\\/\\\/www.esplac.cat\\\/wp-content\\\/uploads\\\/2018\\\/10\\\/bagesber.jpg\",\"width\":847,\"height\":350},{\"@type\":\"BreadcrumbList\",\"@id\":\"https:\\\/\\\/www.esplac.cat\\\/sector-bages-bergueda-arrenca-curs\\\/#breadcrumb\",\"itemListElement\":[{\"@type\":\"ListItem\",\"position\":1,\"name\":\"Inici\",\"item\":\"https:\\\/\\\/www.esplac.cat\\\/en\\\/\"},{\"@type\":\"ListItem\",\"position\":2,\"name\":\"El sector Bages-Bergued\u00e0 arrenca el curs\"}]},{\"@type\":\"WebSite\",\"@id\":\"https:\\\/\\\/www.esplac.cat\\\/#website\",\"url\":\"https:\\\/\\\/www.esplac.cat\\\/\",\"name\":\"Esplac\",\"description\":\"Esplais Catalans\",\"publisher\":{\"@id\":\"https:\\\/\\\/www.esplac.cat\\\/#organization\"},\"potentialAction\":[{\"@type\":\"SearchAction\",\"target\":{\"@type\":\"EntryPoint\",\"urlTemplate\":\"https:\\\/\\\/www.esplac.cat\\\/?s={search_term_string}\"},\"query-input\":{\"@type\":\"PropertyValueSpecification\",\"valueRequired\":true,\"valueName\":\"search_term_string\"}}],\"inLanguage\":\"en-US\"},{\"@type\":\"Organization\",\"@id\":\"https:\\\/\\\/www.esplac.cat\\\/#organization\",\"name\":\"Esplac\",\"url\":\"https:\\\/\\\/www.esplac.cat\\\/\",\"logo\":{\"@type\":\"ImageObject\",\"inLanguage\":\"en-US\",\"@id\":\"https:\\\/\\\/www.esplac.cat\\\/#\\\/schema\\\/logo\\\/image\\\/\",\"url\":\"https:\\\/\\\/www.esplac.cat\\\/wp-content\\\/uploads\\\/2019\\\/08\\\/logox2.png\",\"contentUrl\":\"https:\\\/\\\/www.esplac.cat\\\/wp-content\\\/uploads\\\/2019\\\/08\\\/logox2.png\",\"width\":600,\"height\":295,\"caption\":\"Esplac\"},\"image\":{\"@id\":\"https:\\\/\\\/www.esplac.cat\\\/#\\\/schema\\\/logo\\\/image\\\/\"}},{\"@type\":\"Person\",\"@id\":\"https:\\\/\\\/www.esplac.cat\\\/#\\\/schema\\\/person\\\/8d7ee340c02b239b152b9ff2c3d40766\",\"name\":\"root\",\"image\":{\"@type\":\"ImageObject\",\"inLanguage\":\"en-US\",\"@id\":\"https:\\\/\\\/secure.gravatar.com\\\/avatar\\\/9356757d53af8c5db257f894fbbd9ee7446c25af07cd2e7844bd1cf43acef754?s=96&d=mm&r=g\",\"url\":\"https:\\\/\\\/secure.gravatar.com\\\/avatar\\\/9356757d53af8c5db257f894fbbd9ee7446c25af07cd2e7844bd1cf43acef754?s=96&d=mm&r=g\",\"contentUrl\":\"https:\\\/\\\/secure.gravatar.com\\\/avatar\\\/9356757d53af8c5db257f894fbbd9ee7446c25af07cd2e7844bd1cf43acef754?s=96&d=mm&r=g\",\"caption\":\"root\"}}]}<\/script>\n<!-- \/ Yoast SEO plugin. -->","yoast_head_json":{"title":"El sector Bages-Bergued\u00e0 arrenca el curs - Esplac","robots":{"index":"index","follow":"follow","max-snippet":"max-snippet:-1","max-image-preview":"max-image-preview:large","max-video-preview":"max-video-preview:-1"},"canonical":"https:\/\/www.esplac.cat\/sector-bages-bergueda-arrenca-curs\/","og_locale":"en_US","og_type":"article","og_title":"El sector Bages-Bergued\u00e0 arrenca el curs - Esplac","og_description":"Aquest cap de setmana passat, els dies 6 i 7 [&hellip;]","og_url":"https:\/\/www.esplac.cat\/sector-bages-bergueda-arrenca-curs\/","og_site_name":"Esplac","article_published_time":"2018-10-11T07:52:16+00:00","og_image":[{"width":847,"height":350,"url":"https:\/\/www.esplac.cat\/wp-content\/uploads\/2018\/10\/bagesber.jpg","type":"image\/jpeg"}],"author":"root","twitter_card":"summary_large_image","twitter_misc":{"Written by":"root","Est. reading time":"3 minutes"},"schema":{"@context":"https:\/\/schema.org","@graph":[{"@type":"Article","@id":"https:\/\/www.esplac.cat\/sector-bages-bergueda-arrenca-curs\/#article","isPartOf":{"@id":"https:\/\/www.esplac.cat\/sector-bages-bergueda-arrenca-curs\/"},"author":{"name":"root","@id":"https:\/\/www.esplac.cat\/#\/schema\/person\/8d7ee340c02b239b152b9ff2c3d40766"},"headline":"El sector Bages-Bergued\u00e0 arrenca el curs","datePublished":"2018-10-11T07:52:16+00:00","mainEntityOfPage":{"@id":"https:\/\/www.esplac.cat\/sector-bages-bergueda-arrenca-curs\/"},"wordCount":552,"publisher":{"@id":"https:\/\/www.esplac.cat\/#organization"},"image":{"@id":"https:\/\/www.esplac.cat\/sector-bages-bergueda-arrenca-curs\/#primaryimage"},"thumbnailUrl":"https:\/\/www.esplac.cat\/wp-content\/uploads\/2018\/10\/bagesber.jpg","keywords":["bages","bergueda","curs","educaci\u00f3 popular","esplai","monitores","trobada"],"articleSection":["Sector Bages, Bergued\u00e0 i La Cerdanya","Sense categoria"],"inLanguage":"en-US"},{"@type":"WebPage","@id":"https:\/\/www.esplac.cat\/sector-bages-bergueda-arrenca-curs\/","url":"https:\/\/www.esplac.cat\/sector-bages-bergueda-arrenca-curs\/","name":"El sector Bages-Bergued\u00e0 arrenca el curs - Esplac","isPartOf":{"@id":"https:\/\/www.esplac.cat\/#website"},"primaryImageOfPage":{"@id":"https:\/\/www.esplac.cat\/sector-bages-bergueda-arrenca-curs\/#primaryimage"},"image":{"@id":"https:\/\/www.esplac.cat\/sector-bages-bergueda-arrenca-curs\/#primaryimage"},"thumbnailUrl":"https:\/\/www.esplac.cat\/wp-content\/uploads\/2018\/10\/bagesber.jpg","datePublished":"2018-10-11T07:52:16+00:00","breadcrumb":{"@id":"https:\/\/www.esplac.cat\/sector-bages-bergueda-arrenca-curs\/#breadcrumb"},"inLanguage":"en-US","potentialAction":[{"@type":"ReadAction","target":["https:\/\/www.esplac.cat\/sector-bages-bergueda-arrenca-curs\/"]}]},{"@type":"ImageObject","inLanguage":"en-US","@id":"https:\/\/www.esplac.cat\/sector-bages-bergueda-arrenca-curs\/#primaryimage","url":"https:\/\/www.esplac.cat\/wp-content\/uploads\/2018\/10\/bagesber.jpg","contentUrl":"https:\/\/www.esplac.cat\/wp-content\/uploads\/2018\/10\/bagesber.jpg","width":847,"height":350},{"@type":"BreadcrumbList","@id":"https:\/\/www.esplac.cat\/sector-bages-bergueda-arrenca-curs\/#breadcrumb","itemListElement":[{"@type":"ListItem","position":1,"name":"Inici","item":"https:\/\/www.esplac.cat\/en\/"},{"@type":"ListItem","position":2,"name":"El sector Bages-Bergued\u00e0 arrenca el curs"}]},{"@type":"WebSite","@id":"https:\/\/www.esplac.cat\/#website","url":"https:\/\/www.esplac.cat\/","name":"Esplac","description":"Esplais Catalans","publisher":{"@id":"https:\/\/www.esplac.cat\/#organization"},"potentialAction":[{"@type":"SearchAction","target":{"@type":"EntryPoint","urlTemplate":"https:\/\/www.esplac.cat\/?s={search_term_string}"},"query-input":{"@type":"PropertyValueSpecification","valueRequired":true,"valueName":"search_term_string"}}],"inLanguage":"en-US"},{"@type":"Organization","@id":"https:\/\/www.esplac.cat\/#organization","name":"Esplac","url":"https:\/\/www.esplac.cat\/","logo":{"@type":"ImageObject","inLanguage":"en-US","@id":"https:\/\/www.esplac.cat\/#\/schema\/logo\/image\/","url":"https:\/\/www.esplac.cat\/wp-content\/uploads\/2019\/08\/logox2.png","contentUrl":"https:\/\/www.esplac.cat\/wp-content\/uploads\/2019\/08\/logox2.png","width":600,"height":295,"caption":"Esplac"},"image":{"@id":"https:\/\/www.esplac.cat\/#\/schema\/logo\/image\/"}},{"@type":"Person","@id":"https:\/\/www.esplac.cat\/#\/schema\/person\/8d7ee340c02b239b152b9ff2c3d40766","name":"root","image":{"@type":"ImageObject","inLanguage":"en-US","@id":"https:\/\/secure.gravatar.com\/avatar\/9356757d53af8c5db257f894fbbd9ee7446c25af07cd2e7844bd1cf43acef754?s=96&d=mm&r=g","url":"https:\/\/secure.gravatar.com\/avatar\/9356757d53af8c5db257f894fbbd9ee7446c25af07cd2e7844bd1cf43acef754?s=96&d=mm&r=g","contentUrl":"https:\/\/secure.gravatar.com\/avatar\/9356757d53af8c5db257f894fbbd9ee7446c25af07cd2e7844bd1cf43acef754?s=96&d=mm&r=g","caption":"root"}}]}},"_links":{"self":[{"href":"https:\/\/www.esplac.cat\/en\/wp-json\/wp\/v2\/posts\/23956","targetHints":{"allow":["GET"]}}],"collection":[{"href":"https:\/\/www.esplac.cat\/en\/wp-json\/wp\/v2\/posts"}],"about":[{"href":"https:\/\/www.esplac.cat\/en\/wp-json\/wp\/v2\/types\/post"}],"author":[{"embeddable":true,"href":"https:\/\/www.esplac.cat\/en\/wp-json\/wp\/v2\/users\/1"}],"replies":[{"embeddable":true,"href":"https:\/\/www.esplac.cat\/en\/wp-json\/wp\/v2\/comments?post=23956"}],"version-history":[{"count":0,"href":"https:\/\/www.esplac.cat\/en\/wp-json\/wp\/v2\/posts\/23956\/revisions"}],"wp:featuredmedia":[{"embeddable":true,"href":"https:\/\/www.esplac.cat\/en\/wp-json\/wp\/v2\/media\/23957"}],"wp:attachment":[{"href":"https:\/\/www.esplac.cat\/en\/wp-json\/wp\/v2\/media?parent=23956"}],"wp:term":[{"taxonomy":"category","embeddable":true,"href":"https:\/\/www.esplac.cat\/en\/wp-json\/wp\/v2\/categories?post=23956"},{"taxonomy":"post_tag","embeddable":true,"href":"https:\/\/www.esplac.cat\/en\/wp-json\/wp\/v2\/tags?post=23956"}],"curies":[{"name":"wp","href":"https:\/\/api.w.org\/{rel}","templated":true}]}}