{"id":23958,"date":"2018-10-10T07:38:08","date_gmt":"2018-10-10T05:38:08","guid":{"rendered":"http:\/\/esplac.cat\/?p=18793"},"modified":"2018-10-10T07:38:08","modified_gmt":"2018-10-10T05:38:08","slug":"formacions-debats-ago-trobada-osona-ripolles","status":"publish","type":"post","link":"https:\/\/www.esplac.cat\/en\/formacions-debats-ago-trobada-osona-ripolles\/","title":{"rendered":"Formacions, debats i AGO a la trobada del sector Osona-Ripoll\u00e8s"},"content":{"rendered":"<h4 style=\"text-align: justify;\">Aquest passat cap de setmana es va realitzar la trobada del <a href=\"http:\/\/esplac.cat\/sector-geografic-osona-ripolles\/\" target=\"_blank\" rel=\"noopener noreferrer\">sector Osona-Ripoll\u00e8s<\/a>. Com ja \u00e9s costum al sector i s\u2019ha fet els darrers anys, es va dur a terme al Mas Pujolar, a Viladrau.<\/h4>\n<p style=\"text-align: justify;\">La trobada va comen\u00e7ar el dissabte a les 16:00h amb l\u2019Assemblea General Ordin\u00e0ria on es va parlar sobre rumb del sector durant el proper curs.<\/p>\n<p style=\"text-align: justify;\">Un cop acabada l\u2019assemblea i sent hora de sopar, ens vam haver de guanyar-nos el pa amb tom\u00e0quet. Alguns dels monitors van amagar el pa per diversos llocs de la casa, alguns m\u00e9s complicats que d\u2019altres (cal dir que d\u2019entre acusacions dignes del \u201cjoc del llop\u201d encara no sabem certament qui en s\u00f3n els culpables!). Un cop vam trobar la meitat del pa, i desistint de trobar la resta, vam finalment poder sopar! Despr\u00e9s de sopar vam fer una mica de festa, alguns jocs, i molts riures.<\/p>\n<p style=\"text-align: justify;\">L\u2019endem\u00e0, entre cares de son i badalls, vam esmorzar i vam fer les formacions d\u2019<strong>educaci\u00f3 emocional<\/strong> i de <strong>treball amb adolescents<\/strong>, on vam debatre, aprendre din\u00e0miques i adquirir recursos nous. Ja acabades les formacions vam dinar i, un cop tot net i endre\u00e7at, ja va ser hora d\u2019acomiadar-nos.<\/p>\n<p style=\"text-align: justify;\">Ha sigut un cap de setmana de conviv\u00e8ncia ple d\u2019experi\u00e8ncies i on els diferents esplais del sector ens hem pogut con\u00e8ixer una mica m\u00e9s!<\/p>\n<p style=\"text-align: justify;\"><a href=\"http:\/\/esplac.cat\/wp-content\/uploads\/2018\/10\/IMG-20180930-WA0008.jpg\"><img decoding=\"async\" class=\"wp-image-18825 aligncenter\" src=\"http:\/\/esplac.cat\/wp-content\/uploads\/2018\/10\/IMG-20180930-WA0008.jpg\" alt=\"\" width=\"460\" height=\"346\" \/><\/a><\/p>\n","protected":false},"excerpt":{"rendered":"<p>Aquest passat cap de setmana es va realitzar la trobada [&hellip;]<\/p>\n","protected":false},"author":1,"featured_media":23959,"comment_status":"closed","ping_status":"open","sticky":false,"template":"","format":"standard","meta":{"om_disable_all_campaigns":false,"_monsterinsights_skip_tracking":false,"_monsterinsights_sitenote_active":false,"_monsterinsights_sitenote_note":"","_monsterinsights_sitenote_category":0,"_uf_show_specific_survey":0,"_uf_disable_surveys":false,"footnotes":""},"categories":[1120,1],"tags":[599,1002,1003,54,816,817,289],"class_list":["post-23958","post","type-post","status-publish","format-standard","has-post-thumbnail","hentry","category-sector-ripolles-osona-i-moianes","category-sense-categoria","tag-debat","tag-educacio-popular","tag-esplai","tag-formacio","tag-osona","tag-ripolles","tag-viladrau"],"yoast_head":"<!-- This site is optimized with the Yoast SEO plugin v27.5 - https:\/\/yoast.com\/product\/yoast-seo-wordpress\/ -->\n<title>Formacions, debats i AGO a la trobada del sector Osona-Ripoll\u00e8s - Esplac<\/title>\n<meta name=\"robots\" content=\"index, follow, max-snippet:-1, max-image-preview:large, max-video-preview:-1\" \/>\n<link rel=\"canonical\" href=\"https:\/\/www.esplac.cat\/en\/formacions-debats-ago-trobada-osona-ripolles\/\" \/>\n<meta property=\"og:locale\" content=\"en_US\" \/>\n<meta property=\"og:type\" content=\"article\" \/>\n<meta property=\"og:title\" content=\"Formacions, debats i AGO a la trobada del sector Osona-Ripoll\u00e8s - Esplac\" \/>\n<meta property=\"og:description\" content=\"Aquest passat cap de setmana es va realitzar la trobada [&hellip;]\" \/>\n<meta property=\"og:url\" content=\"https:\/\/www.esplac.cat\/en\/formacions-debats-ago-trobada-osona-ripolles\/\" \/>\n<meta property=\"og:site_name\" content=\"Esplac\" \/>\n<meta property=\"article:published_time\" content=\"2018-10-10T05:38:08+00:00\" \/>\n<meta property=\"og:image\" content=\"https:\/\/www.esplac.cat\/wp-content\/uploads\/2018\/10\/portadaOR.jpg\" \/>\n\t<meta property=\"og:image:width\" content=\"847\" \/>\n\t<meta property=\"og:image:height\" content=\"350\" \/>\n\t<meta property=\"og:image:type\" content=\"image\/jpeg\" \/>\n<meta name=\"author\" content=\"root\" \/>\n<meta name=\"twitter:card\" content=\"summary_large_image\" \/>\n<meta name=\"twitter:label1\" content=\"Written by\" \/>\n\t<meta name=\"twitter:data1\" content=\"root\" \/>\n\t<meta name=\"twitter:label2\" content=\"Est. reading time\" \/>\n\t<meta name=\"twitter:data2\" content=\"1 minute\" \/>\n<script type=\"application\/ld+json\" class=\"yoast-schema-graph\">{\"@context\":\"https:\\\/\\\/schema.org\",\"@graph\":[{\"@type\":\"Article\",\"@id\":\"https:\\\/\\\/www.esplac.cat\\\/en\\\/formacions-debats-ago-trobada-osona-ripolles\\\/#article\",\"isPartOf\":{\"@id\":\"https:\\\/\\\/www.esplac.cat\\\/en\\\/formacions-debats-ago-trobada-osona-ripolles\\\/\"},\"author\":{\"name\":\"root\",\"@id\":\"https:\\\/\\\/www.esplac.cat\\\/#\\\/schema\\\/person\\\/8d7ee340c02b239b152b9ff2c3d40766\"},\"headline\":\"Formacions, debats i AGO a la trobada del sector Osona-Ripoll\u00e8s\",\"datePublished\":\"2018-10-10T05:38:08+00:00\",\"mainEntityOfPage\":{\"@id\":\"https:\\\/\\\/www.esplac.cat\\\/en\\\/formacions-debats-ago-trobada-osona-ripolles\\\/\"},\"wordCount\":252,\"publisher\":{\"@id\":\"https:\\\/\\\/www.esplac.cat\\\/#organization\"},\"image\":{\"@id\":\"https:\\\/\\\/www.esplac.cat\\\/en\\\/formacions-debats-ago-trobada-osona-ripolles\\\/#primaryimage\"},\"thumbnailUrl\":\"https:\\\/\\\/www.esplac.cat\\\/wp-content\\\/uploads\\\/2018\\\/10\\\/portadaOR.jpg\",\"keywords\":[\"debat\",\"educaci\u00f3 popular\",\"esplai\",\"formaci\u00f3\",\"osona\",\"ripolles\",\"viladrau\"],\"articleSection\":[\"Sector Ripoll\u00e8s, Osona i Moian\u00e8s\",\"Sense categoria\"],\"inLanguage\":\"en-US\"},{\"@type\":\"WebPage\",\"@id\":\"https:\\\/\\\/www.esplac.cat\\\/en\\\/formacions-debats-ago-trobada-osona-ripolles\\\/\",\"url\":\"https:\\\/\\\/www.esplac.cat\\\/en\\\/formacions-debats-ago-trobada-osona-ripolles\\\/\",\"name\":\"Formacions, debats i AGO a la trobada del sector Osona-Ripoll\u00e8s - Esplac\",\"isPartOf\":{\"@id\":\"https:\\\/\\\/www.esplac.cat\\\/#website\"},\"primaryImageOfPage\":{\"@id\":\"https:\\\/\\\/www.esplac.cat\\\/en\\\/formacions-debats-ago-trobada-osona-ripolles\\\/#primaryimage\"},\"image\":{\"@id\":\"https:\\\/\\\/www.esplac.cat\\\/en\\\/formacions-debats-ago-trobada-osona-ripolles\\\/#primaryimage\"},\"thumbnailUrl\":\"https:\\\/\\\/www.esplac.cat\\\/wp-content\\\/uploads\\\/2018\\\/10\\\/portadaOR.jpg\",\"datePublished\":\"2018-10-10T05:38:08+00:00\",\"breadcrumb\":{\"@id\":\"https:\\\/\\\/www.esplac.cat\\\/en\\\/formacions-debats-ago-trobada-osona-ripolles\\\/#breadcrumb\"},\"inLanguage\":\"en-US\",\"potentialAction\":[{\"@type\":\"ReadAction\",\"target\":[\"https:\\\/\\\/www.esplac.cat\\\/en\\\/formacions-debats-ago-trobada-osona-ripolles\\\/\"]}]},{\"@type\":\"ImageObject\",\"inLanguage\":\"en-US\",\"@id\":\"https:\\\/\\\/www.esplac.cat\\\/en\\\/formacions-debats-ago-trobada-osona-ripolles\\\/#primaryimage\",\"url\":\"https:\\\/\\\/www.esplac.cat\\\/wp-content\\\/uploads\\\/2018\\\/10\\\/portadaOR.jpg\",\"contentUrl\":\"https:\\\/\\\/www.esplac.cat\\\/wp-content\\\/uploads\\\/2018\\\/10\\\/portadaOR.jpg\",\"width\":847,\"height\":350},{\"@type\":\"BreadcrumbList\",\"@id\":\"https:\\\/\\\/www.esplac.cat\\\/en\\\/formacions-debats-ago-trobada-osona-ripolles\\\/#breadcrumb\",\"itemListElement\":[{\"@type\":\"ListItem\",\"position\":1,\"name\":\"Inici\",\"item\":\"https:\\\/\\\/www.esplac.cat\\\/en\\\/\"},{\"@type\":\"ListItem\",\"position\":2,\"name\":\"Formacions, debats i AGO a la trobada del sector Osona-Ripoll\u00e8s\"}]},{\"@type\":\"WebSite\",\"@id\":\"https:\\\/\\\/www.esplac.cat\\\/#website\",\"url\":\"https:\\\/\\\/www.esplac.cat\\\/\",\"name\":\"Esplac\",\"description\":\"Esplais Catalans\",\"publisher\":{\"@id\":\"https:\\\/\\\/www.esplac.cat\\\/#organization\"},\"potentialAction\":[{\"@type\":\"SearchAction\",\"target\":{\"@type\":\"EntryPoint\",\"urlTemplate\":\"https:\\\/\\\/www.esplac.cat\\\/?s={search_term_string}\"},\"query-input\":{\"@type\":\"PropertyValueSpecification\",\"valueRequired\":true,\"valueName\":\"search_term_string\"}}],\"inLanguage\":\"en-US\"},{\"@type\":\"Organization\",\"@id\":\"https:\\\/\\\/www.esplac.cat\\\/#organization\",\"name\":\"Esplac\",\"url\":\"https:\\\/\\\/www.esplac.cat\\\/\",\"logo\":{\"@type\":\"ImageObject\",\"inLanguage\":\"en-US\",\"@id\":\"https:\\\/\\\/www.esplac.cat\\\/#\\\/schema\\\/logo\\\/image\\\/\",\"url\":\"https:\\\/\\\/www.esplac.cat\\\/wp-content\\\/uploads\\\/2019\\\/08\\\/logox2.png\",\"contentUrl\":\"https:\\\/\\\/www.esplac.cat\\\/wp-content\\\/uploads\\\/2019\\\/08\\\/logox2.png\",\"width\":600,\"height\":295,\"caption\":\"Esplac\"},\"image\":{\"@id\":\"https:\\\/\\\/www.esplac.cat\\\/#\\\/schema\\\/logo\\\/image\\\/\"}},{\"@type\":\"Person\",\"@id\":\"https:\\\/\\\/www.esplac.cat\\\/#\\\/schema\\\/person\\\/8d7ee340c02b239b152b9ff2c3d40766\",\"name\":\"root\",\"image\":{\"@type\":\"ImageObject\",\"inLanguage\":\"en-US\",\"@id\":\"https:\\\/\\\/secure.gravatar.com\\\/avatar\\\/9356757d53af8c5db257f894fbbd9ee7446c25af07cd2e7844bd1cf43acef754?s=96&d=mm&r=g\",\"url\":\"https:\\\/\\\/secure.gravatar.com\\\/avatar\\\/9356757d53af8c5db257f894fbbd9ee7446c25af07cd2e7844bd1cf43acef754?s=96&d=mm&r=g\",\"contentUrl\":\"https:\\\/\\\/secure.gravatar.com\\\/avatar\\\/9356757d53af8c5db257f894fbbd9ee7446c25af07cd2e7844bd1cf43acef754?s=96&d=mm&r=g\",\"caption\":\"root\"}}]}<\/script>\n<!-- \/ Yoast SEO plugin. -->","yoast_head_json":{"title":"Formacions, debats i AGO a la trobada del sector Osona-Ripoll\u00e8s - Esplac","robots":{"index":"index","follow":"follow","max-snippet":"max-snippet:-1","max-image-preview":"max-image-preview:large","max-video-preview":"max-video-preview:-1"},"canonical":"https:\/\/www.esplac.cat\/en\/formacions-debats-ago-trobada-osona-ripolles\/","og_locale":"en_US","og_type":"article","og_title":"Formacions, debats i AGO a la trobada del sector Osona-Ripoll\u00e8s - Esplac","og_description":"Aquest passat cap de setmana es va realitzar la trobada [&hellip;]","og_url":"https:\/\/www.esplac.cat\/en\/formacions-debats-ago-trobada-osona-ripolles\/","og_site_name":"Esplac","article_published_time":"2018-10-10T05:38:08+00:00","og_image":[{"width":847,"height":350,"url":"https:\/\/www.esplac.cat\/wp-content\/uploads\/2018\/10\/portadaOR.jpg","type":"image\/jpeg"}],"author":"root","twitter_card":"summary_large_image","twitter_misc":{"Written by":"root","Est. reading time":"1 minute"},"schema":{"@context":"https:\/\/schema.org","@graph":[{"@type":"Article","@id":"https:\/\/www.esplac.cat\/en\/formacions-debats-ago-trobada-osona-ripolles\/#article","isPartOf":{"@id":"https:\/\/www.esplac.cat\/en\/formacions-debats-ago-trobada-osona-ripolles\/"},"author":{"name":"root","@id":"https:\/\/www.esplac.cat\/#\/schema\/person\/8d7ee340c02b239b152b9ff2c3d40766"},"headline":"Formacions, debats i AGO a la trobada del sector Osona-Ripoll\u00e8s","datePublished":"2018-10-10T05:38:08+00:00","mainEntityOfPage":{"@id":"https:\/\/www.esplac.cat\/en\/formacions-debats-ago-trobada-osona-ripolles\/"},"wordCount":252,"publisher":{"@id":"https:\/\/www.esplac.cat\/#organization"},"image":{"@id":"https:\/\/www.esplac.cat\/en\/formacions-debats-ago-trobada-osona-ripolles\/#primaryimage"},"thumbnailUrl":"https:\/\/www.esplac.cat\/wp-content\/uploads\/2018\/10\/portadaOR.jpg","keywords":["debat","educaci\u00f3 popular","esplai","formaci\u00f3","osona","ripolles","viladrau"],"articleSection":["Sector Ripoll\u00e8s, Osona i Moian\u00e8s","Sense categoria"],"inLanguage":"en-US"},{"@type":"WebPage","@id":"https:\/\/www.esplac.cat\/en\/formacions-debats-ago-trobada-osona-ripolles\/","url":"https:\/\/www.esplac.cat\/en\/formacions-debats-ago-trobada-osona-ripolles\/","name":"Formacions, debats i AGO a la trobada del sector Osona-Ripoll\u00e8s - Esplac","isPartOf":{"@id":"https:\/\/www.esplac.cat\/#website"},"primaryImageOfPage":{"@id":"https:\/\/www.esplac.cat\/en\/formacions-debats-ago-trobada-osona-ripolles\/#primaryimage"},"image":{"@id":"https:\/\/www.esplac.cat\/en\/formacions-debats-ago-trobada-osona-ripolles\/#primaryimage"},"thumbnailUrl":"https:\/\/www.esplac.cat\/wp-content\/uploads\/2018\/10\/portadaOR.jpg","datePublished":"2018-10-10T05:38:08+00:00","breadcrumb":{"@id":"https:\/\/www.esplac.cat\/en\/formacions-debats-ago-trobada-osona-ripolles\/#breadcrumb"},"inLanguage":"en-US","potentialAction":[{"@type":"ReadAction","target":["https:\/\/www.esplac.cat\/en\/formacions-debats-ago-trobada-osona-ripolles\/"]}]},{"@type":"ImageObject","inLanguage":"en-US","@id":"https:\/\/www.esplac.cat\/en\/formacions-debats-ago-trobada-osona-ripolles\/#primaryimage","url":"https:\/\/www.esplac.cat\/wp-content\/uploads\/2018\/10\/portadaOR.jpg","contentUrl":"https:\/\/www.esplac.cat\/wp-content\/uploads\/2018\/10\/portadaOR.jpg","width":847,"height":350},{"@type":"BreadcrumbList","@id":"https:\/\/www.esplac.cat\/en\/formacions-debats-ago-trobada-osona-ripolles\/#breadcrumb","itemListElement":[{"@type":"ListItem","position":1,"name":"Inici","item":"https:\/\/www.esplac.cat\/en\/"},{"@type":"ListItem","position":2,"name":"Formacions, debats i AGO a la trobada del sector Osona-Ripoll\u00e8s"}]},{"@type":"WebSite","@id":"https:\/\/www.esplac.cat\/#website","url":"https:\/\/www.esplac.cat\/","name":"Esplac","description":"Esplais Catalans","publisher":{"@id":"https:\/\/www.esplac.cat\/#organization"},"potentialAction":[{"@type":"SearchAction","target":{"@type":"EntryPoint","urlTemplate":"https:\/\/www.esplac.cat\/?s={search_term_string}"},"query-input":{"@type":"PropertyValueSpecification","valueRequired":true,"valueName":"search_term_string"}}],"inLanguage":"en-US"},{"@type":"Organization","@id":"https:\/\/www.esplac.cat\/#organization","name":"Esplac","url":"https:\/\/www.esplac.cat\/","logo":{"@type":"ImageObject","inLanguage":"en-US","@id":"https:\/\/www.esplac.cat\/#\/schema\/logo\/image\/","url":"https:\/\/www.esplac.cat\/wp-content\/uploads\/2019\/08\/logox2.png","contentUrl":"https:\/\/www.esplac.cat\/wp-content\/uploads\/2019\/08\/logox2.png","width":600,"height":295,"caption":"Esplac"},"image":{"@id":"https:\/\/www.esplac.cat\/#\/schema\/logo\/image\/"}},{"@type":"Person","@id":"https:\/\/www.esplac.cat\/#\/schema\/person\/8d7ee340c02b239b152b9ff2c3d40766","name":"root","image":{"@type":"ImageObject","inLanguage":"en-US","@id":"https:\/\/secure.gravatar.com\/avatar\/9356757d53af8c5db257f894fbbd9ee7446c25af07cd2e7844bd1cf43acef754?s=96&d=mm&r=g","url":"https:\/\/secure.gravatar.com\/avatar\/9356757d53af8c5db257f894fbbd9ee7446c25af07cd2e7844bd1cf43acef754?s=96&d=mm&r=g","contentUrl":"https:\/\/secure.gravatar.com\/avatar\/9356757d53af8c5db257f894fbbd9ee7446c25af07cd2e7844bd1cf43acef754?s=96&d=mm&r=g","caption":"root"}}]}},"_links":{"self":[{"href":"https:\/\/www.esplac.cat\/en\/wp-json\/wp\/v2\/posts\/23958","targetHints":{"allow":["GET"]}}],"collection":[{"href":"https:\/\/www.esplac.cat\/en\/wp-json\/wp\/v2\/posts"}],"about":[{"href":"https:\/\/www.esplac.cat\/en\/wp-json\/wp\/v2\/types\/post"}],"author":[{"embeddable":true,"href":"https:\/\/www.esplac.cat\/en\/wp-json\/wp\/v2\/users\/1"}],"replies":[{"embeddable":true,"href":"https:\/\/www.esplac.cat\/en\/wp-json\/wp\/v2\/comments?post=23958"}],"version-history":[{"count":0,"href":"https:\/\/www.esplac.cat\/en\/wp-json\/wp\/v2\/posts\/23958\/revisions"}],"wp:featuredmedia":[{"embeddable":true,"href":"https:\/\/www.esplac.cat\/en\/wp-json\/wp\/v2\/media\/23959"}],"wp:attachment":[{"href":"https:\/\/www.esplac.cat\/en\/wp-json\/wp\/v2\/media?parent=23958"}],"wp:term":[{"taxonomy":"category","embeddable":true,"href":"https:\/\/www.esplac.cat\/en\/wp-json\/wp\/v2\/categories?post=23958"},{"taxonomy":"post_tag","embeddable":true,"href":"https:\/\/www.esplac.cat\/en\/wp-json\/wp\/v2\/tags?post=23958"}],"curies":[{"name":"wp","href":"https:\/\/api.w.org\/{rel}","templated":true}]}}