{"id":23965,"date":"2018-10-04T14:11:59","date_gmt":"2018-10-04T12:11:59","guid":{"rendered":"http:\/\/esplac.cat\/?p=18685"},"modified":"2018-10-04T14:11:59","modified_gmt":"2018-10-04T12:11:59","slug":"feina-tecnica-comunicacio","status":"publish","type":"post","link":"https:\/\/www.esplac.cat\/en\/feina-tecnica-comunicacio\/","title":{"rendered":"Obrim una pla\u00e7a de t\u00e8cnic\/a de suport a la comunicaci\u00f3"},"content":{"rendered":"<p>Amics i amigues,<br \/>\nAmb la present volem comunicar-vos que hem obert un termini per a la presentacio\u0301 de curri\u0301culums amb l\u2019objectiu de cobrir una plac\u0327a de<strong> te\u0300cnic\/a de suport a la comunicacio\u0301<\/strong>\u00a0d&#8217;Esplais Catalans a trave\u0301s d\u2019una subvencio\u0301 del <strong>Servei d\u2019Ocupacio\u0301 de Catalunya<\/strong> (SOC). Busquem una persona que doni suport a l&#8217;a\u0300rea de comunicacio\u0301, fent equip amb el Cap de Comunicacio\u0301, en les diverses tasques que s&#8217;hi desenvolupen, especialment en el d&#8217;<strong>edici\u00f3 de v\u00eddeos<\/strong>. El termini per presentar candidatura finalitza el dia <strong>15 d\u2019octubre de 2018<\/strong>. Els curri\u0301culums els podeu de fer arribar acompanyats d&#8217;un <strong>porfoli<\/strong> amb exemples dels vostres treballs a<strong> esplac@esplac.<\/strong>cat amb la refere\u0300ncia <strong>Comunicacio\u0301STSOC<\/strong> a l&#8217;assumpte del mail.<\/p>\n<p><strong>Funcions:<\/strong><br \/>\n\u2022 Edicio\u0301 de vi\u0301deos d&#8217;animacio\u0301 digital.<br \/>\n\u2022 Gravacio\u0301 i edicio\u0301 de vi\u0301deos corporatius.<br \/>\n\u2022 Actualitzacio\u0301 de continguts als llocs web i les xarxes socials de l&#8217;entitat.<br \/>\n\u2022 Redaccio\u0301 d&#8217;articles i noti\u0301cies.<br \/>\n\u2022 Suport en la gestio\u0301 de la identitat corporativa i les publicacions d&#8217;Esplais Catalans.<br \/>\n\u2022 Suport en la maquetacio\u0301 de publicacions digitals i disseny de cartells.<br \/>\n\u2022 Coordinacio\u0301 amb la Cap de Comunicacio\u0301 per a les funcions assignades i d&#8217;altres que puguin sorgir.<\/p>\n<p><strong>Es demana:<\/strong><br \/>\n\u2022 Possessi\u00f3 d\u2019un t\u00edtol universitari o de formaci\u00f3 professional de grau mig o superior o altre t\u00edtol oficialment reconegut com a equivalent, o un certificat de professionalitat, especialment en Comunicaci\u00f3 Audiovisual o Publicitat i Relacions P\u00fabliques.<br \/>\n\u2022 Coneixements ba\u0300sics i habilitats en edicio\u0301 de vi\u0301deos d&#8217;animacio\u0301 digital: After Effects, Premiere o similar.<br \/>\n\u2022 Coneixements i habilitats en disseny gra\u0300fic i fotografia.<br \/>\n\u2022 Nivell alt de catala\u0300 i castella\u0300 i bon nivell d&#8217;angle\u0300s.<br \/>\n\u2022 Compete\u0300ncia escrita: redaccio\u0301 d&#8217;articles, noti\u0301cies i altra documentacio\u0301.<br \/>\n\u2022 Capacitat d&#8217;organitzacio\u0301, gestio\u0301 del temps, treball en equip, autonomia personal, flexibilitat i adaptabilitat.<br \/>\n\u2022 Assiste\u0300ncia a reunions o activitats d&#8217;especial intere\u0300s fora de l&#8217;horari laboral, vocacio\u0301 de servei als esplais i compromi\u0301s amb els valors d&#8217;Esplais Catalans.<\/p>\n<p><strong>Que\u0300 demana el SOC:<\/strong><br \/>\nPer poder accedir a aquesta plac\u0327a subvencionada els candidats i candidates han de ser joves entre 16 i 30 anys, beneficiaris del Sistema Nacional de Garantia Juvenil, inscrits com a demandants d\u2019ocupacio\u0301 no ocupats (DONO) a les oficines del Servei Pu\u0301blic d\u2019Ocupacio\u0301 de Catalunya i que puguin acreditar la possessio\u0301 d\u2019un ti\u0301tol universitari o de formacio\u0301 professional de grau mig o superior o ti\u0301tols oficialment reconeguts com a equivalents, o d\u2019un certificat de professionalitat, que els habilitin per a l\u2019exercici professional, aixi\u0301 com complir els requisits que exigeix la modalitat del contracte de treball en pra\u0300ctiques.<\/p>\n<p><strong>Per poder inscriure&#8217;t a la Garantia Juvenil has de:<\/strong><br \/>\n\u2022\u00a0Tenir nacionalitat espanyola o ser ciutada\u0300 de la Unio\u0301 o dels Estats que formen part de l&#8217;Acord sobre l&#8217;espai Econo\u0300mic Europeu o Sui\u0308ssa que es trobin a Espanya en exercici de la lliure circulacio\u0301 i reside\u0300ncia. Tambe\u0301 podran inscriure-s&#8217;hi els estrangers titulars d&#8217;una autoritzacio\u0301 per a residir en territori espanyol que habiliti per a treballar.<br \/>\n\u2022\u00a0Estar empadronat a qualsevol municipi de Catalunya.<br \/>\n\u2022\u00a0Tenir me\u0301s de 16 anys i menys de 30 anys en el moment de sol\u00b7licitar la inscripcio\u0301 en el Fitxer del Sistema Nacional de Garantia Juvenil.<br \/>\n\u2022\u00a0No haver treballat en el dia natural anterior a la data de presentacio\u0301 de la sol\u00b7licitud.<br \/>\n\u2022\u00a0No haver rebut accions educatives en el dia natural anterior a la data de presentacio\u0301 de la sol\u00b7licitud.<br \/>\n\u2022\u00a0No haver rebut accions formatives en el dia natural anterior a la data de presentacio\u0301 de la sol\u00b7licitud.<br \/>\n\u2022\u00a0Presentar una declaracio\u0301 expressa de tenir intere\u0300s en participar en el Sistema Nacional de Garantia Juvenil, adquirint un compromi\u0301s de participacio\u0301 activa en les actuacions que es desenvolupin en el marc de la Garantia Juvenil. Coneixement i experie\u0300ncia en l&#8217;a\u0300mbit de l&#8217;associacionisme educatiu i els esplais.<\/p>\n<p><strong>Es valorara\u0300:<\/strong><br \/>\n\u2022 Experie\u0300ncia en les funcions descrites.<br \/>\n\u2022 Coneixement i experie\u0300ncia en l&#8217;a\u0300mbit de l&#8217;associacionisme educatiu i els esplais. Ti\u0301tol de monitor d\u2019entitats de lleure infantil i juvenil.<br \/>\n\u2022 Coneixements ba\u0300sics en programes d\u2019animacio\u0301.<br \/>\n\u2022 Coneixement en temes especi\u0301fics relacionats amb el projecte educatiu d&#8217;Esplais Catalans.<br \/>\n\u2022 Facilitat per cone\u0300ixer noves eines de treball.<br \/>\n\u2022 Coneixement i experie\u0300ncia en l&#8217;a\u0300mbit de l&#8217;associacionisme educatiu i els esplais.<\/p>\n<p><strong>Condicions laborals:<\/strong><br \/>\n\u2022Contracte laboral en pra\u0300ctiques a jornada completa.<br \/>\n\u2022Sou brut de segons convocato\u0300ria del SOC.<br \/>\n\u2022Incorporacio\u0301 immediata.<br \/>\n\u2022Durada del contracte: 6 mesos.<br \/>\n\u2022Lloc de treball habitual: Barcelona.<\/p>\n<p><strong>Podeu llegir la convocat\u00f2ria en PDF <a href=\"http:\/\/esplac.cat\/wp-content\/uploads\/2018\/10\/Convocatoria_SOC_Comunicacio-2.pdf\">aqu\u00ed\u00a0<\/a><\/strong><\/p>\n","protected":false},"excerpt":{"rendered":"<p>Amics i amigues, Amb la present volem comunicar-vos que hem [&hellip;]<\/p>\n","protected":false},"author":3,"featured_media":23590,"comment_status":"closed","ping_status":"open","sticky":false,"template":"","format":"standard","meta":{"om_disable_all_campaigns":false,"_monsterinsights_skip_tracking":false,"_monsterinsights_sitenote_active":false,"_monsterinsights_sitenote_note":"","_monsterinsights_sitenote_category":0,"_uf_show_specific_survey":0,"_uf_disable_surveys":false,"footnotes":""},"categories":[1116,1],"tags":[94,986,1002,1003,306,441,389,1005],"class_list":["post-23965","post","type-post","status-publish","format-standard","has-post-thumbnail","hentry","category-secretaria-esplac","category-sense-categoria","tag-comunicacio","tag-convocatoria","tag-educacio-popular","tag-esplai","tag-feina","tag-laboral","tag-tecnic","tag-tecnica"],"yoast_head":"<!-- This site is optimized with the Yoast SEO plugin v27.4 - https:\/\/yoast.com\/product\/yoast-seo-wordpress\/ -->\n<title>Obrim una pla\u00e7a de t\u00e8cnic\/a de suport a la comunicaci\u00f3 - Esplac<\/title>\n<meta name=\"robots\" content=\"index, follow, max-snippet:-1, max-image-preview:large, max-video-preview:-1\" \/>\n<link rel=\"canonical\" href=\"https:\/\/www.esplac.cat\/es\/feina-tecnica-comunicacio\/\" \/>\n<meta property=\"og:locale\" content=\"en_US\" \/>\n<meta property=\"og:type\" content=\"article\" \/>\n<meta property=\"og:title\" content=\"Obrim una pla\u00e7a de t\u00e8cnic\/a de suport a la comunicaci\u00f3 - Esplac\" \/>\n<meta property=\"og:description\" content=\"Amics i amigues, Amb la present volem comunicar-vos que hem [&hellip;]\" \/>\n<meta property=\"og:url\" content=\"https:\/\/www.esplac.cat\/es\/feina-tecnica-comunicacio\/\" \/>\n<meta property=\"og:site_name\" content=\"Esplac\" \/>\n<meta property=\"article:published_time\" content=\"2018-10-04T12:11:59+00:00\" \/>\n<meta property=\"og:image\" content=\"https:\/\/www.esplac.cat\/wp-content\/uploads\/2018\/05\/Noti_Web_Valles_AGO-2.jpg\" \/>\n\t<meta property=\"og:image:width\" content=\"847\" \/>\n\t<meta property=\"og:image:height\" content=\"350\" \/>\n\t<meta property=\"og:image:type\" content=\"image\/jpeg\" \/>\n<meta name=\"author\" content=\"Comunicaci\u00f3 Esplac\" \/>\n<meta name=\"twitter:card\" content=\"summary_large_image\" \/>\n<meta name=\"twitter:label1\" content=\"Written by\" \/>\n\t<meta name=\"twitter:data1\" content=\"Comunicaci\u00f3 Esplac\" \/>\n\t<meta name=\"twitter:label2\" content=\"Est. reading time\" \/>\n\t<meta name=\"twitter:data2\" content=\"4 minutes\" \/>\n<script type=\"application\/ld+json\" class=\"yoast-schema-graph\">{\"@context\":\"https:\\\/\\\/schema.org\",\"@graph\":[{\"@type\":\"Article\",\"@id\":\"https:\\\/\\\/www.esplac.cat\\\/es\\\/feina-tecnica-comunicacio\\\/#article\",\"isPartOf\":{\"@id\":\"https:\\\/\\\/www.esplac.cat\\\/es\\\/feina-tecnica-comunicacio\\\/\"},\"author\":{\"name\":\"Comunicaci\u00f3 Esplac\",\"@id\":\"https:\\\/\\\/www.esplac.cat\\\/#\\\/schema\\\/person\\\/908383cf240be18b68f8855d0583faca\"},\"headline\":\"Obrim una pla\u00e7a de t\u00e8cnic\\\/a de suport a la comunicaci\u00f3\",\"datePublished\":\"2018-10-04T12:11:59+00:00\",\"mainEntityOfPage\":{\"@id\":\"https:\\\/\\\/www.esplac.cat\\\/es\\\/feina-tecnica-comunicacio\\\/\"},\"wordCount\":788,\"publisher\":{\"@id\":\"https:\\\/\\\/www.esplac.cat\\\/#organization\"},\"image\":{\"@id\":\"https:\\\/\\\/www.esplac.cat\\\/es\\\/feina-tecnica-comunicacio\\\/#primaryimage\"},\"thumbnailUrl\":\"https:\\\/\\\/www.esplac.cat\\\/wp-content\\\/uploads\\\/2018\\\/05\\\/Noti_Web_Valles_AGO-2.jpg\",\"keywords\":[\"comunicaci\u00f3\",\"convocat\u00f2ria\",\"educaci\u00f3 popular\",\"esplai\",\"feina\",\"laboral\",\"t\u00e8cnic\",\"t\u00e8cnica\"],\"articleSection\":[\"Secretaria T\u00e8cnica\",\"Sense categoria\"],\"inLanguage\":\"en-US\"},{\"@type\":\"WebPage\",\"@id\":\"https:\\\/\\\/www.esplac.cat\\\/es\\\/feina-tecnica-comunicacio\\\/\",\"url\":\"https:\\\/\\\/www.esplac.cat\\\/es\\\/feina-tecnica-comunicacio\\\/\",\"name\":\"Obrim una pla\u00e7a de t\u00e8cnic\\\/a de suport a la comunicaci\u00f3 - Esplac\",\"isPartOf\":{\"@id\":\"https:\\\/\\\/www.esplac.cat\\\/#website\"},\"primaryImageOfPage\":{\"@id\":\"https:\\\/\\\/www.esplac.cat\\\/es\\\/feina-tecnica-comunicacio\\\/#primaryimage\"},\"image\":{\"@id\":\"https:\\\/\\\/www.esplac.cat\\\/es\\\/feina-tecnica-comunicacio\\\/#primaryimage\"},\"thumbnailUrl\":\"https:\\\/\\\/www.esplac.cat\\\/wp-content\\\/uploads\\\/2018\\\/05\\\/Noti_Web_Valles_AGO-2.jpg\",\"datePublished\":\"2018-10-04T12:11:59+00:00\",\"breadcrumb\":{\"@id\":\"https:\\\/\\\/www.esplac.cat\\\/es\\\/feina-tecnica-comunicacio\\\/#breadcrumb\"},\"inLanguage\":\"en-US\",\"potentialAction\":[{\"@type\":\"ReadAction\",\"target\":[\"https:\\\/\\\/www.esplac.cat\\\/es\\\/feina-tecnica-comunicacio\\\/\"]}]},{\"@type\":\"ImageObject\",\"inLanguage\":\"en-US\",\"@id\":\"https:\\\/\\\/www.esplac.cat\\\/es\\\/feina-tecnica-comunicacio\\\/#primaryimage\",\"url\":\"https:\\\/\\\/www.esplac.cat\\\/wp-content\\\/uploads\\\/2018\\\/05\\\/Noti_Web_Valles_AGO-2.jpg\",\"contentUrl\":\"https:\\\/\\\/www.esplac.cat\\\/wp-content\\\/uploads\\\/2018\\\/05\\\/Noti_Web_Valles_AGO-2.jpg\",\"width\":847,\"height\":350},{\"@type\":\"BreadcrumbList\",\"@id\":\"https:\\\/\\\/www.esplac.cat\\\/es\\\/feina-tecnica-comunicacio\\\/#breadcrumb\",\"itemListElement\":[{\"@type\":\"ListItem\",\"position\":1,\"name\":\"Inici\",\"item\":\"https:\\\/\\\/www.esplac.cat\\\/en\\\/\"},{\"@type\":\"ListItem\",\"position\":2,\"name\":\"Obrim una pla\u00e7a de t\u00e8cnic\\\/a de suport a la comunicaci\u00f3\"}]},{\"@type\":\"WebSite\",\"@id\":\"https:\\\/\\\/www.esplac.cat\\\/#website\",\"url\":\"https:\\\/\\\/www.esplac.cat\\\/\",\"name\":\"Esplac\",\"description\":\"Esplais Catalans\",\"publisher\":{\"@id\":\"https:\\\/\\\/www.esplac.cat\\\/#organization\"},\"potentialAction\":[{\"@type\":\"SearchAction\",\"target\":{\"@type\":\"EntryPoint\",\"urlTemplate\":\"https:\\\/\\\/www.esplac.cat\\\/?s={search_term_string}\"},\"query-input\":{\"@type\":\"PropertyValueSpecification\",\"valueRequired\":true,\"valueName\":\"search_term_string\"}}],\"inLanguage\":\"en-US\"},{\"@type\":\"Organization\",\"@id\":\"https:\\\/\\\/www.esplac.cat\\\/#organization\",\"name\":\"Esplac\",\"url\":\"https:\\\/\\\/www.esplac.cat\\\/\",\"logo\":{\"@type\":\"ImageObject\",\"inLanguage\":\"en-US\",\"@id\":\"https:\\\/\\\/www.esplac.cat\\\/#\\\/schema\\\/logo\\\/image\\\/\",\"url\":\"https:\\\/\\\/www.esplac.cat\\\/wp-content\\\/uploads\\\/2019\\\/08\\\/logox2.png\",\"contentUrl\":\"https:\\\/\\\/www.esplac.cat\\\/wp-content\\\/uploads\\\/2019\\\/08\\\/logox2.png\",\"width\":600,\"height\":295,\"caption\":\"Esplac\"},\"image\":{\"@id\":\"https:\\\/\\\/www.esplac.cat\\\/#\\\/schema\\\/logo\\\/image\\\/\"}},{\"@type\":\"Person\",\"@id\":\"https:\\\/\\\/www.esplac.cat\\\/#\\\/schema\\\/person\\\/908383cf240be18b68f8855d0583faca\",\"name\":\"Comunicaci\u00f3 Esplac\",\"image\":{\"@type\":\"ImageObject\",\"inLanguage\":\"en-US\",\"@id\":\"https:\\\/\\\/secure.gravatar.com\\\/avatar\\\/7a4cf8feb412a76ea4a740ca02d95b06b2907b5a6c648c2dd0a1082a093c3141?s=96&d=mm&r=g\",\"url\":\"https:\\\/\\\/secure.gravatar.com\\\/avatar\\\/7a4cf8feb412a76ea4a740ca02d95b06b2907b5a6c648c2dd0a1082a093c3141?s=96&d=mm&r=g\",\"contentUrl\":\"https:\\\/\\\/secure.gravatar.com\\\/avatar\\\/7a4cf8feb412a76ea4a740ca02d95b06b2907b5a6c648c2dd0a1082a093c3141?s=96&d=mm&r=g\",\"caption\":\"Comunicaci\u00f3 Esplac\"}}]}<\/script>\n<!-- \/ Yoast SEO plugin. -->","yoast_head_json":{"title":"Obrim una pla\u00e7a de t\u00e8cnic\/a de suport a la comunicaci\u00f3 - Esplac","robots":{"index":"index","follow":"follow","max-snippet":"max-snippet:-1","max-image-preview":"max-image-preview:large","max-video-preview":"max-video-preview:-1"},"canonical":"https:\/\/www.esplac.cat\/es\/feina-tecnica-comunicacio\/","og_locale":"en_US","og_type":"article","og_title":"Obrim una pla\u00e7a de t\u00e8cnic\/a de suport a la comunicaci\u00f3 - Esplac","og_description":"Amics i amigues, Amb la present volem comunicar-vos que hem [&hellip;]","og_url":"https:\/\/www.esplac.cat\/es\/feina-tecnica-comunicacio\/","og_site_name":"Esplac","article_published_time":"2018-10-04T12:11:59+00:00","og_image":[{"width":847,"height":350,"url":"https:\/\/www.esplac.cat\/wp-content\/uploads\/2018\/05\/Noti_Web_Valles_AGO-2.jpg","type":"image\/jpeg"}],"author":"Comunicaci\u00f3 Esplac","twitter_card":"summary_large_image","twitter_misc":{"Written by":"Comunicaci\u00f3 Esplac","Est. reading time":"4 minutes"},"schema":{"@context":"https:\/\/schema.org","@graph":[{"@type":"Article","@id":"https:\/\/www.esplac.cat\/es\/feina-tecnica-comunicacio\/#article","isPartOf":{"@id":"https:\/\/www.esplac.cat\/es\/feina-tecnica-comunicacio\/"},"author":{"name":"Comunicaci\u00f3 Esplac","@id":"https:\/\/www.esplac.cat\/#\/schema\/person\/908383cf240be18b68f8855d0583faca"},"headline":"Obrim una pla\u00e7a de t\u00e8cnic\/a de suport a la comunicaci\u00f3","datePublished":"2018-10-04T12:11:59+00:00","mainEntityOfPage":{"@id":"https:\/\/www.esplac.cat\/es\/feina-tecnica-comunicacio\/"},"wordCount":788,"publisher":{"@id":"https:\/\/www.esplac.cat\/#organization"},"image":{"@id":"https:\/\/www.esplac.cat\/es\/feina-tecnica-comunicacio\/#primaryimage"},"thumbnailUrl":"https:\/\/www.esplac.cat\/wp-content\/uploads\/2018\/05\/Noti_Web_Valles_AGO-2.jpg","keywords":["comunicaci\u00f3","convocat\u00f2ria","educaci\u00f3 popular","esplai","feina","laboral","t\u00e8cnic","t\u00e8cnica"],"articleSection":["Secretaria T\u00e8cnica","Sense categoria"],"inLanguage":"en-US"},{"@type":"WebPage","@id":"https:\/\/www.esplac.cat\/es\/feina-tecnica-comunicacio\/","url":"https:\/\/www.esplac.cat\/es\/feina-tecnica-comunicacio\/","name":"Obrim una pla\u00e7a de t\u00e8cnic\/a de suport a la comunicaci\u00f3 - Esplac","isPartOf":{"@id":"https:\/\/www.esplac.cat\/#website"},"primaryImageOfPage":{"@id":"https:\/\/www.esplac.cat\/es\/feina-tecnica-comunicacio\/#primaryimage"},"image":{"@id":"https:\/\/www.esplac.cat\/es\/feina-tecnica-comunicacio\/#primaryimage"},"thumbnailUrl":"https:\/\/www.esplac.cat\/wp-content\/uploads\/2018\/05\/Noti_Web_Valles_AGO-2.jpg","datePublished":"2018-10-04T12:11:59+00:00","breadcrumb":{"@id":"https:\/\/www.esplac.cat\/es\/feina-tecnica-comunicacio\/#breadcrumb"},"inLanguage":"en-US","potentialAction":[{"@type":"ReadAction","target":["https:\/\/www.esplac.cat\/es\/feina-tecnica-comunicacio\/"]}]},{"@type":"ImageObject","inLanguage":"en-US","@id":"https:\/\/www.esplac.cat\/es\/feina-tecnica-comunicacio\/#primaryimage","url":"https:\/\/www.esplac.cat\/wp-content\/uploads\/2018\/05\/Noti_Web_Valles_AGO-2.jpg","contentUrl":"https:\/\/www.esplac.cat\/wp-content\/uploads\/2018\/05\/Noti_Web_Valles_AGO-2.jpg","width":847,"height":350},{"@type":"BreadcrumbList","@id":"https:\/\/www.esplac.cat\/es\/feina-tecnica-comunicacio\/#breadcrumb","itemListElement":[{"@type":"ListItem","position":1,"name":"Inici","item":"https:\/\/www.esplac.cat\/en\/"},{"@type":"ListItem","position":2,"name":"Obrim una pla\u00e7a de t\u00e8cnic\/a de suport a la comunicaci\u00f3"}]},{"@type":"WebSite","@id":"https:\/\/www.esplac.cat\/#website","url":"https:\/\/www.esplac.cat\/","name":"Esplac","description":"Esplais Catalans","publisher":{"@id":"https:\/\/www.esplac.cat\/#organization"},"potentialAction":[{"@type":"SearchAction","target":{"@type":"EntryPoint","urlTemplate":"https:\/\/www.esplac.cat\/?s={search_term_string}"},"query-input":{"@type":"PropertyValueSpecification","valueRequired":true,"valueName":"search_term_string"}}],"inLanguage":"en-US"},{"@type":"Organization","@id":"https:\/\/www.esplac.cat\/#organization","name":"Esplac","url":"https:\/\/www.esplac.cat\/","logo":{"@type":"ImageObject","inLanguage":"en-US","@id":"https:\/\/www.esplac.cat\/#\/schema\/logo\/image\/","url":"https:\/\/www.esplac.cat\/wp-content\/uploads\/2019\/08\/logox2.png","contentUrl":"https:\/\/www.esplac.cat\/wp-content\/uploads\/2019\/08\/logox2.png","width":600,"height":295,"caption":"Esplac"},"image":{"@id":"https:\/\/www.esplac.cat\/#\/schema\/logo\/image\/"}},{"@type":"Person","@id":"https:\/\/www.esplac.cat\/#\/schema\/person\/908383cf240be18b68f8855d0583faca","name":"Comunicaci\u00f3 Esplac","image":{"@type":"ImageObject","inLanguage":"en-US","@id":"https:\/\/secure.gravatar.com\/avatar\/7a4cf8feb412a76ea4a740ca02d95b06b2907b5a6c648c2dd0a1082a093c3141?s=96&d=mm&r=g","url":"https:\/\/secure.gravatar.com\/avatar\/7a4cf8feb412a76ea4a740ca02d95b06b2907b5a6c648c2dd0a1082a093c3141?s=96&d=mm&r=g","contentUrl":"https:\/\/secure.gravatar.com\/avatar\/7a4cf8feb412a76ea4a740ca02d95b06b2907b5a6c648c2dd0a1082a093c3141?s=96&d=mm&r=g","caption":"Comunicaci\u00f3 Esplac"}}]}},"_links":{"self":[{"href":"https:\/\/www.esplac.cat\/en\/wp-json\/wp\/v2\/posts\/23965","targetHints":{"allow":["GET"]}}],"collection":[{"href":"https:\/\/www.esplac.cat\/en\/wp-json\/wp\/v2\/posts"}],"about":[{"href":"https:\/\/www.esplac.cat\/en\/wp-json\/wp\/v2\/types\/post"}],"author":[{"embeddable":true,"href":"https:\/\/www.esplac.cat\/en\/wp-json\/wp\/v2\/users\/3"}],"replies":[{"embeddable":true,"href":"https:\/\/www.esplac.cat\/en\/wp-json\/wp\/v2\/comments?post=23965"}],"version-history":[{"count":0,"href":"https:\/\/www.esplac.cat\/en\/wp-json\/wp\/v2\/posts\/23965\/revisions"}],"wp:featuredmedia":[{"embeddable":true,"href":"https:\/\/www.esplac.cat\/en\/wp-json\/wp\/v2\/media\/23590"}],"wp:attachment":[{"href":"https:\/\/www.esplac.cat\/en\/wp-json\/wp\/v2\/media?parent=23965"}],"wp:term":[{"taxonomy":"category","embeddable":true,"href":"https:\/\/www.esplac.cat\/en\/wp-json\/wp\/v2\/categories?post=23965"},{"taxonomy":"post_tag","embeddable":true,"href":"https:\/\/www.esplac.cat\/en\/wp-json\/wp\/v2\/tags?post=23965"}],"curies":[{"name":"wp","href":"https:\/\/api.w.org\/{rel}","templated":true}]}}