{"id":23975,"date":"2018-09-19T10:17:57","date_gmt":"2018-09-19T08:17:57","guid":{"rendered":"http:\/\/esplac.cat\/?p=18259"},"modified":"2019-11-14T12:04:44","modified_gmt":"2019-11-14T10:04:44","slug":"arriben-les-v-jornades-ambientals-lespecisme-a-debat","status":"publish","type":"post","link":"https:\/\/www.esplac.cat\/en\/arriben-les-v-jornades-ambientals-lespecisme-a-debat\/","title":{"rendered":"Arriben les V Jornades Ambientals: l&#8217;especisme a debat!"},"content":{"rendered":"<h4 style=\"text-align: justify;\">El proper diumenge 7 d&#8217;octubre, es celebrar\u00e0 la cinquena edici\u00f3 de les jornades al Casal Popular Tres Lliris\u00a0 (Barcelona).<\/h4>\n<p style=\"text-align: justify;\">A poc a poc les jornades ambientals d&#8217;esplac es van fent un lloc al calendari d&#8217;aquelles persones interessades en el medi ambient i l&#8217;educaci\u00f3. Un altre any, la comissi\u00f3 ha organitzat unes jornades on, com cada any, poder seguir formant-nos com a monitores i compartir bones pr\u00e0ctiques<\/p>\n<p style=\"text-align: justify;\">Aquest any el tema de les jornades ser\u00e0 l&#8217;<strong>especisme<\/strong>, i per tant abordarem un tema tant complex a la nostra societat com s\u00f3n les relacions que tenim les societats d&#8217;avui dia amb les altres esp\u00e8cies que habiten el m\u00f3n amb nosaltres. A m\u00e9s, com sempre ens agrada fer, tamb\u00e9 buscarem quina relaci\u00f3 t\u00e9 aquesta tem\u00e0tica amb el dia a dia de l&#8217;esplai, amb l&#8217;educaci\u00f3 en el lleure.<\/p>\n<p style=\"text-align: justify;\">La jornada, que durar\u00e0 tot el dia, comen\u00e7ar\u00e0 al mat\u00ed amb una taula rodona formada per:<\/p>\n<p style=\"text-align: justify;\">&#8211; <strong>Reinas y Repollos<\/strong>: Divulgadores veganes.\u00a0<a href=\"http:\/\/reinasyrepollos.com\/\" target=\"_blank\" rel=\"noopener noreferrer\">Aqu\u00ed<\/a> podeu veure el seu web per a saber qu\u00e8 fan.<\/p>\n<p style=\"text-align: justify;\">&#8211; <strong>Laura Fernandez<\/strong>: Activista antiespecista i feminista. Membre del UPF-Centre for Animal Ethics.<\/p>\n<p style=\"text-align: justify;\">&#8211; <strong>Eze Paez<\/strong>: Activitsta antiespecista i membre del UPF-Centre for Animal Ethics.<\/p>\n<p style=\"text-align: justify;\">Les jornades tindran lloc al <strong>Casal Popular Tres Lliris<\/strong>\u00a0(Carrer Nil Fabra, 32, Barcelona), i arrencaran a les 10 h del mat\u00ed amb un esmorzar i una\u00a0<strong>taula rodona<\/strong>\u00a0on abordarem de ple les diferents mirades de l&#8217;especisme que ens portaran les ponents i la seves visions sobre com canviar l&#8217;estat actual de la relaci\u00f3 entre persones i altres \u00e9ssers vius. Com sempre, demanarem a les ponents que ens donin idees als esplais sobre quin paper hi podem tenir en aquesta lluita.<\/p>\n<p style=\"text-align: justify;\">A l&#8217;hora de dinar podrem gaudir d&#8217;un apat veg\u00e0 que ens donar\u00e0 forces per encarar la tarda, el moment de\u00a0 fer aterrar les idees a la realitat: qu\u00e8 fem les entitats del lleure amb els nostres infants i joves quan volem treballar l&#8217;especisme? Podem repensar la nostra forma de relacionar-nos amb altres \u00e8ssers vius des de l&#8217;esplai? En aquest espai, les assistents pendrem la paraula per a pensar com des de l&#8217;educaici\u00f3 podem pensar un m\u00f3n m\u00e9s just per a totes.<\/p>\n<p style=\"text-align: justify;\">Les jornades tindran un preu de <strong>4 euros<\/strong> per persona i <strong>inclouran les activitats i els dos \u00e0pats<\/strong> (esmorzar i dinar). Per inscriure-us-hi, heu de fer-ho a trav\u00e9s del seg\u00fcent formulari:<\/p>\n<p>Esperem una gran participaci\u00f3! Redu\u00efm la nostra petjada al planeta!<\/p>\n<p>&nbsp;<\/p>\n<p><a href=\"http:\/\/esplac.cat\/wp-content\/uploads\/2018\/09\/jornadesamibentals_cartelldefinitiu-1.jpg\"><img decoding=\"async\" class=\"wp-image-18311 aligncenter\" src=\"http:\/\/esplac.cat\/wp-content\/uploads\/2018\/09\/jornadesamibentals_cartelldefinitiu-1.jpg\" alt=\"\" width=\"550\" height=\"778\" \/><\/a><\/p>\n","protected":false},"excerpt":{"rendered":"<p>El proper diumenge 7 d&#8217;octubre, es celebrar\u00e0 la cinquena edici\u00f3 [&hellip;]<\/p>\n","protected":false},"author":1,"featured_media":23979,"comment_status":"closed","ping_status":"open","sticky":false,"template":"","format":"standard","meta":{"om_disable_all_campaigns":false,"_monsterinsights_skip_tracking":false,"_monsterinsights_sitenote_active":false,"_monsterinsights_sitenote_note":"","_monsterinsights_sitenote_category":0,"_uf_show_specific_survey":0,"_uf_disable_surveys":false,"footnotes":""},"categories":[1159,1],"tags":[599,965,83,1001],"class_list":["post-23975","post","type-post","status-publish","format-standard","has-post-thumbnail","hentry","category-jornades-ambientals","category-sense-categoria","tag-debat","tag-especisme","tag-reduint-petjada","tag-v-jornades-ambientals"],"yoast_head":"<!-- This site is optimized with the Yoast SEO plugin v27.4 - https:\/\/yoast.com\/product\/yoast-seo-wordpress\/ -->\n<title>Arriben les V Jornades Ambientals: l&#039;especisme a debat! - Esplac<\/title>\n<meta name=\"robots\" content=\"index, follow, max-snippet:-1, max-image-preview:large, max-video-preview:-1\" \/>\n<link rel=\"canonical\" href=\"https:\/\/www.esplac.cat\/en\/arriben-les-v-jornades-ambientals-lespecisme-a-debat\/\" \/>\n<meta property=\"og:locale\" content=\"en_US\" \/>\n<meta property=\"og:type\" content=\"article\" \/>\n<meta property=\"og:title\" content=\"Arriben les V Jornades Ambientals: l&#039;especisme a debat! - Esplac\" \/>\n<meta property=\"og:description\" content=\"El proper diumenge 7 d&#8217;octubre, es celebrar\u00e0 la cinquena edici\u00f3 [&hellip;]\" \/>\n<meta property=\"og:url\" content=\"https:\/\/www.esplac.cat\/en\/arriben-les-v-jornades-ambientals-lespecisme-a-debat\/\" \/>\n<meta property=\"og:site_name\" content=\"Esplac\" \/>\n<meta property=\"article:published_time\" content=\"2018-09-19T08:17:57+00:00\" \/>\n<meta property=\"article:modified_time\" content=\"2019-11-14T10:04:44+00:00\" \/>\n<meta property=\"og:image\" content=\"https:\/\/www.esplac.cat\/wp-content\/uploads\/2018\/09\/portadajordnadesamb.png\" \/>\n\t<meta property=\"og:image:width\" content=\"847\" \/>\n\t<meta property=\"og:image:height\" content=\"350\" \/>\n\t<meta property=\"og:image:type\" content=\"image\/png\" \/>\n<meta name=\"author\" content=\"root\" \/>\n<meta name=\"twitter:card\" content=\"summary_large_image\" \/>\n<meta name=\"twitter:label1\" content=\"Written by\" \/>\n\t<meta name=\"twitter:data1\" content=\"root\" \/>\n\t<meta name=\"twitter:label2\" content=\"Est. reading time\" \/>\n\t<meta name=\"twitter:data2\" content=\"2 minutes\" \/>\n<script type=\"application\/ld+json\" class=\"yoast-schema-graph\">{\"@context\":\"https:\\\/\\\/schema.org\",\"@graph\":[{\"@type\":\"Article\",\"@id\":\"https:\\\/\\\/www.esplac.cat\\\/en\\\/arriben-les-v-jornades-ambientals-lespecisme-a-debat\\\/#article\",\"isPartOf\":{\"@id\":\"https:\\\/\\\/www.esplac.cat\\\/en\\\/arriben-les-v-jornades-ambientals-lespecisme-a-debat\\\/\"},\"author\":{\"name\":\"root\",\"@id\":\"https:\\\/\\\/www.esplac.cat\\\/#\\\/schema\\\/person\\\/8d7ee340c02b239b152b9ff2c3d40766\"},\"headline\":\"Arriben les V Jornades Ambientals: l&#8217;especisme a debat!\",\"datePublished\":\"2018-09-19T08:17:57+00:00\",\"dateModified\":\"2019-11-14T10:04:44+00:00\",\"mainEntityOfPage\":{\"@id\":\"https:\\\/\\\/www.esplac.cat\\\/en\\\/arriben-les-v-jornades-ambientals-lespecisme-a-debat\\\/\"},\"wordCount\":489,\"publisher\":{\"@id\":\"https:\\\/\\\/www.esplac.cat\\\/#organization\"},\"image\":{\"@id\":\"https:\\\/\\\/www.esplac.cat\\\/en\\\/arriben-les-v-jornades-ambientals-lespecisme-a-debat\\\/#primaryimage\"},\"thumbnailUrl\":\"https:\\\/\\\/www.esplac.cat\\\/wp-content\\\/uploads\\\/2018\\\/09\\\/portadajordnadesamb.png\",\"keywords\":[\"debat\",\"especisme\",\"reduint petjada\",\"V Jornades Ambientals\"],\"articleSection\":[\"Jornades ambientals\",\"Sense categoria\"],\"inLanguage\":\"en-US\"},{\"@type\":\"WebPage\",\"@id\":\"https:\\\/\\\/www.esplac.cat\\\/en\\\/arriben-les-v-jornades-ambientals-lespecisme-a-debat\\\/\",\"url\":\"https:\\\/\\\/www.esplac.cat\\\/en\\\/arriben-les-v-jornades-ambientals-lespecisme-a-debat\\\/\",\"name\":\"Arriben les V Jornades Ambientals: l'especisme a debat! - Esplac\",\"isPartOf\":{\"@id\":\"https:\\\/\\\/www.esplac.cat\\\/#website\"},\"primaryImageOfPage\":{\"@id\":\"https:\\\/\\\/www.esplac.cat\\\/en\\\/arriben-les-v-jornades-ambientals-lespecisme-a-debat\\\/#primaryimage\"},\"image\":{\"@id\":\"https:\\\/\\\/www.esplac.cat\\\/en\\\/arriben-les-v-jornades-ambientals-lespecisme-a-debat\\\/#primaryimage\"},\"thumbnailUrl\":\"https:\\\/\\\/www.esplac.cat\\\/wp-content\\\/uploads\\\/2018\\\/09\\\/portadajordnadesamb.png\",\"datePublished\":\"2018-09-19T08:17:57+00:00\",\"dateModified\":\"2019-11-14T10:04:44+00:00\",\"breadcrumb\":{\"@id\":\"https:\\\/\\\/www.esplac.cat\\\/en\\\/arriben-les-v-jornades-ambientals-lespecisme-a-debat\\\/#breadcrumb\"},\"inLanguage\":\"en-US\",\"potentialAction\":[{\"@type\":\"ReadAction\",\"target\":[\"https:\\\/\\\/www.esplac.cat\\\/en\\\/arriben-les-v-jornades-ambientals-lespecisme-a-debat\\\/\"]}]},{\"@type\":\"ImageObject\",\"inLanguage\":\"en-US\",\"@id\":\"https:\\\/\\\/www.esplac.cat\\\/en\\\/arriben-les-v-jornades-ambientals-lespecisme-a-debat\\\/#primaryimage\",\"url\":\"https:\\\/\\\/www.esplac.cat\\\/wp-content\\\/uploads\\\/2018\\\/09\\\/portadajordnadesamb.png\",\"contentUrl\":\"https:\\\/\\\/www.esplac.cat\\\/wp-content\\\/uploads\\\/2018\\\/09\\\/portadajordnadesamb.png\",\"width\":847,\"height\":350},{\"@type\":\"BreadcrumbList\",\"@id\":\"https:\\\/\\\/www.esplac.cat\\\/en\\\/arriben-les-v-jornades-ambientals-lespecisme-a-debat\\\/#breadcrumb\",\"itemListElement\":[{\"@type\":\"ListItem\",\"position\":1,\"name\":\"Inici\",\"item\":\"https:\\\/\\\/www.esplac.cat\\\/en\\\/\"},{\"@type\":\"ListItem\",\"position\":2,\"name\":\"Arriben les V Jornades Ambientals: l&#8217;especisme a debat!\"}]},{\"@type\":\"WebSite\",\"@id\":\"https:\\\/\\\/www.esplac.cat\\\/#website\",\"url\":\"https:\\\/\\\/www.esplac.cat\\\/\",\"name\":\"Esplac\",\"description\":\"Esplais Catalans\",\"publisher\":{\"@id\":\"https:\\\/\\\/www.esplac.cat\\\/#organization\"},\"potentialAction\":[{\"@type\":\"SearchAction\",\"target\":{\"@type\":\"EntryPoint\",\"urlTemplate\":\"https:\\\/\\\/www.esplac.cat\\\/?s={search_term_string}\"},\"query-input\":{\"@type\":\"PropertyValueSpecification\",\"valueRequired\":true,\"valueName\":\"search_term_string\"}}],\"inLanguage\":\"en-US\"},{\"@type\":\"Organization\",\"@id\":\"https:\\\/\\\/www.esplac.cat\\\/#organization\",\"name\":\"Esplac\",\"url\":\"https:\\\/\\\/www.esplac.cat\\\/\",\"logo\":{\"@type\":\"ImageObject\",\"inLanguage\":\"en-US\",\"@id\":\"https:\\\/\\\/www.esplac.cat\\\/#\\\/schema\\\/logo\\\/image\\\/\",\"url\":\"https:\\\/\\\/www.esplac.cat\\\/wp-content\\\/uploads\\\/2019\\\/08\\\/logox2.png\",\"contentUrl\":\"https:\\\/\\\/www.esplac.cat\\\/wp-content\\\/uploads\\\/2019\\\/08\\\/logox2.png\",\"width\":600,\"height\":295,\"caption\":\"Esplac\"},\"image\":{\"@id\":\"https:\\\/\\\/www.esplac.cat\\\/#\\\/schema\\\/logo\\\/image\\\/\"}},{\"@type\":\"Person\",\"@id\":\"https:\\\/\\\/www.esplac.cat\\\/#\\\/schema\\\/person\\\/8d7ee340c02b239b152b9ff2c3d40766\",\"name\":\"root\",\"image\":{\"@type\":\"ImageObject\",\"inLanguage\":\"en-US\",\"@id\":\"https:\\\/\\\/secure.gravatar.com\\\/avatar\\\/9356757d53af8c5db257f894fbbd9ee7446c25af07cd2e7844bd1cf43acef754?s=96&d=mm&r=g\",\"url\":\"https:\\\/\\\/secure.gravatar.com\\\/avatar\\\/9356757d53af8c5db257f894fbbd9ee7446c25af07cd2e7844bd1cf43acef754?s=96&d=mm&r=g\",\"contentUrl\":\"https:\\\/\\\/secure.gravatar.com\\\/avatar\\\/9356757d53af8c5db257f894fbbd9ee7446c25af07cd2e7844bd1cf43acef754?s=96&d=mm&r=g\",\"caption\":\"root\"}}]}<\/script>\n<!-- \/ Yoast SEO plugin. -->","yoast_head_json":{"title":"Arriben les V Jornades Ambientals: l'especisme a debat! - Esplac","robots":{"index":"index","follow":"follow","max-snippet":"max-snippet:-1","max-image-preview":"max-image-preview:large","max-video-preview":"max-video-preview:-1"},"canonical":"https:\/\/www.esplac.cat\/en\/arriben-les-v-jornades-ambientals-lespecisme-a-debat\/","og_locale":"en_US","og_type":"article","og_title":"Arriben les V Jornades Ambientals: l'especisme a debat! - Esplac","og_description":"El proper diumenge 7 d&#8217;octubre, es celebrar\u00e0 la cinquena edici\u00f3 [&hellip;]","og_url":"https:\/\/www.esplac.cat\/en\/arriben-les-v-jornades-ambientals-lespecisme-a-debat\/","og_site_name":"Esplac","article_published_time":"2018-09-19T08:17:57+00:00","article_modified_time":"2019-11-14T10:04:44+00:00","og_image":[{"width":847,"height":350,"url":"https:\/\/www.esplac.cat\/wp-content\/uploads\/2018\/09\/portadajordnadesamb.png","type":"image\/png"}],"author":"root","twitter_card":"summary_large_image","twitter_misc":{"Written by":"root","Est. reading time":"2 minutes"},"schema":{"@context":"https:\/\/schema.org","@graph":[{"@type":"Article","@id":"https:\/\/www.esplac.cat\/en\/arriben-les-v-jornades-ambientals-lespecisme-a-debat\/#article","isPartOf":{"@id":"https:\/\/www.esplac.cat\/en\/arriben-les-v-jornades-ambientals-lespecisme-a-debat\/"},"author":{"name":"root","@id":"https:\/\/www.esplac.cat\/#\/schema\/person\/8d7ee340c02b239b152b9ff2c3d40766"},"headline":"Arriben les V Jornades Ambientals: l&#8217;especisme a debat!","datePublished":"2018-09-19T08:17:57+00:00","dateModified":"2019-11-14T10:04:44+00:00","mainEntityOfPage":{"@id":"https:\/\/www.esplac.cat\/en\/arriben-les-v-jornades-ambientals-lespecisme-a-debat\/"},"wordCount":489,"publisher":{"@id":"https:\/\/www.esplac.cat\/#organization"},"image":{"@id":"https:\/\/www.esplac.cat\/en\/arriben-les-v-jornades-ambientals-lespecisme-a-debat\/#primaryimage"},"thumbnailUrl":"https:\/\/www.esplac.cat\/wp-content\/uploads\/2018\/09\/portadajordnadesamb.png","keywords":["debat","especisme","reduint petjada","V Jornades Ambientals"],"articleSection":["Jornades ambientals","Sense categoria"],"inLanguage":"en-US"},{"@type":"WebPage","@id":"https:\/\/www.esplac.cat\/en\/arriben-les-v-jornades-ambientals-lespecisme-a-debat\/","url":"https:\/\/www.esplac.cat\/en\/arriben-les-v-jornades-ambientals-lespecisme-a-debat\/","name":"Arriben les V Jornades Ambientals: l'especisme a debat! - Esplac","isPartOf":{"@id":"https:\/\/www.esplac.cat\/#website"},"primaryImageOfPage":{"@id":"https:\/\/www.esplac.cat\/en\/arriben-les-v-jornades-ambientals-lespecisme-a-debat\/#primaryimage"},"image":{"@id":"https:\/\/www.esplac.cat\/en\/arriben-les-v-jornades-ambientals-lespecisme-a-debat\/#primaryimage"},"thumbnailUrl":"https:\/\/www.esplac.cat\/wp-content\/uploads\/2018\/09\/portadajordnadesamb.png","datePublished":"2018-09-19T08:17:57+00:00","dateModified":"2019-11-14T10:04:44+00:00","breadcrumb":{"@id":"https:\/\/www.esplac.cat\/en\/arriben-les-v-jornades-ambientals-lespecisme-a-debat\/#breadcrumb"},"inLanguage":"en-US","potentialAction":[{"@type":"ReadAction","target":["https:\/\/www.esplac.cat\/en\/arriben-les-v-jornades-ambientals-lespecisme-a-debat\/"]}]},{"@type":"ImageObject","inLanguage":"en-US","@id":"https:\/\/www.esplac.cat\/en\/arriben-les-v-jornades-ambientals-lespecisme-a-debat\/#primaryimage","url":"https:\/\/www.esplac.cat\/wp-content\/uploads\/2018\/09\/portadajordnadesamb.png","contentUrl":"https:\/\/www.esplac.cat\/wp-content\/uploads\/2018\/09\/portadajordnadesamb.png","width":847,"height":350},{"@type":"BreadcrumbList","@id":"https:\/\/www.esplac.cat\/en\/arriben-les-v-jornades-ambientals-lespecisme-a-debat\/#breadcrumb","itemListElement":[{"@type":"ListItem","position":1,"name":"Inici","item":"https:\/\/www.esplac.cat\/en\/"},{"@type":"ListItem","position":2,"name":"Arriben les V Jornades Ambientals: l&#8217;especisme a debat!"}]},{"@type":"WebSite","@id":"https:\/\/www.esplac.cat\/#website","url":"https:\/\/www.esplac.cat\/","name":"Esplac","description":"Esplais Catalans","publisher":{"@id":"https:\/\/www.esplac.cat\/#organization"},"potentialAction":[{"@type":"SearchAction","target":{"@type":"EntryPoint","urlTemplate":"https:\/\/www.esplac.cat\/?s={search_term_string}"},"query-input":{"@type":"PropertyValueSpecification","valueRequired":true,"valueName":"search_term_string"}}],"inLanguage":"en-US"},{"@type":"Organization","@id":"https:\/\/www.esplac.cat\/#organization","name":"Esplac","url":"https:\/\/www.esplac.cat\/","logo":{"@type":"ImageObject","inLanguage":"en-US","@id":"https:\/\/www.esplac.cat\/#\/schema\/logo\/image\/","url":"https:\/\/www.esplac.cat\/wp-content\/uploads\/2019\/08\/logox2.png","contentUrl":"https:\/\/www.esplac.cat\/wp-content\/uploads\/2019\/08\/logox2.png","width":600,"height":295,"caption":"Esplac"},"image":{"@id":"https:\/\/www.esplac.cat\/#\/schema\/logo\/image\/"}},{"@type":"Person","@id":"https:\/\/www.esplac.cat\/#\/schema\/person\/8d7ee340c02b239b152b9ff2c3d40766","name":"root","image":{"@type":"ImageObject","inLanguage":"en-US","@id":"https:\/\/secure.gravatar.com\/avatar\/9356757d53af8c5db257f894fbbd9ee7446c25af07cd2e7844bd1cf43acef754?s=96&d=mm&r=g","url":"https:\/\/secure.gravatar.com\/avatar\/9356757d53af8c5db257f894fbbd9ee7446c25af07cd2e7844bd1cf43acef754?s=96&d=mm&r=g","contentUrl":"https:\/\/secure.gravatar.com\/avatar\/9356757d53af8c5db257f894fbbd9ee7446c25af07cd2e7844bd1cf43acef754?s=96&d=mm&r=g","caption":"root"}}]}},"_links":{"self":[{"href":"https:\/\/www.esplac.cat\/en\/wp-json\/wp\/v2\/posts\/23975","targetHints":{"allow":["GET"]}}],"collection":[{"href":"https:\/\/www.esplac.cat\/en\/wp-json\/wp\/v2\/posts"}],"about":[{"href":"https:\/\/www.esplac.cat\/en\/wp-json\/wp\/v2\/types\/post"}],"author":[{"embeddable":true,"href":"https:\/\/www.esplac.cat\/en\/wp-json\/wp\/v2\/users\/1"}],"replies":[{"embeddable":true,"href":"https:\/\/www.esplac.cat\/en\/wp-json\/wp\/v2\/comments?post=23975"}],"version-history":[{"count":0,"href":"https:\/\/www.esplac.cat\/en\/wp-json\/wp\/v2\/posts\/23975\/revisions"}],"wp:featuredmedia":[{"embeddable":true,"href":"https:\/\/www.esplac.cat\/en\/wp-json\/wp\/v2\/media\/23979"}],"wp:attachment":[{"href":"https:\/\/www.esplac.cat\/en\/wp-json\/wp\/v2\/media?parent=23975"}],"wp:term":[{"taxonomy":"category","embeddable":true,"href":"https:\/\/www.esplac.cat\/en\/wp-json\/wp\/v2\/categories?post=23975"},{"taxonomy":"post_tag","embeddable":true,"href":"https:\/\/www.esplac.cat\/en\/wp-json\/wp\/v2\/tags?post=23975"}],"curies":[{"name":"wp","href":"https:\/\/api.w.org\/{rel}","templated":true}]}}