{"id":23997,"date":"2018-07-17T09:01:22","date_gmt":"2018-07-17T07:01:22","guid":{"rendered":"http:\/\/esplac.cat\/?p=17907"},"modified":"2018-07-17T09:01:22","modified_gmt":"2018-07-17T07:01:22","slug":"nova-formacio-ifm-sei","status":"publish","type":"post","link":"https:\/\/www.esplac.cat\/en\/nova-formacio-ifm-sei\/","title":{"rendered":"Inscriu-te a la nova formaci\u00f3 internacional de l\u2019IFM-SEI sobre racisme, populisme, islamof\u00f2bia i antisemitisme"},"content":{"rendered":"<h4 style=\"text-align: justify;\"><strong>La formaci\u00f3 es far\u00e0 a Estrasburg en colaboraci\u00f3 amb el Consell d\u2019Europa.<\/strong><\/h4>\n<p style=\"text-align: justify;\">Tens entre <strong>16-22 anys<\/strong> i vols abordar q\u00fcestions sobre racisme, populisme, islamof\u00f2bia o antisemitisme? T\u2019interessa reflexionar sobre la discriminaci\u00f3 estructural i les causes fonamentals del racisme des d\u2019un enfocament interseccional? Et preocupa la marginaci\u00f3 dels joves discriminats per la seva pertinen\u00e7a \u00e8tnica, racial, religiosa o geogr\u00e0fica? Tens idees per lluitar contra aquestes discriminacions o t\u2019agradaria fer-ho? Si la resposta \u00e9s s\u00ed a aquestes preguntes, <strong>apunta\u2019t a la formaci\u00f3 &#8220;Be the Change!- Youth against racism, populism, islamophobia and anti-semitism&#8221;<\/strong>.<\/p>\n<p style=\"text-align: justify;\">Els participants es reuniran durant<strong> sis dies<\/strong> per explorar els contextos hist\u00f2rics i contemporanis de racisme, populisme, islamof\u00f2bia i antisemitisme, descobrir els marcs jur\u00eddics actuals i el que significa a la pr\u00e0ctica, parlar de com ens afecta l&#8217;augment del populisme i l&#8217;impacte que la xenof\u00f2bia i la discriminaci\u00f3 a les nostres comunitats i societats i com \u00e9s una amena\u00e7a per la inclusi\u00f3 social. Analitzaran el discurs entorn d&#8217;aquests grups marginats i el vincle amb governs, empreses, institucions i el sistema capitalista.<\/p>\n<p style=\"text-align: justify;\">La formaci\u00f3 abordar\u00e0 el tema des d&#8217;una <strong>perspectiva basada en els joves<\/strong>. Veurem iniciatives actuals entorn de la inclusi\u00f3 del tema de la formaci\u00f3 a les nostres organitzacions i societats, i oferirem espai per pensar qu\u00e8 cal fer i desenvolupar els nostres propis projectes i accions.<\/p>\n<p style=\"text-align: justify;\"><strong>Informaci\u00f3 pr\u00e0ctica:<\/strong><\/p>\n<p style=\"text-align: justify;\"><strong>Dates:<\/strong> del 22 al 27 d\u2019octubre 2018<br \/>\n<strong>Lloc:\u00a0<\/strong>Estrasburg (Fran\u00e7a)<br \/>\n<strong>Qui:<\/strong>\u00a0joves o monis actius d\u2019Esplac d\u2019entre 16 i 22 anys interessats en treballar el tema de la formaci\u00f3<br \/>\n<strong>Subvenci\u00f3:<\/strong> el projecte cobreix tots les despeses d\u2019allotjament, menjar i viatge<br \/>\n<strong>Termini:<\/strong> 12 d\u2019agost del 2018<br \/>\n<strong>Inscripcions:<\/strong> envieu un email a <em>internacional@esplac.cat<\/em> i ompliu el formulari del IFM-SEI (la selecci\u00f3 final de participants la far\u00e0 l\u2019IFM-SEI)<\/p>\n<p style=\"text-align: justify;\">\n<p style=\"text-align: justify;\">M\u00e9s informaci\u00f3 sobre el programa i els criteris de selecci\u00f3 <a href=\"http:\/\/ifm-sei.org\/en\/2018\/07\/bethechange\/\" target=\"_blank\" rel=\"noopener noreferrer\">AQU\u00cd<\/a>.<\/p>\n<p style=\"text-align: justify;\">I per seguir les novetats de l\u2019activitat, aqu\u00ed teniu l\u2019enlla\u00e7 de l\u2019<a href=\"https:\/\/www.facebook.com\/events\/496557887456670\/\" target=\"_blank\" rel=\"noopener noreferrer\">esdeveniment de Facebook.<\/a><\/p>\n","protected":false},"excerpt":{"rendered":"<p>La formaci\u00f3 es far\u00e0 a Estrasburg en colaboraci\u00f3 amb el [&hellip;]<\/p>\n","protected":false},"author":1,"featured_media":23998,"comment_status":"closed","ping_status":"open","sticky":false,"template":"","format":"standard","meta":{"om_disable_all_campaigns":false,"_monsterinsights_skip_tracking":false,"_monsterinsights_sitenote_active":false,"_monsterinsights_sitenote_note":"","_monsterinsights_sitenote_category":0,"_uf_show_specific_survey":0,"_uf_disable_surveys":false,"footnotes":""},"categories":[1112,1],"tags":[992,54,59,449,993,379],"class_list":["post-23997","post","type-post","status-publish","format-standard","has-post-thumbnail","hentry","category-esplac-al-mon","category-sense-categoria","tag-antisemitisme","tag-formacio","tag-ifm-sei","tag-islamofobia","tag-populisme","tag-racisme"],"yoast_head":"<!-- This site is optimized with the Yoast SEO plugin v27.5 - https:\/\/yoast.com\/product\/yoast-seo-wordpress\/ -->\n<title>Inscriu-te a la nova formaci\u00f3 internacional de l\u2019IFM-SEI sobre racisme, populisme, islamof\u00f2bia i antisemitisme - Esplac<\/title>\n<meta name=\"robots\" content=\"index, follow, max-snippet:-1, max-image-preview:large, max-video-preview:-1\" \/>\n<link rel=\"canonical\" href=\"https:\/\/www.esplac.cat\/nova-formacio-ifm-sei\/\" \/>\n<meta property=\"og:locale\" content=\"en_US\" \/>\n<meta property=\"og:type\" content=\"article\" \/>\n<meta property=\"og:title\" content=\"Inscriu-te a la nova formaci\u00f3 internacional de l\u2019IFM-SEI sobre racisme, populisme, islamof\u00f2bia i antisemitisme - Esplac\" \/>\n<meta property=\"og:description\" content=\"La formaci\u00f3 es far\u00e0 a Estrasburg en colaboraci\u00f3 amb el [&hellip;]\" \/>\n<meta property=\"og:url\" content=\"https:\/\/www.esplac.cat\/nova-formacio-ifm-sei\/\" \/>\n<meta property=\"og:site_name\" content=\"Esplac\" \/>\n<meta property=\"article:published_time\" content=\"2018-07-17T07:01:22+00:00\" \/>\n<meta property=\"og:image\" content=\"https:\/\/www.esplac.cat\/wp-content\/uploads\/2018\/07\/ifm.jpg\" \/>\n\t<meta property=\"og:image:width\" content=\"847\" \/>\n\t<meta property=\"og:image:height\" content=\"350\" \/>\n\t<meta property=\"og:image:type\" content=\"image\/jpeg\" \/>\n<meta name=\"author\" content=\"root\" \/>\n<meta name=\"twitter:card\" content=\"summary_large_image\" \/>\n<meta name=\"twitter:label1\" content=\"Written by\" \/>\n\t<meta name=\"twitter:data1\" content=\"root\" \/>\n\t<meta name=\"twitter:label2\" content=\"Est. reading time\" \/>\n\t<meta name=\"twitter:data2\" content=\"2 minutes\" \/>\n<script type=\"application\/ld+json\" class=\"yoast-schema-graph\">{\"@context\":\"https:\\\/\\\/schema.org\",\"@graph\":[{\"@type\":\"Article\",\"@id\":\"https:\\\/\\\/www.esplac.cat\\\/nova-formacio-ifm-sei\\\/#article\",\"isPartOf\":{\"@id\":\"https:\\\/\\\/www.esplac.cat\\\/nova-formacio-ifm-sei\\\/\"},\"author\":{\"name\":\"root\",\"@id\":\"https:\\\/\\\/www.esplac.cat\\\/#\\\/schema\\\/person\\\/8d7ee340c02b239b152b9ff2c3d40766\"},\"headline\":\"Inscriu-te a la nova formaci\u00f3 internacional de l\u2019IFM-SEI sobre racisme, populisme, islamof\u00f2bia i antisemitisme\",\"datePublished\":\"2018-07-17T07:01:22+00:00\",\"mainEntityOfPage\":{\"@id\":\"https:\\\/\\\/www.esplac.cat\\\/nova-formacio-ifm-sei\\\/\"},\"wordCount\":401,\"publisher\":{\"@id\":\"https:\\\/\\\/www.esplac.cat\\\/#organization\"},\"image\":{\"@id\":\"https:\\\/\\\/www.esplac.cat\\\/nova-formacio-ifm-sei\\\/#primaryimage\"},\"thumbnailUrl\":\"https:\\\/\\\/www.esplac.cat\\\/wp-content\\\/uploads\\\/2018\\\/07\\\/ifm.jpg\",\"keywords\":[\"antisemitisme\",\"formaci\u00f3\",\"IFM-SEI\",\"islamof\u00f2bia\",\"populisme\",\"racisme\"],\"articleSection\":[\"Esplac al m\u00f3n\",\"Sense categoria\"],\"inLanguage\":\"en-US\"},{\"@type\":\"WebPage\",\"@id\":\"https:\\\/\\\/www.esplac.cat\\\/nova-formacio-ifm-sei\\\/\",\"url\":\"https:\\\/\\\/www.esplac.cat\\\/nova-formacio-ifm-sei\\\/\",\"name\":\"Inscriu-te a la nova formaci\u00f3 internacional de l\u2019IFM-SEI sobre racisme, populisme, islamof\u00f2bia i antisemitisme - Esplac\",\"isPartOf\":{\"@id\":\"https:\\\/\\\/www.esplac.cat\\\/#website\"},\"primaryImageOfPage\":{\"@id\":\"https:\\\/\\\/www.esplac.cat\\\/nova-formacio-ifm-sei\\\/#primaryimage\"},\"image\":{\"@id\":\"https:\\\/\\\/www.esplac.cat\\\/nova-formacio-ifm-sei\\\/#primaryimage\"},\"thumbnailUrl\":\"https:\\\/\\\/www.esplac.cat\\\/wp-content\\\/uploads\\\/2018\\\/07\\\/ifm.jpg\",\"datePublished\":\"2018-07-17T07:01:22+00:00\",\"breadcrumb\":{\"@id\":\"https:\\\/\\\/www.esplac.cat\\\/nova-formacio-ifm-sei\\\/#breadcrumb\"},\"inLanguage\":\"en-US\",\"potentialAction\":[{\"@type\":\"ReadAction\",\"target\":[\"https:\\\/\\\/www.esplac.cat\\\/nova-formacio-ifm-sei\\\/\"]}]},{\"@type\":\"ImageObject\",\"inLanguage\":\"en-US\",\"@id\":\"https:\\\/\\\/www.esplac.cat\\\/nova-formacio-ifm-sei\\\/#primaryimage\",\"url\":\"https:\\\/\\\/www.esplac.cat\\\/wp-content\\\/uploads\\\/2018\\\/07\\\/ifm.jpg\",\"contentUrl\":\"https:\\\/\\\/www.esplac.cat\\\/wp-content\\\/uploads\\\/2018\\\/07\\\/ifm.jpg\",\"width\":847,\"height\":350},{\"@type\":\"BreadcrumbList\",\"@id\":\"https:\\\/\\\/www.esplac.cat\\\/nova-formacio-ifm-sei\\\/#breadcrumb\",\"itemListElement\":[{\"@type\":\"ListItem\",\"position\":1,\"name\":\"Inici\",\"item\":\"https:\\\/\\\/www.esplac.cat\\\/en\\\/\"},{\"@type\":\"ListItem\",\"position\":2,\"name\":\"Inscriu-te a la nova formaci\u00f3 internacional de l\u2019IFM-SEI sobre racisme, populisme, islamof\u00f2bia i antisemitisme\"}]},{\"@type\":\"WebSite\",\"@id\":\"https:\\\/\\\/www.esplac.cat\\\/#website\",\"url\":\"https:\\\/\\\/www.esplac.cat\\\/\",\"name\":\"Esplac\",\"description\":\"Esplais Catalans\",\"publisher\":{\"@id\":\"https:\\\/\\\/www.esplac.cat\\\/#organization\"},\"potentialAction\":[{\"@type\":\"SearchAction\",\"target\":{\"@type\":\"EntryPoint\",\"urlTemplate\":\"https:\\\/\\\/www.esplac.cat\\\/?s={search_term_string}\"},\"query-input\":{\"@type\":\"PropertyValueSpecification\",\"valueRequired\":true,\"valueName\":\"search_term_string\"}}],\"inLanguage\":\"en-US\"},{\"@type\":\"Organization\",\"@id\":\"https:\\\/\\\/www.esplac.cat\\\/#organization\",\"name\":\"Esplac\",\"url\":\"https:\\\/\\\/www.esplac.cat\\\/\",\"logo\":{\"@type\":\"ImageObject\",\"inLanguage\":\"en-US\",\"@id\":\"https:\\\/\\\/www.esplac.cat\\\/#\\\/schema\\\/logo\\\/image\\\/\",\"url\":\"https:\\\/\\\/www.esplac.cat\\\/wp-content\\\/uploads\\\/2019\\\/08\\\/logox2.png\",\"contentUrl\":\"https:\\\/\\\/www.esplac.cat\\\/wp-content\\\/uploads\\\/2019\\\/08\\\/logox2.png\",\"width\":600,\"height\":295,\"caption\":\"Esplac\"},\"image\":{\"@id\":\"https:\\\/\\\/www.esplac.cat\\\/#\\\/schema\\\/logo\\\/image\\\/\"}},{\"@type\":\"Person\",\"@id\":\"https:\\\/\\\/www.esplac.cat\\\/#\\\/schema\\\/person\\\/8d7ee340c02b239b152b9ff2c3d40766\",\"name\":\"root\",\"image\":{\"@type\":\"ImageObject\",\"inLanguage\":\"en-US\",\"@id\":\"https:\\\/\\\/secure.gravatar.com\\\/avatar\\\/9356757d53af8c5db257f894fbbd9ee7446c25af07cd2e7844bd1cf43acef754?s=96&d=mm&r=g\",\"url\":\"https:\\\/\\\/secure.gravatar.com\\\/avatar\\\/9356757d53af8c5db257f894fbbd9ee7446c25af07cd2e7844bd1cf43acef754?s=96&d=mm&r=g\",\"contentUrl\":\"https:\\\/\\\/secure.gravatar.com\\\/avatar\\\/9356757d53af8c5db257f894fbbd9ee7446c25af07cd2e7844bd1cf43acef754?s=96&d=mm&r=g\",\"caption\":\"root\"}}]}<\/script>\n<!-- \/ Yoast SEO plugin. -->","yoast_head_json":{"title":"Inscriu-te a la nova formaci\u00f3 internacional de l\u2019IFM-SEI sobre racisme, populisme, islamof\u00f2bia i antisemitisme - Esplac","robots":{"index":"index","follow":"follow","max-snippet":"max-snippet:-1","max-image-preview":"max-image-preview:large","max-video-preview":"max-video-preview:-1"},"canonical":"https:\/\/www.esplac.cat\/nova-formacio-ifm-sei\/","og_locale":"en_US","og_type":"article","og_title":"Inscriu-te a la nova formaci\u00f3 internacional de l\u2019IFM-SEI sobre racisme, populisme, islamof\u00f2bia i antisemitisme - Esplac","og_description":"La formaci\u00f3 es far\u00e0 a Estrasburg en colaboraci\u00f3 amb el [&hellip;]","og_url":"https:\/\/www.esplac.cat\/nova-formacio-ifm-sei\/","og_site_name":"Esplac","article_published_time":"2018-07-17T07:01:22+00:00","og_image":[{"width":847,"height":350,"url":"https:\/\/www.esplac.cat\/wp-content\/uploads\/2018\/07\/ifm.jpg","type":"image\/jpeg"}],"author":"root","twitter_card":"summary_large_image","twitter_misc":{"Written by":"root","Est. reading time":"2 minutes"},"schema":{"@context":"https:\/\/schema.org","@graph":[{"@type":"Article","@id":"https:\/\/www.esplac.cat\/nova-formacio-ifm-sei\/#article","isPartOf":{"@id":"https:\/\/www.esplac.cat\/nova-formacio-ifm-sei\/"},"author":{"name":"root","@id":"https:\/\/www.esplac.cat\/#\/schema\/person\/8d7ee340c02b239b152b9ff2c3d40766"},"headline":"Inscriu-te a la nova formaci\u00f3 internacional de l\u2019IFM-SEI sobre racisme, populisme, islamof\u00f2bia i antisemitisme","datePublished":"2018-07-17T07:01:22+00:00","mainEntityOfPage":{"@id":"https:\/\/www.esplac.cat\/nova-formacio-ifm-sei\/"},"wordCount":401,"publisher":{"@id":"https:\/\/www.esplac.cat\/#organization"},"image":{"@id":"https:\/\/www.esplac.cat\/nova-formacio-ifm-sei\/#primaryimage"},"thumbnailUrl":"https:\/\/www.esplac.cat\/wp-content\/uploads\/2018\/07\/ifm.jpg","keywords":["antisemitisme","formaci\u00f3","IFM-SEI","islamof\u00f2bia","populisme","racisme"],"articleSection":["Esplac al m\u00f3n","Sense categoria"],"inLanguage":"en-US"},{"@type":"WebPage","@id":"https:\/\/www.esplac.cat\/nova-formacio-ifm-sei\/","url":"https:\/\/www.esplac.cat\/nova-formacio-ifm-sei\/","name":"Inscriu-te a la nova formaci\u00f3 internacional de l\u2019IFM-SEI sobre racisme, populisme, islamof\u00f2bia i antisemitisme - Esplac","isPartOf":{"@id":"https:\/\/www.esplac.cat\/#website"},"primaryImageOfPage":{"@id":"https:\/\/www.esplac.cat\/nova-formacio-ifm-sei\/#primaryimage"},"image":{"@id":"https:\/\/www.esplac.cat\/nova-formacio-ifm-sei\/#primaryimage"},"thumbnailUrl":"https:\/\/www.esplac.cat\/wp-content\/uploads\/2018\/07\/ifm.jpg","datePublished":"2018-07-17T07:01:22+00:00","breadcrumb":{"@id":"https:\/\/www.esplac.cat\/nova-formacio-ifm-sei\/#breadcrumb"},"inLanguage":"en-US","potentialAction":[{"@type":"ReadAction","target":["https:\/\/www.esplac.cat\/nova-formacio-ifm-sei\/"]}]},{"@type":"ImageObject","inLanguage":"en-US","@id":"https:\/\/www.esplac.cat\/nova-formacio-ifm-sei\/#primaryimage","url":"https:\/\/www.esplac.cat\/wp-content\/uploads\/2018\/07\/ifm.jpg","contentUrl":"https:\/\/www.esplac.cat\/wp-content\/uploads\/2018\/07\/ifm.jpg","width":847,"height":350},{"@type":"BreadcrumbList","@id":"https:\/\/www.esplac.cat\/nova-formacio-ifm-sei\/#breadcrumb","itemListElement":[{"@type":"ListItem","position":1,"name":"Inici","item":"https:\/\/www.esplac.cat\/en\/"},{"@type":"ListItem","position":2,"name":"Inscriu-te a la nova formaci\u00f3 internacional de l\u2019IFM-SEI sobre racisme, populisme, islamof\u00f2bia i antisemitisme"}]},{"@type":"WebSite","@id":"https:\/\/www.esplac.cat\/#website","url":"https:\/\/www.esplac.cat\/","name":"Esplac","description":"Esplais Catalans","publisher":{"@id":"https:\/\/www.esplac.cat\/#organization"},"potentialAction":[{"@type":"SearchAction","target":{"@type":"EntryPoint","urlTemplate":"https:\/\/www.esplac.cat\/?s={search_term_string}"},"query-input":{"@type":"PropertyValueSpecification","valueRequired":true,"valueName":"search_term_string"}}],"inLanguage":"en-US"},{"@type":"Organization","@id":"https:\/\/www.esplac.cat\/#organization","name":"Esplac","url":"https:\/\/www.esplac.cat\/","logo":{"@type":"ImageObject","inLanguage":"en-US","@id":"https:\/\/www.esplac.cat\/#\/schema\/logo\/image\/","url":"https:\/\/www.esplac.cat\/wp-content\/uploads\/2019\/08\/logox2.png","contentUrl":"https:\/\/www.esplac.cat\/wp-content\/uploads\/2019\/08\/logox2.png","width":600,"height":295,"caption":"Esplac"},"image":{"@id":"https:\/\/www.esplac.cat\/#\/schema\/logo\/image\/"}},{"@type":"Person","@id":"https:\/\/www.esplac.cat\/#\/schema\/person\/8d7ee340c02b239b152b9ff2c3d40766","name":"root","image":{"@type":"ImageObject","inLanguage":"en-US","@id":"https:\/\/secure.gravatar.com\/avatar\/9356757d53af8c5db257f894fbbd9ee7446c25af07cd2e7844bd1cf43acef754?s=96&d=mm&r=g","url":"https:\/\/secure.gravatar.com\/avatar\/9356757d53af8c5db257f894fbbd9ee7446c25af07cd2e7844bd1cf43acef754?s=96&d=mm&r=g","contentUrl":"https:\/\/secure.gravatar.com\/avatar\/9356757d53af8c5db257f894fbbd9ee7446c25af07cd2e7844bd1cf43acef754?s=96&d=mm&r=g","caption":"root"}}]}},"_links":{"self":[{"href":"https:\/\/www.esplac.cat\/en\/wp-json\/wp\/v2\/posts\/23997","targetHints":{"allow":["GET"]}}],"collection":[{"href":"https:\/\/www.esplac.cat\/en\/wp-json\/wp\/v2\/posts"}],"about":[{"href":"https:\/\/www.esplac.cat\/en\/wp-json\/wp\/v2\/types\/post"}],"author":[{"embeddable":true,"href":"https:\/\/www.esplac.cat\/en\/wp-json\/wp\/v2\/users\/1"}],"replies":[{"embeddable":true,"href":"https:\/\/www.esplac.cat\/en\/wp-json\/wp\/v2\/comments?post=23997"}],"version-history":[{"count":0,"href":"https:\/\/www.esplac.cat\/en\/wp-json\/wp\/v2\/posts\/23997\/revisions"}],"wp:featuredmedia":[{"embeddable":true,"href":"https:\/\/www.esplac.cat\/en\/wp-json\/wp\/v2\/media\/23998"}],"wp:attachment":[{"href":"https:\/\/www.esplac.cat\/en\/wp-json\/wp\/v2\/media?parent=23997"}],"wp:term":[{"taxonomy":"category","embeddable":true,"href":"https:\/\/www.esplac.cat\/en\/wp-json\/wp\/v2\/categories?post=23997"},{"taxonomy":"post_tag","embeddable":true,"href":"https:\/\/www.esplac.cat\/en\/wp-json\/wp\/v2\/tags?post=23997"}],"curies":[{"name":"wp","href":"https:\/\/api.w.org\/{rel}","templated":true}]}}