{"id":24002,"date":"2018-06-28T11:20:36","date_gmt":"2018-06-28T09:20:36","guid":{"rendered":"http:\/\/esplac.cat\/?p=17870"},"modified":"2018-06-28T11:20:36","modified_gmt":"2018-06-28T09:20:36","slug":"convocatoria-servei-de-voluntariat-europeu","status":"publish","type":"post","link":"https:\/\/www.esplac.cat\/en\/convocatoria-servei-de-voluntariat-europeu\/","title":{"rendered":"Obertes les convocat\u00f2ries per participar en el projecte de Servei de Voluntariat Europeu el curs vinent"},"content":{"rendered":"<h4 style=\"text-align: justify;\">El projecte Servei de Voluntariat Europeu (SVE) d\u2019Esplac ofereix a dos monis la possibilitat de marxar un any a Alemanya o Finl\u00e0ndia i, a dos esplais, d\u2019acollir a voluntaris d\u2019aquests mateixos pa\u00efsos.<\/h4>\n<p style=\"text-align: justify;\">Despr\u00e9s d\u2019uns anys d\u2019experi\u00e8ncia acollint monis del SVE estrangers i enviant monis d\u2019Esplac a organitzacions d\u2019altres pa\u00efsos l\u2019any passat Esplais Catalans ens vam proposar per coordinar els nostres propis SVE i recuperar aquest projecte que tanta demanda t\u00e9 des dels esplais i des dels seus i les seves monis. Aix\u00ed, dues monis d\u2019Esplac han estat vivint a \u00c0ustria i Portugal fent voluntariat des del setembre. A Esplac hem acollit, amb l\u2019esplai Torxa a un noi de Portugal que ha estat participant de l\u2019esplai, ajudant a la Secretaria T\u00e8cnica i a l\u2019Esplaiada. Podeu llegir les seves aventures al blog del projecte <a href=\"https:\/\/www.somesplai.cat\/index.php\/category\/creuant_mirades\/\" target=\"_blank\" rel=\"noopener noreferrer\">Creuant Mirades del SomEsplai.<\/a><\/p>\n<p style=\"text-align: justify;\">Despr\u00e9s d\u2019aquesta experi\u00e8ncia tant positiva, vam decidir tornar a demanar finan\u00e7ament per a repetir el projecte, aquesta vegada amb pa\u00efsos i organitzacions diferents. \u00c9s la continuaci\u00f3 del projecte \u201cCreuant Mirades\u201d de l\u2019any passat, i tot i que encara estem pendents de saber si rebrem el finan\u00e7ament per a dur-lo a terme, som optimistes que ens aprovaran el projecte i <strong>avui obrim el per\u00edode per inscriure\u2019s de cara a comen\u00e7ar les estades de SVE el curs vinent.<\/strong><\/p>\n<p style=\"text-align: justify;\">El projecte t\u00e9 dues branques, <strong>la primera \u00e9s la col\u00b7laboraci\u00f3 amb SJD Die Falken (Alemanya) i la segona amb Nuoret Kotkat (Finl\u00e0ndia).<\/strong> Ambdues branques compten amb una acollida (esplai que acull a un\/a voluntari\/a de fora) i amb un enviament (moni d\u2019Esplac que marxa).<\/p>\n<p style=\"text-align: justify;\"><strong>El termini d\u2019inscripcions finalitzar\u00e0 el 20 d&#8217;Agost\u00a0<\/strong>(pels esplais que volen acollir ser\u00e0 el 31 d&#8217;agost).<\/p>\n<p style=\"text-align: justify;\">Per m\u00e9s informaci\u00f3 sobre cada convocat\u00f2ria, cliqueu en la que m\u00e9s us interessi:<\/p>\n<p style=\"text-align: justify;\"><strong>Convocat\u00f2ria 1.<\/strong> Acollida d\u2019un\/a volunt\u00e0ri\/a d\u2019Alemanya. <a href=\"http:\/\/esplac.cat\/wp-content\/uploads\/2018\/07\/Convocato\u0300ria-1.-Acollida-Alemanya-2.pdf\" target=\"_blank\" rel=\"noopener noreferrer\">INFORMACI\u00d3 <\/a>I <a href=\"https:\/\/docs.google.com\/forms\/d\/1iEcsFOgGcdnd_HeE4f6V3t9KxKE35XvrLKmZcosPccc\/edit\" target=\"_blank\" rel=\"noopener noreferrer\">INSCRIPCI\u00d3<\/a><br \/>\n<strong>Convocat\u00f2ria 2.<\/strong> Enviament d\u2019un\/a moni a Alemanya. <a href=\"http:\/\/esplac.cat\/wp-content\/uploads\/2018\/07\/Convocato\u0300ria-2.-Enviament-de-moni-a-Alemanya.-1.pdf\" target=\"_blank\" rel=\"noopener noreferrer\">INFORMACI\u00d3<\/a> I <a href=\"https:\/\/docs.google.com\/a\/esplac.cat\/forms\/d\/17HuP3BZv3dX6LQiHS380r0oTets0KBKIavSM_edfGrU\/edit?usp=drive_web\" target=\"_blank\" rel=\"noopener noreferrer\">INSCRIPCI\u00d3<\/a><br \/>\n<strong>Convocat\u00f2ria 3<\/strong>. Acollida d\u2019un\/a volunt\u00e0ri\/a de Finl\u00e0ndia. <a href=\"http:\/\/esplac.cat\/wp-content\/uploads\/2018\/07\/Convocato\u0300ria-3.-Acollida-a-Finla\u0300ndia-2.pdf\" target=\"_blank\" rel=\"noopener noreferrer\">INFORMACI\u00d3<\/a> I <a href=\"https:\/\/docs.google.com\/forms\/d\/1AkChED1XwCHFboycKNH-_sa_1PKqpBuv7ngtIFH0jc8\/edit\" target=\"_blank\" rel=\"noopener noreferrer\">INSCRIPCI\u00d3<\/a><br \/>\n<strong>Convocat\u00f2ria 4.<\/strong> Enviament d\u2019un\/a moni a Finl\u00e0ndia. <a href=\"http:\/\/esplac.cat\/wp-content\/uploads\/2018\/07\/Convocato\u0300ria-4.-Enviament-de-moni-a-Finla\u0300ndia.-3.pdf\" target=\"_blank\" rel=\"noopener noreferrer\">INFORMACI\u00d3<\/a> I <a href=\"https:\/\/docs.google.com\/forms\/d\/1G1yZDRhG2OIU-UD4QQidmQZHRl6XR_AIWGlwCUmIB_I\/edit\" target=\"_blank\" rel=\"noopener noreferrer\">INSCRIPCI\u00d3<\/a><\/p>\n<p style=\"text-align: justify;\"><a href=\"http:\/\/esplac.cat\/wp-content\/uploads\/2018\/06\/voluntariateuropeu-1-300x257.jpg\"><img decoding=\"async\" class=\"size-full wp-image-17874 aligncenter\" src=\"http:\/\/esplac.cat\/wp-content\/uploads\/2018\/06\/voluntariateuropeu-1-300x257.jpg\" alt=\"\" width=\"300\" height=\"257\" \/><\/a><\/p>\n","protected":false},"excerpt":{"rendered":"<p>El projecte Servei de Voluntariat Europeu (SVE) d\u2019Esplac ofereix a [&hellip;]<\/p>\n","protected":false},"author":1,"featured_media":24004,"comment_status":"closed","ping_status":"open","sticky":false,"template":"","format":"standard","meta":{"om_disable_all_campaigns":false,"_monsterinsights_skip_tracking":false,"_monsterinsights_sitenote_active":false,"_monsterinsights_sitenote_note":"","_monsterinsights_sitenote_category":0,"_uf_show_specific_survey":0,"_uf_disable_surveys":false,"footnotes":""},"categories":[1112,1],"tags":[271,990,225,991],"class_list":["post-24002","post","type-post","status-publish","format-standard","has-post-thumbnail","hentry","category-esplac-al-mon","category-sense-categoria","tag-alemanya","tag-finlandia","tag-inscripcions","tag-volutariat-europeu"],"yoast_head":"<!-- This site is optimized with the Yoast SEO plugin v27.5 - https:\/\/yoast.com\/product\/yoast-seo-wordpress\/ -->\n<title>Obertes les convocat\u00f2ries per participar en el projecte de Servei de Voluntariat Europeu el curs vinent - Esplac<\/title>\n<meta name=\"robots\" content=\"index, follow, max-snippet:-1, max-image-preview:large, max-video-preview:-1\" \/>\n<link rel=\"canonical\" href=\"https:\/\/www.esplac.cat\/convocatoria-servei-de-voluntariat-europeu\/\" \/>\n<meta property=\"og:locale\" content=\"en_US\" \/>\n<meta property=\"og:type\" content=\"article\" \/>\n<meta property=\"og:title\" content=\"Obertes les convocat\u00f2ries per participar en el projecte de Servei de Voluntariat Europeu el curs vinent - Esplac\" \/>\n<meta property=\"og:description\" content=\"El projecte Servei de Voluntariat Europeu (SVE) d\u2019Esplac ofereix a [&hellip;]\" \/>\n<meta property=\"og:url\" content=\"https:\/\/www.esplac.cat\/convocatoria-servei-de-voluntariat-europeu\/\" \/>\n<meta property=\"og:site_name\" content=\"Esplac\" \/>\n<meta property=\"article:published_time\" content=\"2018-06-28T09:20:36+00:00\" \/>\n<meta property=\"og:image\" content=\"https:\/\/www.esplac.cat\/wp-content\/uploads\/2018\/06\/SVE.jpg\" \/>\n\t<meta property=\"og:image:width\" content=\"847\" \/>\n\t<meta property=\"og:image:height\" content=\"350\" \/>\n\t<meta property=\"og:image:type\" content=\"image\/jpeg\" \/>\n<meta name=\"author\" content=\"root\" \/>\n<meta name=\"twitter:card\" content=\"summary_large_image\" \/>\n<meta name=\"twitter:label1\" content=\"Written by\" \/>\n\t<meta name=\"twitter:data1\" content=\"root\" \/>\n\t<meta name=\"twitter:label2\" content=\"Est. reading time\" \/>\n\t<meta name=\"twitter:data2\" content=\"2 minutes\" \/>\n<script type=\"application\/ld+json\" class=\"yoast-schema-graph\">{\"@context\":\"https:\\\/\\\/schema.org\",\"@graph\":[{\"@type\":\"Article\",\"@id\":\"https:\\\/\\\/www.esplac.cat\\\/convocatoria-servei-de-voluntariat-europeu\\\/#article\",\"isPartOf\":{\"@id\":\"https:\\\/\\\/www.esplac.cat\\\/convocatoria-servei-de-voluntariat-europeu\\\/\"},\"author\":{\"name\":\"root\",\"@id\":\"https:\\\/\\\/www.esplac.cat\\\/#\\\/schema\\\/person\\\/8d7ee340c02b239b152b9ff2c3d40766\"},\"headline\":\"Obertes les convocat\u00f2ries per participar en el projecte de Servei de Voluntariat Europeu el curs vinent\",\"datePublished\":\"2018-06-28T09:20:36+00:00\",\"mainEntityOfPage\":{\"@id\":\"https:\\\/\\\/www.esplac.cat\\\/convocatoria-servei-de-voluntariat-europeu\\\/\"},\"wordCount\":393,\"publisher\":{\"@id\":\"https:\\\/\\\/www.esplac.cat\\\/#organization\"},\"image\":{\"@id\":\"https:\\\/\\\/www.esplac.cat\\\/convocatoria-servei-de-voluntariat-europeu\\\/#primaryimage\"},\"thumbnailUrl\":\"https:\\\/\\\/www.esplac.cat\\\/wp-content\\\/uploads\\\/2018\\\/06\\\/SVE.jpg\",\"keywords\":[\"alemanya\",\"Finlandia\",\"inscripcions\",\"Volutariat Europeu\"],\"articleSection\":[\"Esplac al m\u00f3n\",\"Sense categoria\"],\"inLanguage\":\"en-US\"},{\"@type\":\"WebPage\",\"@id\":\"https:\\\/\\\/www.esplac.cat\\\/convocatoria-servei-de-voluntariat-europeu\\\/\",\"url\":\"https:\\\/\\\/www.esplac.cat\\\/convocatoria-servei-de-voluntariat-europeu\\\/\",\"name\":\"Obertes les convocat\u00f2ries per participar en el projecte de Servei de Voluntariat Europeu el curs vinent - Esplac\",\"isPartOf\":{\"@id\":\"https:\\\/\\\/www.esplac.cat\\\/#website\"},\"primaryImageOfPage\":{\"@id\":\"https:\\\/\\\/www.esplac.cat\\\/convocatoria-servei-de-voluntariat-europeu\\\/#primaryimage\"},\"image\":{\"@id\":\"https:\\\/\\\/www.esplac.cat\\\/convocatoria-servei-de-voluntariat-europeu\\\/#primaryimage\"},\"thumbnailUrl\":\"https:\\\/\\\/www.esplac.cat\\\/wp-content\\\/uploads\\\/2018\\\/06\\\/SVE.jpg\",\"datePublished\":\"2018-06-28T09:20:36+00:00\",\"breadcrumb\":{\"@id\":\"https:\\\/\\\/www.esplac.cat\\\/convocatoria-servei-de-voluntariat-europeu\\\/#breadcrumb\"},\"inLanguage\":\"en-US\",\"potentialAction\":[{\"@type\":\"ReadAction\",\"target\":[\"https:\\\/\\\/www.esplac.cat\\\/convocatoria-servei-de-voluntariat-europeu\\\/\"]}]},{\"@type\":\"ImageObject\",\"inLanguage\":\"en-US\",\"@id\":\"https:\\\/\\\/www.esplac.cat\\\/convocatoria-servei-de-voluntariat-europeu\\\/#primaryimage\",\"url\":\"https:\\\/\\\/www.esplac.cat\\\/wp-content\\\/uploads\\\/2018\\\/06\\\/SVE.jpg\",\"contentUrl\":\"https:\\\/\\\/www.esplac.cat\\\/wp-content\\\/uploads\\\/2018\\\/06\\\/SVE.jpg\",\"width\":847,\"height\":350},{\"@type\":\"BreadcrumbList\",\"@id\":\"https:\\\/\\\/www.esplac.cat\\\/convocatoria-servei-de-voluntariat-europeu\\\/#breadcrumb\",\"itemListElement\":[{\"@type\":\"ListItem\",\"position\":1,\"name\":\"Inici\",\"item\":\"https:\\\/\\\/www.esplac.cat\\\/en\\\/\"},{\"@type\":\"ListItem\",\"position\":2,\"name\":\"Obertes les convocat\u00f2ries per participar en el projecte de Servei de Voluntariat Europeu el curs vinent\"}]},{\"@type\":\"WebSite\",\"@id\":\"https:\\\/\\\/www.esplac.cat\\\/#website\",\"url\":\"https:\\\/\\\/www.esplac.cat\\\/\",\"name\":\"Esplac\",\"description\":\"Esplais Catalans\",\"publisher\":{\"@id\":\"https:\\\/\\\/www.esplac.cat\\\/#organization\"},\"potentialAction\":[{\"@type\":\"SearchAction\",\"target\":{\"@type\":\"EntryPoint\",\"urlTemplate\":\"https:\\\/\\\/www.esplac.cat\\\/?s={search_term_string}\"},\"query-input\":{\"@type\":\"PropertyValueSpecification\",\"valueRequired\":true,\"valueName\":\"search_term_string\"}}],\"inLanguage\":\"en-US\"},{\"@type\":\"Organization\",\"@id\":\"https:\\\/\\\/www.esplac.cat\\\/#organization\",\"name\":\"Esplac\",\"url\":\"https:\\\/\\\/www.esplac.cat\\\/\",\"logo\":{\"@type\":\"ImageObject\",\"inLanguage\":\"en-US\",\"@id\":\"https:\\\/\\\/www.esplac.cat\\\/#\\\/schema\\\/logo\\\/image\\\/\",\"url\":\"https:\\\/\\\/www.esplac.cat\\\/wp-content\\\/uploads\\\/2019\\\/08\\\/logox2.png\",\"contentUrl\":\"https:\\\/\\\/www.esplac.cat\\\/wp-content\\\/uploads\\\/2019\\\/08\\\/logox2.png\",\"width\":600,\"height\":295,\"caption\":\"Esplac\"},\"image\":{\"@id\":\"https:\\\/\\\/www.esplac.cat\\\/#\\\/schema\\\/logo\\\/image\\\/\"}},{\"@type\":\"Person\",\"@id\":\"https:\\\/\\\/www.esplac.cat\\\/#\\\/schema\\\/person\\\/8d7ee340c02b239b152b9ff2c3d40766\",\"name\":\"root\",\"image\":{\"@type\":\"ImageObject\",\"inLanguage\":\"en-US\",\"@id\":\"https:\\\/\\\/secure.gravatar.com\\\/avatar\\\/9356757d53af8c5db257f894fbbd9ee7446c25af07cd2e7844bd1cf43acef754?s=96&d=mm&r=g\",\"url\":\"https:\\\/\\\/secure.gravatar.com\\\/avatar\\\/9356757d53af8c5db257f894fbbd9ee7446c25af07cd2e7844bd1cf43acef754?s=96&d=mm&r=g\",\"contentUrl\":\"https:\\\/\\\/secure.gravatar.com\\\/avatar\\\/9356757d53af8c5db257f894fbbd9ee7446c25af07cd2e7844bd1cf43acef754?s=96&d=mm&r=g\",\"caption\":\"root\"}}]}<\/script>\n<!-- \/ Yoast SEO plugin. -->","yoast_head_json":{"title":"Obertes les convocat\u00f2ries per participar en el projecte de Servei de Voluntariat Europeu el curs vinent - Esplac","robots":{"index":"index","follow":"follow","max-snippet":"max-snippet:-1","max-image-preview":"max-image-preview:large","max-video-preview":"max-video-preview:-1"},"canonical":"https:\/\/www.esplac.cat\/convocatoria-servei-de-voluntariat-europeu\/","og_locale":"en_US","og_type":"article","og_title":"Obertes les convocat\u00f2ries per participar en el projecte de Servei de Voluntariat Europeu el curs vinent - Esplac","og_description":"El projecte Servei de Voluntariat Europeu (SVE) d\u2019Esplac ofereix a [&hellip;]","og_url":"https:\/\/www.esplac.cat\/convocatoria-servei-de-voluntariat-europeu\/","og_site_name":"Esplac","article_published_time":"2018-06-28T09:20:36+00:00","og_image":[{"width":847,"height":350,"url":"https:\/\/www.esplac.cat\/wp-content\/uploads\/2018\/06\/SVE.jpg","type":"image\/jpeg"}],"author":"root","twitter_card":"summary_large_image","twitter_misc":{"Written by":"root","Est. reading time":"2 minutes"},"schema":{"@context":"https:\/\/schema.org","@graph":[{"@type":"Article","@id":"https:\/\/www.esplac.cat\/convocatoria-servei-de-voluntariat-europeu\/#article","isPartOf":{"@id":"https:\/\/www.esplac.cat\/convocatoria-servei-de-voluntariat-europeu\/"},"author":{"name":"root","@id":"https:\/\/www.esplac.cat\/#\/schema\/person\/8d7ee340c02b239b152b9ff2c3d40766"},"headline":"Obertes les convocat\u00f2ries per participar en el projecte de Servei de Voluntariat Europeu el curs vinent","datePublished":"2018-06-28T09:20:36+00:00","mainEntityOfPage":{"@id":"https:\/\/www.esplac.cat\/convocatoria-servei-de-voluntariat-europeu\/"},"wordCount":393,"publisher":{"@id":"https:\/\/www.esplac.cat\/#organization"},"image":{"@id":"https:\/\/www.esplac.cat\/convocatoria-servei-de-voluntariat-europeu\/#primaryimage"},"thumbnailUrl":"https:\/\/www.esplac.cat\/wp-content\/uploads\/2018\/06\/SVE.jpg","keywords":["alemanya","Finlandia","inscripcions","Volutariat Europeu"],"articleSection":["Esplac al m\u00f3n","Sense categoria"],"inLanguage":"en-US"},{"@type":"WebPage","@id":"https:\/\/www.esplac.cat\/convocatoria-servei-de-voluntariat-europeu\/","url":"https:\/\/www.esplac.cat\/convocatoria-servei-de-voluntariat-europeu\/","name":"Obertes les convocat\u00f2ries per participar en el projecte de Servei de Voluntariat Europeu el curs vinent - Esplac","isPartOf":{"@id":"https:\/\/www.esplac.cat\/#website"},"primaryImageOfPage":{"@id":"https:\/\/www.esplac.cat\/convocatoria-servei-de-voluntariat-europeu\/#primaryimage"},"image":{"@id":"https:\/\/www.esplac.cat\/convocatoria-servei-de-voluntariat-europeu\/#primaryimage"},"thumbnailUrl":"https:\/\/www.esplac.cat\/wp-content\/uploads\/2018\/06\/SVE.jpg","datePublished":"2018-06-28T09:20:36+00:00","breadcrumb":{"@id":"https:\/\/www.esplac.cat\/convocatoria-servei-de-voluntariat-europeu\/#breadcrumb"},"inLanguage":"en-US","potentialAction":[{"@type":"ReadAction","target":["https:\/\/www.esplac.cat\/convocatoria-servei-de-voluntariat-europeu\/"]}]},{"@type":"ImageObject","inLanguage":"en-US","@id":"https:\/\/www.esplac.cat\/convocatoria-servei-de-voluntariat-europeu\/#primaryimage","url":"https:\/\/www.esplac.cat\/wp-content\/uploads\/2018\/06\/SVE.jpg","contentUrl":"https:\/\/www.esplac.cat\/wp-content\/uploads\/2018\/06\/SVE.jpg","width":847,"height":350},{"@type":"BreadcrumbList","@id":"https:\/\/www.esplac.cat\/convocatoria-servei-de-voluntariat-europeu\/#breadcrumb","itemListElement":[{"@type":"ListItem","position":1,"name":"Inici","item":"https:\/\/www.esplac.cat\/en\/"},{"@type":"ListItem","position":2,"name":"Obertes les convocat\u00f2ries per participar en el projecte de Servei de Voluntariat Europeu el curs vinent"}]},{"@type":"WebSite","@id":"https:\/\/www.esplac.cat\/#website","url":"https:\/\/www.esplac.cat\/","name":"Esplac","description":"Esplais Catalans","publisher":{"@id":"https:\/\/www.esplac.cat\/#organization"},"potentialAction":[{"@type":"SearchAction","target":{"@type":"EntryPoint","urlTemplate":"https:\/\/www.esplac.cat\/?s={search_term_string}"},"query-input":{"@type":"PropertyValueSpecification","valueRequired":true,"valueName":"search_term_string"}}],"inLanguage":"en-US"},{"@type":"Organization","@id":"https:\/\/www.esplac.cat\/#organization","name":"Esplac","url":"https:\/\/www.esplac.cat\/","logo":{"@type":"ImageObject","inLanguage":"en-US","@id":"https:\/\/www.esplac.cat\/#\/schema\/logo\/image\/","url":"https:\/\/www.esplac.cat\/wp-content\/uploads\/2019\/08\/logox2.png","contentUrl":"https:\/\/www.esplac.cat\/wp-content\/uploads\/2019\/08\/logox2.png","width":600,"height":295,"caption":"Esplac"},"image":{"@id":"https:\/\/www.esplac.cat\/#\/schema\/logo\/image\/"}},{"@type":"Person","@id":"https:\/\/www.esplac.cat\/#\/schema\/person\/8d7ee340c02b239b152b9ff2c3d40766","name":"root","image":{"@type":"ImageObject","inLanguage":"en-US","@id":"https:\/\/secure.gravatar.com\/avatar\/9356757d53af8c5db257f894fbbd9ee7446c25af07cd2e7844bd1cf43acef754?s=96&d=mm&r=g","url":"https:\/\/secure.gravatar.com\/avatar\/9356757d53af8c5db257f894fbbd9ee7446c25af07cd2e7844bd1cf43acef754?s=96&d=mm&r=g","contentUrl":"https:\/\/secure.gravatar.com\/avatar\/9356757d53af8c5db257f894fbbd9ee7446c25af07cd2e7844bd1cf43acef754?s=96&d=mm&r=g","caption":"root"}}]}},"_links":{"self":[{"href":"https:\/\/www.esplac.cat\/en\/wp-json\/wp\/v2\/posts\/24002","targetHints":{"allow":["GET"]}}],"collection":[{"href":"https:\/\/www.esplac.cat\/en\/wp-json\/wp\/v2\/posts"}],"about":[{"href":"https:\/\/www.esplac.cat\/en\/wp-json\/wp\/v2\/types\/post"}],"author":[{"embeddable":true,"href":"https:\/\/www.esplac.cat\/en\/wp-json\/wp\/v2\/users\/1"}],"replies":[{"embeddable":true,"href":"https:\/\/www.esplac.cat\/en\/wp-json\/wp\/v2\/comments?post=24002"}],"version-history":[{"count":0,"href":"https:\/\/www.esplac.cat\/en\/wp-json\/wp\/v2\/posts\/24002\/revisions"}],"wp:featuredmedia":[{"embeddable":true,"href":"https:\/\/www.esplac.cat\/en\/wp-json\/wp\/v2\/media\/24004"}],"wp:attachment":[{"href":"https:\/\/www.esplac.cat\/en\/wp-json\/wp\/v2\/media?parent=24002"}],"wp:term":[{"taxonomy":"category","embeddable":true,"href":"https:\/\/www.esplac.cat\/en\/wp-json\/wp\/v2\/categories?post=24002"},{"taxonomy":"post_tag","embeddable":true,"href":"https:\/\/www.esplac.cat\/en\/wp-json\/wp\/v2\/tags?post=24002"}],"curies":[{"name":"wp","href":"https:\/\/api.w.org\/{rel}","templated":true}]}}