{"id":24005,"date":"2018-06-28T10:57:13","date_gmt":"2018-06-28T08:57:13","guid":{"rendered":"http:\/\/esplac.cat\/?p=17867"},"modified":"2018-06-28T10:57:13","modified_gmt":"2018-06-28T08:57:13","slug":"primer-any-sector-valles-occidental","status":"publish","type":"post","link":"https:\/\/www.esplac.cat\/en\/primer-any-sector-valles-occidental\/","title":{"rendered":"El primer any de vida del Sector Vall\u00e8s Occidental"},"content":{"rendered":"<p class=\"p1\" style=\"text-align: justify;\"><span class=\"s1\">Hola. Bon dia. Hola Esplac i gent dels esplais.\u00a0<\/span><\/p>\n<p class=\"p1\" style=\"text-align: justify;\"><span class=\"s1\">Mai s\u00e9 com es comencen a escriure aquestes coses, potser des del principi \u00e9s la millor manera&#8230;<\/span><\/p>\n<p class=\"p1\" style=\"text-align: justify;\"><span class=\"s1\">Em dic Ana Lombardo i s\u00f3c EGS del Sector Vall\u00e8s Occidental.\u00a0Aquest any com a EGS ha estat si m\u00e9s no, especial.\u00a0 Vam comen\u00e7ar el curs que hav\u00edem dividit el nostre antic sector, el sector Vall\u00e8s, en dos sectors: Sector Vall\u00e8s Occidental i Sector Vall\u00e8s Oriental.\u00a0A m\u00e9s a m\u00e9s, \u00e9rem 3 persones noves que vol\u00edem entrar a formar part de l\u2019EGS. <\/span><\/p>\n<p class=\"p1\" style=\"text-align: justify;\"><span class=\"s1\">Vam anar comen\u00e7ant l&#8217;any, les reunions i m\u00e9s reunions de sector. Es notava que \u00e9rem menys esplais per\u00f2 a l&#8217;ambient l&#8217;aire era diferent. Ens hav\u00edem donat la possibilitat de coneixe\u2019ns millor comen\u00e7ant una nova etapa.<\/span><\/p>\n<p class=\"p1\" style=\"text-align: justify;\"><span class=\"s1\">Llavors va venir l&#8217;AGO d&#8217;Esplac que ens va deixar una miqueta tocades com a equip (i sector).\u00a0Vam tenir un parell de mesos que van ser dif\u00edcils, i ens vam quedar 3 EGS dels 5 que \u00e9rem al principi. I va venir la TGS (Trobada General de Sector) i la TJ (Trobada de Joves). Mare meva, jo no hi vaig poder anar, per\u00f2 pel que em van dir va ser brutal. Que els esplais que van participar-hi van gaudir molt. Vaig anar veient fotos i des de Berl\u00edn pensava: quina enveja! Que maques estan totes! I que b\u00e9 que els hi queda la dessuadora i la samarreta del sector!<\/span><\/p>\n<p class=\"p1\" style=\"text-align: justify;\"><span class=\"s1\">Ai, que aix\u00f2 no us ho havia explicat! Com que som un sector nou, hav\u00edem de crear la imatge del sector i vam fer una superdessuadora i una samarreta (edici\u00f3 limitada per la TGS i la TJ). Tamb\u00e9, com a novetat vam crear un Instagram del sector que ha servit per mostrar qu\u00e8 fem i qu\u00e8 som com a sector.\u00a0<\/span><\/p>\n<p class=\"p1\" style=\"text-align: justify;\"><span class=\"s1\">B\u00e9, continuo.<\/span><\/p>\n<p class=\"p1\" style=\"text-align: justify;\"><span class=\"s1\">Al cap de poquet, un altre EGS va deixar l&#8217;equip i ens vam quedar dues. L&#8217;Anna i jo. Les dues som \u201cnovates\u201d i gr\u00e0cies a la nostra t\u00e8cnica, la Marta, hem fet una pinya i hem apr\u00e8s moltes coses d&#8217;Esplac, del sector i de nosaltres mateixes.<\/span><\/p>\n<p class=\"p1\" style=\"text-align: justify;\"><span class=\"s1\">I, com sabeu algunes, ja arribava la data de la monitrobada. La nostra monitrobada la dividim en dues parts, a la primera fem formacions (n\u2019hi havia tres de simult\u00e0nies) i l&#8217;altra part \u00e9s m\u00e9s de cohesi\u00f3. Vam trobar unes quantes motivades a dins del sector que ens van ajudar a preparar la monitrobada. Era la primera monitrobada del sector! Per les EGS va ser molt especial, li tenim molt de carinyo, i vam sortir molt contentes de com el sector anava avan\u00e7ant. A les monis dels esplais els hi va agradar tant que ens van demanar de fer una altra! Finalment, per\u00f2 vam arribar a l&#8217;acord de fer una barbacoa formativa, d\u2019aquesta manera ens retrob\u00e0vem de nou. <\/span><\/p>\n<p class=\"p1\" style=\"text-align: justify;\"><span class=\"s1\">Tot aix\u00f2 ho an\u00e0vem fent mentre el ritme d&#8217;Esplac seguia endavant i \u00e9s que aquest any hem tingut l&#8217;Esplaiada. On tant el sector com les EGS vam participar i, que maco que era veure-ho tot plegat. Quin goig!<\/span><\/p>\n<p class=\"p1\" style=\"text-align: justify;\"><span class=\"s1\">B\u00e9, ja estic arribant al final d&#8217;aix\u00f2 i arribo al final de la hist\u00f2ria del primer any del Sector Vall\u00e8s Occidental.\u00a0Ha estat un any ple de canvis, d&#8217;equips de monis nous, d&#8217;esplais que han marxat (a l&#8217;altre sector), de retrobaments i de con\u00e8ixer a gent nova. No us negar\u00e9 que per mi ha estat una mica &#8220;durillo&#8221; per\u00f2 el resultat del que hem creat entre totes \u00e9s simplement genial.\u00a0<\/span><\/p>\n<p class=\"p1\" style=\"text-align: justify;\"><span class=\"s1\">Per acabar us parlo a vosaltres, monitores i monitors dels esplais del sector VallOcc. Moltes, moltes gr\u00e0cies per fer aix\u00f2 possible, per creure en nosaltres, per recolzar-nos i per estar all\u00e0. Per fer-nos veure els nostres errors i tirar endavant el sector amb nosaltres i, per creure i participar del projecte que s\u00f3n els esplais. Com ja us vam dir, l&#8217;any que ve, m\u00e9s i millor. <\/span><\/p>\n<p class=\"p1\" style=\"text-align: justify;\"><span class=\"s1\">Besis de fresi.<\/span><\/p>\n<p class=\"p4\" style=\"text-align: justify;\"><span class=\"s1\">\u00a0<\/span><\/p>\n<p class=\"p5\" style=\"text-align: justify;\"><span class=\"s1\">Ana Lombardo, EGS del sector VallOcc.<\/span><\/p>\n","protected":false},"excerpt":{"rendered":"<p>Hola. Bon dia. Hola Esplac i gent dels esplais.\u00a0 Mai [&hellip;]<\/p>\n","protected":false},"author":1,"featured_media":24006,"comment_status":"closed","ping_status":"open","sticky":false,"template":"","format":"standard","meta":{"om_disable_all_campaigns":false,"_monsterinsights_skip_tracking":false,"_monsterinsights_sitenote_active":false,"_monsterinsights_sitenote_note":"","_monsterinsights_sitenote_category":0,"_uf_show_specific_survey":0,"_uf_disable_surveys":false,"footnotes":""},"categories":[1118,1],"tags":[356,628,989,25,860],"class_list":["post-24005","post","type-post","status-publish","format-standard","has-post-thumbnail","hentry","category-sector-valles-occidental-activitats-sectors","category-sense-categoria","tag-c5-egs","tag-monitrobada","tag-sector-valles-occidental","tag-trobada-de-joves","tag-trobada-general-de-sector"],"yoast_head":"<!-- This site is optimized with the Yoast SEO plugin v27.4 - https:\/\/yoast.com\/product\/yoast-seo-wordpress\/ -->\n<title>El primer any de vida del Sector Vall\u00e8s Occidental - Esplac<\/title>\n<meta name=\"robots\" content=\"index, follow, max-snippet:-1, max-image-preview:large, max-video-preview:-1\" \/>\n<link rel=\"canonical\" href=\"https:\/\/www.esplac.cat\/primer-any-sector-valles-occidental\/\" \/>\n<meta property=\"og:locale\" content=\"en_US\" \/>\n<meta property=\"og:type\" content=\"article\" \/>\n<meta property=\"og:title\" content=\"El primer any de vida del Sector Vall\u00e8s Occidental - Esplac\" \/>\n<meta property=\"og:description\" content=\"Hola. Bon dia. Hola Esplac i gent dels esplais.\u00a0 Mai [&hellip;]\" \/>\n<meta property=\"og:url\" content=\"https:\/\/www.esplac.cat\/primer-any-sector-valles-occidental\/\" \/>\n<meta property=\"og:site_name\" content=\"Esplac\" \/>\n<meta property=\"article:published_time\" content=\"2018-06-28T08:57:13+00:00\" \/>\n<meta property=\"og:image\" content=\"https:\/\/www.esplac.cat\/wp-content\/uploads\/2018\/11\/Untitled-1.jpg\" \/>\n\t<meta property=\"og:image:width\" content=\"847\" \/>\n\t<meta property=\"og:image:height\" content=\"350\" \/>\n\t<meta property=\"og:image:type\" content=\"image\/jpeg\" \/>\n<meta name=\"author\" content=\"root\" \/>\n<meta name=\"twitter:card\" content=\"summary_large_image\" \/>\n<meta name=\"twitter:label1\" content=\"Written by\" \/>\n\t<meta name=\"twitter:data1\" content=\"root\" \/>\n\t<meta name=\"twitter:label2\" content=\"Est. reading time\" \/>\n\t<meta name=\"twitter:data2\" content=\"3 minutes\" \/>\n<script type=\"application\/ld+json\" class=\"yoast-schema-graph\">{\"@context\":\"https:\\\/\\\/schema.org\",\"@graph\":[{\"@type\":\"Article\",\"@id\":\"https:\\\/\\\/www.esplac.cat\\\/primer-any-sector-valles-occidental\\\/#article\",\"isPartOf\":{\"@id\":\"https:\\\/\\\/www.esplac.cat\\\/primer-any-sector-valles-occidental\\\/\"},\"author\":{\"name\":\"root\",\"@id\":\"https:\\\/\\\/www.esplac.cat\\\/#\\\/schema\\\/person\\\/8d7ee340c02b239b152b9ff2c3d40766\"},\"headline\":\"El primer any de vida del Sector Vall\u00e8s Occidental\",\"datePublished\":\"2018-06-28T08:57:13+00:00\",\"mainEntityOfPage\":{\"@id\":\"https:\\\/\\\/www.esplac.cat\\\/primer-any-sector-valles-occidental\\\/\"},\"wordCount\":700,\"publisher\":{\"@id\":\"https:\\\/\\\/www.esplac.cat\\\/#organization\"},\"image\":{\"@id\":\"https:\\\/\\\/www.esplac.cat\\\/primer-any-sector-valles-occidental\\\/#primaryimage\"},\"thumbnailUrl\":\"https:\\\/\\\/www.esplac.cat\\\/wp-content\\\/uploads\\\/2018\\\/11\\\/Untitled-1.jpg\",\"keywords\":[\"EGS\",\"monitrobada\",\"Sector Vall\u00e8s Occidental\",\"trobada de joves\",\"trobada general de sector\"],\"articleSection\":[\"Sector Vall\u00e8s Occidental\",\"Sense categoria\"],\"inLanguage\":\"en-US\"},{\"@type\":\"WebPage\",\"@id\":\"https:\\\/\\\/www.esplac.cat\\\/primer-any-sector-valles-occidental\\\/\",\"url\":\"https:\\\/\\\/www.esplac.cat\\\/primer-any-sector-valles-occidental\\\/\",\"name\":\"El primer any de vida del Sector Vall\u00e8s Occidental - Esplac\",\"isPartOf\":{\"@id\":\"https:\\\/\\\/www.esplac.cat\\\/#website\"},\"primaryImageOfPage\":{\"@id\":\"https:\\\/\\\/www.esplac.cat\\\/primer-any-sector-valles-occidental\\\/#primaryimage\"},\"image\":{\"@id\":\"https:\\\/\\\/www.esplac.cat\\\/primer-any-sector-valles-occidental\\\/#primaryimage\"},\"thumbnailUrl\":\"https:\\\/\\\/www.esplac.cat\\\/wp-content\\\/uploads\\\/2018\\\/11\\\/Untitled-1.jpg\",\"datePublished\":\"2018-06-28T08:57:13+00:00\",\"breadcrumb\":{\"@id\":\"https:\\\/\\\/www.esplac.cat\\\/primer-any-sector-valles-occidental\\\/#breadcrumb\"},\"inLanguage\":\"en-US\",\"potentialAction\":[{\"@type\":\"ReadAction\",\"target\":[\"https:\\\/\\\/www.esplac.cat\\\/primer-any-sector-valles-occidental\\\/\"]}]},{\"@type\":\"ImageObject\",\"inLanguage\":\"en-US\",\"@id\":\"https:\\\/\\\/www.esplac.cat\\\/primer-any-sector-valles-occidental\\\/#primaryimage\",\"url\":\"https:\\\/\\\/www.esplac.cat\\\/wp-content\\\/uploads\\\/2018\\\/11\\\/Untitled-1.jpg\",\"contentUrl\":\"https:\\\/\\\/www.esplac.cat\\\/wp-content\\\/uploads\\\/2018\\\/11\\\/Untitled-1.jpg\",\"width\":847,\"height\":350},{\"@type\":\"BreadcrumbList\",\"@id\":\"https:\\\/\\\/www.esplac.cat\\\/primer-any-sector-valles-occidental\\\/#breadcrumb\",\"itemListElement\":[{\"@type\":\"ListItem\",\"position\":1,\"name\":\"Inici\",\"item\":\"https:\\\/\\\/www.esplac.cat\\\/en\\\/\"},{\"@type\":\"ListItem\",\"position\":2,\"name\":\"El primer any de vida del Sector Vall\u00e8s Occidental\"}]},{\"@type\":\"WebSite\",\"@id\":\"https:\\\/\\\/www.esplac.cat\\\/#website\",\"url\":\"https:\\\/\\\/www.esplac.cat\\\/\",\"name\":\"Esplac\",\"description\":\"Esplais Catalans\",\"publisher\":{\"@id\":\"https:\\\/\\\/www.esplac.cat\\\/#organization\"},\"potentialAction\":[{\"@type\":\"SearchAction\",\"target\":{\"@type\":\"EntryPoint\",\"urlTemplate\":\"https:\\\/\\\/www.esplac.cat\\\/?s={search_term_string}\"},\"query-input\":{\"@type\":\"PropertyValueSpecification\",\"valueRequired\":true,\"valueName\":\"search_term_string\"}}],\"inLanguage\":\"en-US\"},{\"@type\":\"Organization\",\"@id\":\"https:\\\/\\\/www.esplac.cat\\\/#organization\",\"name\":\"Esplac\",\"url\":\"https:\\\/\\\/www.esplac.cat\\\/\",\"logo\":{\"@type\":\"ImageObject\",\"inLanguage\":\"en-US\",\"@id\":\"https:\\\/\\\/www.esplac.cat\\\/#\\\/schema\\\/logo\\\/image\\\/\",\"url\":\"https:\\\/\\\/www.esplac.cat\\\/wp-content\\\/uploads\\\/2019\\\/08\\\/logox2.png\",\"contentUrl\":\"https:\\\/\\\/www.esplac.cat\\\/wp-content\\\/uploads\\\/2019\\\/08\\\/logox2.png\",\"width\":600,\"height\":295,\"caption\":\"Esplac\"},\"image\":{\"@id\":\"https:\\\/\\\/www.esplac.cat\\\/#\\\/schema\\\/logo\\\/image\\\/\"}},{\"@type\":\"Person\",\"@id\":\"https:\\\/\\\/www.esplac.cat\\\/#\\\/schema\\\/person\\\/8d7ee340c02b239b152b9ff2c3d40766\",\"name\":\"root\",\"image\":{\"@type\":\"ImageObject\",\"inLanguage\":\"en-US\",\"@id\":\"https:\\\/\\\/secure.gravatar.com\\\/avatar\\\/9356757d53af8c5db257f894fbbd9ee7446c25af07cd2e7844bd1cf43acef754?s=96&d=mm&r=g\",\"url\":\"https:\\\/\\\/secure.gravatar.com\\\/avatar\\\/9356757d53af8c5db257f894fbbd9ee7446c25af07cd2e7844bd1cf43acef754?s=96&d=mm&r=g\",\"contentUrl\":\"https:\\\/\\\/secure.gravatar.com\\\/avatar\\\/9356757d53af8c5db257f894fbbd9ee7446c25af07cd2e7844bd1cf43acef754?s=96&d=mm&r=g\",\"caption\":\"root\"}}]}<\/script>\n<!-- \/ Yoast SEO plugin. -->","yoast_head_json":{"title":"El primer any de vida del Sector Vall\u00e8s Occidental - Esplac","robots":{"index":"index","follow":"follow","max-snippet":"max-snippet:-1","max-image-preview":"max-image-preview:large","max-video-preview":"max-video-preview:-1"},"canonical":"https:\/\/www.esplac.cat\/primer-any-sector-valles-occidental\/","og_locale":"en_US","og_type":"article","og_title":"El primer any de vida del Sector Vall\u00e8s Occidental - Esplac","og_description":"Hola. Bon dia. Hola Esplac i gent dels esplais.\u00a0 Mai [&hellip;]","og_url":"https:\/\/www.esplac.cat\/primer-any-sector-valles-occidental\/","og_site_name":"Esplac","article_published_time":"2018-06-28T08:57:13+00:00","og_image":[{"width":847,"height":350,"url":"https:\/\/www.esplac.cat\/wp-content\/uploads\/2018\/11\/Untitled-1.jpg","type":"image\/jpeg"}],"author":"root","twitter_card":"summary_large_image","twitter_misc":{"Written by":"root","Est. reading time":"3 minutes"},"schema":{"@context":"https:\/\/schema.org","@graph":[{"@type":"Article","@id":"https:\/\/www.esplac.cat\/primer-any-sector-valles-occidental\/#article","isPartOf":{"@id":"https:\/\/www.esplac.cat\/primer-any-sector-valles-occidental\/"},"author":{"name":"root","@id":"https:\/\/www.esplac.cat\/#\/schema\/person\/8d7ee340c02b239b152b9ff2c3d40766"},"headline":"El primer any de vida del Sector Vall\u00e8s Occidental","datePublished":"2018-06-28T08:57:13+00:00","mainEntityOfPage":{"@id":"https:\/\/www.esplac.cat\/primer-any-sector-valles-occidental\/"},"wordCount":700,"publisher":{"@id":"https:\/\/www.esplac.cat\/#organization"},"image":{"@id":"https:\/\/www.esplac.cat\/primer-any-sector-valles-occidental\/#primaryimage"},"thumbnailUrl":"https:\/\/www.esplac.cat\/wp-content\/uploads\/2018\/11\/Untitled-1.jpg","keywords":["EGS","monitrobada","Sector Vall\u00e8s Occidental","trobada de joves","trobada general de sector"],"articleSection":["Sector Vall\u00e8s Occidental","Sense categoria"],"inLanguage":"en-US"},{"@type":"WebPage","@id":"https:\/\/www.esplac.cat\/primer-any-sector-valles-occidental\/","url":"https:\/\/www.esplac.cat\/primer-any-sector-valles-occidental\/","name":"El primer any de vida del Sector Vall\u00e8s Occidental - Esplac","isPartOf":{"@id":"https:\/\/www.esplac.cat\/#website"},"primaryImageOfPage":{"@id":"https:\/\/www.esplac.cat\/primer-any-sector-valles-occidental\/#primaryimage"},"image":{"@id":"https:\/\/www.esplac.cat\/primer-any-sector-valles-occidental\/#primaryimage"},"thumbnailUrl":"https:\/\/www.esplac.cat\/wp-content\/uploads\/2018\/11\/Untitled-1.jpg","datePublished":"2018-06-28T08:57:13+00:00","breadcrumb":{"@id":"https:\/\/www.esplac.cat\/primer-any-sector-valles-occidental\/#breadcrumb"},"inLanguage":"en-US","potentialAction":[{"@type":"ReadAction","target":["https:\/\/www.esplac.cat\/primer-any-sector-valles-occidental\/"]}]},{"@type":"ImageObject","inLanguage":"en-US","@id":"https:\/\/www.esplac.cat\/primer-any-sector-valles-occidental\/#primaryimage","url":"https:\/\/www.esplac.cat\/wp-content\/uploads\/2018\/11\/Untitled-1.jpg","contentUrl":"https:\/\/www.esplac.cat\/wp-content\/uploads\/2018\/11\/Untitled-1.jpg","width":847,"height":350},{"@type":"BreadcrumbList","@id":"https:\/\/www.esplac.cat\/primer-any-sector-valles-occidental\/#breadcrumb","itemListElement":[{"@type":"ListItem","position":1,"name":"Inici","item":"https:\/\/www.esplac.cat\/en\/"},{"@type":"ListItem","position":2,"name":"El primer any de vida del Sector Vall\u00e8s Occidental"}]},{"@type":"WebSite","@id":"https:\/\/www.esplac.cat\/#website","url":"https:\/\/www.esplac.cat\/","name":"Esplac","description":"Esplais Catalans","publisher":{"@id":"https:\/\/www.esplac.cat\/#organization"},"potentialAction":[{"@type":"SearchAction","target":{"@type":"EntryPoint","urlTemplate":"https:\/\/www.esplac.cat\/?s={search_term_string}"},"query-input":{"@type":"PropertyValueSpecification","valueRequired":true,"valueName":"search_term_string"}}],"inLanguage":"en-US"},{"@type":"Organization","@id":"https:\/\/www.esplac.cat\/#organization","name":"Esplac","url":"https:\/\/www.esplac.cat\/","logo":{"@type":"ImageObject","inLanguage":"en-US","@id":"https:\/\/www.esplac.cat\/#\/schema\/logo\/image\/","url":"https:\/\/www.esplac.cat\/wp-content\/uploads\/2019\/08\/logox2.png","contentUrl":"https:\/\/www.esplac.cat\/wp-content\/uploads\/2019\/08\/logox2.png","width":600,"height":295,"caption":"Esplac"},"image":{"@id":"https:\/\/www.esplac.cat\/#\/schema\/logo\/image\/"}},{"@type":"Person","@id":"https:\/\/www.esplac.cat\/#\/schema\/person\/8d7ee340c02b239b152b9ff2c3d40766","name":"root","image":{"@type":"ImageObject","inLanguage":"en-US","@id":"https:\/\/secure.gravatar.com\/avatar\/9356757d53af8c5db257f894fbbd9ee7446c25af07cd2e7844bd1cf43acef754?s=96&d=mm&r=g","url":"https:\/\/secure.gravatar.com\/avatar\/9356757d53af8c5db257f894fbbd9ee7446c25af07cd2e7844bd1cf43acef754?s=96&d=mm&r=g","contentUrl":"https:\/\/secure.gravatar.com\/avatar\/9356757d53af8c5db257f894fbbd9ee7446c25af07cd2e7844bd1cf43acef754?s=96&d=mm&r=g","caption":"root"}}]}},"_links":{"self":[{"href":"https:\/\/www.esplac.cat\/en\/wp-json\/wp\/v2\/posts\/24005","targetHints":{"allow":["GET"]}}],"collection":[{"href":"https:\/\/www.esplac.cat\/en\/wp-json\/wp\/v2\/posts"}],"about":[{"href":"https:\/\/www.esplac.cat\/en\/wp-json\/wp\/v2\/types\/post"}],"author":[{"embeddable":true,"href":"https:\/\/www.esplac.cat\/en\/wp-json\/wp\/v2\/users\/1"}],"replies":[{"embeddable":true,"href":"https:\/\/www.esplac.cat\/en\/wp-json\/wp\/v2\/comments?post=24005"}],"version-history":[{"count":0,"href":"https:\/\/www.esplac.cat\/en\/wp-json\/wp\/v2\/posts\/24005\/revisions"}],"wp:featuredmedia":[{"embeddable":true,"href":"https:\/\/www.esplac.cat\/en\/wp-json\/wp\/v2\/media\/24006"}],"wp:attachment":[{"href":"https:\/\/www.esplac.cat\/en\/wp-json\/wp\/v2\/media?parent=24005"}],"wp:term":[{"taxonomy":"category","embeddable":true,"href":"https:\/\/www.esplac.cat\/en\/wp-json\/wp\/v2\/categories?post=24005"},{"taxonomy":"post_tag","embeddable":true,"href":"https:\/\/www.esplac.cat\/en\/wp-json\/wp\/v2\/tags?post=24005"}],"curies":[{"name":"wp","href":"https:\/\/api.w.org\/{rel}","templated":true}]}}