{"id":24015,"date":"2018-06-23T07:48:29","date_gmt":"2018-06-23T05:48:29","guid":{"rendered":"http:\/\/esplac.cat\/?p=17834"},"modified":"2018-06-23T07:48:29","modified_gmt":"2018-06-23T05:48:29","slug":"esplais-catalans-dona-suport-als-9-de-vilanova","status":"publish","type":"post","link":"https:\/\/www.esplac.cat\/en\/esplais-catalans-dona-suport-als-9-de-vilanova\/","title":{"rendered":"Esplais Catalans d\u00f3na suport als 9 de Vilanova"},"content":{"rendered":"<div>El maig de fa 4 anys, en un context d&#8217;eleccions europees, el Partit Popular organitz\u00e0 un m\u00edting a Vilanova i la\u00a0Geltr\u00fa, amb la pres\u00e8ncia de Crist\u00f2bal Montoro, Al\u00edcia S\u00e1nchez i Santiago Fisses.<\/div>\n<p>Aquell dia els moviments socials del nostre poble van acudir a la cita per deixar ben clar que un partit que\u00a0elabora pol\u00edtiques d&#8217;austeritat a la classe treballadora, mesures antisocials, retallades, atacs constants a\u00a0l&#8217;educaci\u00f3 i a la sanitat p\u00fablica, que perpetua la dominaci\u00f3 dels\u00a0homes cap a les dones, no era benvingut a\u00a0Vilanova per difondre el seu missatge engany\u00f3s i intolerant.<\/p>\n<p>Durant la manifestaci\u00f3 el comboi popular es va saltar tots els protocols de sortida, sense dubtar el primer\u00a0cotxe va travessar la manifestaci\u00f3 a una velocitat exuberant, tant que alguns dels manifestants van haver de\u00a0saltar per no ser atropellats. Un policia Local, que despr\u00e9s seria condecorat per la &#8220;brillant&#8221; actuaci\u00f3 que va\u00a0realitzar aquell dia, va carregar contra les assistents, 5 van ser les persones que van resultar ferides, totes\u00a0elles amb cops de porra per sobre de la cintura (actuaci\u00f3 il\u00b7legal i que viola els mateixos protocols de la policia).<\/p>\n<p>D\u2019aquell dia, van resultar 10 persones encausades, fet que canviaria les seves vides i les de les persones m\u00e9s\u00a0properes del seu entorn. Una era menor llavors, i ja ha sigut jutjada i condemnada, a passar tots els cap de\u00a0setmana d\u2019un estiu reclosa a casa, amb visites constants de la policia. I a pagar una indemnitzaci\u00f3 de quasi\u00a0800\u20ac al policia local que va carregar contra els manifestants.<\/p>\n<p>Ara els hi toca a les 9 de Vilanova, joves compromeses amb els moviments socials, pol\u00edtics i culturals de la\u00a0seva Vila, persones que ofereixen hores i hores a fer d&#8217;aquesta societat un m\u00f3n millor, s&#8217;enfronten a un total\u00a0de 29 anys de pres\u00f3 i 10.000\u20ac en concepte de multes, una d&#8217;elles a 8 anys i 5 m\u00e9s a 4 anys. Entre aquestes 5\u00a0hi ha una monitora de l\u2019esplai Drac M\u00e0gic de Vilanova i la Geltr\u00fa, i dues m\u00e9s s\u00f3n exmonitores.<\/p>\n<div>Els moviments juvenils (sigui quin sigui el seu caire) es criminalitzen i judicialitzen amb molta facilitat per<\/div>\n<div>part de l\u2019Estat. \u00c9s per aix\u00f2 que Esplais Catalans donem el m\u00e0xim suport als 9 de Vilanova, perqu\u00e8 si la repressi\u00f3 no s&#8217;atura, nosaltres tampoc.<\/div>\n<div>Esplais Catalans convidem a participar a la manifestaci\u00f3 el pr\u00f2xim 22 de juny a Vilanova i la Geltr\u00fa, l&#8217;acte final de la campanya en suport a les 9 de Vilanova abans de l\u2019inici del judici del 25 de juny.<\/div>\n","protected":false},"excerpt":{"rendered":"<p>El maig de fa 4 anys, en un context d&#8217;eleccions [&hellip;]<\/p>\n","protected":false},"author":1,"featured_media":24016,"comment_status":"closed","ping_status":"open","sticky":false,"template":"","format":"standard","meta":{"om_disable_all_campaigns":false,"_monsterinsights_skip_tracking":false,"_monsterinsights_sitenote_active":false,"_monsterinsights_sitenote_note":"","_monsterinsights_sitenote_category":0,"_uf_show_specific_survey":0,"_uf_disable_surveys":false,"footnotes":""},"categories":[1127,1],"tags":[],"class_list":["post-24015","post","type-post","status-publish","format-standard","has-post-thumbnail","hentry","category-comunicats-posicionaments","category-sense-categoria"],"yoast_head":"<!-- This site is optimized with the Yoast SEO plugin v27.5 - https:\/\/yoast.com\/product\/yoast-seo-wordpress\/ -->\n<title>Esplais Catalans d\u00f3na suport als 9 de Vilanova - Esplac<\/title>\n<meta name=\"robots\" content=\"index, follow, max-snippet:-1, max-image-preview:large, max-video-preview:-1\" \/>\n<link rel=\"canonical\" href=\"https:\/\/www.esplac.cat\/esplais-catalans-dona-suport-als-9-de-vilanova\/\" \/>\n<meta property=\"og:locale\" content=\"en_US\" \/>\n<meta property=\"og:type\" content=\"article\" \/>\n<meta property=\"og:title\" content=\"Esplais Catalans d\u00f3na suport als 9 de Vilanova - Esplac\" \/>\n<meta property=\"og:description\" content=\"El maig de fa 4 anys, en un context d&#8217;eleccions [&hellip;]\" \/>\n<meta property=\"og:url\" content=\"https:\/\/www.esplac.cat\/esplais-catalans-dona-suport-als-9-de-vilanova\/\" \/>\n<meta property=\"og:site_name\" content=\"Esplac\" \/>\n<meta property=\"article:published_time\" content=\"2018-06-23T05:48:29+00:00\" \/>\n<meta property=\"og:image\" content=\"https:\/\/www.esplac.cat\/wp-content\/uploads\/2018\/06\/vilanova.jpg\" \/>\n\t<meta property=\"og:image:width\" content=\"828\" \/>\n\t<meta property=\"og:image:height\" content=\"315\" \/>\n\t<meta property=\"og:image:type\" content=\"image\/jpeg\" \/>\n<meta name=\"author\" content=\"root\" \/>\n<meta name=\"twitter:card\" content=\"summary_large_image\" \/>\n<meta name=\"twitter:label1\" content=\"Written by\" \/>\n\t<meta name=\"twitter:data1\" content=\"root\" \/>\n\t<meta name=\"twitter:label2\" content=\"Est. reading time\" \/>\n\t<meta name=\"twitter:data2\" content=\"2 minutes\" \/>\n<script type=\"application\/ld+json\" class=\"yoast-schema-graph\">{\"@context\":\"https:\\\/\\\/schema.org\",\"@graph\":[{\"@type\":\"Article\",\"@id\":\"https:\\\/\\\/www.esplac.cat\\\/esplais-catalans-dona-suport-als-9-de-vilanova\\\/#article\",\"isPartOf\":{\"@id\":\"https:\\\/\\\/www.esplac.cat\\\/esplais-catalans-dona-suport-als-9-de-vilanova\\\/\"},\"author\":{\"name\":\"root\",\"@id\":\"https:\\\/\\\/www.esplac.cat\\\/#\\\/schema\\\/person\\\/8d7ee340c02b239b152b9ff2c3d40766\"},\"headline\":\"Esplais Catalans d\u00f3na suport als 9 de Vilanova\",\"datePublished\":\"2018-06-23T05:48:29+00:00\",\"mainEntityOfPage\":{\"@id\":\"https:\\\/\\\/www.esplac.cat\\\/esplais-catalans-dona-suport-als-9-de-vilanova\\\/\"},\"wordCount\":445,\"publisher\":{\"@id\":\"https:\\\/\\\/www.esplac.cat\\\/#organization\"},\"image\":{\"@id\":\"https:\\\/\\\/www.esplac.cat\\\/esplais-catalans-dona-suport-als-9-de-vilanova\\\/#primaryimage\"},\"thumbnailUrl\":\"https:\\\/\\\/www.esplac.cat\\\/wp-content\\\/uploads\\\/2018\\\/06\\\/vilanova.jpg\",\"articleSection\":[\"Comunicats i posicionaments\",\"Sense categoria\"],\"inLanguage\":\"en-US\"},{\"@type\":\"WebPage\",\"@id\":\"https:\\\/\\\/www.esplac.cat\\\/esplais-catalans-dona-suport-als-9-de-vilanova\\\/\",\"url\":\"https:\\\/\\\/www.esplac.cat\\\/esplais-catalans-dona-suport-als-9-de-vilanova\\\/\",\"name\":\"Esplais Catalans d\u00f3na suport als 9 de Vilanova - Esplac\",\"isPartOf\":{\"@id\":\"https:\\\/\\\/www.esplac.cat\\\/#website\"},\"primaryImageOfPage\":{\"@id\":\"https:\\\/\\\/www.esplac.cat\\\/esplais-catalans-dona-suport-als-9-de-vilanova\\\/#primaryimage\"},\"image\":{\"@id\":\"https:\\\/\\\/www.esplac.cat\\\/esplais-catalans-dona-suport-als-9-de-vilanova\\\/#primaryimage\"},\"thumbnailUrl\":\"https:\\\/\\\/www.esplac.cat\\\/wp-content\\\/uploads\\\/2018\\\/06\\\/vilanova.jpg\",\"datePublished\":\"2018-06-23T05:48:29+00:00\",\"breadcrumb\":{\"@id\":\"https:\\\/\\\/www.esplac.cat\\\/esplais-catalans-dona-suport-als-9-de-vilanova\\\/#breadcrumb\"},\"inLanguage\":\"en-US\",\"potentialAction\":[{\"@type\":\"ReadAction\",\"target\":[\"https:\\\/\\\/www.esplac.cat\\\/esplais-catalans-dona-suport-als-9-de-vilanova\\\/\"]}]},{\"@type\":\"ImageObject\",\"inLanguage\":\"en-US\",\"@id\":\"https:\\\/\\\/www.esplac.cat\\\/esplais-catalans-dona-suport-als-9-de-vilanova\\\/#primaryimage\",\"url\":\"https:\\\/\\\/www.esplac.cat\\\/wp-content\\\/uploads\\\/2018\\\/06\\\/vilanova.jpg\",\"contentUrl\":\"https:\\\/\\\/www.esplac.cat\\\/wp-content\\\/uploads\\\/2018\\\/06\\\/vilanova.jpg\",\"width\":828,\"height\":315},{\"@type\":\"BreadcrumbList\",\"@id\":\"https:\\\/\\\/www.esplac.cat\\\/esplais-catalans-dona-suport-als-9-de-vilanova\\\/#breadcrumb\",\"itemListElement\":[{\"@type\":\"ListItem\",\"position\":1,\"name\":\"Inici\",\"item\":\"https:\\\/\\\/www.esplac.cat\\\/en\\\/\"},{\"@type\":\"ListItem\",\"position\":2,\"name\":\"Esplais Catalans d\u00f3na suport als 9 de Vilanova\"}]},{\"@type\":\"WebSite\",\"@id\":\"https:\\\/\\\/www.esplac.cat\\\/#website\",\"url\":\"https:\\\/\\\/www.esplac.cat\\\/\",\"name\":\"Esplac\",\"description\":\"Esplais Catalans\",\"publisher\":{\"@id\":\"https:\\\/\\\/www.esplac.cat\\\/#organization\"},\"potentialAction\":[{\"@type\":\"SearchAction\",\"target\":{\"@type\":\"EntryPoint\",\"urlTemplate\":\"https:\\\/\\\/www.esplac.cat\\\/?s={search_term_string}\"},\"query-input\":{\"@type\":\"PropertyValueSpecification\",\"valueRequired\":true,\"valueName\":\"search_term_string\"}}],\"inLanguage\":\"en-US\"},{\"@type\":\"Organization\",\"@id\":\"https:\\\/\\\/www.esplac.cat\\\/#organization\",\"name\":\"Esplac\",\"url\":\"https:\\\/\\\/www.esplac.cat\\\/\",\"logo\":{\"@type\":\"ImageObject\",\"inLanguage\":\"en-US\",\"@id\":\"https:\\\/\\\/www.esplac.cat\\\/#\\\/schema\\\/logo\\\/image\\\/\",\"url\":\"https:\\\/\\\/www.esplac.cat\\\/wp-content\\\/uploads\\\/2019\\\/08\\\/logox2.png\",\"contentUrl\":\"https:\\\/\\\/www.esplac.cat\\\/wp-content\\\/uploads\\\/2019\\\/08\\\/logox2.png\",\"width\":600,\"height\":295,\"caption\":\"Esplac\"},\"image\":{\"@id\":\"https:\\\/\\\/www.esplac.cat\\\/#\\\/schema\\\/logo\\\/image\\\/\"}},{\"@type\":\"Person\",\"@id\":\"https:\\\/\\\/www.esplac.cat\\\/#\\\/schema\\\/person\\\/8d7ee340c02b239b152b9ff2c3d40766\",\"name\":\"root\",\"image\":{\"@type\":\"ImageObject\",\"inLanguage\":\"en-US\",\"@id\":\"https:\\\/\\\/secure.gravatar.com\\\/avatar\\\/9356757d53af8c5db257f894fbbd9ee7446c25af07cd2e7844bd1cf43acef754?s=96&d=mm&r=g\",\"url\":\"https:\\\/\\\/secure.gravatar.com\\\/avatar\\\/9356757d53af8c5db257f894fbbd9ee7446c25af07cd2e7844bd1cf43acef754?s=96&d=mm&r=g\",\"contentUrl\":\"https:\\\/\\\/secure.gravatar.com\\\/avatar\\\/9356757d53af8c5db257f894fbbd9ee7446c25af07cd2e7844bd1cf43acef754?s=96&d=mm&r=g\",\"caption\":\"root\"}}]}<\/script>\n<!-- \/ Yoast SEO plugin. -->","yoast_head_json":{"title":"Esplais Catalans d\u00f3na suport als 9 de Vilanova - Esplac","robots":{"index":"index","follow":"follow","max-snippet":"max-snippet:-1","max-image-preview":"max-image-preview:large","max-video-preview":"max-video-preview:-1"},"canonical":"https:\/\/www.esplac.cat\/esplais-catalans-dona-suport-als-9-de-vilanova\/","og_locale":"en_US","og_type":"article","og_title":"Esplais Catalans d\u00f3na suport als 9 de Vilanova - Esplac","og_description":"El maig de fa 4 anys, en un context d&#8217;eleccions [&hellip;]","og_url":"https:\/\/www.esplac.cat\/esplais-catalans-dona-suport-als-9-de-vilanova\/","og_site_name":"Esplac","article_published_time":"2018-06-23T05:48:29+00:00","og_image":[{"width":828,"height":315,"url":"https:\/\/www.esplac.cat\/wp-content\/uploads\/2018\/06\/vilanova.jpg","type":"image\/jpeg"}],"author":"root","twitter_card":"summary_large_image","twitter_misc":{"Written by":"root","Est. reading time":"2 minutes"},"schema":{"@context":"https:\/\/schema.org","@graph":[{"@type":"Article","@id":"https:\/\/www.esplac.cat\/esplais-catalans-dona-suport-als-9-de-vilanova\/#article","isPartOf":{"@id":"https:\/\/www.esplac.cat\/esplais-catalans-dona-suport-als-9-de-vilanova\/"},"author":{"name":"root","@id":"https:\/\/www.esplac.cat\/#\/schema\/person\/8d7ee340c02b239b152b9ff2c3d40766"},"headline":"Esplais Catalans d\u00f3na suport als 9 de Vilanova","datePublished":"2018-06-23T05:48:29+00:00","mainEntityOfPage":{"@id":"https:\/\/www.esplac.cat\/esplais-catalans-dona-suport-als-9-de-vilanova\/"},"wordCount":445,"publisher":{"@id":"https:\/\/www.esplac.cat\/#organization"},"image":{"@id":"https:\/\/www.esplac.cat\/esplais-catalans-dona-suport-als-9-de-vilanova\/#primaryimage"},"thumbnailUrl":"https:\/\/www.esplac.cat\/wp-content\/uploads\/2018\/06\/vilanova.jpg","articleSection":["Comunicats i posicionaments","Sense categoria"],"inLanguage":"en-US"},{"@type":"WebPage","@id":"https:\/\/www.esplac.cat\/esplais-catalans-dona-suport-als-9-de-vilanova\/","url":"https:\/\/www.esplac.cat\/esplais-catalans-dona-suport-als-9-de-vilanova\/","name":"Esplais Catalans d\u00f3na suport als 9 de Vilanova - Esplac","isPartOf":{"@id":"https:\/\/www.esplac.cat\/#website"},"primaryImageOfPage":{"@id":"https:\/\/www.esplac.cat\/esplais-catalans-dona-suport-als-9-de-vilanova\/#primaryimage"},"image":{"@id":"https:\/\/www.esplac.cat\/esplais-catalans-dona-suport-als-9-de-vilanova\/#primaryimage"},"thumbnailUrl":"https:\/\/www.esplac.cat\/wp-content\/uploads\/2018\/06\/vilanova.jpg","datePublished":"2018-06-23T05:48:29+00:00","breadcrumb":{"@id":"https:\/\/www.esplac.cat\/esplais-catalans-dona-suport-als-9-de-vilanova\/#breadcrumb"},"inLanguage":"en-US","potentialAction":[{"@type":"ReadAction","target":["https:\/\/www.esplac.cat\/esplais-catalans-dona-suport-als-9-de-vilanova\/"]}]},{"@type":"ImageObject","inLanguage":"en-US","@id":"https:\/\/www.esplac.cat\/esplais-catalans-dona-suport-als-9-de-vilanova\/#primaryimage","url":"https:\/\/www.esplac.cat\/wp-content\/uploads\/2018\/06\/vilanova.jpg","contentUrl":"https:\/\/www.esplac.cat\/wp-content\/uploads\/2018\/06\/vilanova.jpg","width":828,"height":315},{"@type":"BreadcrumbList","@id":"https:\/\/www.esplac.cat\/esplais-catalans-dona-suport-als-9-de-vilanova\/#breadcrumb","itemListElement":[{"@type":"ListItem","position":1,"name":"Inici","item":"https:\/\/www.esplac.cat\/en\/"},{"@type":"ListItem","position":2,"name":"Esplais Catalans d\u00f3na suport als 9 de Vilanova"}]},{"@type":"WebSite","@id":"https:\/\/www.esplac.cat\/#website","url":"https:\/\/www.esplac.cat\/","name":"Esplac","description":"Esplais Catalans","publisher":{"@id":"https:\/\/www.esplac.cat\/#organization"},"potentialAction":[{"@type":"SearchAction","target":{"@type":"EntryPoint","urlTemplate":"https:\/\/www.esplac.cat\/?s={search_term_string}"},"query-input":{"@type":"PropertyValueSpecification","valueRequired":true,"valueName":"search_term_string"}}],"inLanguage":"en-US"},{"@type":"Organization","@id":"https:\/\/www.esplac.cat\/#organization","name":"Esplac","url":"https:\/\/www.esplac.cat\/","logo":{"@type":"ImageObject","inLanguage":"en-US","@id":"https:\/\/www.esplac.cat\/#\/schema\/logo\/image\/","url":"https:\/\/www.esplac.cat\/wp-content\/uploads\/2019\/08\/logox2.png","contentUrl":"https:\/\/www.esplac.cat\/wp-content\/uploads\/2019\/08\/logox2.png","width":600,"height":295,"caption":"Esplac"},"image":{"@id":"https:\/\/www.esplac.cat\/#\/schema\/logo\/image\/"}},{"@type":"Person","@id":"https:\/\/www.esplac.cat\/#\/schema\/person\/8d7ee340c02b239b152b9ff2c3d40766","name":"root","image":{"@type":"ImageObject","inLanguage":"en-US","@id":"https:\/\/secure.gravatar.com\/avatar\/9356757d53af8c5db257f894fbbd9ee7446c25af07cd2e7844bd1cf43acef754?s=96&d=mm&r=g","url":"https:\/\/secure.gravatar.com\/avatar\/9356757d53af8c5db257f894fbbd9ee7446c25af07cd2e7844bd1cf43acef754?s=96&d=mm&r=g","contentUrl":"https:\/\/secure.gravatar.com\/avatar\/9356757d53af8c5db257f894fbbd9ee7446c25af07cd2e7844bd1cf43acef754?s=96&d=mm&r=g","caption":"root"}}]}},"_links":{"self":[{"href":"https:\/\/www.esplac.cat\/en\/wp-json\/wp\/v2\/posts\/24015","targetHints":{"allow":["GET"]}}],"collection":[{"href":"https:\/\/www.esplac.cat\/en\/wp-json\/wp\/v2\/posts"}],"about":[{"href":"https:\/\/www.esplac.cat\/en\/wp-json\/wp\/v2\/types\/post"}],"author":[{"embeddable":true,"href":"https:\/\/www.esplac.cat\/en\/wp-json\/wp\/v2\/users\/1"}],"replies":[{"embeddable":true,"href":"https:\/\/www.esplac.cat\/en\/wp-json\/wp\/v2\/comments?post=24015"}],"version-history":[{"count":0,"href":"https:\/\/www.esplac.cat\/en\/wp-json\/wp\/v2\/posts\/24015\/revisions"}],"wp:featuredmedia":[{"embeddable":true,"href":"https:\/\/www.esplac.cat\/en\/wp-json\/wp\/v2\/media\/24016"}],"wp:attachment":[{"href":"https:\/\/www.esplac.cat\/en\/wp-json\/wp\/v2\/media?parent=24015"}],"wp:term":[{"taxonomy":"category","embeddable":true,"href":"https:\/\/www.esplac.cat\/en\/wp-json\/wp\/v2\/categories?post=24015"},{"taxonomy":"post_tag","embeddable":true,"href":"https:\/\/www.esplac.cat\/en\/wp-json\/wp\/v2\/tags?post=24015"}],"curies":[{"name":"wp","href":"https:\/\/api.w.org\/{rel}","templated":true}]}}