{"id":24026,"date":"2018-06-08T13:01:52","date_gmt":"2018-06-08T11:01:52","guid":{"rendered":"http:\/\/esplac.cat\/?p=17803"},"modified":"2018-06-08T13:01:52","modified_gmt":"2018-06-08T11:01:52","slug":"el-sector-girona-ens-retrobem-a-llagostera","status":"publish","type":"post","link":"https:\/\/www.esplac.cat\/en\/el-sector-girona-ens-retrobem-a-llagostera\/","title":{"rendered":"El Sector Girona ens retrobem a Llagostera"},"content":{"rendered":"<h4>Els esplais de Girona\u00a0vam passar una memorable jornada marcada per la intensa pluja que ens va obligar a repensar de forma creativa les activitats que tenien pensades.<\/h4>\n<p>El passat 14 d&#8217;abril ni tant sols la pluja va poder parar el nostre sector. Infants, monitors i monitores ens vam retrobar a Llagostera per compartir tot un dia d&#8217;activitats sense que la tempesta ens fes decaure. De fet, la nostra trobada havia de ser a Puig de Cadiretes, ja que els llagosterencs i llagosterenques fa temps que ens expliquen que \u00e9s la millor muntanya del municipi, per\u00f2 com que el factor temps no ens servia per anul\u00b7lar aquesta trobada, vam decidir reunir-nos al seu poble.<\/p>\n<p>Aix\u00ed doncs, durant tot el mati ens vam reunir per grups d&#8217;edat per fer activitats conjuntament i con\u00e8ixer-nos una mica m\u00e9s. Un cop ja ens ten\u00edem les cares vistes, vam reunir-nos amb una gran macarronada, per posar rumb a la tarda amb molta energia!<br \/>\nDespr\u00e9s d&#8217;aix\u00f2, entre tots i totes vam preparar una actuaci\u00f3 per un fam\u00f3s Got Talent. Van sortir talents molt divertits i molt variats entre els esplais. De fet, els petits del Kamono, de Mediny\u00e0 i del Papu-Tisores ens van sorprendre amb una actuaci\u00f3 teatral molt divertida. A m\u00e9s a m\u00e9s, els m\u00e9s grans ens van fer una classe de salts i acrob\u00e0cies que ens van semblar al\u00b7lucinats! De fet, al final no sab\u00edem ni qui havia guanyat el concurs, la cosa estava molt equilibrada.Al final del dia, ens vam haver de despedir, per\u00f2 vam marxar contents i contentes del fant\u00e0stic dia que vam passar!<\/p>\n<p><a href=\"http:\/\/esplac.cat\/wp-content\/uploads\/2018\/06\/20180414_111335-1.jpg\"><img decoding=\"async\" class=\"aligncenter wp-image-17804\" src=\"http:\/\/esplac.cat\/wp-content\/uploads\/2018\/06\/20180414_111335-1-1024x768.jpg\" alt=\"\" width=\"532\" height=\"399\" \/><\/a><\/p>\n","protected":false},"excerpt":{"rendered":"<p>Els esplais de Girona\u00a0vam passar una memorable jornada marcada per [&hellip;]<\/p>\n","protected":false},"author":3,"featured_media":24027,"comment_status":"closed","ping_status":"open","sticky":false,"template":"","format":"standard","meta":{"om_disable_all_campaigns":false,"_monsterinsights_skip_tracking":false,"_monsterinsights_sitenote_active":false,"_monsterinsights_sitenote_note":"","_monsterinsights_sitenote_category":0,"_uf_show_specific_survey":0,"_uf_disable_surveys":false,"footnotes":""},"categories":[1130,1],"tags":[499,121,983],"class_list":["post-24026","post","type-post","status-publish","format-standard","has-post-thumbnail","hentry","category-sector-girona","category-sense-categoria","tag-llagostera","tag-sector-girona","tag-trobada-de-sector"],"yoast_head":"<!-- This site is optimized with the Yoast SEO plugin v27.4 - https:\/\/yoast.com\/product\/yoast-seo-wordpress\/ -->\n<title>El Sector Girona ens retrobem a Llagostera - Esplac<\/title>\n<meta name=\"robots\" content=\"index, follow, max-snippet:-1, max-image-preview:large, max-video-preview:-1\" \/>\n<link rel=\"canonical\" href=\"https:\/\/www.esplac.cat\/el-sector-girona-ens-retrobem-a-llagostera\/\" \/>\n<meta property=\"og:locale\" content=\"en_US\" \/>\n<meta property=\"og:type\" content=\"article\" \/>\n<meta property=\"og:title\" content=\"El Sector Girona ens retrobem a Llagostera - Esplac\" \/>\n<meta property=\"og:description\" content=\"Els esplais de Girona\u00a0vam passar una memorable jornada marcada per [&hellip;]\" \/>\n<meta property=\"og:url\" content=\"https:\/\/www.esplac.cat\/el-sector-girona-ens-retrobem-a-llagostera\/\" \/>\n<meta property=\"og:site_name\" content=\"Esplac\" \/>\n<meta property=\"article:published_time\" content=\"2018-06-08T11:01:52+00:00\" \/>\n<meta property=\"og:image\" content=\"https:\/\/www.esplac.cat\/wp-content\/uploads\/2018\/06\/llagostera2.jpg\" \/>\n\t<meta property=\"og:image:width\" content=\"847\" \/>\n\t<meta property=\"og:image:height\" content=\"350\" \/>\n\t<meta property=\"og:image:type\" content=\"image\/jpeg\" \/>\n<meta name=\"author\" content=\"Comunicaci\u00f3 Esplac\" \/>\n<meta name=\"twitter:card\" content=\"summary_large_image\" \/>\n<meta name=\"twitter:label1\" content=\"Written by\" \/>\n\t<meta name=\"twitter:data1\" content=\"Comunicaci\u00f3 Esplac\" \/>\n\t<meta name=\"twitter:label2\" content=\"Est. reading time\" \/>\n\t<meta name=\"twitter:data2\" content=\"1 minute\" \/>\n<script type=\"application\/ld+json\" class=\"yoast-schema-graph\">{\"@context\":\"https:\\\/\\\/schema.org\",\"@graph\":[{\"@type\":\"Article\",\"@id\":\"https:\\\/\\\/www.esplac.cat\\\/el-sector-girona-ens-retrobem-a-llagostera\\\/#article\",\"isPartOf\":{\"@id\":\"https:\\\/\\\/www.esplac.cat\\\/el-sector-girona-ens-retrobem-a-llagostera\\\/\"},\"author\":{\"name\":\"Comunicaci\u00f3 Esplac\",\"@id\":\"https:\\\/\\\/www.esplac.cat\\\/#\\\/schema\\\/person\\\/908383cf240be18b68f8855d0583faca\"},\"headline\":\"El Sector Girona ens retrobem a Llagostera\",\"datePublished\":\"2018-06-08T11:01:52+00:00\",\"mainEntityOfPage\":{\"@id\":\"https:\\\/\\\/www.esplac.cat\\\/el-sector-girona-ens-retrobem-a-llagostera\\\/\"},\"wordCount\":286,\"publisher\":{\"@id\":\"https:\\\/\\\/www.esplac.cat\\\/#organization\"},\"image\":{\"@id\":\"https:\\\/\\\/www.esplac.cat\\\/el-sector-girona-ens-retrobem-a-llagostera\\\/#primaryimage\"},\"thumbnailUrl\":\"https:\\\/\\\/www.esplac.cat\\\/wp-content\\\/uploads\\\/2018\\\/06\\\/llagostera2.jpg\",\"keywords\":[\"llagostera\",\"sector Girona\",\"Trobada de sector\"],\"articleSection\":[\"Sector Girona\",\"Sense categoria\"],\"inLanguage\":\"en-US\"},{\"@type\":\"WebPage\",\"@id\":\"https:\\\/\\\/www.esplac.cat\\\/el-sector-girona-ens-retrobem-a-llagostera\\\/\",\"url\":\"https:\\\/\\\/www.esplac.cat\\\/el-sector-girona-ens-retrobem-a-llagostera\\\/\",\"name\":\"El Sector Girona ens retrobem a Llagostera - Esplac\",\"isPartOf\":{\"@id\":\"https:\\\/\\\/www.esplac.cat\\\/#website\"},\"primaryImageOfPage\":{\"@id\":\"https:\\\/\\\/www.esplac.cat\\\/el-sector-girona-ens-retrobem-a-llagostera\\\/#primaryimage\"},\"image\":{\"@id\":\"https:\\\/\\\/www.esplac.cat\\\/el-sector-girona-ens-retrobem-a-llagostera\\\/#primaryimage\"},\"thumbnailUrl\":\"https:\\\/\\\/www.esplac.cat\\\/wp-content\\\/uploads\\\/2018\\\/06\\\/llagostera2.jpg\",\"datePublished\":\"2018-06-08T11:01:52+00:00\",\"breadcrumb\":{\"@id\":\"https:\\\/\\\/www.esplac.cat\\\/el-sector-girona-ens-retrobem-a-llagostera\\\/#breadcrumb\"},\"inLanguage\":\"en-US\",\"potentialAction\":[{\"@type\":\"ReadAction\",\"target\":[\"https:\\\/\\\/www.esplac.cat\\\/el-sector-girona-ens-retrobem-a-llagostera\\\/\"]}]},{\"@type\":\"ImageObject\",\"inLanguage\":\"en-US\",\"@id\":\"https:\\\/\\\/www.esplac.cat\\\/el-sector-girona-ens-retrobem-a-llagostera\\\/#primaryimage\",\"url\":\"https:\\\/\\\/www.esplac.cat\\\/wp-content\\\/uploads\\\/2018\\\/06\\\/llagostera2.jpg\",\"contentUrl\":\"https:\\\/\\\/www.esplac.cat\\\/wp-content\\\/uploads\\\/2018\\\/06\\\/llagostera2.jpg\",\"width\":847,\"height\":350},{\"@type\":\"BreadcrumbList\",\"@id\":\"https:\\\/\\\/www.esplac.cat\\\/el-sector-girona-ens-retrobem-a-llagostera\\\/#breadcrumb\",\"itemListElement\":[{\"@type\":\"ListItem\",\"position\":1,\"name\":\"Inici\",\"item\":\"https:\\\/\\\/www.esplac.cat\\\/en\\\/\"},{\"@type\":\"ListItem\",\"position\":2,\"name\":\"El Sector Girona ens retrobem a Llagostera\"}]},{\"@type\":\"WebSite\",\"@id\":\"https:\\\/\\\/www.esplac.cat\\\/#website\",\"url\":\"https:\\\/\\\/www.esplac.cat\\\/\",\"name\":\"Esplac\",\"description\":\"Esplais Catalans\",\"publisher\":{\"@id\":\"https:\\\/\\\/www.esplac.cat\\\/#organization\"},\"potentialAction\":[{\"@type\":\"SearchAction\",\"target\":{\"@type\":\"EntryPoint\",\"urlTemplate\":\"https:\\\/\\\/www.esplac.cat\\\/?s={search_term_string}\"},\"query-input\":{\"@type\":\"PropertyValueSpecification\",\"valueRequired\":true,\"valueName\":\"search_term_string\"}}],\"inLanguage\":\"en-US\"},{\"@type\":\"Organization\",\"@id\":\"https:\\\/\\\/www.esplac.cat\\\/#organization\",\"name\":\"Esplac\",\"url\":\"https:\\\/\\\/www.esplac.cat\\\/\",\"logo\":{\"@type\":\"ImageObject\",\"inLanguage\":\"en-US\",\"@id\":\"https:\\\/\\\/www.esplac.cat\\\/#\\\/schema\\\/logo\\\/image\\\/\",\"url\":\"https:\\\/\\\/www.esplac.cat\\\/wp-content\\\/uploads\\\/2019\\\/08\\\/logox2.png\",\"contentUrl\":\"https:\\\/\\\/www.esplac.cat\\\/wp-content\\\/uploads\\\/2019\\\/08\\\/logox2.png\",\"width\":600,\"height\":295,\"caption\":\"Esplac\"},\"image\":{\"@id\":\"https:\\\/\\\/www.esplac.cat\\\/#\\\/schema\\\/logo\\\/image\\\/\"}},{\"@type\":\"Person\",\"@id\":\"https:\\\/\\\/www.esplac.cat\\\/#\\\/schema\\\/person\\\/908383cf240be18b68f8855d0583faca\",\"name\":\"Comunicaci\u00f3 Esplac\",\"image\":{\"@type\":\"ImageObject\",\"inLanguage\":\"en-US\",\"@id\":\"https:\\\/\\\/secure.gravatar.com\\\/avatar\\\/7a4cf8feb412a76ea4a740ca02d95b06b2907b5a6c648c2dd0a1082a093c3141?s=96&d=mm&r=g\",\"url\":\"https:\\\/\\\/secure.gravatar.com\\\/avatar\\\/7a4cf8feb412a76ea4a740ca02d95b06b2907b5a6c648c2dd0a1082a093c3141?s=96&d=mm&r=g\",\"contentUrl\":\"https:\\\/\\\/secure.gravatar.com\\\/avatar\\\/7a4cf8feb412a76ea4a740ca02d95b06b2907b5a6c648c2dd0a1082a093c3141?s=96&d=mm&r=g\",\"caption\":\"Comunicaci\u00f3 Esplac\"}}]}<\/script>\n<!-- \/ Yoast SEO plugin. -->","yoast_head_json":{"title":"El Sector Girona ens retrobem a Llagostera - Esplac","robots":{"index":"index","follow":"follow","max-snippet":"max-snippet:-1","max-image-preview":"max-image-preview:large","max-video-preview":"max-video-preview:-1"},"canonical":"https:\/\/www.esplac.cat\/el-sector-girona-ens-retrobem-a-llagostera\/","og_locale":"en_US","og_type":"article","og_title":"El Sector Girona ens retrobem a Llagostera - Esplac","og_description":"Els esplais de Girona\u00a0vam passar una memorable jornada marcada per [&hellip;]","og_url":"https:\/\/www.esplac.cat\/el-sector-girona-ens-retrobem-a-llagostera\/","og_site_name":"Esplac","article_published_time":"2018-06-08T11:01:52+00:00","og_image":[{"width":847,"height":350,"url":"https:\/\/www.esplac.cat\/wp-content\/uploads\/2018\/06\/llagostera2.jpg","type":"image\/jpeg"}],"author":"Comunicaci\u00f3 Esplac","twitter_card":"summary_large_image","twitter_misc":{"Written by":"Comunicaci\u00f3 Esplac","Est. reading time":"1 minute"},"schema":{"@context":"https:\/\/schema.org","@graph":[{"@type":"Article","@id":"https:\/\/www.esplac.cat\/el-sector-girona-ens-retrobem-a-llagostera\/#article","isPartOf":{"@id":"https:\/\/www.esplac.cat\/el-sector-girona-ens-retrobem-a-llagostera\/"},"author":{"name":"Comunicaci\u00f3 Esplac","@id":"https:\/\/www.esplac.cat\/#\/schema\/person\/908383cf240be18b68f8855d0583faca"},"headline":"El Sector Girona ens retrobem a Llagostera","datePublished":"2018-06-08T11:01:52+00:00","mainEntityOfPage":{"@id":"https:\/\/www.esplac.cat\/el-sector-girona-ens-retrobem-a-llagostera\/"},"wordCount":286,"publisher":{"@id":"https:\/\/www.esplac.cat\/#organization"},"image":{"@id":"https:\/\/www.esplac.cat\/el-sector-girona-ens-retrobem-a-llagostera\/#primaryimage"},"thumbnailUrl":"https:\/\/www.esplac.cat\/wp-content\/uploads\/2018\/06\/llagostera2.jpg","keywords":["llagostera","sector Girona","Trobada de sector"],"articleSection":["Sector Girona","Sense categoria"],"inLanguage":"en-US"},{"@type":"WebPage","@id":"https:\/\/www.esplac.cat\/el-sector-girona-ens-retrobem-a-llagostera\/","url":"https:\/\/www.esplac.cat\/el-sector-girona-ens-retrobem-a-llagostera\/","name":"El Sector Girona ens retrobem a Llagostera - Esplac","isPartOf":{"@id":"https:\/\/www.esplac.cat\/#website"},"primaryImageOfPage":{"@id":"https:\/\/www.esplac.cat\/el-sector-girona-ens-retrobem-a-llagostera\/#primaryimage"},"image":{"@id":"https:\/\/www.esplac.cat\/el-sector-girona-ens-retrobem-a-llagostera\/#primaryimage"},"thumbnailUrl":"https:\/\/www.esplac.cat\/wp-content\/uploads\/2018\/06\/llagostera2.jpg","datePublished":"2018-06-08T11:01:52+00:00","breadcrumb":{"@id":"https:\/\/www.esplac.cat\/el-sector-girona-ens-retrobem-a-llagostera\/#breadcrumb"},"inLanguage":"en-US","potentialAction":[{"@type":"ReadAction","target":["https:\/\/www.esplac.cat\/el-sector-girona-ens-retrobem-a-llagostera\/"]}]},{"@type":"ImageObject","inLanguage":"en-US","@id":"https:\/\/www.esplac.cat\/el-sector-girona-ens-retrobem-a-llagostera\/#primaryimage","url":"https:\/\/www.esplac.cat\/wp-content\/uploads\/2018\/06\/llagostera2.jpg","contentUrl":"https:\/\/www.esplac.cat\/wp-content\/uploads\/2018\/06\/llagostera2.jpg","width":847,"height":350},{"@type":"BreadcrumbList","@id":"https:\/\/www.esplac.cat\/el-sector-girona-ens-retrobem-a-llagostera\/#breadcrumb","itemListElement":[{"@type":"ListItem","position":1,"name":"Inici","item":"https:\/\/www.esplac.cat\/en\/"},{"@type":"ListItem","position":2,"name":"El Sector Girona ens retrobem a Llagostera"}]},{"@type":"WebSite","@id":"https:\/\/www.esplac.cat\/#website","url":"https:\/\/www.esplac.cat\/","name":"Esplac","description":"Esplais Catalans","publisher":{"@id":"https:\/\/www.esplac.cat\/#organization"},"potentialAction":[{"@type":"SearchAction","target":{"@type":"EntryPoint","urlTemplate":"https:\/\/www.esplac.cat\/?s={search_term_string}"},"query-input":{"@type":"PropertyValueSpecification","valueRequired":true,"valueName":"search_term_string"}}],"inLanguage":"en-US"},{"@type":"Organization","@id":"https:\/\/www.esplac.cat\/#organization","name":"Esplac","url":"https:\/\/www.esplac.cat\/","logo":{"@type":"ImageObject","inLanguage":"en-US","@id":"https:\/\/www.esplac.cat\/#\/schema\/logo\/image\/","url":"https:\/\/www.esplac.cat\/wp-content\/uploads\/2019\/08\/logox2.png","contentUrl":"https:\/\/www.esplac.cat\/wp-content\/uploads\/2019\/08\/logox2.png","width":600,"height":295,"caption":"Esplac"},"image":{"@id":"https:\/\/www.esplac.cat\/#\/schema\/logo\/image\/"}},{"@type":"Person","@id":"https:\/\/www.esplac.cat\/#\/schema\/person\/908383cf240be18b68f8855d0583faca","name":"Comunicaci\u00f3 Esplac","image":{"@type":"ImageObject","inLanguage":"en-US","@id":"https:\/\/secure.gravatar.com\/avatar\/7a4cf8feb412a76ea4a740ca02d95b06b2907b5a6c648c2dd0a1082a093c3141?s=96&d=mm&r=g","url":"https:\/\/secure.gravatar.com\/avatar\/7a4cf8feb412a76ea4a740ca02d95b06b2907b5a6c648c2dd0a1082a093c3141?s=96&d=mm&r=g","contentUrl":"https:\/\/secure.gravatar.com\/avatar\/7a4cf8feb412a76ea4a740ca02d95b06b2907b5a6c648c2dd0a1082a093c3141?s=96&d=mm&r=g","caption":"Comunicaci\u00f3 Esplac"}}]}},"_links":{"self":[{"href":"https:\/\/www.esplac.cat\/en\/wp-json\/wp\/v2\/posts\/24026","targetHints":{"allow":["GET"]}}],"collection":[{"href":"https:\/\/www.esplac.cat\/en\/wp-json\/wp\/v2\/posts"}],"about":[{"href":"https:\/\/www.esplac.cat\/en\/wp-json\/wp\/v2\/types\/post"}],"author":[{"embeddable":true,"href":"https:\/\/www.esplac.cat\/en\/wp-json\/wp\/v2\/users\/3"}],"replies":[{"embeddable":true,"href":"https:\/\/www.esplac.cat\/en\/wp-json\/wp\/v2\/comments?post=24026"}],"version-history":[{"count":0,"href":"https:\/\/www.esplac.cat\/en\/wp-json\/wp\/v2\/posts\/24026\/revisions"}],"wp:featuredmedia":[{"embeddable":true,"href":"https:\/\/www.esplac.cat\/en\/wp-json\/wp\/v2\/media\/24027"}],"wp:attachment":[{"href":"https:\/\/www.esplac.cat\/en\/wp-json\/wp\/v2\/media?parent=24026"}],"wp:term":[{"taxonomy":"category","embeddable":true,"href":"https:\/\/www.esplac.cat\/en\/wp-json\/wp\/v2\/categories?post=24026"},{"taxonomy":"post_tag","embeddable":true,"href":"https:\/\/www.esplac.cat\/en\/wp-json\/wp\/v2\/tags?post=24026"}],"curies":[{"name":"wp","href":"https:\/\/api.w.org\/{rel}","templated":true}]}}