{"id":24063,"date":"2018-04-19T14:53:30","date_gmt":"2018-04-19T12:53:30","guid":{"rendered":"http:\/\/esplac.cat\/?p=17694"},"modified":"2019-11-14T11:54:48","modified_gmt":"2019-11-14T09:54:48","slug":"cartell-canco-esplaiada-2018","status":"publish","type":"post","link":"https:\/\/www.esplac.cat\/en\/cartell-canco-esplaiada-2018\/","title":{"rendered":"Ja tenim el cartell i la can\u00e7\u00f3 de l\u2019Esplaiada 2018!"},"content":{"rendered":"<h4 style=\"text-align: justify;\">Encetem el compte enrere per a la trobada de l\u2019any a Esplac: 22 dies!<\/h4>\n<p style=\"text-align: justify;\">Esplais inscrits, equip d\u2019organitzaci\u00f3 preparat, activitats a punt&#8230; i, a partir d\u2019avui, tamb\u00e9 disposem del cartell i la can\u00e7\u00f3 oficials de l\u2019<strong>Esplaiada 2018<\/strong>, que se celebrar\u00e0 el cap de setmana 11, 12 i 13 de maig a Martorell, d\u2019aqu\u00ed a tan sols 22 dies! Quins nervis!<\/p>\n<p style=\"text-align: justify;\">L\u2019empresa encarregada de dissenyar la imatge visual de l\u2019Esplaiada ha estat l\u2019<a href=\"http:\/\/agenciajaimito.com\/\" target=\"_blank\" rel=\"noopener noreferrer\"><strong>Agencia Jaimito<\/strong><\/a>, una empresa jove i innovadora amb un gust creatiu exquisit. Aqu\u00ed teniu el <strong>cartell<\/strong>! Us agrada?!<\/p>\n<p style=\"text-align: justify;\"><img decoding=\"async\" class=\"wp-image-24687 aligncenter\" src=\"http:\/\/esplac.cat\/wp-content\/uploads\/2019\/10\/cartell-esplaiada.jpg\" alt=\"\" width=\"1202\" height=\"1688\" srcset=\"https:\/\/www.esplac.cat\/wp-content\/uploads\/2019\/10\/cartell-esplaiada-200x281.jpg 200w, https:\/\/www.esplac.cat\/wp-content\/uploads\/2019\/10\/cartell-esplaiada-214x300.jpg 214w, https:\/\/www.esplac.cat\/wp-content\/uploads\/2019\/10\/cartell-esplaiada-400x562.jpg 400w, https:\/\/www.esplac.cat\/wp-content\/uploads\/2019\/10\/cartell-esplaiada-600x843.jpg 600w, https:\/\/www.esplac.cat\/wp-content\/uploads\/2019\/10\/cartell-esplaiada-729x1024.jpg 729w, https:\/\/www.esplac.cat\/wp-content\/uploads\/2019\/10\/cartell-esplaiada-768x1078.jpg 768w, https:\/\/www.esplac.cat\/wp-content\/uploads\/2019\/10\/cartell-esplaiada-800x1123.jpg 800w, https:\/\/www.esplac.cat\/wp-content\/uploads\/2019\/10\/cartell-esplaiada-1200x1685.jpg 1200w, https:\/\/www.esplac.cat\/wp-content\/uploads\/2019\/10\/cartell-esplaiada.jpg 4851w\" sizes=\"(max-width: 1202px) 100vw, 1202px\" \/><\/p>\n<p style=\"text-align: justify;\">I la <strong>can\u00e7\u00f3<\/strong> ha estat obra del grup de m\u00fasica i animaci\u00f3 infantil <a href=\"https:\/\/www.ailas.cat\/\" target=\"_blank\" rel=\"noopener noreferrer\"><strong>Ail\u2019as<\/strong><\/a>, que, a m\u00e9s a m\u00e9s d\u2019haver creat aquest pe\u00e7a, ser\u00e0 amb tots i totes nosaltres el diumenge 12 de maig en l\u2019acte unitari a Martorell. Som capaces de tot!<\/p>\n<div class=\"video-shortcode\"><iframe class=\"fusion-hidden\" data-privacy-type=\"youtube\" src=\"\" title=\"\u201cSom capaces de tot!\u201d, can\u00e7\u00f3 oficial de l&#039;Esplaiada 2018!\" width=\"1200\" height=\"675\" data-privacy-src=\"https:\/\/www.youtube.com\/embed\/Zxjcu17V2ZM?feature=oembed\" frameborder=\"0\" allow=\"accelerometer; autoplay; encrypted-media; gyroscope; picture-in-picture\" allowfullscreen><\/iframe><div class=\"fusion-privacy-placeholder\" style=\"width:1200px; height:675px;\" data-privacy-type=\"youtube\"><div class=\"fusion-privacy-placeholder-content\"><div class=\"fusion-privacy-label\">For privacy reasons YouTube needs your permission to be loaded. For more details, please see our <a class=\"privacy-policy-link\" href=\"https:\/\/www.esplac.cat\/avis-legal\/\" rel=\"privacy-policy\">Av\u00eds Legal<\/a>.<\/div><a href=\"\" data-privacy-type=\"youtube\" class=\"fusion-button button-default fusion-button-default-size button fusion-privacy-consent\">I Accept<\/a><\/div><\/div><\/div>\n","protected":false},"excerpt":{"rendered":"<p>Encetem el compte enrere per a la trobada de l\u2019any [&hellip;]<\/p>\n","protected":false},"author":1,"featured_media":24712,"comment_status":"closed","ping_status":"open","sticky":false,"template":"","format":"standard","meta":{"om_disable_all_campaigns":false,"_monsterinsights_skip_tracking":false,"_monsterinsights_sitenote_active":false,"_monsterinsights_sitenote_note":"","_monsterinsights_sitenote_category":0,"_uf_show_specific_survey":0,"_uf_disable_surveys":false,"footnotes":""},"categories":[1136,1],"tags":[714,913,921],"class_list":["post-24063","post","type-post","status-publish","format-standard","has-post-thumbnail","hentry","category-esplaiada","category-sense-categoria","tag-canco","tag-cartell","tag-esplaiada-2018"],"yoast_head":"<!-- This site is optimized with the Yoast SEO plugin v27.4 - https:\/\/yoast.com\/product\/yoast-seo-wordpress\/ -->\n<title>Ja tenim el cartell i la can\u00e7\u00f3 de l\u2019Esplaiada 2018! - Esplac<\/title>\n<meta name=\"robots\" content=\"index, follow, max-snippet:-1, max-image-preview:large, max-video-preview:-1\" \/>\n<link rel=\"canonical\" href=\"https:\/\/www.esplac.cat\/cartell-canco-esplaiada-2018\/\" \/>\n<meta property=\"og:locale\" content=\"en_US\" \/>\n<meta property=\"og:type\" content=\"article\" \/>\n<meta property=\"og:title\" content=\"Ja tenim el cartell i la can\u00e7\u00f3 de l\u2019Esplaiada 2018! - Esplac\" \/>\n<meta property=\"og:description\" content=\"Encetem el compte enrere per a la trobada de l\u2019any [&hellip;]\" \/>\n<meta property=\"og:url\" content=\"https:\/\/www.esplac.cat\/cartell-canco-esplaiada-2018\/\" \/>\n<meta property=\"og:site_name\" content=\"Esplac\" \/>\n<meta property=\"article:published_time\" content=\"2018-04-19T12:53:30+00:00\" \/>\n<meta property=\"article:modified_time\" content=\"2019-11-14T09:54:48+00:00\" \/>\n<meta property=\"og:image\" content=\"https:\/\/www.esplac.cat\/wp-content\/uploads\/2019\/10\/Banner-Web-esplaiada.jpg\" \/>\n\t<meta property=\"og:image:width\" content=\"1200\" \/>\n\t<meta property=\"og:image:height\" content=\"438\" \/>\n\t<meta property=\"og:image:type\" content=\"image\/jpeg\" \/>\n<meta name=\"author\" content=\"root\" \/>\n<meta name=\"twitter:card\" content=\"summary_large_image\" \/>\n<meta name=\"twitter:label1\" content=\"Written by\" \/>\n\t<meta name=\"twitter:data1\" content=\"root\" \/>\n\t<meta name=\"twitter:label2\" content=\"Est. reading time\" \/>\n\t<meta name=\"twitter:data2\" content=\"1 minute\" \/>\n<script type=\"application\/ld+json\" class=\"yoast-schema-graph\">{\"@context\":\"https:\\\/\\\/schema.org\",\"@graph\":[{\"@type\":\"Article\",\"@id\":\"https:\\\/\\\/www.esplac.cat\\\/cartell-canco-esplaiada-2018\\\/#article\",\"isPartOf\":{\"@id\":\"https:\\\/\\\/www.esplac.cat\\\/cartell-canco-esplaiada-2018\\\/\"},\"author\":{\"name\":\"root\",\"@id\":\"https:\\\/\\\/www.esplac.cat\\\/#\\\/schema\\\/person\\\/8d7ee340c02b239b152b9ff2c3d40766\"},\"headline\":\"Ja tenim el cartell i la can\u00e7\u00f3 de l\u2019Esplaiada 2018!\",\"datePublished\":\"2018-04-19T12:53:30+00:00\",\"dateModified\":\"2019-11-14T09:54:48+00:00\",\"mainEntityOfPage\":{\"@id\":\"https:\\\/\\\/www.esplac.cat\\\/cartell-canco-esplaiada-2018\\\/\"},\"wordCount\":159,\"publisher\":{\"@id\":\"https:\\\/\\\/www.esplac.cat\\\/#organization\"},\"image\":{\"@id\":\"https:\\\/\\\/www.esplac.cat\\\/cartell-canco-esplaiada-2018\\\/#primaryimage\"},\"thumbnailUrl\":\"https:\\\/\\\/www.esplac.cat\\\/wp-content\\\/uploads\\\/2019\\\/10\\\/Banner-Web-esplaiada.jpg\",\"keywords\":[\"can\u00e7\u00f3\",\"Cartell\",\"Esplaiada 2018\"],\"articleSection\":[\"Esplaiada\",\"Sense categoria\"],\"inLanguage\":\"en-US\"},{\"@type\":\"WebPage\",\"@id\":\"https:\\\/\\\/www.esplac.cat\\\/cartell-canco-esplaiada-2018\\\/\",\"url\":\"https:\\\/\\\/www.esplac.cat\\\/cartell-canco-esplaiada-2018\\\/\",\"name\":\"Ja tenim el cartell i la can\u00e7\u00f3 de l\u2019Esplaiada 2018! - Esplac\",\"isPartOf\":{\"@id\":\"https:\\\/\\\/www.esplac.cat\\\/#website\"},\"primaryImageOfPage\":{\"@id\":\"https:\\\/\\\/www.esplac.cat\\\/cartell-canco-esplaiada-2018\\\/#primaryimage\"},\"image\":{\"@id\":\"https:\\\/\\\/www.esplac.cat\\\/cartell-canco-esplaiada-2018\\\/#primaryimage\"},\"thumbnailUrl\":\"https:\\\/\\\/www.esplac.cat\\\/wp-content\\\/uploads\\\/2019\\\/10\\\/Banner-Web-esplaiada.jpg\",\"datePublished\":\"2018-04-19T12:53:30+00:00\",\"dateModified\":\"2019-11-14T09:54:48+00:00\",\"breadcrumb\":{\"@id\":\"https:\\\/\\\/www.esplac.cat\\\/cartell-canco-esplaiada-2018\\\/#breadcrumb\"},\"inLanguage\":\"en-US\",\"potentialAction\":[{\"@type\":\"ReadAction\",\"target\":[\"https:\\\/\\\/www.esplac.cat\\\/cartell-canco-esplaiada-2018\\\/\"]}]},{\"@type\":\"ImageObject\",\"inLanguage\":\"en-US\",\"@id\":\"https:\\\/\\\/www.esplac.cat\\\/cartell-canco-esplaiada-2018\\\/#primaryimage\",\"url\":\"https:\\\/\\\/www.esplac.cat\\\/wp-content\\\/uploads\\\/2019\\\/10\\\/Banner-Web-esplaiada.jpg\",\"contentUrl\":\"https:\\\/\\\/www.esplac.cat\\\/wp-content\\\/uploads\\\/2019\\\/10\\\/Banner-Web-esplaiada.jpg\",\"width\":1200,\"height\":438},{\"@type\":\"BreadcrumbList\",\"@id\":\"https:\\\/\\\/www.esplac.cat\\\/cartell-canco-esplaiada-2018\\\/#breadcrumb\",\"itemListElement\":[{\"@type\":\"ListItem\",\"position\":1,\"name\":\"Inici\",\"item\":\"https:\\\/\\\/www.esplac.cat\\\/en\\\/\"},{\"@type\":\"ListItem\",\"position\":2,\"name\":\"Ja tenim el cartell i la can\u00e7\u00f3 de l\u2019Esplaiada 2018!\"}]},{\"@type\":\"WebSite\",\"@id\":\"https:\\\/\\\/www.esplac.cat\\\/#website\",\"url\":\"https:\\\/\\\/www.esplac.cat\\\/\",\"name\":\"Esplac\",\"description\":\"Esplais Catalans\",\"publisher\":{\"@id\":\"https:\\\/\\\/www.esplac.cat\\\/#organization\"},\"potentialAction\":[{\"@type\":\"SearchAction\",\"target\":{\"@type\":\"EntryPoint\",\"urlTemplate\":\"https:\\\/\\\/www.esplac.cat\\\/?s={search_term_string}\"},\"query-input\":{\"@type\":\"PropertyValueSpecification\",\"valueRequired\":true,\"valueName\":\"search_term_string\"}}],\"inLanguage\":\"en-US\"},{\"@type\":\"Organization\",\"@id\":\"https:\\\/\\\/www.esplac.cat\\\/#organization\",\"name\":\"Esplac\",\"url\":\"https:\\\/\\\/www.esplac.cat\\\/\",\"logo\":{\"@type\":\"ImageObject\",\"inLanguage\":\"en-US\",\"@id\":\"https:\\\/\\\/www.esplac.cat\\\/#\\\/schema\\\/logo\\\/image\\\/\",\"url\":\"https:\\\/\\\/www.esplac.cat\\\/wp-content\\\/uploads\\\/2019\\\/08\\\/logox2.png\",\"contentUrl\":\"https:\\\/\\\/www.esplac.cat\\\/wp-content\\\/uploads\\\/2019\\\/08\\\/logox2.png\",\"width\":600,\"height\":295,\"caption\":\"Esplac\"},\"image\":{\"@id\":\"https:\\\/\\\/www.esplac.cat\\\/#\\\/schema\\\/logo\\\/image\\\/\"}},{\"@type\":\"Person\",\"@id\":\"https:\\\/\\\/www.esplac.cat\\\/#\\\/schema\\\/person\\\/8d7ee340c02b239b152b9ff2c3d40766\",\"name\":\"root\",\"image\":{\"@type\":\"ImageObject\",\"inLanguage\":\"en-US\",\"@id\":\"https:\\\/\\\/secure.gravatar.com\\\/avatar\\\/9356757d53af8c5db257f894fbbd9ee7446c25af07cd2e7844bd1cf43acef754?s=96&d=mm&r=g\",\"url\":\"https:\\\/\\\/secure.gravatar.com\\\/avatar\\\/9356757d53af8c5db257f894fbbd9ee7446c25af07cd2e7844bd1cf43acef754?s=96&d=mm&r=g\",\"contentUrl\":\"https:\\\/\\\/secure.gravatar.com\\\/avatar\\\/9356757d53af8c5db257f894fbbd9ee7446c25af07cd2e7844bd1cf43acef754?s=96&d=mm&r=g\",\"caption\":\"root\"}}]}<\/script>\n<!-- \/ Yoast SEO plugin. -->","yoast_head_json":{"title":"Ja tenim el cartell i la can\u00e7\u00f3 de l\u2019Esplaiada 2018! - Esplac","robots":{"index":"index","follow":"follow","max-snippet":"max-snippet:-1","max-image-preview":"max-image-preview:large","max-video-preview":"max-video-preview:-1"},"canonical":"https:\/\/www.esplac.cat\/cartell-canco-esplaiada-2018\/","og_locale":"en_US","og_type":"article","og_title":"Ja tenim el cartell i la can\u00e7\u00f3 de l\u2019Esplaiada 2018! - Esplac","og_description":"Encetem el compte enrere per a la trobada de l\u2019any [&hellip;]","og_url":"https:\/\/www.esplac.cat\/cartell-canco-esplaiada-2018\/","og_site_name":"Esplac","article_published_time":"2018-04-19T12:53:30+00:00","article_modified_time":"2019-11-14T09:54:48+00:00","og_image":[{"width":1200,"height":438,"url":"https:\/\/www.esplac.cat\/wp-content\/uploads\/2019\/10\/Banner-Web-esplaiada.jpg","type":"image\/jpeg"}],"author":"root","twitter_card":"summary_large_image","twitter_misc":{"Written by":"root","Est. reading time":"1 minute"},"schema":{"@context":"https:\/\/schema.org","@graph":[{"@type":"Article","@id":"https:\/\/www.esplac.cat\/cartell-canco-esplaiada-2018\/#article","isPartOf":{"@id":"https:\/\/www.esplac.cat\/cartell-canco-esplaiada-2018\/"},"author":{"name":"root","@id":"https:\/\/www.esplac.cat\/#\/schema\/person\/8d7ee340c02b239b152b9ff2c3d40766"},"headline":"Ja tenim el cartell i la can\u00e7\u00f3 de l\u2019Esplaiada 2018!","datePublished":"2018-04-19T12:53:30+00:00","dateModified":"2019-11-14T09:54:48+00:00","mainEntityOfPage":{"@id":"https:\/\/www.esplac.cat\/cartell-canco-esplaiada-2018\/"},"wordCount":159,"publisher":{"@id":"https:\/\/www.esplac.cat\/#organization"},"image":{"@id":"https:\/\/www.esplac.cat\/cartell-canco-esplaiada-2018\/#primaryimage"},"thumbnailUrl":"https:\/\/www.esplac.cat\/wp-content\/uploads\/2019\/10\/Banner-Web-esplaiada.jpg","keywords":["can\u00e7\u00f3","Cartell","Esplaiada 2018"],"articleSection":["Esplaiada","Sense categoria"],"inLanguage":"en-US"},{"@type":"WebPage","@id":"https:\/\/www.esplac.cat\/cartell-canco-esplaiada-2018\/","url":"https:\/\/www.esplac.cat\/cartell-canco-esplaiada-2018\/","name":"Ja tenim el cartell i la can\u00e7\u00f3 de l\u2019Esplaiada 2018! - Esplac","isPartOf":{"@id":"https:\/\/www.esplac.cat\/#website"},"primaryImageOfPage":{"@id":"https:\/\/www.esplac.cat\/cartell-canco-esplaiada-2018\/#primaryimage"},"image":{"@id":"https:\/\/www.esplac.cat\/cartell-canco-esplaiada-2018\/#primaryimage"},"thumbnailUrl":"https:\/\/www.esplac.cat\/wp-content\/uploads\/2019\/10\/Banner-Web-esplaiada.jpg","datePublished":"2018-04-19T12:53:30+00:00","dateModified":"2019-11-14T09:54:48+00:00","breadcrumb":{"@id":"https:\/\/www.esplac.cat\/cartell-canco-esplaiada-2018\/#breadcrumb"},"inLanguage":"en-US","potentialAction":[{"@type":"ReadAction","target":["https:\/\/www.esplac.cat\/cartell-canco-esplaiada-2018\/"]}]},{"@type":"ImageObject","inLanguage":"en-US","@id":"https:\/\/www.esplac.cat\/cartell-canco-esplaiada-2018\/#primaryimage","url":"https:\/\/www.esplac.cat\/wp-content\/uploads\/2019\/10\/Banner-Web-esplaiada.jpg","contentUrl":"https:\/\/www.esplac.cat\/wp-content\/uploads\/2019\/10\/Banner-Web-esplaiada.jpg","width":1200,"height":438},{"@type":"BreadcrumbList","@id":"https:\/\/www.esplac.cat\/cartell-canco-esplaiada-2018\/#breadcrumb","itemListElement":[{"@type":"ListItem","position":1,"name":"Inici","item":"https:\/\/www.esplac.cat\/en\/"},{"@type":"ListItem","position":2,"name":"Ja tenim el cartell i la can\u00e7\u00f3 de l\u2019Esplaiada 2018!"}]},{"@type":"WebSite","@id":"https:\/\/www.esplac.cat\/#website","url":"https:\/\/www.esplac.cat\/","name":"Esplac","description":"Esplais Catalans","publisher":{"@id":"https:\/\/www.esplac.cat\/#organization"},"potentialAction":[{"@type":"SearchAction","target":{"@type":"EntryPoint","urlTemplate":"https:\/\/www.esplac.cat\/?s={search_term_string}"},"query-input":{"@type":"PropertyValueSpecification","valueRequired":true,"valueName":"search_term_string"}}],"inLanguage":"en-US"},{"@type":"Organization","@id":"https:\/\/www.esplac.cat\/#organization","name":"Esplac","url":"https:\/\/www.esplac.cat\/","logo":{"@type":"ImageObject","inLanguage":"en-US","@id":"https:\/\/www.esplac.cat\/#\/schema\/logo\/image\/","url":"https:\/\/www.esplac.cat\/wp-content\/uploads\/2019\/08\/logox2.png","contentUrl":"https:\/\/www.esplac.cat\/wp-content\/uploads\/2019\/08\/logox2.png","width":600,"height":295,"caption":"Esplac"},"image":{"@id":"https:\/\/www.esplac.cat\/#\/schema\/logo\/image\/"}},{"@type":"Person","@id":"https:\/\/www.esplac.cat\/#\/schema\/person\/8d7ee340c02b239b152b9ff2c3d40766","name":"root","image":{"@type":"ImageObject","inLanguage":"en-US","@id":"https:\/\/secure.gravatar.com\/avatar\/9356757d53af8c5db257f894fbbd9ee7446c25af07cd2e7844bd1cf43acef754?s=96&d=mm&r=g","url":"https:\/\/secure.gravatar.com\/avatar\/9356757d53af8c5db257f894fbbd9ee7446c25af07cd2e7844bd1cf43acef754?s=96&d=mm&r=g","contentUrl":"https:\/\/secure.gravatar.com\/avatar\/9356757d53af8c5db257f894fbbd9ee7446c25af07cd2e7844bd1cf43acef754?s=96&d=mm&r=g","caption":"root"}}]}},"_links":{"self":[{"href":"https:\/\/www.esplac.cat\/en\/wp-json\/wp\/v2\/posts\/24063","targetHints":{"allow":["GET"]}}],"collection":[{"href":"https:\/\/www.esplac.cat\/en\/wp-json\/wp\/v2\/posts"}],"about":[{"href":"https:\/\/www.esplac.cat\/en\/wp-json\/wp\/v2\/types\/post"}],"author":[{"embeddable":true,"href":"https:\/\/www.esplac.cat\/en\/wp-json\/wp\/v2\/users\/1"}],"replies":[{"embeddable":true,"href":"https:\/\/www.esplac.cat\/en\/wp-json\/wp\/v2\/comments?post=24063"}],"version-history":[{"count":0,"href":"https:\/\/www.esplac.cat\/en\/wp-json\/wp\/v2\/posts\/24063\/revisions"}],"wp:featuredmedia":[{"embeddable":true,"href":"https:\/\/www.esplac.cat\/en\/wp-json\/wp\/v2\/media\/24712"}],"wp:attachment":[{"href":"https:\/\/www.esplac.cat\/en\/wp-json\/wp\/v2\/media?parent=24063"}],"wp:term":[{"taxonomy":"category","embeddable":true,"href":"https:\/\/www.esplac.cat\/en\/wp-json\/wp\/v2\/categories?post=24063"},{"taxonomy":"post_tag","embeddable":true,"href":"https:\/\/www.esplac.cat\/en\/wp-json\/wp\/v2\/tags?post=24063"}],"curies":[{"name":"wp","href":"https:\/\/api.w.org\/{rel}","templated":true}]}}