{"id":24081,"date":"2018-03-28T08:35:45","date_gmt":"2018-03-28T06:35:45","guid":{"rendered":"http:\/\/esplac.cat\/?p=17595"},"modified":"2018-03-28T08:35:45","modified_gmt":"2018-03-28T06:35:45","slug":"maresme-decap-per-avall","status":"publish","type":"post","link":"https:\/\/www.esplac.cat\/en\/maresme-decap-per-avall\/","title":{"rendered":"El Maresme, DeCap per avall!"},"content":{"rendered":"<h4 style=\"text-align: justify;\">L\u201911 i 12 de mar\u00e7 m\u00e9s de 100 persones van participar en la trobada de grans i joves del Maresme (DeCap) a Arenys de Mar<\/h4>\n<p style=\"text-align: justify;\">Arenys de Mar es va llevar el dissabte 10 de mar\u00e7 pensant-se que aquell seria un cap de setmana normal. Malgrat tot, ben aviat les vilatanes i vilatans del poble es van adonar que alguna cosa estava passant, quan a les 10 del mat\u00ed van comen\u00e7ar a baixar del tren una colla de joves que anaven cap a la preciosa casa de col\u00f2nies <strong><a href=\"https:\/\/www.casalsantvicenc.org\/\" target=\"_blank\" rel=\"noopener noreferrer\">Sant Vicen\u00e7<\/a><\/strong>.<\/p>\n<p style=\"text-align: justify;\">Un cop tots els esplais van ser a la casa (amb el t\u00edpic retard de la tropicalitat maresmenca), van comen\u00e7ar a fer alguns jocs de coneixen\u00e7a i cohesi\u00f3 que van permetre a les assistents anar forjant vincles de manera divertida! Quan va arribar l\u2019hora de dinar, van apar\u00e8ixer all\u00e0 al mig les xarxes socials! I entre totes elles, una carta de correu postal, una gran desconeguda. Despr\u00e9s d\u2019aquestes aparicions, a la tarda es van fer uns fant\u00e0stics tallers sobre l\u2019<strong>\u00fas de les xarxes socials<\/strong>, que realment van servir per reflexionar molt i de manera distesa!<\/p>\n<p style=\"text-align: justify;\">A la nit, com no podia ser d\u2019una altra manera, hi va haver una estona de <strong>m\u00fasica<\/strong>, <strong>gresca<\/strong> i <strong>xerinola<\/strong> perqu\u00e8 tothom an\u00e9s a dormir amb un somriure d\u2019orella a orella despr\u00e9s d\u2019un dia molt intens.<\/p>\n<p style=\"text-align: justify;\">Finalment, el diumenge, just despr\u00e9s de llevar-nos, es vam fer una gimcana per trobar la senyora Carta, que estava amagada pel centre del poble. Despr\u00e9s de voltar per la vila, vam fer una <strong>fant\u00e0stica macarronada<\/strong> per omplir-nos b\u00e9 l\u2019est\u00f3mac i tornar un altre cop cap a casa amb la satisfacci\u00f3 d\u2019haver passat un cap de setmana \u00fanic amb les grans i joves del Maresme lliure i tropical!<\/p>\n","protected":false},"excerpt":{"rendered":"<p>L\u201911 i 12 de mar\u00e7 m\u00e9s de 100 persones van [&hellip;]<\/p>\n","protected":false},"author":1,"featured_media":24085,"comment_status":"closed","ping_status":"open","sticky":false,"template":"","format":"standard","meta":{"om_disable_all_campaigns":false,"_monsterinsights_skip_tracking":false,"_monsterinsights_sitenote_active":false,"_monsterinsights_sitenote_note":"","_monsterinsights_sitenote_category":0,"_uf_show_specific_survey":0,"_uf_disable_surveys":false,"footnotes":""},"categories":[1110,1113,1],"tags":[973,861,21],"class_list":["post-24081","post","type-post","status-publish","format-standard","has-post-thumbnail","hentry","category-activitats-sectors","category-sector-maresme","category-sense-categoria","tag-decap","tag-maresme-lliure-i-tropical","tag-sector-maresme"],"yoast_head":"<!-- This site is optimized with the Yoast SEO plugin v27.5 - https:\/\/yoast.com\/product\/yoast-seo-wordpress\/ -->\n<title>El Maresme, DeCap per avall! - Esplac<\/title>\n<meta name=\"robots\" content=\"index, follow, max-snippet:-1, max-image-preview:large, max-video-preview:-1\" \/>\n<link rel=\"canonical\" href=\"https:\/\/www.esplac.cat\/maresme-decap-per-avall\/\" \/>\n<meta property=\"og:locale\" content=\"en_US\" \/>\n<meta property=\"og:type\" content=\"article\" \/>\n<meta property=\"og:title\" content=\"El Maresme, DeCap per avall! - Esplac\" \/>\n<meta property=\"og:description\" content=\"L\u201911 i 12 de mar\u00e7 m\u00e9s de 100 persones van [&hellip;]\" \/>\n<meta property=\"og:url\" content=\"https:\/\/www.esplac.cat\/maresme-decap-per-avall\/\" \/>\n<meta property=\"og:site_name\" content=\"Esplac\" \/>\n<meta property=\"article:published_time\" content=\"2018-03-28T06:35:45+00:00\" \/>\n<meta property=\"og:image\" content=\"https:\/\/www.esplac.cat\/wp-content\/uploads\/2018\/03\/decapmaresme.jpg\" \/>\n\t<meta property=\"og:image:width\" content=\"847\" \/>\n\t<meta property=\"og:image:height\" content=\"350\" \/>\n\t<meta property=\"og:image:type\" content=\"image\/jpeg\" \/>\n<meta name=\"author\" content=\"root\" \/>\n<meta name=\"twitter:card\" content=\"summary_large_image\" \/>\n<meta name=\"twitter:label1\" content=\"Written by\" \/>\n\t<meta name=\"twitter:data1\" content=\"root\" \/>\n\t<meta name=\"twitter:label2\" content=\"Est. reading time\" \/>\n\t<meta name=\"twitter:data2\" content=\"2 minutes\" \/>\n<script type=\"application\/ld+json\" class=\"yoast-schema-graph\">{\"@context\":\"https:\\\/\\\/schema.org\",\"@graph\":[{\"@type\":\"Article\",\"@id\":\"https:\\\/\\\/www.esplac.cat\\\/maresme-decap-per-avall\\\/#article\",\"isPartOf\":{\"@id\":\"https:\\\/\\\/www.esplac.cat\\\/maresme-decap-per-avall\\\/\"},\"author\":{\"name\":\"root\",\"@id\":\"https:\\\/\\\/www.esplac.cat\\\/#\\\/schema\\\/person\\\/8d7ee340c02b239b152b9ff2c3d40766\"},\"headline\":\"El Maresme, DeCap per avall!\",\"datePublished\":\"2018-03-28T06:35:45+00:00\",\"mainEntityOfPage\":{\"@id\":\"https:\\\/\\\/www.esplac.cat\\\/maresme-decap-per-avall\\\/\"},\"wordCount\":349,\"publisher\":{\"@id\":\"https:\\\/\\\/www.esplac.cat\\\/#organization\"},\"image\":{\"@id\":\"https:\\\/\\\/www.esplac.cat\\\/maresme-decap-per-avall\\\/#primaryimage\"},\"thumbnailUrl\":\"https:\\\/\\\/www.esplac.cat\\\/wp-content\\\/uploads\\\/2018\\\/03\\\/decapmaresme.jpg\",\"keywords\":[\"decap\",\"Maresme lliure i tropical\",\"sector Maresme\"],\"articleSection\":[\"Activitats sectors\",\"Sector Maresme\",\"Sense categoria\"],\"inLanguage\":\"en-US\"},{\"@type\":\"WebPage\",\"@id\":\"https:\\\/\\\/www.esplac.cat\\\/maresme-decap-per-avall\\\/\",\"url\":\"https:\\\/\\\/www.esplac.cat\\\/maresme-decap-per-avall\\\/\",\"name\":\"El Maresme, DeCap per avall! - Esplac\",\"isPartOf\":{\"@id\":\"https:\\\/\\\/www.esplac.cat\\\/#website\"},\"primaryImageOfPage\":{\"@id\":\"https:\\\/\\\/www.esplac.cat\\\/maresme-decap-per-avall\\\/#primaryimage\"},\"image\":{\"@id\":\"https:\\\/\\\/www.esplac.cat\\\/maresme-decap-per-avall\\\/#primaryimage\"},\"thumbnailUrl\":\"https:\\\/\\\/www.esplac.cat\\\/wp-content\\\/uploads\\\/2018\\\/03\\\/decapmaresme.jpg\",\"datePublished\":\"2018-03-28T06:35:45+00:00\",\"breadcrumb\":{\"@id\":\"https:\\\/\\\/www.esplac.cat\\\/maresme-decap-per-avall\\\/#breadcrumb\"},\"inLanguage\":\"en-US\",\"potentialAction\":[{\"@type\":\"ReadAction\",\"target\":[\"https:\\\/\\\/www.esplac.cat\\\/maresme-decap-per-avall\\\/\"]}]},{\"@type\":\"ImageObject\",\"inLanguage\":\"en-US\",\"@id\":\"https:\\\/\\\/www.esplac.cat\\\/maresme-decap-per-avall\\\/#primaryimage\",\"url\":\"https:\\\/\\\/www.esplac.cat\\\/wp-content\\\/uploads\\\/2018\\\/03\\\/decapmaresme.jpg\",\"contentUrl\":\"https:\\\/\\\/www.esplac.cat\\\/wp-content\\\/uploads\\\/2018\\\/03\\\/decapmaresme.jpg\",\"width\":847,\"height\":350},{\"@type\":\"BreadcrumbList\",\"@id\":\"https:\\\/\\\/www.esplac.cat\\\/maresme-decap-per-avall\\\/#breadcrumb\",\"itemListElement\":[{\"@type\":\"ListItem\",\"position\":1,\"name\":\"Inici\",\"item\":\"https:\\\/\\\/www.esplac.cat\\\/en\\\/\"},{\"@type\":\"ListItem\",\"position\":2,\"name\":\"El Maresme, DeCap per avall!\"}]},{\"@type\":\"WebSite\",\"@id\":\"https:\\\/\\\/www.esplac.cat\\\/#website\",\"url\":\"https:\\\/\\\/www.esplac.cat\\\/\",\"name\":\"Esplac\",\"description\":\"Esplais Catalans\",\"publisher\":{\"@id\":\"https:\\\/\\\/www.esplac.cat\\\/#organization\"},\"potentialAction\":[{\"@type\":\"SearchAction\",\"target\":{\"@type\":\"EntryPoint\",\"urlTemplate\":\"https:\\\/\\\/www.esplac.cat\\\/?s={search_term_string}\"},\"query-input\":{\"@type\":\"PropertyValueSpecification\",\"valueRequired\":true,\"valueName\":\"search_term_string\"}}],\"inLanguage\":\"en-US\"},{\"@type\":\"Organization\",\"@id\":\"https:\\\/\\\/www.esplac.cat\\\/#organization\",\"name\":\"Esplac\",\"url\":\"https:\\\/\\\/www.esplac.cat\\\/\",\"logo\":{\"@type\":\"ImageObject\",\"inLanguage\":\"en-US\",\"@id\":\"https:\\\/\\\/www.esplac.cat\\\/#\\\/schema\\\/logo\\\/image\\\/\",\"url\":\"https:\\\/\\\/www.esplac.cat\\\/wp-content\\\/uploads\\\/2019\\\/08\\\/logox2.png\",\"contentUrl\":\"https:\\\/\\\/www.esplac.cat\\\/wp-content\\\/uploads\\\/2019\\\/08\\\/logox2.png\",\"width\":600,\"height\":295,\"caption\":\"Esplac\"},\"image\":{\"@id\":\"https:\\\/\\\/www.esplac.cat\\\/#\\\/schema\\\/logo\\\/image\\\/\"}},{\"@type\":\"Person\",\"@id\":\"https:\\\/\\\/www.esplac.cat\\\/#\\\/schema\\\/person\\\/8d7ee340c02b239b152b9ff2c3d40766\",\"name\":\"root\",\"image\":{\"@type\":\"ImageObject\",\"inLanguage\":\"en-US\",\"@id\":\"https:\\\/\\\/secure.gravatar.com\\\/avatar\\\/9356757d53af8c5db257f894fbbd9ee7446c25af07cd2e7844bd1cf43acef754?s=96&d=mm&r=g\",\"url\":\"https:\\\/\\\/secure.gravatar.com\\\/avatar\\\/9356757d53af8c5db257f894fbbd9ee7446c25af07cd2e7844bd1cf43acef754?s=96&d=mm&r=g\",\"contentUrl\":\"https:\\\/\\\/secure.gravatar.com\\\/avatar\\\/9356757d53af8c5db257f894fbbd9ee7446c25af07cd2e7844bd1cf43acef754?s=96&d=mm&r=g\",\"caption\":\"root\"}}]}<\/script>\n<!-- \/ Yoast SEO plugin. -->","yoast_head_json":{"title":"El Maresme, DeCap per avall! - Esplac","robots":{"index":"index","follow":"follow","max-snippet":"max-snippet:-1","max-image-preview":"max-image-preview:large","max-video-preview":"max-video-preview:-1"},"canonical":"https:\/\/www.esplac.cat\/maresme-decap-per-avall\/","og_locale":"en_US","og_type":"article","og_title":"El Maresme, DeCap per avall! - Esplac","og_description":"L\u201911 i 12 de mar\u00e7 m\u00e9s de 100 persones van [&hellip;]","og_url":"https:\/\/www.esplac.cat\/maresme-decap-per-avall\/","og_site_name":"Esplac","article_published_time":"2018-03-28T06:35:45+00:00","og_image":[{"width":847,"height":350,"url":"https:\/\/www.esplac.cat\/wp-content\/uploads\/2018\/03\/decapmaresme.jpg","type":"image\/jpeg"}],"author":"root","twitter_card":"summary_large_image","twitter_misc":{"Written by":"root","Est. reading time":"2 minutes"},"schema":{"@context":"https:\/\/schema.org","@graph":[{"@type":"Article","@id":"https:\/\/www.esplac.cat\/maresme-decap-per-avall\/#article","isPartOf":{"@id":"https:\/\/www.esplac.cat\/maresme-decap-per-avall\/"},"author":{"name":"root","@id":"https:\/\/www.esplac.cat\/#\/schema\/person\/8d7ee340c02b239b152b9ff2c3d40766"},"headline":"El Maresme, DeCap per avall!","datePublished":"2018-03-28T06:35:45+00:00","mainEntityOfPage":{"@id":"https:\/\/www.esplac.cat\/maresme-decap-per-avall\/"},"wordCount":349,"publisher":{"@id":"https:\/\/www.esplac.cat\/#organization"},"image":{"@id":"https:\/\/www.esplac.cat\/maresme-decap-per-avall\/#primaryimage"},"thumbnailUrl":"https:\/\/www.esplac.cat\/wp-content\/uploads\/2018\/03\/decapmaresme.jpg","keywords":["decap","Maresme lliure i tropical","sector Maresme"],"articleSection":["Activitats sectors","Sector Maresme","Sense categoria"],"inLanguage":"en-US"},{"@type":"WebPage","@id":"https:\/\/www.esplac.cat\/maresme-decap-per-avall\/","url":"https:\/\/www.esplac.cat\/maresme-decap-per-avall\/","name":"El Maresme, DeCap per avall! - Esplac","isPartOf":{"@id":"https:\/\/www.esplac.cat\/#website"},"primaryImageOfPage":{"@id":"https:\/\/www.esplac.cat\/maresme-decap-per-avall\/#primaryimage"},"image":{"@id":"https:\/\/www.esplac.cat\/maresme-decap-per-avall\/#primaryimage"},"thumbnailUrl":"https:\/\/www.esplac.cat\/wp-content\/uploads\/2018\/03\/decapmaresme.jpg","datePublished":"2018-03-28T06:35:45+00:00","breadcrumb":{"@id":"https:\/\/www.esplac.cat\/maresme-decap-per-avall\/#breadcrumb"},"inLanguage":"en-US","potentialAction":[{"@type":"ReadAction","target":["https:\/\/www.esplac.cat\/maresme-decap-per-avall\/"]}]},{"@type":"ImageObject","inLanguage":"en-US","@id":"https:\/\/www.esplac.cat\/maresme-decap-per-avall\/#primaryimage","url":"https:\/\/www.esplac.cat\/wp-content\/uploads\/2018\/03\/decapmaresme.jpg","contentUrl":"https:\/\/www.esplac.cat\/wp-content\/uploads\/2018\/03\/decapmaresme.jpg","width":847,"height":350},{"@type":"BreadcrumbList","@id":"https:\/\/www.esplac.cat\/maresme-decap-per-avall\/#breadcrumb","itemListElement":[{"@type":"ListItem","position":1,"name":"Inici","item":"https:\/\/www.esplac.cat\/en\/"},{"@type":"ListItem","position":2,"name":"El Maresme, DeCap per avall!"}]},{"@type":"WebSite","@id":"https:\/\/www.esplac.cat\/#website","url":"https:\/\/www.esplac.cat\/","name":"Esplac","description":"Esplais Catalans","publisher":{"@id":"https:\/\/www.esplac.cat\/#organization"},"potentialAction":[{"@type":"SearchAction","target":{"@type":"EntryPoint","urlTemplate":"https:\/\/www.esplac.cat\/?s={search_term_string}"},"query-input":{"@type":"PropertyValueSpecification","valueRequired":true,"valueName":"search_term_string"}}],"inLanguage":"en-US"},{"@type":"Organization","@id":"https:\/\/www.esplac.cat\/#organization","name":"Esplac","url":"https:\/\/www.esplac.cat\/","logo":{"@type":"ImageObject","inLanguage":"en-US","@id":"https:\/\/www.esplac.cat\/#\/schema\/logo\/image\/","url":"https:\/\/www.esplac.cat\/wp-content\/uploads\/2019\/08\/logox2.png","contentUrl":"https:\/\/www.esplac.cat\/wp-content\/uploads\/2019\/08\/logox2.png","width":600,"height":295,"caption":"Esplac"},"image":{"@id":"https:\/\/www.esplac.cat\/#\/schema\/logo\/image\/"}},{"@type":"Person","@id":"https:\/\/www.esplac.cat\/#\/schema\/person\/8d7ee340c02b239b152b9ff2c3d40766","name":"root","image":{"@type":"ImageObject","inLanguage":"en-US","@id":"https:\/\/secure.gravatar.com\/avatar\/9356757d53af8c5db257f894fbbd9ee7446c25af07cd2e7844bd1cf43acef754?s=96&d=mm&r=g","url":"https:\/\/secure.gravatar.com\/avatar\/9356757d53af8c5db257f894fbbd9ee7446c25af07cd2e7844bd1cf43acef754?s=96&d=mm&r=g","contentUrl":"https:\/\/secure.gravatar.com\/avatar\/9356757d53af8c5db257f894fbbd9ee7446c25af07cd2e7844bd1cf43acef754?s=96&d=mm&r=g","caption":"root"}}]}},"_links":{"self":[{"href":"https:\/\/www.esplac.cat\/en\/wp-json\/wp\/v2\/posts\/24081","targetHints":{"allow":["GET"]}}],"collection":[{"href":"https:\/\/www.esplac.cat\/en\/wp-json\/wp\/v2\/posts"}],"about":[{"href":"https:\/\/www.esplac.cat\/en\/wp-json\/wp\/v2\/types\/post"}],"author":[{"embeddable":true,"href":"https:\/\/www.esplac.cat\/en\/wp-json\/wp\/v2\/users\/1"}],"replies":[{"embeddable":true,"href":"https:\/\/www.esplac.cat\/en\/wp-json\/wp\/v2\/comments?post=24081"}],"version-history":[{"count":0,"href":"https:\/\/www.esplac.cat\/en\/wp-json\/wp\/v2\/posts\/24081\/revisions"}],"wp:featuredmedia":[{"embeddable":true,"href":"https:\/\/www.esplac.cat\/en\/wp-json\/wp\/v2\/media\/24085"}],"wp:attachment":[{"href":"https:\/\/www.esplac.cat\/en\/wp-json\/wp\/v2\/media?parent=24081"}],"wp:term":[{"taxonomy":"category","embeddable":true,"href":"https:\/\/www.esplac.cat\/en\/wp-json\/wp\/v2\/categories?post=24081"},{"taxonomy":"post_tag","embeddable":true,"href":"https:\/\/www.esplac.cat\/en\/wp-json\/wp\/v2\/tags?post=24081"}],"curies":[{"name":"wp","href":"https:\/\/api.w.org\/{rel}","templated":true}]}}