{"id":24096,"date":"2018-03-08T08:59:46","date_gmt":"2018-03-08T06:59:46","guid":{"rendered":"http:\/\/esplac.cat\/?p=17500"},"modified":"2019-11-14T13:15:34","modified_gmt":"2019-11-14T11:15:34","slug":"8-de-marc-dia-de-les-dones-jo-tambe","status":"publish","type":"post","link":"https:\/\/www.esplac.cat\/en\/8-de-marc-dia-de-les-dones-jo-tambe\/","title":{"rendered":"8 de mar\u00e7, Dia de les Dones: Jo tamb\u00e9"},"content":{"rendered":"<blockquote>\n<p style=\"text-align: justify;\">Jo tamb\u00e9 he hagut d\u2019escriure el projecte de curs perqu\u00e8 se suposa que \u201cs\u00f3c m\u00e9s organitzada\u201d.<\/p>\n<p style=\"text-align: justify;\">Jo tamb\u00e9 he pensat que era millor que dinamitz\u00e9s un noi perqu\u00e8 la seva veu s\u2019escoltaria m\u00e9s.<\/p>\n<p style=\"text-align: justify;\">Jo tamb\u00e9 he amagat la compresa quan m\u2019anava a canviar.<\/p>\n<\/blockquote>\n<p style=\"text-align: justify;\"><strong>Avui, un dia m\u00e9s, \u00e9s el Dia de les Dones<\/strong>.<\/p>\n<p style=\"text-align: justify;\">Perqu\u00e8 avui, com cada dia, \u00e9s necessari al\u00e7ar la veu per denunciar les desigualtats de g\u00e8nere i reivindicar els drets de totes les dones. I des dels esplais tamb\u00e9 hi tenim un paper, el d\u2019educar en el valor del feminisme, i contribuir aix\u00ed a construir una societat inclusiva i respectuosa. Per aix\u00f2, i sense oblidar que fem un treball dia a dia, fem servir el 8M com a altaveu de la causa. <strong>I s\u00ed: jo tamb\u00e9 he patit el patriarcat en primera persona<\/strong>.<\/p>\n<p style=\"text-align: justify;\"><em>Jo tamb\u00e9<\/em> m\u2019he sentit assenyalada pels meus errors quan als meus companys (homes) no se\u2019ls tenia en compte el mateix error. I m\u2019han premiat menys per fer el mateix. A mi tamb\u00e9 m\u2019ha tocat cuidar els infants pel fet de ser dona i m\u2019han fet sentir la mami de l\u2019esplai.<br \/>\n<em>Jo tamb\u00e9<\/em> vull organitzar una gimcana guarra i espantar en un joc de por.<br \/>\n<em>Jo tamb\u00e9<\/em> m\u2019he cansat d\u2019escoltar: \u201cPlora com una nena.\u201d<br \/>\n<em>Jo tamb\u00e9<\/em> em sorprenc quan dius el mateix que jo, per\u00f2 jo, per ser dona, dic \u201cuna tonteria\u201d i tu, per ser home, \u201cuna gran veritat\u201d. A mi tamb\u00e9 m\u2019han escollit l\u2019\u00faltima a l\u2019hora de fer equips per jugar a un esport.<br \/>\n<em>Jo tamb\u00e9<\/em> m\u2019he passat tots els temps lliures fent trenetes. I tamb\u00e9 m\u2019ha vingut de gust no fer res i no m\u2019han deixat, encara que hi havia tres nois al costat dormint. A mi tamb\u00e9 m\u2019han dit, pel fet de ser dona, \u201chi vas tu, no? Et necessita a tu\u201d, quan un infant s\u2019havia fet mal i se l\u2019havia d\u2019acompanyar al metge.<br \/>\n<em>Jo tamb\u00e9<\/em> he convocat una reuni\u00f3 amb fam\u00edlies i nom\u00e9s m\u2019han vingut mares.<br \/>\n<em>Jo tamb\u00e9<\/em> he hagut d\u2019escriure el projecte de curs perqu\u00e8 se suposa que \u201cs\u00f3c m\u00e9s organitzada\u201d.<br \/>\n<em>Jo tamb\u00e9 <\/em>vull menjar, per\u00f2 no puc perqu\u00e8, despr\u00e9s d\u2019haver cuinat tot el dinar, estic servint la repetici\u00f3 als infants.<br \/>\n<em>Jo tamb\u00e9<\/em> m\u2019he preguntat: \u201cPer qu\u00e8 em miren a mi si tothom va sense samarreta?\u201d<br \/>\n<em>Jo tamb\u00e9<\/em> he pensat que el meu grup de monis estava genial i hi he hagut d\u2019encabir un \u201creferent mascul\u00ed\u201d.<br \/>\n<em>Jo tamb\u00e9<\/em> he pensat que les dones tenim un \u201cgen especial\u201d per netejar culs.<br \/>\n<em>Jo tamb\u00e9<\/em> he pensat que era millor que dinamitz\u00e9s un noi perqu\u00e8 la seva veu s\u2019escoltaria m\u00e9s.<br \/>\n<em>Jo tamb\u00e9<\/em> he hagut d\u2019al\u00e7ar la veu en una assemblea perqu\u00e8 no em sentia escoltada.<br \/>\n<em>Jo tamb\u00e9<\/em> he amagat la compresa quan m\u2019anava a canviar.<br \/>\n<em>Jo tamb\u00e9<\/em> m\u2019he hagut de tirar a la piscina un dia que tenia la regla i em trobava malament.<br \/>\n<em>Jo tamb\u00e9<\/em> he estat fent grups durant hores perqu\u00e8 cap noi volia ser monitor del grup de petits.<\/p>\n<p style=\"text-align: justify;\">Per aix\u00f2, conscients que encara queda molt per fer i que els esplais som entitats de transformaci\u00f3 social, <strong>des d\u2019Esplais Catalans rebutgem<\/strong>:<\/p>\n<ul>\n<li style=\"text-align: justify;\">L\u2019estratificaci\u00f3 de g\u00e8nere, la jerarquia social entre homes i dones (en la difer\u00e8ncia salarial i la distribuci\u00f3 de les tasques, per exemple).<\/li>\n<li style=\"text-align: justify;\">L\u2019androcentrisme, la concepci\u00f3 que l\u2019home \u00e9s el centre del m\u00f3n.<\/li>\n<li style=\"text-align: justify;\">El binarisme, el dogma que defensa l\u2019exist\u00e8ncia de dos g\u00e8neres.<\/li>\n<\/ul>\n<p style=\"text-align: justify;\">I, coneixent la realitat social en la qual vivim, <strong>ens comprometem a<\/strong>:<\/p>\n<ul>\n<li style=\"text-align: justify;\">Educar els infants en el feminisme.<\/li>\n<li style=\"text-align: justify;\">Fomentar processos de deconstrucci\u00f3 personal per erradicar els estereotips socioculturals repressius.<\/li>\n<li style=\"text-align: justify;\">Combatre la societat patriarcal i heteronormativa.<\/li>\n<li style=\"text-align: justify;\">Continuar treballant per una sexualitat sense tab\u00fas.<\/li>\n<li style=\"text-align: justify;\">Promoure la coeducaci\u00f3, una educaci\u00f3 sense sexismes ni discriminacions.<\/li>\n<li style=\"text-align: justify;\">Enfortir la comissi\u00f3 de g\u00e8nere per tal d\u2019incorporar de manera transversal la perspectiva de g\u00e8nere a l\u2019entitat.<\/li>\n<li style=\"text-align: justify;\">No oblidar la perspectiva interseccional i les diferents discriminacions (de proced\u00e8ncia o origen, classe, orientaci\u00f3 sexual, entre d\u2019altres) que afecten les persones.<\/li>\n<\/ul>\n<p style=\"text-align: justify;\">Des dels esplais tenim una tasca educativa per transformar la societat, i<strong> la societat que volem \u00e9s feminista<\/strong>.<\/p>\n","protected":false},"excerpt":{"rendered":"<p>Jo tamb\u00e9 he hagut d\u2019escriure el projecte de curs perqu\u00e8 [&hellip;]<\/p>\n","protected":false},"author":1,"featured_media":24097,"comment_status":"closed","ping_status":"open","sticky":false,"template":"","format":"standard","meta":{"om_disable_all_campaigns":false,"_monsterinsights_skip_tracking":false,"_monsterinsights_sitenote_active":false,"_monsterinsights_sitenote_note":"","_monsterinsights_sitenote_category":0,"_uf_show_specific_survey":0,"_uf_disable_surveys":false,"footnotes":""},"categories":[1160,1127,1158,1],"tags":[213,968,391,969],"class_list":["post-24096","post","type-post","status-publish","format-standard","has-post-thumbnail","hentry","category-comissio-gsdd","category-comunicats-posicionaments","category-jornades-lleure-feminismes","category-sense-categoria","tag-8m","tag-dia-de-les-dones","tag-feminisme","tag-vaga-feminista"],"yoast_head":"<!-- This site is optimized with the Yoast SEO plugin v27.5 - https:\/\/yoast.com\/product\/yoast-seo-wordpress\/ -->\n<title>8 de mar\u00e7, Dia de les Dones: Jo tamb\u00e9 - Esplac<\/title>\n<meta name=\"robots\" content=\"index, follow, max-snippet:-1, max-image-preview:large, max-video-preview:-1\" \/>\n<link rel=\"canonical\" href=\"https:\/\/www.esplac.cat\/8-de-marc-dia-de-les-dones-jo-tambe\/\" \/>\n<meta property=\"og:locale\" content=\"en_US\" \/>\n<meta property=\"og:type\" content=\"article\" \/>\n<meta property=\"og:title\" content=\"8 de mar\u00e7, Dia de les Dones: Jo tamb\u00e9 - Esplac\" \/>\n<meta property=\"og:description\" content=\"Jo tamb\u00e9 he hagut d\u2019escriure el projecte de curs perqu\u00e8 [&hellip;]\" \/>\n<meta property=\"og:url\" content=\"https:\/\/www.esplac.cat\/8-de-marc-dia-de-les-dones-jo-tambe\/\" \/>\n<meta property=\"og:site_name\" content=\"Esplac\" \/>\n<meta property=\"article:published_time\" content=\"2018-03-08T06:59:46+00:00\" \/>\n<meta property=\"article:modified_time\" content=\"2019-11-14T11:15:34+00:00\" \/>\n<meta property=\"og:image\" content=\"https:\/\/www.esplac.cat\/wp-content\/uploads\/2018\/03\/posicionament8m.jpg\" \/>\n\t<meta property=\"og:image:width\" content=\"847\" \/>\n\t<meta property=\"og:image:height\" content=\"350\" \/>\n\t<meta property=\"og:image:type\" content=\"image\/jpeg\" \/>\n<meta name=\"author\" content=\"root\" \/>\n<meta name=\"twitter:card\" content=\"summary_large_image\" \/>\n<meta name=\"twitter:label1\" content=\"Written by\" \/>\n\t<meta name=\"twitter:data1\" content=\"root\" \/>\n\t<meta name=\"twitter:label2\" content=\"Est. reading time\" \/>\n\t<meta name=\"twitter:data2\" content=\"4 minutes\" \/>\n<script type=\"application\/ld+json\" class=\"yoast-schema-graph\">{\"@context\":\"https:\\\/\\\/schema.org\",\"@graph\":[{\"@type\":\"Article\",\"@id\":\"https:\\\/\\\/www.esplac.cat\\\/8-de-marc-dia-de-les-dones-jo-tambe\\\/#article\",\"isPartOf\":{\"@id\":\"https:\\\/\\\/www.esplac.cat\\\/8-de-marc-dia-de-les-dones-jo-tambe\\\/\"},\"author\":{\"name\":\"root\",\"@id\":\"https:\\\/\\\/www.esplac.cat\\\/#\\\/schema\\\/person\\\/8d7ee340c02b239b152b9ff2c3d40766\"},\"headline\":\"8 de mar\u00e7, Dia de les Dones: Jo tamb\u00e9\",\"datePublished\":\"2018-03-08T06:59:46+00:00\",\"dateModified\":\"2019-11-14T11:15:34+00:00\",\"mainEntityOfPage\":{\"@id\":\"https:\\\/\\\/www.esplac.cat\\\/8-de-marc-dia-de-les-dones-jo-tambe\\\/\"},\"wordCount\":733,\"publisher\":{\"@id\":\"https:\\\/\\\/www.esplac.cat\\\/#organization\"},\"image\":{\"@id\":\"https:\\\/\\\/www.esplac.cat\\\/8-de-marc-dia-de-les-dones-jo-tambe\\\/#primaryimage\"},\"thumbnailUrl\":\"https:\\\/\\\/www.esplac.cat\\\/wp-content\\\/uploads\\\/2018\\\/03\\\/posicionament8m.jpg\",\"keywords\":[\"8M\",\"dia de les dones\",\"feminisme\",\"vaga feminista\"],\"articleSection\":[\"Comissi\u00f3 GSDD\",\"Comunicats i posicionaments\",\"Jornades de Lleure i Feminismes\",\"Sense categoria\"],\"inLanguage\":\"en-US\"},{\"@type\":\"WebPage\",\"@id\":\"https:\\\/\\\/www.esplac.cat\\\/8-de-marc-dia-de-les-dones-jo-tambe\\\/\",\"url\":\"https:\\\/\\\/www.esplac.cat\\\/8-de-marc-dia-de-les-dones-jo-tambe\\\/\",\"name\":\"8 de mar\u00e7, Dia de les Dones: Jo tamb\u00e9 - Esplac\",\"isPartOf\":{\"@id\":\"https:\\\/\\\/www.esplac.cat\\\/#website\"},\"primaryImageOfPage\":{\"@id\":\"https:\\\/\\\/www.esplac.cat\\\/8-de-marc-dia-de-les-dones-jo-tambe\\\/#primaryimage\"},\"image\":{\"@id\":\"https:\\\/\\\/www.esplac.cat\\\/8-de-marc-dia-de-les-dones-jo-tambe\\\/#primaryimage\"},\"thumbnailUrl\":\"https:\\\/\\\/www.esplac.cat\\\/wp-content\\\/uploads\\\/2018\\\/03\\\/posicionament8m.jpg\",\"datePublished\":\"2018-03-08T06:59:46+00:00\",\"dateModified\":\"2019-11-14T11:15:34+00:00\",\"breadcrumb\":{\"@id\":\"https:\\\/\\\/www.esplac.cat\\\/8-de-marc-dia-de-les-dones-jo-tambe\\\/#breadcrumb\"},\"inLanguage\":\"en-US\",\"potentialAction\":[{\"@type\":\"ReadAction\",\"target\":[\"https:\\\/\\\/www.esplac.cat\\\/8-de-marc-dia-de-les-dones-jo-tambe\\\/\"]}]},{\"@type\":\"ImageObject\",\"inLanguage\":\"en-US\",\"@id\":\"https:\\\/\\\/www.esplac.cat\\\/8-de-marc-dia-de-les-dones-jo-tambe\\\/#primaryimage\",\"url\":\"https:\\\/\\\/www.esplac.cat\\\/wp-content\\\/uploads\\\/2018\\\/03\\\/posicionament8m.jpg\",\"contentUrl\":\"https:\\\/\\\/www.esplac.cat\\\/wp-content\\\/uploads\\\/2018\\\/03\\\/posicionament8m.jpg\",\"width\":847,\"height\":350},{\"@type\":\"BreadcrumbList\",\"@id\":\"https:\\\/\\\/www.esplac.cat\\\/8-de-marc-dia-de-les-dones-jo-tambe\\\/#breadcrumb\",\"itemListElement\":[{\"@type\":\"ListItem\",\"position\":1,\"name\":\"Inici\",\"item\":\"https:\\\/\\\/www.esplac.cat\\\/en\\\/\"},{\"@type\":\"ListItem\",\"position\":2,\"name\":\"8 de mar\u00e7, Dia de les Dones: Jo tamb\u00e9\"}]},{\"@type\":\"WebSite\",\"@id\":\"https:\\\/\\\/www.esplac.cat\\\/#website\",\"url\":\"https:\\\/\\\/www.esplac.cat\\\/\",\"name\":\"Esplac\",\"description\":\"Esplais Catalans\",\"publisher\":{\"@id\":\"https:\\\/\\\/www.esplac.cat\\\/#organization\"},\"potentialAction\":[{\"@type\":\"SearchAction\",\"target\":{\"@type\":\"EntryPoint\",\"urlTemplate\":\"https:\\\/\\\/www.esplac.cat\\\/?s={search_term_string}\"},\"query-input\":{\"@type\":\"PropertyValueSpecification\",\"valueRequired\":true,\"valueName\":\"search_term_string\"}}],\"inLanguage\":\"en-US\"},{\"@type\":\"Organization\",\"@id\":\"https:\\\/\\\/www.esplac.cat\\\/#organization\",\"name\":\"Esplac\",\"url\":\"https:\\\/\\\/www.esplac.cat\\\/\",\"logo\":{\"@type\":\"ImageObject\",\"inLanguage\":\"en-US\",\"@id\":\"https:\\\/\\\/www.esplac.cat\\\/#\\\/schema\\\/logo\\\/image\\\/\",\"url\":\"https:\\\/\\\/www.esplac.cat\\\/wp-content\\\/uploads\\\/2019\\\/08\\\/logox2.png\",\"contentUrl\":\"https:\\\/\\\/www.esplac.cat\\\/wp-content\\\/uploads\\\/2019\\\/08\\\/logox2.png\",\"width\":600,\"height\":295,\"caption\":\"Esplac\"},\"image\":{\"@id\":\"https:\\\/\\\/www.esplac.cat\\\/#\\\/schema\\\/logo\\\/image\\\/\"}},{\"@type\":\"Person\",\"@id\":\"https:\\\/\\\/www.esplac.cat\\\/#\\\/schema\\\/person\\\/8d7ee340c02b239b152b9ff2c3d40766\",\"name\":\"root\",\"image\":{\"@type\":\"ImageObject\",\"inLanguage\":\"en-US\",\"@id\":\"https:\\\/\\\/secure.gravatar.com\\\/avatar\\\/9356757d53af8c5db257f894fbbd9ee7446c25af07cd2e7844bd1cf43acef754?s=96&d=mm&r=g\",\"url\":\"https:\\\/\\\/secure.gravatar.com\\\/avatar\\\/9356757d53af8c5db257f894fbbd9ee7446c25af07cd2e7844bd1cf43acef754?s=96&d=mm&r=g\",\"contentUrl\":\"https:\\\/\\\/secure.gravatar.com\\\/avatar\\\/9356757d53af8c5db257f894fbbd9ee7446c25af07cd2e7844bd1cf43acef754?s=96&d=mm&r=g\",\"caption\":\"root\"}}]}<\/script>\n<!-- \/ Yoast SEO plugin. -->","yoast_head_json":{"title":"8 de mar\u00e7, Dia de les Dones: Jo tamb\u00e9 - Esplac","robots":{"index":"index","follow":"follow","max-snippet":"max-snippet:-1","max-image-preview":"max-image-preview:large","max-video-preview":"max-video-preview:-1"},"canonical":"https:\/\/www.esplac.cat\/8-de-marc-dia-de-les-dones-jo-tambe\/","og_locale":"en_US","og_type":"article","og_title":"8 de mar\u00e7, Dia de les Dones: Jo tamb\u00e9 - Esplac","og_description":"Jo tamb\u00e9 he hagut d\u2019escriure el projecte de curs perqu\u00e8 [&hellip;]","og_url":"https:\/\/www.esplac.cat\/8-de-marc-dia-de-les-dones-jo-tambe\/","og_site_name":"Esplac","article_published_time":"2018-03-08T06:59:46+00:00","article_modified_time":"2019-11-14T11:15:34+00:00","og_image":[{"width":847,"height":350,"url":"https:\/\/www.esplac.cat\/wp-content\/uploads\/2018\/03\/posicionament8m.jpg","type":"image\/jpeg"}],"author":"root","twitter_card":"summary_large_image","twitter_misc":{"Written by":"root","Est. reading time":"4 minutes"},"schema":{"@context":"https:\/\/schema.org","@graph":[{"@type":"Article","@id":"https:\/\/www.esplac.cat\/8-de-marc-dia-de-les-dones-jo-tambe\/#article","isPartOf":{"@id":"https:\/\/www.esplac.cat\/8-de-marc-dia-de-les-dones-jo-tambe\/"},"author":{"name":"root","@id":"https:\/\/www.esplac.cat\/#\/schema\/person\/8d7ee340c02b239b152b9ff2c3d40766"},"headline":"8 de mar\u00e7, Dia de les Dones: Jo tamb\u00e9","datePublished":"2018-03-08T06:59:46+00:00","dateModified":"2019-11-14T11:15:34+00:00","mainEntityOfPage":{"@id":"https:\/\/www.esplac.cat\/8-de-marc-dia-de-les-dones-jo-tambe\/"},"wordCount":733,"publisher":{"@id":"https:\/\/www.esplac.cat\/#organization"},"image":{"@id":"https:\/\/www.esplac.cat\/8-de-marc-dia-de-les-dones-jo-tambe\/#primaryimage"},"thumbnailUrl":"https:\/\/www.esplac.cat\/wp-content\/uploads\/2018\/03\/posicionament8m.jpg","keywords":["8M","dia de les dones","feminisme","vaga feminista"],"articleSection":["Comissi\u00f3 GSDD","Comunicats i posicionaments","Jornades de Lleure i Feminismes","Sense categoria"],"inLanguage":"en-US"},{"@type":"WebPage","@id":"https:\/\/www.esplac.cat\/8-de-marc-dia-de-les-dones-jo-tambe\/","url":"https:\/\/www.esplac.cat\/8-de-marc-dia-de-les-dones-jo-tambe\/","name":"8 de mar\u00e7, Dia de les Dones: Jo tamb\u00e9 - Esplac","isPartOf":{"@id":"https:\/\/www.esplac.cat\/#website"},"primaryImageOfPage":{"@id":"https:\/\/www.esplac.cat\/8-de-marc-dia-de-les-dones-jo-tambe\/#primaryimage"},"image":{"@id":"https:\/\/www.esplac.cat\/8-de-marc-dia-de-les-dones-jo-tambe\/#primaryimage"},"thumbnailUrl":"https:\/\/www.esplac.cat\/wp-content\/uploads\/2018\/03\/posicionament8m.jpg","datePublished":"2018-03-08T06:59:46+00:00","dateModified":"2019-11-14T11:15:34+00:00","breadcrumb":{"@id":"https:\/\/www.esplac.cat\/8-de-marc-dia-de-les-dones-jo-tambe\/#breadcrumb"},"inLanguage":"en-US","potentialAction":[{"@type":"ReadAction","target":["https:\/\/www.esplac.cat\/8-de-marc-dia-de-les-dones-jo-tambe\/"]}]},{"@type":"ImageObject","inLanguage":"en-US","@id":"https:\/\/www.esplac.cat\/8-de-marc-dia-de-les-dones-jo-tambe\/#primaryimage","url":"https:\/\/www.esplac.cat\/wp-content\/uploads\/2018\/03\/posicionament8m.jpg","contentUrl":"https:\/\/www.esplac.cat\/wp-content\/uploads\/2018\/03\/posicionament8m.jpg","width":847,"height":350},{"@type":"BreadcrumbList","@id":"https:\/\/www.esplac.cat\/8-de-marc-dia-de-les-dones-jo-tambe\/#breadcrumb","itemListElement":[{"@type":"ListItem","position":1,"name":"Inici","item":"https:\/\/www.esplac.cat\/en\/"},{"@type":"ListItem","position":2,"name":"8 de mar\u00e7, Dia de les Dones: Jo tamb\u00e9"}]},{"@type":"WebSite","@id":"https:\/\/www.esplac.cat\/#website","url":"https:\/\/www.esplac.cat\/","name":"Esplac","description":"Esplais Catalans","publisher":{"@id":"https:\/\/www.esplac.cat\/#organization"},"potentialAction":[{"@type":"SearchAction","target":{"@type":"EntryPoint","urlTemplate":"https:\/\/www.esplac.cat\/?s={search_term_string}"},"query-input":{"@type":"PropertyValueSpecification","valueRequired":true,"valueName":"search_term_string"}}],"inLanguage":"en-US"},{"@type":"Organization","@id":"https:\/\/www.esplac.cat\/#organization","name":"Esplac","url":"https:\/\/www.esplac.cat\/","logo":{"@type":"ImageObject","inLanguage":"en-US","@id":"https:\/\/www.esplac.cat\/#\/schema\/logo\/image\/","url":"https:\/\/www.esplac.cat\/wp-content\/uploads\/2019\/08\/logox2.png","contentUrl":"https:\/\/www.esplac.cat\/wp-content\/uploads\/2019\/08\/logox2.png","width":600,"height":295,"caption":"Esplac"},"image":{"@id":"https:\/\/www.esplac.cat\/#\/schema\/logo\/image\/"}},{"@type":"Person","@id":"https:\/\/www.esplac.cat\/#\/schema\/person\/8d7ee340c02b239b152b9ff2c3d40766","name":"root","image":{"@type":"ImageObject","inLanguage":"en-US","@id":"https:\/\/secure.gravatar.com\/avatar\/9356757d53af8c5db257f894fbbd9ee7446c25af07cd2e7844bd1cf43acef754?s=96&d=mm&r=g","url":"https:\/\/secure.gravatar.com\/avatar\/9356757d53af8c5db257f894fbbd9ee7446c25af07cd2e7844bd1cf43acef754?s=96&d=mm&r=g","contentUrl":"https:\/\/secure.gravatar.com\/avatar\/9356757d53af8c5db257f894fbbd9ee7446c25af07cd2e7844bd1cf43acef754?s=96&d=mm&r=g","caption":"root"}}]}},"_links":{"self":[{"href":"https:\/\/www.esplac.cat\/en\/wp-json\/wp\/v2\/posts\/24096","targetHints":{"allow":["GET"]}}],"collection":[{"href":"https:\/\/www.esplac.cat\/en\/wp-json\/wp\/v2\/posts"}],"about":[{"href":"https:\/\/www.esplac.cat\/en\/wp-json\/wp\/v2\/types\/post"}],"author":[{"embeddable":true,"href":"https:\/\/www.esplac.cat\/en\/wp-json\/wp\/v2\/users\/1"}],"replies":[{"embeddable":true,"href":"https:\/\/www.esplac.cat\/en\/wp-json\/wp\/v2\/comments?post=24096"}],"version-history":[{"count":0,"href":"https:\/\/www.esplac.cat\/en\/wp-json\/wp\/v2\/posts\/24096\/revisions"}],"wp:featuredmedia":[{"embeddable":true,"href":"https:\/\/www.esplac.cat\/en\/wp-json\/wp\/v2\/media\/24097"}],"wp:attachment":[{"href":"https:\/\/www.esplac.cat\/en\/wp-json\/wp\/v2\/media?parent=24096"}],"wp:term":[{"taxonomy":"category","embeddable":true,"href":"https:\/\/www.esplac.cat\/en\/wp-json\/wp\/v2\/categories?post=24096"},{"taxonomy":"post_tag","embeddable":true,"href":"https:\/\/www.esplac.cat\/en\/wp-json\/wp\/v2\/tags?post=24096"}],"curies":[{"name":"wp","href":"https:\/\/api.w.org\/{rel}","templated":true}]}}