{"id":24099,"date":"2018-03-06T09:24:27","date_gmt":"2018-03-06T07:24:27","guid":{"rendered":"http:\/\/esplac.cat\/?p=17442"},"modified":"2018-03-06T09:24:27","modified_gmt":"2018-03-06T07:24:27","slug":"inscripcions-obertes-per-a-lintercanvi-reach-out","status":"publish","type":"post","link":"https:\/\/www.esplac.cat\/en\/inscripcions-obertes-per-a-lintercanvi-reach-out\/","title":{"rendered":"Inscripcions obertes per a l\u2019intercanvi Reach Out!"},"content":{"rendered":"<h4 style=\"text-align: justify;\">La trobada internacional tindr\u00e0 lloc a Barcelona entre el 6 i el 13 de maig<\/h4>\n<p style=\"text-align: justify;\">Ja s\u2019ha obert el per\u00edode d\u2019inscripci\u00f3 per participar al projecte internacional <strong>\u201cReach Out: global to local\u201d<\/strong>, que celebrar\u00e0 una trobada a Barcelona entre el diumenge 6 i el diumenge 13 de maig de 2018. Des d\u2019Esplais Catalans, busquem 5 joves i 2 monis perqu\u00e8 en formin part! La iniciativa es basa en un intercanvi en qu\u00e8 67 persones conviuran durant una setmana per fer activitats sobre internacionalisme i sobre com apropar aquesta idea a la base dels esplais.<\/p>\n<p style=\"text-align: justify;\">Aix\u00ed, el programa de l\u2019activitat introduir\u00e0 el concepte d\u2019<strong>internacionalisme<\/strong>, i promour\u00e0 els valors de solidaritat, diversitat, llibertat i amistat. Els i les joves participaran en activitats a l\u2019aire lliure, jocs de simulaci\u00f3, debats, jocs de rol, tallers, projectes de comunicaci\u00f3 i discussions per explorar qu\u00e8 \u00e9s l\u2019internacionalisme i per qu\u00e8 \u00e9s important, com superar els efectes negatius de nacionalisme com la xenof\u00f2bia i l\u2019exclusi\u00f3, i com explorar la comprensi\u00f3 intercultural.<\/p>\n<p style=\"text-align: justify;\">La culminaci\u00f3 d\u2019aquest intercanvi juvenil internacional ser\u00e0 la participaci\u00f3 a l\u2019<strong>Esplaiada 2018<\/strong>, la trobada general d\u2019Esplais Catalans. En aquest espai, els i les joves de l\u2019intercanvi hi participaran i tamb\u00e9 dinamitzaran tallers internacionals, a partir de les activitats que hauran creat durant els dies anteriors!<\/p>\n<p style=\"text-align: justify;\">Si us agrada la idea, us hi podeu inscriure a trav\u00e9s d\u2019<strong><a href=\"https:\/\/docs.google.com\/forms\/d\/e\/1FAIpQLSe98T8suUG2aZ-3kg5lJkDQ9Koouze7OjZ-lrCDrcl3jUSHSg\/viewform\" target=\"_blank\" rel=\"noopener noreferrer\">aquest formulari<\/a><\/strong>!<\/p>\n<p style=\"text-align: justify;\">I si en voleu saber m\u00e9s, la setmana passada al <strong>Som Esplai<\/strong> vam publicar una <strong><a href=\"https:\/\/www.somesplai.cat\/index.php\/entrevista-reach-out-ari-iranzo-arnau-gilibert\/\" target=\"_blank\" rel=\"noopener noreferrer\">entrevista a l&#8217;Ari Iranzo i l&#8217;Arnau Gilibert<\/a><\/strong>, els representants d&#8217;Esplais Catalans al grup de treball que organitza el projecte Reach Out.<\/p>\n<p style=\"text-align: justify;\"><strong>Informaci\u00f3 pr\u00e0ctica<\/strong><\/p>\n<ul>\n<li style=\"text-align: justify;\"><strong>Dates<\/strong>: del diumenge 6 al diumenge 13 de maig de 2018<\/li>\n<li style=\"text-align: justify;\"><strong>Lloc<\/strong>: <a href=\"https:\/\/www.google.es\/maps\/place\/Alberg+Mare+de+D%C3%A9u+de+Montserrat+-+Xanascat\/@41.4155964,2.1464763,15z\/data=!4m5!3m4!1s0x0:0x517b99b90557a82a!8m2!3d41.4155964!4d2.1464763\" target=\"_blank\" rel=\"noopener noreferrer\">Alberg Mare de D\u00e9u de Montserrat<\/a> (Barcelona)<\/li>\n<li style=\"text-align: justify;\"><strong>Places d\u2019Esplac<\/strong>: 5 joves (13-17 anys) i 2 monis<\/li>\n<li style=\"text-align: justify;\"><strong>Participants<\/strong>: 9 delegacions de 5 joves i 2 monis de les organitzacions: Esplais Catalans (Catalunya), Association for Social Democracy (Turquia), Georgian Falcons (Ge\u00f2rgia), Kinderfreunde Rote Falken (\u00c0ustria), Lithuanian Young Falcon Union (Litu\u00e0nia), Nuoret Kotkat (Finl\u00e0ndia), SJD-Die Falken (Alemanya), Slovenian Falcons (Eslov\u00e8nia) i Woodcraft Folk (Regne Unit).<\/li>\n<li style=\"text-align: justify;\"><strong>Cost<\/strong>: 40\u20ac per jove<\/li>\n<li style=\"text-align: justify;\"><strong>Fi termini inscripci\u00f3<\/strong>: divendres 30 de mar\u00e7 (a continuaci\u00f3 Esplac far\u00e0 un proc\u00e9s de selecci\u00f3 intern)<\/li>\n<\/ul>\n<p><a href=\"https:\/\/www.google.es\/maps\/place\/Alberg+Mare+de+D%C3%A9u+de+Montserrat+-+Xanascat\/@41.4155964,2.1442876,17z\/data=!3m1!4b1!4m5!3m4!1s0x12a4a2a98f77e44b:0x517b99b90557a82a!8m2!3d41.4155964!4d2.1464763\" target=\"_blank\" rel=\"noopener noreferrer\"><img decoding=\"async\" class=\" wp-image-17447 aligncenter\" src=\"http:\/\/esplac.cat\/wp-content\/uploads\/2018\/03\/alberg-300x124.jpg\" alt=\"\" width=\"494\" height=\"204\" \/><\/a><\/p>\n","protected":false},"excerpt":{"rendered":"<p>La trobada internacional tindr\u00e0 lloc a Barcelona entre el 6 [&hellip;]<\/p>\n","protected":false},"author":1,"featured_media":24101,"comment_status":"closed","ping_status":"open","sticky":false,"template":"","format":"standard","meta":{"om_disable_all_campaigns":false,"_monsterinsights_skip_tracking":false,"_monsterinsights_sitenote_active":false,"_monsterinsights_sitenote_note":"","_monsterinsights_sitenote_category":0,"_uf_show_specific_survey":0,"_uf_disable_surveys":false,"footnotes":""},"categories":[1112,1],"tags":[270,111,967],"class_list":["post-24099","post","type-post","status-publish","format-standard","has-post-thumbnail","hentry","category-esplac-al-mon","category-sense-categoria","tag-activitats-internacionals","tag-intercanvi-internacional","tag-reach-out"],"yoast_head":"<!-- This site is optimized with the Yoast SEO plugin v27.5 - https:\/\/yoast.com\/product\/yoast-seo-wordpress\/ -->\n<title>Inscripcions obertes per a l\u2019intercanvi Reach Out! - Esplac<\/title>\n<meta name=\"robots\" content=\"index, follow, max-snippet:-1, max-image-preview:large, max-video-preview:-1\" \/>\n<link rel=\"canonical\" href=\"https:\/\/www.esplac.cat\/inscripcions-obertes-per-a-lintercanvi-reach-out\/\" \/>\n<meta property=\"og:locale\" content=\"en_US\" \/>\n<meta property=\"og:type\" content=\"article\" \/>\n<meta property=\"og:title\" content=\"Inscripcions obertes per a l\u2019intercanvi Reach Out! - Esplac\" \/>\n<meta property=\"og:description\" content=\"La trobada internacional tindr\u00e0 lloc a Barcelona entre el 6 [&hellip;]\" \/>\n<meta property=\"og:url\" content=\"https:\/\/www.esplac.cat\/inscripcions-obertes-per-a-lintercanvi-reach-out\/\" \/>\n<meta property=\"og:site_name\" content=\"Esplac\" \/>\n<meta property=\"article:published_time\" content=\"2018-03-06T07:24:27+00:00\" \/>\n<meta property=\"og:image\" content=\"https:\/\/www.esplac.cat\/wp-content\/uploads\/2018\/03\/reachout.jpg\" \/>\n\t<meta property=\"og:image:width\" content=\"847\" \/>\n\t<meta property=\"og:image:height\" content=\"350\" \/>\n\t<meta property=\"og:image:type\" content=\"image\/jpeg\" \/>\n<meta name=\"author\" content=\"root\" \/>\n<meta name=\"twitter:card\" content=\"summary_large_image\" \/>\n<meta name=\"twitter:label1\" content=\"Written by\" \/>\n\t<meta name=\"twitter:data1\" content=\"root\" \/>\n\t<meta name=\"twitter:label2\" content=\"Est. reading time\" \/>\n\t<meta name=\"twitter:data2\" content=\"2 minutes\" \/>\n<script type=\"application\/ld+json\" class=\"yoast-schema-graph\">{\"@context\":\"https:\\\/\\\/schema.org\",\"@graph\":[{\"@type\":\"Article\",\"@id\":\"https:\\\/\\\/www.esplac.cat\\\/inscripcions-obertes-per-a-lintercanvi-reach-out\\\/#article\",\"isPartOf\":{\"@id\":\"https:\\\/\\\/www.esplac.cat\\\/inscripcions-obertes-per-a-lintercanvi-reach-out\\\/\"},\"author\":{\"name\":\"root\",\"@id\":\"https:\\\/\\\/www.esplac.cat\\\/#\\\/schema\\\/person\\\/8d7ee340c02b239b152b9ff2c3d40766\"},\"headline\":\"Inscripcions obertes per a l\u2019intercanvi Reach Out!\",\"datePublished\":\"2018-03-06T07:24:27+00:00\",\"mainEntityOfPage\":{\"@id\":\"https:\\\/\\\/www.esplac.cat\\\/inscripcions-obertes-per-a-lintercanvi-reach-out\\\/\"},\"wordCount\":370,\"publisher\":{\"@id\":\"https:\\\/\\\/www.esplac.cat\\\/#organization\"},\"image\":{\"@id\":\"https:\\\/\\\/www.esplac.cat\\\/inscripcions-obertes-per-a-lintercanvi-reach-out\\\/#primaryimage\"},\"thumbnailUrl\":\"https:\\\/\\\/www.esplac.cat\\\/wp-content\\\/uploads\\\/2018\\\/03\\\/reachout.jpg\",\"keywords\":[\"activitats internacionals\",\"intercanvi internacional\",\"Reach Out\"],\"articleSection\":[\"Esplac al m\u00f3n\",\"Sense categoria\"],\"inLanguage\":\"en-US\"},{\"@type\":\"WebPage\",\"@id\":\"https:\\\/\\\/www.esplac.cat\\\/inscripcions-obertes-per-a-lintercanvi-reach-out\\\/\",\"url\":\"https:\\\/\\\/www.esplac.cat\\\/inscripcions-obertes-per-a-lintercanvi-reach-out\\\/\",\"name\":\"Inscripcions obertes per a l\u2019intercanvi Reach Out! - Esplac\",\"isPartOf\":{\"@id\":\"https:\\\/\\\/www.esplac.cat\\\/#website\"},\"primaryImageOfPage\":{\"@id\":\"https:\\\/\\\/www.esplac.cat\\\/inscripcions-obertes-per-a-lintercanvi-reach-out\\\/#primaryimage\"},\"image\":{\"@id\":\"https:\\\/\\\/www.esplac.cat\\\/inscripcions-obertes-per-a-lintercanvi-reach-out\\\/#primaryimage\"},\"thumbnailUrl\":\"https:\\\/\\\/www.esplac.cat\\\/wp-content\\\/uploads\\\/2018\\\/03\\\/reachout.jpg\",\"datePublished\":\"2018-03-06T07:24:27+00:00\",\"breadcrumb\":{\"@id\":\"https:\\\/\\\/www.esplac.cat\\\/inscripcions-obertes-per-a-lintercanvi-reach-out\\\/#breadcrumb\"},\"inLanguage\":\"en-US\",\"potentialAction\":[{\"@type\":\"ReadAction\",\"target\":[\"https:\\\/\\\/www.esplac.cat\\\/inscripcions-obertes-per-a-lintercanvi-reach-out\\\/\"]}]},{\"@type\":\"ImageObject\",\"inLanguage\":\"en-US\",\"@id\":\"https:\\\/\\\/www.esplac.cat\\\/inscripcions-obertes-per-a-lintercanvi-reach-out\\\/#primaryimage\",\"url\":\"https:\\\/\\\/www.esplac.cat\\\/wp-content\\\/uploads\\\/2018\\\/03\\\/reachout.jpg\",\"contentUrl\":\"https:\\\/\\\/www.esplac.cat\\\/wp-content\\\/uploads\\\/2018\\\/03\\\/reachout.jpg\",\"width\":847,\"height\":350},{\"@type\":\"BreadcrumbList\",\"@id\":\"https:\\\/\\\/www.esplac.cat\\\/inscripcions-obertes-per-a-lintercanvi-reach-out\\\/#breadcrumb\",\"itemListElement\":[{\"@type\":\"ListItem\",\"position\":1,\"name\":\"Inici\",\"item\":\"https:\\\/\\\/www.esplac.cat\\\/en\\\/\"},{\"@type\":\"ListItem\",\"position\":2,\"name\":\"Inscripcions obertes per a l\u2019intercanvi Reach Out!\"}]},{\"@type\":\"WebSite\",\"@id\":\"https:\\\/\\\/www.esplac.cat\\\/#website\",\"url\":\"https:\\\/\\\/www.esplac.cat\\\/\",\"name\":\"Esplac\",\"description\":\"Esplais Catalans\",\"publisher\":{\"@id\":\"https:\\\/\\\/www.esplac.cat\\\/#organization\"},\"potentialAction\":[{\"@type\":\"SearchAction\",\"target\":{\"@type\":\"EntryPoint\",\"urlTemplate\":\"https:\\\/\\\/www.esplac.cat\\\/?s={search_term_string}\"},\"query-input\":{\"@type\":\"PropertyValueSpecification\",\"valueRequired\":true,\"valueName\":\"search_term_string\"}}],\"inLanguage\":\"en-US\"},{\"@type\":\"Organization\",\"@id\":\"https:\\\/\\\/www.esplac.cat\\\/#organization\",\"name\":\"Esplac\",\"url\":\"https:\\\/\\\/www.esplac.cat\\\/\",\"logo\":{\"@type\":\"ImageObject\",\"inLanguage\":\"en-US\",\"@id\":\"https:\\\/\\\/www.esplac.cat\\\/#\\\/schema\\\/logo\\\/image\\\/\",\"url\":\"https:\\\/\\\/www.esplac.cat\\\/wp-content\\\/uploads\\\/2019\\\/08\\\/logox2.png\",\"contentUrl\":\"https:\\\/\\\/www.esplac.cat\\\/wp-content\\\/uploads\\\/2019\\\/08\\\/logox2.png\",\"width\":600,\"height\":295,\"caption\":\"Esplac\"},\"image\":{\"@id\":\"https:\\\/\\\/www.esplac.cat\\\/#\\\/schema\\\/logo\\\/image\\\/\"}},{\"@type\":\"Person\",\"@id\":\"https:\\\/\\\/www.esplac.cat\\\/#\\\/schema\\\/person\\\/8d7ee340c02b239b152b9ff2c3d40766\",\"name\":\"root\",\"image\":{\"@type\":\"ImageObject\",\"inLanguage\":\"en-US\",\"@id\":\"https:\\\/\\\/secure.gravatar.com\\\/avatar\\\/9356757d53af8c5db257f894fbbd9ee7446c25af07cd2e7844bd1cf43acef754?s=96&d=mm&r=g\",\"url\":\"https:\\\/\\\/secure.gravatar.com\\\/avatar\\\/9356757d53af8c5db257f894fbbd9ee7446c25af07cd2e7844bd1cf43acef754?s=96&d=mm&r=g\",\"contentUrl\":\"https:\\\/\\\/secure.gravatar.com\\\/avatar\\\/9356757d53af8c5db257f894fbbd9ee7446c25af07cd2e7844bd1cf43acef754?s=96&d=mm&r=g\",\"caption\":\"root\"}}]}<\/script>\n<!-- \/ Yoast SEO plugin. -->","yoast_head_json":{"title":"Inscripcions obertes per a l\u2019intercanvi Reach Out! - Esplac","robots":{"index":"index","follow":"follow","max-snippet":"max-snippet:-1","max-image-preview":"max-image-preview:large","max-video-preview":"max-video-preview:-1"},"canonical":"https:\/\/www.esplac.cat\/inscripcions-obertes-per-a-lintercanvi-reach-out\/","og_locale":"en_US","og_type":"article","og_title":"Inscripcions obertes per a l\u2019intercanvi Reach Out! - Esplac","og_description":"La trobada internacional tindr\u00e0 lloc a Barcelona entre el 6 [&hellip;]","og_url":"https:\/\/www.esplac.cat\/inscripcions-obertes-per-a-lintercanvi-reach-out\/","og_site_name":"Esplac","article_published_time":"2018-03-06T07:24:27+00:00","og_image":[{"width":847,"height":350,"url":"https:\/\/www.esplac.cat\/wp-content\/uploads\/2018\/03\/reachout.jpg","type":"image\/jpeg"}],"author":"root","twitter_card":"summary_large_image","twitter_misc":{"Written by":"root","Est. reading time":"2 minutes"},"schema":{"@context":"https:\/\/schema.org","@graph":[{"@type":"Article","@id":"https:\/\/www.esplac.cat\/inscripcions-obertes-per-a-lintercanvi-reach-out\/#article","isPartOf":{"@id":"https:\/\/www.esplac.cat\/inscripcions-obertes-per-a-lintercanvi-reach-out\/"},"author":{"name":"root","@id":"https:\/\/www.esplac.cat\/#\/schema\/person\/8d7ee340c02b239b152b9ff2c3d40766"},"headline":"Inscripcions obertes per a l\u2019intercanvi Reach Out!","datePublished":"2018-03-06T07:24:27+00:00","mainEntityOfPage":{"@id":"https:\/\/www.esplac.cat\/inscripcions-obertes-per-a-lintercanvi-reach-out\/"},"wordCount":370,"publisher":{"@id":"https:\/\/www.esplac.cat\/#organization"},"image":{"@id":"https:\/\/www.esplac.cat\/inscripcions-obertes-per-a-lintercanvi-reach-out\/#primaryimage"},"thumbnailUrl":"https:\/\/www.esplac.cat\/wp-content\/uploads\/2018\/03\/reachout.jpg","keywords":["activitats internacionals","intercanvi internacional","Reach Out"],"articleSection":["Esplac al m\u00f3n","Sense categoria"],"inLanguage":"en-US"},{"@type":"WebPage","@id":"https:\/\/www.esplac.cat\/inscripcions-obertes-per-a-lintercanvi-reach-out\/","url":"https:\/\/www.esplac.cat\/inscripcions-obertes-per-a-lintercanvi-reach-out\/","name":"Inscripcions obertes per a l\u2019intercanvi Reach Out! - Esplac","isPartOf":{"@id":"https:\/\/www.esplac.cat\/#website"},"primaryImageOfPage":{"@id":"https:\/\/www.esplac.cat\/inscripcions-obertes-per-a-lintercanvi-reach-out\/#primaryimage"},"image":{"@id":"https:\/\/www.esplac.cat\/inscripcions-obertes-per-a-lintercanvi-reach-out\/#primaryimage"},"thumbnailUrl":"https:\/\/www.esplac.cat\/wp-content\/uploads\/2018\/03\/reachout.jpg","datePublished":"2018-03-06T07:24:27+00:00","breadcrumb":{"@id":"https:\/\/www.esplac.cat\/inscripcions-obertes-per-a-lintercanvi-reach-out\/#breadcrumb"},"inLanguage":"en-US","potentialAction":[{"@type":"ReadAction","target":["https:\/\/www.esplac.cat\/inscripcions-obertes-per-a-lintercanvi-reach-out\/"]}]},{"@type":"ImageObject","inLanguage":"en-US","@id":"https:\/\/www.esplac.cat\/inscripcions-obertes-per-a-lintercanvi-reach-out\/#primaryimage","url":"https:\/\/www.esplac.cat\/wp-content\/uploads\/2018\/03\/reachout.jpg","contentUrl":"https:\/\/www.esplac.cat\/wp-content\/uploads\/2018\/03\/reachout.jpg","width":847,"height":350},{"@type":"BreadcrumbList","@id":"https:\/\/www.esplac.cat\/inscripcions-obertes-per-a-lintercanvi-reach-out\/#breadcrumb","itemListElement":[{"@type":"ListItem","position":1,"name":"Inici","item":"https:\/\/www.esplac.cat\/en\/"},{"@type":"ListItem","position":2,"name":"Inscripcions obertes per a l\u2019intercanvi Reach Out!"}]},{"@type":"WebSite","@id":"https:\/\/www.esplac.cat\/#website","url":"https:\/\/www.esplac.cat\/","name":"Esplac","description":"Esplais Catalans","publisher":{"@id":"https:\/\/www.esplac.cat\/#organization"},"potentialAction":[{"@type":"SearchAction","target":{"@type":"EntryPoint","urlTemplate":"https:\/\/www.esplac.cat\/?s={search_term_string}"},"query-input":{"@type":"PropertyValueSpecification","valueRequired":true,"valueName":"search_term_string"}}],"inLanguage":"en-US"},{"@type":"Organization","@id":"https:\/\/www.esplac.cat\/#organization","name":"Esplac","url":"https:\/\/www.esplac.cat\/","logo":{"@type":"ImageObject","inLanguage":"en-US","@id":"https:\/\/www.esplac.cat\/#\/schema\/logo\/image\/","url":"https:\/\/www.esplac.cat\/wp-content\/uploads\/2019\/08\/logox2.png","contentUrl":"https:\/\/www.esplac.cat\/wp-content\/uploads\/2019\/08\/logox2.png","width":600,"height":295,"caption":"Esplac"},"image":{"@id":"https:\/\/www.esplac.cat\/#\/schema\/logo\/image\/"}},{"@type":"Person","@id":"https:\/\/www.esplac.cat\/#\/schema\/person\/8d7ee340c02b239b152b9ff2c3d40766","name":"root","image":{"@type":"ImageObject","inLanguage":"en-US","@id":"https:\/\/secure.gravatar.com\/avatar\/9356757d53af8c5db257f894fbbd9ee7446c25af07cd2e7844bd1cf43acef754?s=96&d=mm&r=g","url":"https:\/\/secure.gravatar.com\/avatar\/9356757d53af8c5db257f894fbbd9ee7446c25af07cd2e7844bd1cf43acef754?s=96&d=mm&r=g","contentUrl":"https:\/\/secure.gravatar.com\/avatar\/9356757d53af8c5db257f894fbbd9ee7446c25af07cd2e7844bd1cf43acef754?s=96&d=mm&r=g","caption":"root"}}]}},"_links":{"self":[{"href":"https:\/\/www.esplac.cat\/en\/wp-json\/wp\/v2\/posts\/24099","targetHints":{"allow":["GET"]}}],"collection":[{"href":"https:\/\/www.esplac.cat\/en\/wp-json\/wp\/v2\/posts"}],"about":[{"href":"https:\/\/www.esplac.cat\/en\/wp-json\/wp\/v2\/types\/post"}],"author":[{"embeddable":true,"href":"https:\/\/www.esplac.cat\/en\/wp-json\/wp\/v2\/users\/1"}],"replies":[{"embeddable":true,"href":"https:\/\/www.esplac.cat\/en\/wp-json\/wp\/v2\/comments?post=24099"}],"version-history":[{"count":0,"href":"https:\/\/www.esplac.cat\/en\/wp-json\/wp\/v2\/posts\/24099\/revisions"}],"wp:featuredmedia":[{"embeddable":true,"href":"https:\/\/www.esplac.cat\/en\/wp-json\/wp\/v2\/media\/24101"}],"wp:attachment":[{"href":"https:\/\/www.esplac.cat\/en\/wp-json\/wp\/v2\/media?parent=24099"}],"wp:term":[{"taxonomy":"category","embeddable":true,"href":"https:\/\/www.esplac.cat\/en\/wp-json\/wp\/v2\/categories?post=24099"},{"taxonomy":"post_tag","embeddable":true,"href":"https:\/\/www.esplac.cat\/en\/wp-json\/wp\/v2\/tags?post=24099"}],"curies":[{"name":"wp","href":"https:\/\/api.w.org\/{rel}","templated":true}]}}