{"id":24106,"date":"2018-02-20T10:46:33","date_gmt":"2018-02-20T08:46:33","guid":{"rendered":"http:\/\/esplac.cat\/?p=17382"},"modified":"2018-02-20T10:46:33","modified_gmt":"2018-02-20T08:46:33","slug":"viu-esplaiada-2018-voluntari","status":"publish","type":"post","link":"https:\/\/www.esplac.cat\/en\/viu-esplaiada-2018-voluntari\/","title":{"rendered":"Viu l\u2019Esplaiada 2018 com a voluntari\/a!"},"content":{"rendered":"<h4 style=\"text-align: justify;\">Volem crear un equip d\u2019organitzaci\u00f3 amb 70 persones volunt\u00e0ries (amb vinculaci\u00f3 o no amb Esplac) que ens ajudin en la dinamitzaci\u00f3 i la log\u00edstica de la trobada<\/h4>\n<p style=\"text-align: justify;\">Ja queden menys de tres mesos per a l\u2019Esplaiada 2018, que se celebrar\u00e0 el cap de setmana 11-12-13 de maig a Martorell. Tenim en marxa el grup de treball, que s\u2019encarrega de la preparaci\u00f3 de l\u2019acte unitari i del funcionament general de la trobada; tamb\u00e9 l\u2019elaboraci\u00f3 de les activitats per part dels esplais, i ens falta&#8230; l\u2019<strong>equip d\u2019organitzaci\u00f3<\/strong>! Un conjunt de 70 persones encarregades de col\u00b7laborar en diversos \u00e0mbits:<\/p>\n<ul style=\"text-align: justify;\">\n<li><strong>Log\u00edstica<\/strong>: preparaci\u00f3 d&#8217;infraestructures, \u00e0pats, material i espais.<\/li>\n<li><strong>Coordinaci\u00f3 de persones<\/strong>: informaci\u00f3 i acompanyament als esplais.<\/li>\n<li><strong>Comunicaci\u00f3<\/strong>: fotografia, xarxes socials i relaci\u00f3 amb mitjans.<\/li>\n<li><strong>Suport a comissions<\/strong>: ajuda en les accions preparades pels grups de treball i les comissions d\u2019Esplac.<\/li>\n<\/ul>\n<p style=\"text-align: justify;\">Les 70 persones volunt\u00e0ries de l\u2019equip d\u2019organitzaci\u00f3 no han de tenir necess\u00e0riament <strong>vinculaci\u00f3 amb Esplais Catalans<\/strong>, sin\u00f3 simplement compartir els valors de l\u2019associaci\u00f3, creure en l\u2019educaci\u00f3 popular com a espai de transformaci\u00f3 social o voler passar un gran cap de setmana ple d\u2019activitats i emocions!<\/p>\n<p style=\"text-align: justify;\">Perqu\u00e8 l\u2019Esplaiada 2018 sigui inoblidable, et necessitem com a voluntari\/a!<\/p>\n<p style=\"text-align: justify;\">Inscriu-te a l\u2019equip d\u2019organitzaci\u00f3 a trav\u00e9s d\u2019<strong><a href=\"https:\/\/infoesplac.typeform.com\/to\/FHsm4J\" target=\"_blank\" rel=\"noopener noreferrer\">aquest formulari<\/a><\/strong>.<br \/>\nI per a qualsevol dubte, envia un missatge electr\u00f2nic a <strong>organitzacio@esplac.cat<\/strong>.<\/p>\n","protected":false},"excerpt":{"rendered":"<p>Volem crear un equip d\u2019organitzaci\u00f3 amb 70 persones volunt\u00e0ries (amb [&hellip;]<\/p>\n","protected":false},"author":1,"featured_media":24107,"comment_status":"closed","ping_status":"open","sticky":false,"template":"","format":"standard","meta":{"om_disable_all_campaigns":false,"_monsterinsights_skip_tracking":false,"_monsterinsights_sitenote_active":false,"_monsterinsights_sitenote_note":"","_monsterinsights_sitenote_category":0,"_uf_show_specific_survey":0,"_uf_disable_surveys":false,"footnotes":""},"categories":[1111,1136,1],"tags":[921,158],"class_list":["post-24106","post","type-post","status-publish","format-standard","has-post-thumbnail","hentry","category-activitats-esplac","category-esplaiada","category-sense-categoria","tag-esplaiada-2018","tag-voluntariat"],"yoast_head":"<!-- This site is optimized with the Yoast SEO plugin v27.4 - https:\/\/yoast.com\/product\/yoast-seo-wordpress\/ -->\n<title>Viu l\u2019Esplaiada 2018 com a voluntari\/a! - Esplac<\/title>\n<meta name=\"robots\" content=\"index, follow, max-snippet:-1, max-image-preview:large, max-video-preview:-1\" \/>\n<link rel=\"canonical\" href=\"https:\/\/www.esplac.cat\/viu-esplaiada-2018-voluntari\/\" \/>\n<meta property=\"og:locale\" content=\"en_US\" \/>\n<meta property=\"og:type\" content=\"article\" \/>\n<meta property=\"og:title\" content=\"Viu l\u2019Esplaiada 2018 com a voluntari\/a! - Esplac\" \/>\n<meta property=\"og:description\" content=\"Volem crear un equip d\u2019organitzaci\u00f3 amb 70 persones volunt\u00e0ries (amb [&hellip;]\" \/>\n<meta property=\"og:url\" content=\"https:\/\/www.esplac.cat\/viu-esplaiada-2018-voluntari\/\" \/>\n<meta property=\"og:site_name\" content=\"Esplac\" \/>\n<meta property=\"article:published_time\" content=\"2018-02-20T08:46:33+00:00\" \/>\n<meta property=\"og:image\" content=\"https:\/\/www.esplac.cat\/wp-content\/uploads\/2018\/02\/voluntaris.jpg\" \/>\n\t<meta property=\"og:image:width\" content=\"847\" \/>\n\t<meta property=\"og:image:height\" content=\"350\" \/>\n\t<meta property=\"og:image:type\" content=\"image\/jpeg\" \/>\n<meta name=\"author\" content=\"root\" \/>\n<meta name=\"twitter:card\" content=\"summary_large_image\" \/>\n<meta name=\"twitter:label1\" content=\"Written by\" \/>\n\t<meta name=\"twitter:data1\" content=\"root\" \/>\n\t<meta name=\"twitter:label2\" content=\"Est. reading time\" \/>\n\t<meta name=\"twitter:data2\" content=\"1 minute\" \/>\n<script type=\"application\/ld+json\" class=\"yoast-schema-graph\">{\"@context\":\"https:\\\/\\\/schema.org\",\"@graph\":[{\"@type\":\"Article\",\"@id\":\"https:\\\/\\\/www.esplac.cat\\\/viu-esplaiada-2018-voluntari\\\/#article\",\"isPartOf\":{\"@id\":\"https:\\\/\\\/www.esplac.cat\\\/viu-esplaiada-2018-voluntari\\\/\"},\"author\":{\"name\":\"root\",\"@id\":\"https:\\\/\\\/www.esplac.cat\\\/#\\\/schema\\\/person\\\/8d7ee340c02b239b152b9ff2c3d40766\"},\"headline\":\"Viu l\u2019Esplaiada 2018 com a voluntari\\\/a!\",\"datePublished\":\"2018-02-20T08:46:33+00:00\",\"mainEntityOfPage\":{\"@id\":\"https:\\\/\\\/www.esplac.cat\\\/viu-esplaiada-2018-voluntari\\\/\"},\"wordCount\":241,\"publisher\":{\"@id\":\"https:\\\/\\\/www.esplac.cat\\\/#organization\"},\"image\":{\"@id\":\"https:\\\/\\\/www.esplac.cat\\\/viu-esplaiada-2018-voluntari\\\/#primaryimage\"},\"thumbnailUrl\":\"https:\\\/\\\/www.esplac.cat\\\/wp-content\\\/uploads\\\/2018\\\/02\\\/voluntaris.jpg\",\"keywords\":[\"Esplaiada 2018\",\"voluntariat\"],\"articleSection\":[\"Activitats esplac\",\"Esplaiada\",\"Sense categoria\"],\"inLanguage\":\"en-US\"},{\"@type\":\"WebPage\",\"@id\":\"https:\\\/\\\/www.esplac.cat\\\/viu-esplaiada-2018-voluntari\\\/\",\"url\":\"https:\\\/\\\/www.esplac.cat\\\/viu-esplaiada-2018-voluntari\\\/\",\"name\":\"Viu l\u2019Esplaiada 2018 com a voluntari\\\/a! - Esplac\",\"isPartOf\":{\"@id\":\"https:\\\/\\\/www.esplac.cat\\\/#website\"},\"primaryImageOfPage\":{\"@id\":\"https:\\\/\\\/www.esplac.cat\\\/viu-esplaiada-2018-voluntari\\\/#primaryimage\"},\"image\":{\"@id\":\"https:\\\/\\\/www.esplac.cat\\\/viu-esplaiada-2018-voluntari\\\/#primaryimage\"},\"thumbnailUrl\":\"https:\\\/\\\/www.esplac.cat\\\/wp-content\\\/uploads\\\/2018\\\/02\\\/voluntaris.jpg\",\"datePublished\":\"2018-02-20T08:46:33+00:00\",\"breadcrumb\":{\"@id\":\"https:\\\/\\\/www.esplac.cat\\\/viu-esplaiada-2018-voluntari\\\/#breadcrumb\"},\"inLanguage\":\"en-US\",\"potentialAction\":[{\"@type\":\"ReadAction\",\"target\":[\"https:\\\/\\\/www.esplac.cat\\\/viu-esplaiada-2018-voluntari\\\/\"]}]},{\"@type\":\"ImageObject\",\"inLanguage\":\"en-US\",\"@id\":\"https:\\\/\\\/www.esplac.cat\\\/viu-esplaiada-2018-voluntari\\\/#primaryimage\",\"url\":\"https:\\\/\\\/www.esplac.cat\\\/wp-content\\\/uploads\\\/2018\\\/02\\\/voluntaris.jpg\",\"contentUrl\":\"https:\\\/\\\/www.esplac.cat\\\/wp-content\\\/uploads\\\/2018\\\/02\\\/voluntaris.jpg\",\"width\":847,\"height\":350},{\"@type\":\"BreadcrumbList\",\"@id\":\"https:\\\/\\\/www.esplac.cat\\\/viu-esplaiada-2018-voluntari\\\/#breadcrumb\",\"itemListElement\":[{\"@type\":\"ListItem\",\"position\":1,\"name\":\"Inici\",\"item\":\"https:\\\/\\\/www.esplac.cat\\\/en\\\/\"},{\"@type\":\"ListItem\",\"position\":2,\"name\":\"Viu l\u2019Esplaiada 2018 com a voluntari\\\/a!\"}]},{\"@type\":\"WebSite\",\"@id\":\"https:\\\/\\\/www.esplac.cat\\\/#website\",\"url\":\"https:\\\/\\\/www.esplac.cat\\\/\",\"name\":\"Esplac\",\"description\":\"Esplais Catalans\",\"publisher\":{\"@id\":\"https:\\\/\\\/www.esplac.cat\\\/#organization\"},\"potentialAction\":[{\"@type\":\"SearchAction\",\"target\":{\"@type\":\"EntryPoint\",\"urlTemplate\":\"https:\\\/\\\/www.esplac.cat\\\/?s={search_term_string}\"},\"query-input\":{\"@type\":\"PropertyValueSpecification\",\"valueRequired\":true,\"valueName\":\"search_term_string\"}}],\"inLanguage\":\"en-US\"},{\"@type\":\"Organization\",\"@id\":\"https:\\\/\\\/www.esplac.cat\\\/#organization\",\"name\":\"Esplac\",\"url\":\"https:\\\/\\\/www.esplac.cat\\\/\",\"logo\":{\"@type\":\"ImageObject\",\"inLanguage\":\"en-US\",\"@id\":\"https:\\\/\\\/www.esplac.cat\\\/#\\\/schema\\\/logo\\\/image\\\/\",\"url\":\"https:\\\/\\\/www.esplac.cat\\\/wp-content\\\/uploads\\\/2019\\\/08\\\/logox2.png\",\"contentUrl\":\"https:\\\/\\\/www.esplac.cat\\\/wp-content\\\/uploads\\\/2019\\\/08\\\/logox2.png\",\"width\":600,\"height\":295,\"caption\":\"Esplac\"},\"image\":{\"@id\":\"https:\\\/\\\/www.esplac.cat\\\/#\\\/schema\\\/logo\\\/image\\\/\"}},{\"@type\":\"Person\",\"@id\":\"https:\\\/\\\/www.esplac.cat\\\/#\\\/schema\\\/person\\\/8d7ee340c02b239b152b9ff2c3d40766\",\"name\":\"root\",\"image\":{\"@type\":\"ImageObject\",\"inLanguage\":\"en-US\",\"@id\":\"https:\\\/\\\/secure.gravatar.com\\\/avatar\\\/9356757d53af8c5db257f894fbbd9ee7446c25af07cd2e7844bd1cf43acef754?s=96&d=mm&r=g\",\"url\":\"https:\\\/\\\/secure.gravatar.com\\\/avatar\\\/9356757d53af8c5db257f894fbbd9ee7446c25af07cd2e7844bd1cf43acef754?s=96&d=mm&r=g\",\"contentUrl\":\"https:\\\/\\\/secure.gravatar.com\\\/avatar\\\/9356757d53af8c5db257f894fbbd9ee7446c25af07cd2e7844bd1cf43acef754?s=96&d=mm&r=g\",\"caption\":\"root\"}}]}<\/script>\n<!-- \/ Yoast SEO plugin. -->","yoast_head_json":{"title":"Viu l\u2019Esplaiada 2018 com a voluntari\/a! - Esplac","robots":{"index":"index","follow":"follow","max-snippet":"max-snippet:-1","max-image-preview":"max-image-preview:large","max-video-preview":"max-video-preview:-1"},"canonical":"https:\/\/www.esplac.cat\/viu-esplaiada-2018-voluntari\/","og_locale":"en_US","og_type":"article","og_title":"Viu l\u2019Esplaiada 2018 com a voluntari\/a! - Esplac","og_description":"Volem crear un equip d\u2019organitzaci\u00f3 amb 70 persones volunt\u00e0ries (amb [&hellip;]","og_url":"https:\/\/www.esplac.cat\/viu-esplaiada-2018-voluntari\/","og_site_name":"Esplac","article_published_time":"2018-02-20T08:46:33+00:00","og_image":[{"width":847,"height":350,"url":"https:\/\/www.esplac.cat\/wp-content\/uploads\/2018\/02\/voluntaris.jpg","type":"image\/jpeg"}],"author":"root","twitter_card":"summary_large_image","twitter_misc":{"Written by":"root","Est. reading time":"1 minute"},"schema":{"@context":"https:\/\/schema.org","@graph":[{"@type":"Article","@id":"https:\/\/www.esplac.cat\/viu-esplaiada-2018-voluntari\/#article","isPartOf":{"@id":"https:\/\/www.esplac.cat\/viu-esplaiada-2018-voluntari\/"},"author":{"name":"root","@id":"https:\/\/www.esplac.cat\/#\/schema\/person\/8d7ee340c02b239b152b9ff2c3d40766"},"headline":"Viu l\u2019Esplaiada 2018 com a voluntari\/a!","datePublished":"2018-02-20T08:46:33+00:00","mainEntityOfPage":{"@id":"https:\/\/www.esplac.cat\/viu-esplaiada-2018-voluntari\/"},"wordCount":241,"publisher":{"@id":"https:\/\/www.esplac.cat\/#organization"},"image":{"@id":"https:\/\/www.esplac.cat\/viu-esplaiada-2018-voluntari\/#primaryimage"},"thumbnailUrl":"https:\/\/www.esplac.cat\/wp-content\/uploads\/2018\/02\/voluntaris.jpg","keywords":["Esplaiada 2018","voluntariat"],"articleSection":["Activitats esplac","Esplaiada","Sense categoria"],"inLanguage":"en-US"},{"@type":"WebPage","@id":"https:\/\/www.esplac.cat\/viu-esplaiada-2018-voluntari\/","url":"https:\/\/www.esplac.cat\/viu-esplaiada-2018-voluntari\/","name":"Viu l\u2019Esplaiada 2018 com a voluntari\/a! - Esplac","isPartOf":{"@id":"https:\/\/www.esplac.cat\/#website"},"primaryImageOfPage":{"@id":"https:\/\/www.esplac.cat\/viu-esplaiada-2018-voluntari\/#primaryimage"},"image":{"@id":"https:\/\/www.esplac.cat\/viu-esplaiada-2018-voluntari\/#primaryimage"},"thumbnailUrl":"https:\/\/www.esplac.cat\/wp-content\/uploads\/2018\/02\/voluntaris.jpg","datePublished":"2018-02-20T08:46:33+00:00","breadcrumb":{"@id":"https:\/\/www.esplac.cat\/viu-esplaiada-2018-voluntari\/#breadcrumb"},"inLanguage":"en-US","potentialAction":[{"@type":"ReadAction","target":["https:\/\/www.esplac.cat\/viu-esplaiada-2018-voluntari\/"]}]},{"@type":"ImageObject","inLanguage":"en-US","@id":"https:\/\/www.esplac.cat\/viu-esplaiada-2018-voluntari\/#primaryimage","url":"https:\/\/www.esplac.cat\/wp-content\/uploads\/2018\/02\/voluntaris.jpg","contentUrl":"https:\/\/www.esplac.cat\/wp-content\/uploads\/2018\/02\/voluntaris.jpg","width":847,"height":350},{"@type":"BreadcrumbList","@id":"https:\/\/www.esplac.cat\/viu-esplaiada-2018-voluntari\/#breadcrumb","itemListElement":[{"@type":"ListItem","position":1,"name":"Inici","item":"https:\/\/www.esplac.cat\/en\/"},{"@type":"ListItem","position":2,"name":"Viu l\u2019Esplaiada 2018 com a voluntari\/a!"}]},{"@type":"WebSite","@id":"https:\/\/www.esplac.cat\/#website","url":"https:\/\/www.esplac.cat\/","name":"Esplac","description":"Esplais Catalans","publisher":{"@id":"https:\/\/www.esplac.cat\/#organization"},"potentialAction":[{"@type":"SearchAction","target":{"@type":"EntryPoint","urlTemplate":"https:\/\/www.esplac.cat\/?s={search_term_string}"},"query-input":{"@type":"PropertyValueSpecification","valueRequired":true,"valueName":"search_term_string"}}],"inLanguage":"en-US"},{"@type":"Organization","@id":"https:\/\/www.esplac.cat\/#organization","name":"Esplac","url":"https:\/\/www.esplac.cat\/","logo":{"@type":"ImageObject","inLanguage":"en-US","@id":"https:\/\/www.esplac.cat\/#\/schema\/logo\/image\/","url":"https:\/\/www.esplac.cat\/wp-content\/uploads\/2019\/08\/logox2.png","contentUrl":"https:\/\/www.esplac.cat\/wp-content\/uploads\/2019\/08\/logox2.png","width":600,"height":295,"caption":"Esplac"},"image":{"@id":"https:\/\/www.esplac.cat\/#\/schema\/logo\/image\/"}},{"@type":"Person","@id":"https:\/\/www.esplac.cat\/#\/schema\/person\/8d7ee340c02b239b152b9ff2c3d40766","name":"root","image":{"@type":"ImageObject","inLanguage":"en-US","@id":"https:\/\/secure.gravatar.com\/avatar\/9356757d53af8c5db257f894fbbd9ee7446c25af07cd2e7844bd1cf43acef754?s=96&d=mm&r=g","url":"https:\/\/secure.gravatar.com\/avatar\/9356757d53af8c5db257f894fbbd9ee7446c25af07cd2e7844bd1cf43acef754?s=96&d=mm&r=g","contentUrl":"https:\/\/secure.gravatar.com\/avatar\/9356757d53af8c5db257f894fbbd9ee7446c25af07cd2e7844bd1cf43acef754?s=96&d=mm&r=g","caption":"root"}}]}},"_links":{"self":[{"href":"https:\/\/www.esplac.cat\/en\/wp-json\/wp\/v2\/posts\/24106","targetHints":{"allow":["GET"]}}],"collection":[{"href":"https:\/\/www.esplac.cat\/en\/wp-json\/wp\/v2\/posts"}],"about":[{"href":"https:\/\/www.esplac.cat\/en\/wp-json\/wp\/v2\/types\/post"}],"author":[{"embeddable":true,"href":"https:\/\/www.esplac.cat\/en\/wp-json\/wp\/v2\/users\/1"}],"replies":[{"embeddable":true,"href":"https:\/\/www.esplac.cat\/en\/wp-json\/wp\/v2\/comments?post=24106"}],"version-history":[{"count":0,"href":"https:\/\/www.esplac.cat\/en\/wp-json\/wp\/v2\/posts\/24106\/revisions"}],"wp:featuredmedia":[{"embeddable":true,"href":"https:\/\/www.esplac.cat\/en\/wp-json\/wp\/v2\/media\/24107"}],"wp:attachment":[{"href":"https:\/\/www.esplac.cat\/en\/wp-json\/wp\/v2\/media?parent=24106"}],"wp:term":[{"taxonomy":"category","embeddable":true,"href":"https:\/\/www.esplac.cat\/en\/wp-json\/wp\/v2\/categories?post=24106"},{"taxonomy":"post_tag","embeddable":true,"href":"https:\/\/www.esplac.cat\/en\/wp-json\/wp\/v2\/tags?post=24106"}],"curies":[{"name":"wp","href":"https:\/\/api.w.org\/{rel}","templated":true}]}}