{"id":24143,"date":"2017-11-30T10:03:18","date_gmt":"2017-11-30T08:03:18","guid":{"rendered":"http:\/\/esplac.cat\/?p=15953"},"modified":"2017-11-30T10:03:18","modified_gmt":"2017-11-30T08:03:18","slug":"ja-som-sector-valles-oriental","status":"publish","type":"post","link":"https:\/\/www.esplac.cat\/en\/ja-som-sector-valles-oriental\/","title":{"rendered":"Ja som Sector Vall\u00e8s Oriental!"},"content":{"rendered":"<h4 style=\"text-align: justify;\">La divisi\u00f3 dels dos vallesos va quedar formalment ratificada en l\u2019AGO d\u2019aquesta cap de setmana<\/h4>\n<p style=\"text-align: justify;\">Us heu preguntat mai qu\u00e8 hi ha darrere del <strong>n\u00famero 7<\/strong>? Els set colors de l\u2019arc de Sant Mart\u00ed, els set nans, les set cabretes, els set esplais del Vall\u00e8s Oriental&#8230; Ep! Del Vall\u00e8s Oriental?<\/p>\n<p style=\"text-align: justify;\">Despr\u00e9s de tot un curs portant a debat la divisi\u00f3 del Sector Vall\u00e8s, el 15 de juny vam aprovar la dissoluci\u00f3 del sector per comen\u00e7ar a treballar de forma separada, i l\u201911 d&#8217;octubre, els esplais <a href=\"http:\/\/www.bruixesibruixots.org\/\" target=\"_blank\" rel=\"noopener noreferrer\">Bruixes i Bruixots dels Escorrelots<\/a> (Cardedeu), <a href=\"https:\/\/www.facebook.com\/EsplaiElBoto\/\" target=\"_blank\" rel=\"noopener noreferrer\">Bot\u00f3<\/a> (Palau-solit\u00e0 i Plegamans), <a href=\"http:\/\/esplaigepa07.wixsite.com\/esplaigepa\" target=\"_blank\" rel=\"noopener noreferrer\">GEPA<\/a> (l\u2019Ametlla del Vall\u00e8s), <a href=\"http:\/\/www.esplaiguai.org\/\" target=\"_blank\" rel=\"noopener noreferrer\">Guai!<\/a> (Palou, Granollers), <a href=\"http:\/\/esplaielrefugi.cat\/\" target=\"_blank\" rel=\"noopener noreferrer\">El Refugi<\/a> (Santa Perp\u00e8tua de Mogoda), <a href=\"https:\/\/seraunia.wordpress.com\/\" target=\"_blank\" rel=\"noopener noreferrer\">Santa Eul\u00e0lia<\/a> (Santa Eul\u00e0lia de Ron\u00e7ana) i <a href=\"http:\/\/esplaiterralleure.blogspot.com.es\/\" target=\"_blank\" rel=\"noopener noreferrer\">Terra de Lleure<\/a> (Vilanova del Vall\u00e8s) vam aprovar la creaci\u00f3 del nou sector, el del Vall\u00e8s Oriental.<\/p>\n<p style=\"text-align: justify;\">Tot aquest proc\u00e9s va ser ratificat per l\u2019<strong>Assemblea General<\/strong> d\u2019Esplais Catalans el dissabte 25 de novembre, quan els esplais de l\u2019associaci\u00f3 van votar a favor de la dissoluci\u00f3 de l&#8217;antic Sector Vall\u00e8s i de la creaci\u00f3 dels dos nous sectors.<\/p>\n<p style=\"text-align: justify;\">Tanquem una molt bona etapa, de la qual ens enduem moltes amistats i un munt de bons moments viscuts! La dist\u00e0ncia entre els diferents esplais del sector ens ha separat, per\u00f2 els riures, les experi\u00e8ncies i les aventures sempre estaran amb nosaltres!<\/p>\n<p style=\"text-align: justify;\">Ara som un sector petit i estem segures que aix\u00f2 ens permetr\u00e0 poder atendre i cuidar m\u00e9s els esplais, facilitar\u00e0 la cohesi\u00f3 dins el sector i ens ajudar\u00e0 a reduir els despla\u00e7aments. No obstant, ens obligar\u00e0 a implicar-nos m\u00e9s en la preparaci\u00f3 de les activitats&#8230; Estem disposades a fer-ho! Ens fa molta il\u00b7lusi\u00f3 engegar aquest nou projecte i ja hem comen\u00e7at a treballar de valent per fer-lo possible!<\/p>\n<p style=\"text-align: justify;\"><strong>Que no pari l&#8217;energia de l&#8217;esplai<\/strong>!<\/p>\n","protected":false},"excerpt":{"rendered":"<p>La divisi\u00f3 dels dos vallesos va quedar formalment ratificada en [&hellip;]<\/p>\n","protected":false},"author":3,"featured_media":24145,"comment_status":"closed","ping_status":"open","sticky":false,"template":"","format":"standard","meta":{"om_disable_all_campaigns":false,"_monsterinsights_skip_tracking":false,"_monsterinsights_sitenote_active":false,"_monsterinsights_sitenote_note":"","_monsterinsights_sitenote_category":0,"_uf_show_specific_survey":0,"_uf_disable_surveys":false,"footnotes":""},"categories":[1110,1125,1],"tags":[958,959],"class_list":["post-24143","post","type-post","status-publish","format-standard","has-post-thumbnail","hentry","category-activitats-sectors","category-sector-valles-oriental","category-sense-categoria","tag-ago-2017","tag-sector-valles-oriental"],"yoast_head":"<!-- This site is optimized with the Yoast SEO plugin v27.4 - https:\/\/yoast.com\/product\/yoast-seo-wordpress\/ -->\n<title>Ja som Sector Vall\u00e8s Oriental! - Esplac<\/title>\n<meta name=\"robots\" content=\"index, follow, max-snippet:-1, max-image-preview:large, max-video-preview:-1\" \/>\n<link rel=\"canonical\" href=\"https:\/\/www.esplac.cat\/ja-som-sector-valles-oriental\/\" \/>\n<meta property=\"og:locale\" content=\"en_US\" \/>\n<meta property=\"og:type\" content=\"article\" \/>\n<meta property=\"og:title\" content=\"Ja som Sector Vall\u00e8s Oriental! - Esplac\" \/>\n<meta property=\"og:description\" content=\"La divisi\u00f3 dels dos vallesos va quedar formalment ratificada en [&hellip;]\" \/>\n<meta property=\"og:url\" content=\"https:\/\/www.esplac.cat\/ja-som-sector-valles-oriental\/\" \/>\n<meta property=\"og:site_name\" content=\"Esplac\" \/>\n<meta property=\"article:published_time\" content=\"2017-11-30T08:03:18+00:00\" \/>\n<meta property=\"og:image\" content=\"https:\/\/www.esplac.cat\/wp-content\/uploads\/2017\/11\/vallesos.jpg\" \/>\n\t<meta property=\"og:image:width\" content=\"675\" \/>\n\t<meta property=\"og:image:height\" content=\"251\" \/>\n\t<meta property=\"og:image:type\" content=\"image\/jpeg\" \/>\n<meta name=\"author\" content=\"Comunicaci\u00f3 Esplac\" \/>\n<meta name=\"twitter:card\" content=\"summary_large_image\" \/>\n<meta name=\"twitter:label1\" content=\"Written by\" \/>\n\t<meta name=\"twitter:data1\" content=\"Comunicaci\u00f3 Esplac\" \/>\n\t<meta name=\"twitter:label2\" content=\"Est. reading time\" \/>\n\t<meta name=\"twitter:data2\" content=\"2 minutes\" \/>\n<script type=\"application\/ld+json\" class=\"yoast-schema-graph\">{\"@context\":\"https:\\\/\\\/schema.org\",\"@graph\":[{\"@type\":\"Article\",\"@id\":\"https:\\\/\\\/www.esplac.cat\\\/ja-som-sector-valles-oriental\\\/#article\",\"isPartOf\":{\"@id\":\"https:\\\/\\\/www.esplac.cat\\\/ja-som-sector-valles-oriental\\\/\"},\"author\":{\"name\":\"Comunicaci\u00f3 Esplac\",\"@id\":\"https:\\\/\\\/www.esplac.cat\\\/#\\\/schema\\\/person\\\/908383cf240be18b68f8855d0583faca\"},\"headline\":\"Ja som Sector Vall\u00e8s Oriental!\",\"datePublished\":\"2017-11-30T08:03:18+00:00\",\"mainEntityOfPage\":{\"@id\":\"https:\\\/\\\/www.esplac.cat\\\/ja-som-sector-valles-oriental\\\/\"},\"wordCount\":359,\"publisher\":{\"@id\":\"https:\\\/\\\/www.esplac.cat\\\/#organization\"},\"image\":{\"@id\":\"https:\\\/\\\/www.esplac.cat\\\/ja-som-sector-valles-oriental\\\/#primaryimage\"},\"thumbnailUrl\":\"https:\\\/\\\/www.esplac.cat\\\/wp-content\\\/uploads\\\/2017\\\/11\\\/vallesos.jpg\",\"keywords\":[\"AGO 2017\",\"Sector Vall\u00e8s Oriental\"],\"articleSection\":[\"Activitats sectors\",\"Sector Vall\u00e8s Oriental\",\"Sense categoria\"],\"inLanguage\":\"en-US\"},{\"@type\":\"WebPage\",\"@id\":\"https:\\\/\\\/www.esplac.cat\\\/ja-som-sector-valles-oriental\\\/\",\"url\":\"https:\\\/\\\/www.esplac.cat\\\/ja-som-sector-valles-oriental\\\/\",\"name\":\"Ja som Sector Vall\u00e8s Oriental! - Esplac\",\"isPartOf\":{\"@id\":\"https:\\\/\\\/www.esplac.cat\\\/#website\"},\"primaryImageOfPage\":{\"@id\":\"https:\\\/\\\/www.esplac.cat\\\/ja-som-sector-valles-oriental\\\/#primaryimage\"},\"image\":{\"@id\":\"https:\\\/\\\/www.esplac.cat\\\/ja-som-sector-valles-oriental\\\/#primaryimage\"},\"thumbnailUrl\":\"https:\\\/\\\/www.esplac.cat\\\/wp-content\\\/uploads\\\/2017\\\/11\\\/vallesos.jpg\",\"datePublished\":\"2017-11-30T08:03:18+00:00\",\"breadcrumb\":{\"@id\":\"https:\\\/\\\/www.esplac.cat\\\/ja-som-sector-valles-oriental\\\/#breadcrumb\"},\"inLanguage\":\"en-US\",\"potentialAction\":[{\"@type\":\"ReadAction\",\"target\":[\"https:\\\/\\\/www.esplac.cat\\\/ja-som-sector-valles-oriental\\\/\"]}]},{\"@type\":\"ImageObject\",\"inLanguage\":\"en-US\",\"@id\":\"https:\\\/\\\/www.esplac.cat\\\/ja-som-sector-valles-oriental\\\/#primaryimage\",\"url\":\"https:\\\/\\\/www.esplac.cat\\\/wp-content\\\/uploads\\\/2017\\\/11\\\/vallesos.jpg\",\"contentUrl\":\"https:\\\/\\\/www.esplac.cat\\\/wp-content\\\/uploads\\\/2017\\\/11\\\/vallesos.jpg\",\"width\":675,\"height\":251},{\"@type\":\"BreadcrumbList\",\"@id\":\"https:\\\/\\\/www.esplac.cat\\\/ja-som-sector-valles-oriental\\\/#breadcrumb\",\"itemListElement\":[{\"@type\":\"ListItem\",\"position\":1,\"name\":\"Inici\",\"item\":\"https:\\\/\\\/www.esplac.cat\\\/en\\\/\"},{\"@type\":\"ListItem\",\"position\":2,\"name\":\"Ja som Sector Vall\u00e8s Oriental!\"}]},{\"@type\":\"WebSite\",\"@id\":\"https:\\\/\\\/www.esplac.cat\\\/#website\",\"url\":\"https:\\\/\\\/www.esplac.cat\\\/\",\"name\":\"Esplac\",\"description\":\"Esplais Catalans\",\"publisher\":{\"@id\":\"https:\\\/\\\/www.esplac.cat\\\/#organization\"},\"potentialAction\":[{\"@type\":\"SearchAction\",\"target\":{\"@type\":\"EntryPoint\",\"urlTemplate\":\"https:\\\/\\\/www.esplac.cat\\\/?s={search_term_string}\"},\"query-input\":{\"@type\":\"PropertyValueSpecification\",\"valueRequired\":true,\"valueName\":\"search_term_string\"}}],\"inLanguage\":\"en-US\"},{\"@type\":\"Organization\",\"@id\":\"https:\\\/\\\/www.esplac.cat\\\/#organization\",\"name\":\"Esplac\",\"url\":\"https:\\\/\\\/www.esplac.cat\\\/\",\"logo\":{\"@type\":\"ImageObject\",\"inLanguage\":\"en-US\",\"@id\":\"https:\\\/\\\/www.esplac.cat\\\/#\\\/schema\\\/logo\\\/image\\\/\",\"url\":\"https:\\\/\\\/www.esplac.cat\\\/wp-content\\\/uploads\\\/2019\\\/08\\\/logox2.png\",\"contentUrl\":\"https:\\\/\\\/www.esplac.cat\\\/wp-content\\\/uploads\\\/2019\\\/08\\\/logox2.png\",\"width\":600,\"height\":295,\"caption\":\"Esplac\"},\"image\":{\"@id\":\"https:\\\/\\\/www.esplac.cat\\\/#\\\/schema\\\/logo\\\/image\\\/\"}},{\"@type\":\"Person\",\"@id\":\"https:\\\/\\\/www.esplac.cat\\\/#\\\/schema\\\/person\\\/908383cf240be18b68f8855d0583faca\",\"name\":\"Comunicaci\u00f3 Esplac\",\"image\":{\"@type\":\"ImageObject\",\"inLanguage\":\"en-US\",\"@id\":\"https:\\\/\\\/secure.gravatar.com\\\/avatar\\\/7a4cf8feb412a76ea4a740ca02d95b06b2907b5a6c648c2dd0a1082a093c3141?s=96&d=mm&r=g\",\"url\":\"https:\\\/\\\/secure.gravatar.com\\\/avatar\\\/7a4cf8feb412a76ea4a740ca02d95b06b2907b5a6c648c2dd0a1082a093c3141?s=96&d=mm&r=g\",\"contentUrl\":\"https:\\\/\\\/secure.gravatar.com\\\/avatar\\\/7a4cf8feb412a76ea4a740ca02d95b06b2907b5a6c648c2dd0a1082a093c3141?s=96&d=mm&r=g\",\"caption\":\"Comunicaci\u00f3 Esplac\"}}]}<\/script>\n<!-- \/ Yoast SEO plugin. -->","yoast_head_json":{"title":"Ja som Sector Vall\u00e8s Oriental! - Esplac","robots":{"index":"index","follow":"follow","max-snippet":"max-snippet:-1","max-image-preview":"max-image-preview:large","max-video-preview":"max-video-preview:-1"},"canonical":"https:\/\/www.esplac.cat\/ja-som-sector-valles-oriental\/","og_locale":"en_US","og_type":"article","og_title":"Ja som Sector Vall\u00e8s Oriental! - Esplac","og_description":"La divisi\u00f3 dels dos vallesos va quedar formalment ratificada en [&hellip;]","og_url":"https:\/\/www.esplac.cat\/ja-som-sector-valles-oriental\/","og_site_name":"Esplac","article_published_time":"2017-11-30T08:03:18+00:00","og_image":[{"width":675,"height":251,"url":"https:\/\/www.esplac.cat\/wp-content\/uploads\/2017\/11\/vallesos.jpg","type":"image\/jpeg"}],"author":"Comunicaci\u00f3 Esplac","twitter_card":"summary_large_image","twitter_misc":{"Written by":"Comunicaci\u00f3 Esplac","Est. reading time":"2 minutes"},"schema":{"@context":"https:\/\/schema.org","@graph":[{"@type":"Article","@id":"https:\/\/www.esplac.cat\/ja-som-sector-valles-oriental\/#article","isPartOf":{"@id":"https:\/\/www.esplac.cat\/ja-som-sector-valles-oriental\/"},"author":{"name":"Comunicaci\u00f3 Esplac","@id":"https:\/\/www.esplac.cat\/#\/schema\/person\/908383cf240be18b68f8855d0583faca"},"headline":"Ja som Sector Vall\u00e8s Oriental!","datePublished":"2017-11-30T08:03:18+00:00","mainEntityOfPage":{"@id":"https:\/\/www.esplac.cat\/ja-som-sector-valles-oriental\/"},"wordCount":359,"publisher":{"@id":"https:\/\/www.esplac.cat\/#organization"},"image":{"@id":"https:\/\/www.esplac.cat\/ja-som-sector-valles-oriental\/#primaryimage"},"thumbnailUrl":"https:\/\/www.esplac.cat\/wp-content\/uploads\/2017\/11\/vallesos.jpg","keywords":["AGO 2017","Sector Vall\u00e8s Oriental"],"articleSection":["Activitats sectors","Sector Vall\u00e8s Oriental","Sense categoria"],"inLanguage":"en-US"},{"@type":"WebPage","@id":"https:\/\/www.esplac.cat\/ja-som-sector-valles-oriental\/","url":"https:\/\/www.esplac.cat\/ja-som-sector-valles-oriental\/","name":"Ja som Sector Vall\u00e8s Oriental! - Esplac","isPartOf":{"@id":"https:\/\/www.esplac.cat\/#website"},"primaryImageOfPage":{"@id":"https:\/\/www.esplac.cat\/ja-som-sector-valles-oriental\/#primaryimage"},"image":{"@id":"https:\/\/www.esplac.cat\/ja-som-sector-valles-oriental\/#primaryimage"},"thumbnailUrl":"https:\/\/www.esplac.cat\/wp-content\/uploads\/2017\/11\/vallesos.jpg","datePublished":"2017-11-30T08:03:18+00:00","breadcrumb":{"@id":"https:\/\/www.esplac.cat\/ja-som-sector-valles-oriental\/#breadcrumb"},"inLanguage":"en-US","potentialAction":[{"@type":"ReadAction","target":["https:\/\/www.esplac.cat\/ja-som-sector-valles-oriental\/"]}]},{"@type":"ImageObject","inLanguage":"en-US","@id":"https:\/\/www.esplac.cat\/ja-som-sector-valles-oriental\/#primaryimage","url":"https:\/\/www.esplac.cat\/wp-content\/uploads\/2017\/11\/vallesos.jpg","contentUrl":"https:\/\/www.esplac.cat\/wp-content\/uploads\/2017\/11\/vallesos.jpg","width":675,"height":251},{"@type":"BreadcrumbList","@id":"https:\/\/www.esplac.cat\/ja-som-sector-valles-oriental\/#breadcrumb","itemListElement":[{"@type":"ListItem","position":1,"name":"Inici","item":"https:\/\/www.esplac.cat\/en\/"},{"@type":"ListItem","position":2,"name":"Ja som Sector Vall\u00e8s Oriental!"}]},{"@type":"WebSite","@id":"https:\/\/www.esplac.cat\/#website","url":"https:\/\/www.esplac.cat\/","name":"Esplac","description":"Esplais Catalans","publisher":{"@id":"https:\/\/www.esplac.cat\/#organization"},"potentialAction":[{"@type":"SearchAction","target":{"@type":"EntryPoint","urlTemplate":"https:\/\/www.esplac.cat\/?s={search_term_string}"},"query-input":{"@type":"PropertyValueSpecification","valueRequired":true,"valueName":"search_term_string"}}],"inLanguage":"en-US"},{"@type":"Organization","@id":"https:\/\/www.esplac.cat\/#organization","name":"Esplac","url":"https:\/\/www.esplac.cat\/","logo":{"@type":"ImageObject","inLanguage":"en-US","@id":"https:\/\/www.esplac.cat\/#\/schema\/logo\/image\/","url":"https:\/\/www.esplac.cat\/wp-content\/uploads\/2019\/08\/logox2.png","contentUrl":"https:\/\/www.esplac.cat\/wp-content\/uploads\/2019\/08\/logox2.png","width":600,"height":295,"caption":"Esplac"},"image":{"@id":"https:\/\/www.esplac.cat\/#\/schema\/logo\/image\/"}},{"@type":"Person","@id":"https:\/\/www.esplac.cat\/#\/schema\/person\/908383cf240be18b68f8855d0583faca","name":"Comunicaci\u00f3 Esplac","image":{"@type":"ImageObject","inLanguage":"en-US","@id":"https:\/\/secure.gravatar.com\/avatar\/7a4cf8feb412a76ea4a740ca02d95b06b2907b5a6c648c2dd0a1082a093c3141?s=96&d=mm&r=g","url":"https:\/\/secure.gravatar.com\/avatar\/7a4cf8feb412a76ea4a740ca02d95b06b2907b5a6c648c2dd0a1082a093c3141?s=96&d=mm&r=g","contentUrl":"https:\/\/secure.gravatar.com\/avatar\/7a4cf8feb412a76ea4a740ca02d95b06b2907b5a6c648c2dd0a1082a093c3141?s=96&d=mm&r=g","caption":"Comunicaci\u00f3 Esplac"}}]}},"_links":{"self":[{"href":"https:\/\/www.esplac.cat\/en\/wp-json\/wp\/v2\/posts\/24143","targetHints":{"allow":["GET"]}}],"collection":[{"href":"https:\/\/www.esplac.cat\/en\/wp-json\/wp\/v2\/posts"}],"about":[{"href":"https:\/\/www.esplac.cat\/en\/wp-json\/wp\/v2\/types\/post"}],"author":[{"embeddable":true,"href":"https:\/\/www.esplac.cat\/en\/wp-json\/wp\/v2\/users\/3"}],"replies":[{"embeddable":true,"href":"https:\/\/www.esplac.cat\/en\/wp-json\/wp\/v2\/comments?post=24143"}],"version-history":[{"count":0,"href":"https:\/\/www.esplac.cat\/en\/wp-json\/wp\/v2\/posts\/24143\/revisions"}],"wp:featuredmedia":[{"embeddable":true,"href":"https:\/\/www.esplac.cat\/en\/wp-json\/wp\/v2\/media\/24145"}],"wp:attachment":[{"href":"https:\/\/www.esplac.cat\/en\/wp-json\/wp\/v2\/media?parent=24143"}],"wp:term":[{"taxonomy":"category","embeddable":true,"href":"https:\/\/www.esplac.cat\/en\/wp-json\/wp\/v2\/categories?post=24143"},{"taxonomy":"post_tag","embeddable":true,"href":"https:\/\/www.esplac.cat\/en\/wp-json\/wp\/v2\/tags?post=24143"}],"curies":[{"name":"wp","href":"https:\/\/api.w.org\/{rel}","templated":true}]}}