{"id":24179,"date":"2017-11-15T11:58:55","date_gmt":"2017-11-15T09:58:55","guid":{"rendered":"http:\/\/esplac.cat\/?p=15584"},"modified":"2017-11-15T11:58:55","modified_gmt":"2017-11-15T09:58:55","slug":"reivindiquem-drets-infants","status":"publish","type":"post","link":"https:\/\/www.esplac.cat\/en\/reivindiquem-drets-infants\/","title":{"rendered":"Reivindiquem els drets dels infants!"},"content":{"rendered":"<h4>Aquest cap de setmana sortirem al carrer per celebrar el Dia Universal dels Drets dels Infants<\/h4>\n<p style=\"text-align: justify;\">Esplais Catalans som un associaci\u00f3 laica i progressista en qu\u00e8 treballem dia a dia per la sensibilitzaci\u00f3 i la promoci\u00f3 dels drets dels infants. Enfoquem l\u2019educaci\u00f3 dels nens i nenes des d\u2019una perspectiva integral que inclou, tant el coneixement dels propis drets i responsabilitats, com les habilitats i actituds necess\u00e0ries per construir una societat m\u00e9s justa i igualit\u00e0ria. Busquem una transformaci\u00f3 social que sorgeixi de la participaci\u00f3 de tots i totes. Tamb\u00e9 dels infants, que sens dubte tenen veu i tenen drets!<\/p>\n<p style=\"text-align: justify;\">\u00c9s per aix\u00f2 que, amb motiu del Dia Universal dels Drets dels Infants (<strong>dilluns 20 de novembre<\/strong>), aquest cap de setmana realitzarem diverses activitats des dels sectors per reivindicar els drets dels nens i nenes de tot el m\u00f3n:<\/p>\n<ul>\n<li><strong>Sector Pened\u00e8s, Garraf i Anoia<\/strong><\/li>\n<\/ul>\n<p style=\"text-align: justify;\">Quedarem aquest dissabte a les 9.30 h a la <a href=\"https:\/\/www.google.es\/maps\/place\/Pla%C3%A7a+de+les+Neus,+08800+Vilanova+i+la+Geltr%C3%BA,+Barcelona\/@41.2261776,1.721268,17z\/data=!3m1!4b1!4m5!3m4!1s0x12a386fd23339b0f:0x96d14986667b0911!8m2!3d41.2261776!4d1.723462?hl=ca\" target=\"_blank\" rel=\"noopener noreferrer\">pla\u00e7a de les Neus de Vilanova i la Geltr\u00fa<\/a> i durant el mat\u00ed durem a terme diverses activitats per grups d\u2019edat relacionades amb els drets dels infants. Despr\u00e9s de dinar, ens trobarem amb les fam\u00edlies al parc de Baixa Mar per fer de manera conjunta una pancarta, i un cop acabat el berenar, ens manifestarem totes juntes en contra del bloqueig de les subvencions i farem amb una acte reivindicatiu final amb altres entitats de Vilanova. Esperem una participaci\u00f3 de 250 persones entre infants, monitors i fam\u00edlies!<\/p>\n<ul>\n<li><strong>Sector Baix Llobregat<\/strong><\/li>\n<\/ul>\n<p style=\"text-align: justify;\">Ens trobarem aquest dissabte a les 10 h al <a href=\"https:\/\/www.google.es\/maps\/place\/Parc+del+canal+de+la+Infanta\/@41.3603849,2.0614944,17z\/data=!3m1!4b1!4m5!3m4!1s0x12a49be75760c5bf:0xc893348b532b9930!8m2!3d41.3603849!4d2.0636884?hl=ca\" target=\"_blank\" rel=\"noopener noreferrer\">parc de la Infanta de Cornell\u00e0<\/a>, on amb els m\u00e9s petits dels esplais (fins als 12 anys) farem activitats centrades en la identitat personal. Despr\u00e9s de dinar, s\u2019afegiran a la trobada els nens i nenes d\u2019ESO i Batxillerat i hi haur\u00e0 una actuaci\u00f3 d\u2019Ambaukatun\u00e0bia, i tot seguit, realitzarem una performance com a manifest dels drets dels infants, juntament amb el berenar. A continuaci\u00f3, amb els grans treballarem la participaci\u00f3 dels infants i joves en la democr\u00e0cia actual a partir de jocs i din\u00e0miques. Farem nit a les instal\u00b7lacions de l\u2019escola Abat Oliva i diumenge al mat\u00ed farem tallers varis.<\/p>\n<ul>\n<li><strong>Sector Osona-Ripoll\u00e8s<\/strong><\/li>\n<\/ul>\n<p>Ens reunirem aquest dissabte a les 11.30 h davant dels <a href=\"https:\/\/www.google.es\/maps\/place\/La+Bombonera+de+Folgueroles\/@41.9401061,2.3211045,17z\/data=!4m12!1m6!3m5!1s0x12a5284284efedc9:0xbeb258e0527ac04a!2sAjuntament+de+Folgueroles!8m2!3d41.938608!4d2.318531!3m4!1s0x12a5288b50a8d8e5:0xb77591b0b9b5ec54!8m2!3d41.9405521!4d2.3215619?hl=ca\" target=\"_blank\" rel=\"noopener noreferrer\">camps de futbol de Folgueroles<\/a>. Comen\u00e7arem la jornada amb una excursi\u00f3 conjunta pels entorns del poble i un bon dinar. A la tarda ens separarem per grups d\u2019edat i cadascun treballar\u00e0 uns quants drets dels infants. Finalment, elaborarem una s\u00e8rie de pancartes i ens farem una foto tots junts!<\/p>\n<ul>\n<li><strong>Sector Bages-Bergued\u00e0<\/strong><\/li>\n<\/ul>\n<p style=\"text-align: justify;\">Quedarem aquest dissabte a les 10.30 h a la <a href=\"https:\/\/www.google.es\/maps\/place\/Pla%C3%A7a+Porxada,+08241+Manresa,+Barcelona\/@41.7259494,1.807658,14z\/data=!4m5!3m4!1s0x12a4587331f1ac6b:0xf4fcc9030ad09439!8m2!3d41.7259224!4d1.8250429?hl=ca\" target=\"_blank\" rel=\"noopener noreferrer\">pla\u00e7a de la Porxada de Manresa<\/a>, per\u00f2 despr\u00e9s ens dividirem per grups i ens repartirem per diverses places de la ciutat per fer activitats. A la tarda, els m\u00e9s petits aniran al pati del Casino i els joves, al casal la Kampana. Al vespre farem tots junts un puzle dels drets dels infants i celebrarem un correfoc. Tamb\u00e9 farem un v\u00eddeo de tot plegat per poder recordar el dia sempre m\u00e9s!<\/p>\n<ul>\n<li><strong>Sector Barcelona<\/strong><\/li>\n<\/ul>\n<p style=\"text-align: justify;\">Ens trobarem el dissabte 25 de novembre a les 10.30 h a la <a href=\"https:\/\/www.google.es\/maps\/place\/Placeta+de+Ramon+Torres+Casanova\/@41.3752193,2.1330606,17z\/data=!3m1!4b1!4m5!3m4!1s0x12a49885f52c3645:0xd96aa1f67353da89!8m2!3d41.3752193!4d2.1352546?hl=ca\" target=\"_blank\" rel=\"noopener noreferrer\">pla\u00e7a Ramon Torres Casanova de Sants<\/a>. Al mat\u00ed farem deu activitats relacionades amb 10 drets dels infants en un format de gimcana flexible. I a la tarda, ens dividirem en petits i grans i treballarem la tem\u00e0tica del dia a partir d\u2019escenes de pel\u00b7l\u00edcules (petits) i de not\u00edcies reals (grans) en qu\u00e8 es vulneren els drets dels nens i nenes. Tamb\u00e9 organitzarem taules rodones que restaran obertes als joves del barri i d\u2019altres entitats de la ciutat.<\/p>\n","protected":false},"excerpt":{"rendered":"<p>Aquest cap de setmana sortirem al carrer per celebrar el [&hellip;]<\/p>\n","protected":false},"author":3,"featured_media":24180,"comment_status":"closed","ping_status":"open","sticky":false,"template":"","format":"standard","meta":{"om_disable_all_campaigns":false,"_monsterinsights_skip_tracking":false,"_monsterinsights_sitenote_active":false,"_monsterinsights_sitenote_note":"","_monsterinsights_sitenote_category":0,"_uf_show_specific_survey":0,"_uf_disable_surveys":false,"footnotes":""},"categories":[1135,1],"tags":[384,951,45],"class_list":["post-24179","post","type-post","status-publish","format-standard","has-post-thumbnail","hentry","category-20-n-drets-dels-infants","category-sense-categoria","tag-20-n","tag-activitats-sectors","tag-drets-dels-infants"],"yoast_head":"<!-- This site is optimized with the Yoast SEO plugin v27.4 - https:\/\/yoast.com\/product\/yoast-seo-wordpress\/ -->\n<title>Reivindiquem els drets dels infants! - Esplac<\/title>\n<meta name=\"robots\" content=\"index, follow, max-snippet:-1, max-image-preview:large, max-video-preview:-1\" \/>\n<link rel=\"canonical\" href=\"https:\/\/www.esplac.cat\/es\/reivindiquem-drets-infants\/\" \/>\n<meta property=\"og:locale\" content=\"en_US\" \/>\n<meta property=\"og:type\" content=\"article\" \/>\n<meta property=\"og:title\" content=\"Reivindiquem els drets dels infants! - Esplac\" \/>\n<meta property=\"og:description\" content=\"Aquest cap de setmana sortirem al carrer per celebrar el [&hellip;]\" \/>\n<meta property=\"og:url\" content=\"https:\/\/www.esplac.cat\/es\/reivindiquem-drets-infants\/\" \/>\n<meta property=\"og:site_name\" content=\"Esplac\" \/>\n<meta property=\"article:published_time\" content=\"2017-11-15T09:58:55+00:00\" \/>\n<meta property=\"og:image\" content=\"https:\/\/www.esplac.cat\/wp-content\/uploads\/2017\/11\/dudinoti.jpg\" \/>\n\t<meta property=\"og:image:width\" content=\"847\" \/>\n\t<meta property=\"og:image:height\" content=\"350\" \/>\n\t<meta property=\"og:image:type\" content=\"image\/jpeg\" \/>\n<meta name=\"author\" content=\"Comunicaci\u00f3 Esplac\" \/>\n<meta name=\"twitter:card\" content=\"summary_large_image\" \/>\n<meta name=\"twitter:label1\" content=\"Written by\" \/>\n\t<meta name=\"twitter:data1\" content=\"Comunicaci\u00f3 Esplac\" \/>\n\t<meta name=\"twitter:label2\" content=\"Est. reading time\" \/>\n\t<meta name=\"twitter:data2\" content=\"3 minutes\" \/>\n<script type=\"application\/ld+json\" class=\"yoast-schema-graph\">{\"@context\":\"https:\\\/\\\/schema.org\",\"@graph\":[{\"@type\":\"Article\",\"@id\":\"https:\\\/\\\/www.esplac.cat\\\/es\\\/reivindiquem-drets-infants\\\/#article\",\"isPartOf\":{\"@id\":\"https:\\\/\\\/www.esplac.cat\\\/es\\\/reivindiquem-drets-infants\\\/\"},\"author\":{\"name\":\"Comunicaci\u00f3 Esplac\",\"@id\":\"https:\\\/\\\/www.esplac.cat\\\/#\\\/schema\\\/person\\\/908383cf240be18b68f8855d0583faca\"},\"headline\":\"Reivindiquem els drets dels infants!\",\"datePublished\":\"2017-11-15T09:58:55+00:00\",\"mainEntityOfPage\":{\"@id\":\"https:\\\/\\\/www.esplac.cat\\\/es\\\/reivindiquem-drets-infants\\\/\"},\"wordCount\":617,\"publisher\":{\"@id\":\"https:\\\/\\\/www.esplac.cat\\\/#organization\"},\"image\":{\"@id\":\"https:\\\/\\\/www.esplac.cat\\\/es\\\/reivindiquem-drets-infants\\\/#primaryimage\"},\"thumbnailUrl\":\"https:\\\/\\\/www.esplac.cat\\\/wp-content\\\/uploads\\\/2017\\\/11\\\/dudinoti.jpg\",\"keywords\":[\"20-N\",\"activitats sectors\",\"drets dels infants\"],\"articleSection\":[\"20-N: Drets dels infants\",\"Sense categoria\"],\"inLanguage\":\"en-US\"},{\"@type\":\"WebPage\",\"@id\":\"https:\\\/\\\/www.esplac.cat\\\/es\\\/reivindiquem-drets-infants\\\/\",\"url\":\"https:\\\/\\\/www.esplac.cat\\\/es\\\/reivindiquem-drets-infants\\\/\",\"name\":\"Reivindiquem els drets dels infants! - Esplac\",\"isPartOf\":{\"@id\":\"https:\\\/\\\/www.esplac.cat\\\/#website\"},\"primaryImageOfPage\":{\"@id\":\"https:\\\/\\\/www.esplac.cat\\\/es\\\/reivindiquem-drets-infants\\\/#primaryimage\"},\"image\":{\"@id\":\"https:\\\/\\\/www.esplac.cat\\\/es\\\/reivindiquem-drets-infants\\\/#primaryimage\"},\"thumbnailUrl\":\"https:\\\/\\\/www.esplac.cat\\\/wp-content\\\/uploads\\\/2017\\\/11\\\/dudinoti.jpg\",\"datePublished\":\"2017-11-15T09:58:55+00:00\",\"breadcrumb\":{\"@id\":\"https:\\\/\\\/www.esplac.cat\\\/es\\\/reivindiquem-drets-infants\\\/#breadcrumb\"},\"inLanguage\":\"en-US\",\"potentialAction\":[{\"@type\":\"ReadAction\",\"target\":[\"https:\\\/\\\/www.esplac.cat\\\/es\\\/reivindiquem-drets-infants\\\/\"]}]},{\"@type\":\"ImageObject\",\"inLanguage\":\"en-US\",\"@id\":\"https:\\\/\\\/www.esplac.cat\\\/es\\\/reivindiquem-drets-infants\\\/#primaryimage\",\"url\":\"https:\\\/\\\/www.esplac.cat\\\/wp-content\\\/uploads\\\/2017\\\/11\\\/dudinoti.jpg\",\"contentUrl\":\"https:\\\/\\\/www.esplac.cat\\\/wp-content\\\/uploads\\\/2017\\\/11\\\/dudinoti.jpg\",\"width\":847,\"height\":350},{\"@type\":\"BreadcrumbList\",\"@id\":\"https:\\\/\\\/www.esplac.cat\\\/es\\\/reivindiquem-drets-infants\\\/#breadcrumb\",\"itemListElement\":[{\"@type\":\"ListItem\",\"position\":1,\"name\":\"Inici\",\"item\":\"https:\\\/\\\/www.esplac.cat\\\/en\\\/\"},{\"@type\":\"ListItem\",\"position\":2,\"name\":\"Reivindiquem els drets dels infants!\"}]},{\"@type\":\"WebSite\",\"@id\":\"https:\\\/\\\/www.esplac.cat\\\/#website\",\"url\":\"https:\\\/\\\/www.esplac.cat\\\/\",\"name\":\"Esplac\",\"description\":\"Esplais Catalans\",\"publisher\":{\"@id\":\"https:\\\/\\\/www.esplac.cat\\\/#organization\"},\"potentialAction\":[{\"@type\":\"SearchAction\",\"target\":{\"@type\":\"EntryPoint\",\"urlTemplate\":\"https:\\\/\\\/www.esplac.cat\\\/?s={search_term_string}\"},\"query-input\":{\"@type\":\"PropertyValueSpecification\",\"valueRequired\":true,\"valueName\":\"search_term_string\"}}],\"inLanguage\":\"en-US\"},{\"@type\":\"Organization\",\"@id\":\"https:\\\/\\\/www.esplac.cat\\\/#organization\",\"name\":\"Esplac\",\"url\":\"https:\\\/\\\/www.esplac.cat\\\/\",\"logo\":{\"@type\":\"ImageObject\",\"inLanguage\":\"en-US\",\"@id\":\"https:\\\/\\\/www.esplac.cat\\\/#\\\/schema\\\/logo\\\/image\\\/\",\"url\":\"https:\\\/\\\/www.esplac.cat\\\/wp-content\\\/uploads\\\/2019\\\/08\\\/logox2.png\",\"contentUrl\":\"https:\\\/\\\/www.esplac.cat\\\/wp-content\\\/uploads\\\/2019\\\/08\\\/logox2.png\",\"width\":600,\"height\":295,\"caption\":\"Esplac\"},\"image\":{\"@id\":\"https:\\\/\\\/www.esplac.cat\\\/#\\\/schema\\\/logo\\\/image\\\/\"}},{\"@type\":\"Person\",\"@id\":\"https:\\\/\\\/www.esplac.cat\\\/#\\\/schema\\\/person\\\/908383cf240be18b68f8855d0583faca\",\"name\":\"Comunicaci\u00f3 Esplac\",\"image\":{\"@type\":\"ImageObject\",\"inLanguage\":\"en-US\",\"@id\":\"https:\\\/\\\/secure.gravatar.com\\\/avatar\\\/7a4cf8feb412a76ea4a740ca02d95b06b2907b5a6c648c2dd0a1082a093c3141?s=96&d=mm&r=g\",\"url\":\"https:\\\/\\\/secure.gravatar.com\\\/avatar\\\/7a4cf8feb412a76ea4a740ca02d95b06b2907b5a6c648c2dd0a1082a093c3141?s=96&d=mm&r=g\",\"contentUrl\":\"https:\\\/\\\/secure.gravatar.com\\\/avatar\\\/7a4cf8feb412a76ea4a740ca02d95b06b2907b5a6c648c2dd0a1082a093c3141?s=96&d=mm&r=g\",\"caption\":\"Comunicaci\u00f3 Esplac\"}}]}<\/script>\n<!-- \/ Yoast SEO plugin. -->","yoast_head_json":{"title":"Reivindiquem els drets dels infants! - Esplac","robots":{"index":"index","follow":"follow","max-snippet":"max-snippet:-1","max-image-preview":"max-image-preview:large","max-video-preview":"max-video-preview:-1"},"canonical":"https:\/\/www.esplac.cat\/es\/reivindiquem-drets-infants\/","og_locale":"en_US","og_type":"article","og_title":"Reivindiquem els drets dels infants! - Esplac","og_description":"Aquest cap de setmana sortirem al carrer per celebrar el [&hellip;]","og_url":"https:\/\/www.esplac.cat\/es\/reivindiquem-drets-infants\/","og_site_name":"Esplac","article_published_time":"2017-11-15T09:58:55+00:00","og_image":[{"width":847,"height":350,"url":"https:\/\/www.esplac.cat\/wp-content\/uploads\/2017\/11\/dudinoti.jpg","type":"image\/jpeg"}],"author":"Comunicaci\u00f3 Esplac","twitter_card":"summary_large_image","twitter_misc":{"Written by":"Comunicaci\u00f3 Esplac","Est. reading time":"3 minutes"},"schema":{"@context":"https:\/\/schema.org","@graph":[{"@type":"Article","@id":"https:\/\/www.esplac.cat\/es\/reivindiquem-drets-infants\/#article","isPartOf":{"@id":"https:\/\/www.esplac.cat\/es\/reivindiquem-drets-infants\/"},"author":{"name":"Comunicaci\u00f3 Esplac","@id":"https:\/\/www.esplac.cat\/#\/schema\/person\/908383cf240be18b68f8855d0583faca"},"headline":"Reivindiquem els drets dels infants!","datePublished":"2017-11-15T09:58:55+00:00","mainEntityOfPage":{"@id":"https:\/\/www.esplac.cat\/es\/reivindiquem-drets-infants\/"},"wordCount":617,"publisher":{"@id":"https:\/\/www.esplac.cat\/#organization"},"image":{"@id":"https:\/\/www.esplac.cat\/es\/reivindiquem-drets-infants\/#primaryimage"},"thumbnailUrl":"https:\/\/www.esplac.cat\/wp-content\/uploads\/2017\/11\/dudinoti.jpg","keywords":["20-N","activitats sectors","drets dels infants"],"articleSection":["20-N: Drets dels infants","Sense categoria"],"inLanguage":"en-US"},{"@type":"WebPage","@id":"https:\/\/www.esplac.cat\/es\/reivindiquem-drets-infants\/","url":"https:\/\/www.esplac.cat\/es\/reivindiquem-drets-infants\/","name":"Reivindiquem els drets dels infants! - Esplac","isPartOf":{"@id":"https:\/\/www.esplac.cat\/#website"},"primaryImageOfPage":{"@id":"https:\/\/www.esplac.cat\/es\/reivindiquem-drets-infants\/#primaryimage"},"image":{"@id":"https:\/\/www.esplac.cat\/es\/reivindiquem-drets-infants\/#primaryimage"},"thumbnailUrl":"https:\/\/www.esplac.cat\/wp-content\/uploads\/2017\/11\/dudinoti.jpg","datePublished":"2017-11-15T09:58:55+00:00","breadcrumb":{"@id":"https:\/\/www.esplac.cat\/es\/reivindiquem-drets-infants\/#breadcrumb"},"inLanguage":"en-US","potentialAction":[{"@type":"ReadAction","target":["https:\/\/www.esplac.cat\/es\/reivindiquem-drets-infants\/"]}]},{"@type":"ImageObject","inLanguage":"en-US","@id":"https:\/\/www.esplac.cat\/es\/reivindiquem-drets-infants\/#primaryimage","url":"https:\/\/www.esplac.cat\/wp-content\/uploads\/2017\/11\/dudinoti.jpg","contentUrl":"https:\/\/www.esplac.cat\/wp-content\/uploads\/2017\/11\/dudinoti.jpg","width":847,"height":350},{"@type":"BreadcrumbList","@id":"https:\/\/www.esplac.cat\/es\/reivindiquem-drets-infants\/#breadcrumb","itemListElement":[{"@type":"ListItem","position":1,"name":"Inici","item":"https:\/\/www.esplac.cat\/en\/"},{"@type":"ListItem","position":2,"name":"Reivindiquem els drets dels infants!"}]},{"@type":"WebSite","@id":"https:\/\/www.esplac.cat\/#website","url":"https:\/\/www.esplac.cat\/","name":"Esplac","description":"Esplais Catalans","publisher":{"@id":"https:\/\/www.esplac.cat\/#organization"},"potentialAction":[{"@type":"SearchAction","target":{"@type":"EntryPoint","urlTemplate":"https:\/\/www.esplac.cat\/?s={search_term_string}"},"query-input":{"@type":"PropertyValueSpecification","valueRequired":true,"valueName":"search_term_string"}}],"inLanguage":"en-US"},{"@type":"Organization","@id":"https:\/\/www.esplac.cat\/#organization","name":"Esplac","url":"https:\/\/www.esplac.cat\/","logo":{"@type":"ImageObject","inLanguage":"en-US","@id":"https:\/\/www.esplac.cat\/#\/schema\/logo\/image\/","url":"https:\/\/www.esplac.cat\/wp-content\/uploads\/2019\/08\/logox2.png","contentUrl":"https:\/\/www.esplac.cat\/wp-content\/uploads\/2019\/08\/logox2.png","width":600,"height":295,"caption":"Esplac"},"image":{"@id":"https:\/\/www.esplac.cat\/#\/schema\/logo\/image\/"}},{"@type":"Person","@id":"https:\/\/www.esplac.cat\/#\/schema\/person\/908383cf240be18b68f8855d0583faca","name":"Comunicaci\u00f3 Esplac","image":{"@type":"ImageObject","inLanguage":"en-US","@id":"https:\/\/secure.gravatar.com\/avatar\/7a4cf8feb412a76ea4a740ca02d95b06b2907b5a6c648c2dd0a1082a093c3141?s=96&d=mm&r=g","url":"https:\/\/secure.gravatar.com\/avatar\/7a4cf8feb412a76ea4a740ca02d95b06b2907b5a6c648c2dd0a1082a093c3141?s=96&d=mm&r=g","contentUrl":"https:\/\/secure.gravatar.com\/avatar\/7a4cf8feb412a76ea4a740ca02d95b06b2907b5a6c648c2dd0a1082a093c3141?s=96&d=mm&r=g","caption":"Comunicaci\u00f3 Esplac"}}]}},"_links":{"self":[{"href":"https:\/\/www.esplac.cat\/en\/wp-json\/wp\/v2\/posts\/24179","targetHints":{"allow":["GET"]}}],"collection":[{"href":"https:\/\/www.esplac.cat\/en\/wp-json\/wp\/v2\/posts"}],"about":[{"href":"https:\/\/www.esplac.cat\/en\/wp-json\/wp\/v2\/types\/post"}],"author":[{"embeddable":true,"href":"https:\/\/www.esplac.cat\/en\/wp-json\/wp\/v2\/users\/3"}],"replies":[{"embeddable":true,"href":"https:\/\/www.esplac.cat\/en\/wp-json\/wp\/v2\/comments?post=24179"}],"version-history":[{"count":0,"href":"https:\/\/www.esplac.cat\/en\/wp-json\/wp\/v2\/posts\/24179\/revisions"}],"wp:featuredmedia":[{"embeddable":true,"href":"https:\/\/www.esplac.cat\/en\/wp-json\/wp\/v2\/media\/24180"}],"wp:attachment":[{"href":"https:\/\/www.esplac.cat\/en\/wp-json\/wp\/v2\/media?parent=24179"}],"wp:term":[{"taxonomy":"category","embeddable":true,"href":"https:\/\/www.esplac.cat\/en\/wp-json\/wp\/v2\/categories?post=24179"},{"taxonomy":"post_tag","embeddable":true,"href":"https:\/\/www.esplac.cat\/en\/wp-json\/wp\/v2\/tags?post=24179"}],"curies":[{"name":"wp","href":"https:\/\/api.w.org\/{rel}","templated":true}]}}