{"id":24185,"date":"2017-10-30T12:40:33","date_gmt":"2017-10-30T10:40:33","guid":{"rendered":"http:\/\/esplac.cat\/?p=15545"},"modified":"2017-10-30T12:40:33","modified_gmt":"2017-10-30T10:40:33","slug":"barcelona-tret-sortida-nou-curs","status":"publish","type":"post","link":"https:\/\/www.esplac.cat\/en\/barcelona-tret-sortida-nou-curs\/","title":{"rendered":"A Barcelona donem el tret de sortida al nou curs"},"content":{"rendered":"<h4>El esplais del Sector Barcelona vam celebrar l\u2019AGO el dilluns 23 d\u2019octubre, en qu\u00e8 van escollir el nou Equip General de Sector<\/h4>\n<p style=\"text-align: justify;\">Al Sector Barcelona d\u2019Esplais Catalans no ens quedem enrere i, com ja havien fet anteriorment altres sector ge\u00f2grafics, el dilluns 23 d\u2019octubre vam celebrar l\u2019Assemblea General Ordin\u00e0ria. L\u2019acte va tenir lloc a l\u2019<a href=\"https:\/\/esplaitorxa.wordpress.com\/\" target=\"_blank\" rel=\"noopener noreferrer\">Esplai Torxa<\/a>, al Guinard\u00f3, i hi vam assistir un total de 56 monitors i monitores de 19 esplais diferents.<\/p>\n<p style=\"text-align: justify;\">La trobada va comen\u00e7ar amb una din\u00e0mica inicial que va servir perqu\u00e8 els educadors i educadores ens conegu\u00e9ssim m\u00e9s entre nosaltres i per convertir, aix\u00ed, una mera multitud de persones en una gran fam\u00edlia. Tot seguit, vam aprovar per unanimitat la mem\u00f2ria del curs 2016-17 i posteriorment vam validar el <strong>Pla de Treball<\/strong> votant una per una les activitats que recull. Aquest any, el Pla de Treball compta amb algunes activitats i comissions noves o reformulades, com ara el \u201cDomingo de formaci\u00f3\u201d, la \u201cTrobada de subsectors\u201d i la Comissi\u00f3 d\u2019Incid\u00e8ncia Pol\u00edtica.<\/p>\n<p>Tamb\u00e9 vam presentar i vam aprovar el nou <strong>Equip General de Sector<\/strong>, que est\u00e0 format per:<\/p>\n<ul>\n<li>Marc Cardona i Ruiz, de l\u2019esplai Espurna.<\/li>\n<li>Maria Llimona Cusc\u00f3, de l\u2019esplai Movi de Sarri\u00e0.<\/li>\n<li>Pau Campderr\u00f3s Alonso, de l\u2019esplai Totikap.<\/li>\n<li>Pau Peralta Mart\u00ednez, de l\u2019esplai Torxa.<\/li>\n<li>Jordi Miras Molas, de l\u2019esplai Kasperle.<\/li>\n<li>Robert Arronis Estell\u00e9, de l\u2019esplai Torxa.<\/li>\n<\/ul>\n<p style=\"text-align: justify;\">Finalment, l\u2019assemblea va treballar la documentaci\u00f3 per a l\u2019AGO d\u2019Esplac amb una din\u00e0mica que donava veu a tothom i que, d\u2019aquesta manera, va fer augmentar la participaci\u00f3 dels monitors i monitores del sector. A Barcelona seguim creixent!<\/p>\n<p><a href=\"http:\/\/esplac.cat\/wp-content\/uploads\/2017\/10\/IMG_20171024_005229.jpg\"><img decoding=\"async\" class=\"wp-image-15547 aligncenter\" src=\"http:\/\/esplac.cat\/wp-content\/uploads\/2017\/10\/IMG_20171024_005229-300x225.jpg\" alt=\"\" width=\"416\" height=\"312\" \/><\/a><\/p>\n","protected":false},"excerpt":{"rendered":"<p>El esplais del Sector Barcelona vam celebrar l\u2019AGO el dilluns [&hellip;]<\/p>\n","protected":false},"author":3,"featured_media":24187,"comment_status":"closed","ping_status":"open","sticky":false,"template":"","format":"standard","meta":{"om_disable_all_campaigns":false,"_monsterinsights_skip_tracking":false,"_monsterinsights_sitenote_active":false,"_monsterinsights_sitenote_note":"","_monsterinsights_sitenote_category":0,"_uf_show_specific_survey":0,"_uf_disable_surveys":false,"footnotes":""},"categories":[1110,1128,1],"tags":[335,40,119],"class_list":["post-24185","post","type-post","status-publish","format-standard","has-post-thumbnail","hentry","category-activitats-sectors","category-sector-barcelona","category-sense-categoria","tag-ago","tag-participacio","tag-sector-barcelona"],"yoast_head":"<!-- This site is optimized with the Yoast SEO plugin v27.5 - https:\/\/yoast.com\/product\/yoast-seo-wordpress\/ -->\n<title>A Barcelona donem el tret de sortida al nou curs - Esplac<\/title>\n<meta name=\"robots\" content=\"index, follow, max-snippet:-1, max-image-preview:large, max-video-preview:-1\" \/>\n<link rel=\"canonical\" href=\"https:\/\/www.esplac.cat\/barcelona-tret-sortida-nou-curs\/\" \/>\n<meta property=\"og:locale\" content=\"en_US\" \/>\n<meta property=\"og:type\" content=\"article\" \/>\n<meta property=\"og:title\" content=\"A Barcelona donem el tret de sortida al nou curs - Esplac\" \/>\n<meta property=\"og:description\" content=\"El esplais del Sector Barcelona vam celebrar l\u2019AGO el dilluns [&hellip;]\" \/>\n<meta property=\"og:url\" content=\"https:\/\/www.esplac.cat\/barcelona-tret-sortida-nou-curs\/\" \/>\n<meta property=\"og:site_name\" content=\"Esplac\" \/>\n<meta property=\"article:published_time\" content=\"2017-10-30T10:40:33+00:00\" \/>\n<meta property=\"og:image\" content=\"https:\/\/www.esplac.cat\/wp-content\/uploads\/2017\/10\/fotoAGOBarcelona.jpg\" \/>\n\t<meta property=\"og:image:width\" content=\"847\" \/>\n\t<meta property=\"og:image:height\" content=\"350\" \/>\n\t<meta property=\"og:image:type\" content=\"image\/jpeg\" \/>\n<meta name=\"author\" content=\"Comunicaci\u00f3 Esplac\" \/>\n<meta name=\"twitter:card\" content=\"summary_large_image\" \/>\n<meta name=\"twitter:label1\" content=\"Written by\" \/>\n\t<meta name=\"twitter:data1\" content=\"Comunicaci\u00f3 Esplac\" \/>\n\t<meta name=\"twitter:label2\" content=\"Est. reading time\" \/>\n\t<meta name=\"twitter:data2\" content=\"1 minute\" \/>\n<script type=\"application\/ld+json\" class=\"yoast-schema-graph\">{\"@context\":\"https:\\\/\\\/schema.org\",\"@graph\":[{\"@type\":\"Article\",\"@id\":\"https:\\\/\\\/www.esplac.cat\\\/barcelona-tret-sortida-nou-curs\\\/#article\",\"isPartOf\":{\"@id\":\"https:\\\/\\\/www.esplac.cat\\\/barcelona-tret-sortida-nou-curs\\\/\"},\"author\":{\"name\":\"Comunicaci\u00f3 Esplac\",\"@id\":\"https:\\\/\\\/www.esplac.cat\\\/#\\\/schema\\\/person\\\/908383cf240be18b68f8855d0583faca\"},\"headline\":\"A Barcelona donem el tret de sortida al nou curs\",\"datePublished\":\"2017-10-30T10:40:33+00:00\",\"mainEntityOfPage\":{\"@id\":\"https:\\\/\\\/www.esplac.cat\\\/barcelona-tret-sortida-nou-curs\\\/\"},\"wordCount\":293,\"publisher\":{\"@id\":\"https:\\\/\\\/www.esplac.cat\\\/#organization\"},\"image\":{\"@id\":\"https:\\\/\\\/www.esplac.cat\\\/barcelona-tret-sortida-nou-curs\\\/#primaryimage\"},\"thumbnailUrl\":\"https:\\\/\\\/www.esplac.cat\\\/wp-content\\\/uploads\\\/2017\\\/10\\\/fotoAGOBarcelona.jpg\",\"keywords\":[\"AGO\",\"participaci\u00f3\",\"sector Barcelona\"],\"articleSection\":[\"Activitats sectors\",\"Sector Barcelona\",\"Sense categoria\"],\"inLanguage\":\"en-US\"},{\"@type\":\"WebPage\",\"@id\":\"https:\\\/\\\/www.esplac.cat\\\/barcelona-tret-sortida-nou-curs\\\/\",\"url\":\"https:\\\/\\\/www.esplac.cat\\\/barcelona-tret-sortida-nou-curs\\\/\",\"name\":\"A Barcelona donem el tret de sortida al nou curs - Esplac\",\"isPartOf\":{\"@id\":\"https:\\\/\\\/www.esplac.cat\\\/#website\"},\"primaryImageOfPage\":{\"@id\":\"https:\\\/\\\/www.esplac.cat\\\/barcelona-tret-sortida-nou-curs\\\/#primaryimage\"},\"image\":{\"@id\":\"https:\\\/\\\/www.esplac.cat\\\/barcelona-tret-sortida-nou-curs\\\/#primaryimage\"},\"thumbnailUrl\":\"https:\\\/\\\/www.esplac.cat\\\/wp-content\\\/uploads\\\/2017\\\/10\\\/fotoAGOBarcelona.jpg\",\"datePublished\":\"2017-10-30T10:40:33+00:00\",\"breadcrumb\":{\"@id\":\"https:\\\/\\\/www.esplac.cat\\\/barcelona-tret-sortida-nou-curs\\\/#breadcrumb\"},\"inLanguage\":\"en-US\",\"potentialAction\":[{\"@type\":\"ReadAction\",\"target\":[\"https:\\\/\\\/www.esplac.cat\\\/barcelona-tret-sortida-nou-curs\\\/\"]}]},{\"@type\":\"ImageObject\",\"inLanguage\":\"en-US\",\"@id\":\"https:\\\/\\\/www.esplac.cat\\\/barcelona-tret-sortida-nou-curs\\\/#primaryimage\",\"url\":\"https:\\\/\\\/www.esplac.cat\\\/wp-content\\\/uploads\\\/2017\\\/10\\\/fotoAGOBarcelona.jpg\",\"contentUrl\":\"https:\\\/\\\/www.esplac.cat\\\/wp-content\\\/uploads\\\/2017\\\/10\\\/fotoAGOBarcelona.jpg\",\"width\":847,\"height\":350},{\"@type\":\"BreadcrumbList\",\"@id\":\"https:\\\/\\\/www.esplac.cat\\\/barcelona-tret-sortida-nou-curs\\\/#breadcrumb\",\"itemListElement\":[{\"@type\":\"ListItem\",\"position\":1,\"name\":\"Inici\",\"item\":\"https:\\\/\\\/www.esplac.cat\\\/en\\\/\"},{\"@type\":\"ListItem\",\"position\":2,\"name\":\"A Barcelona donem el tret de sortida al nou curs\"}]},{\"@type\":\"WebSite\",\"@id\":\"https:\\\/\\\/www.esplac.cat\\\/#website\",\"url\":\"https:\\\/\\\/www.esplac.cat\\\/\",\"name\":\"Esplac\",\"description\":\"Esplais Catalans\",\"publisher\":{\"@id\":\"https:\\\/\\\/www.esplac.cat\\\/#organization\"},\"potentialAction\":[{\"@type\":\"SearchAction\",\"target\":{\"@type\":\"EntryPoint\",\"urlTemplate\":\"https:\\\/\\\/www.esplac.cat\\\/?s={search_term_string}\"},\"query-input\":{\"@type\":\"PropertyValueSpecification\",\"valueRequired\":true,\"valueName\":\"search_term_string\"}}],\"inLanguage\":\"en-US\"},{\"@type\":\"Organization\",\"@id\":\"https:\\\/\\\/www.esplac.cat\\\/#organization\",\"name\":\"Esplac\",\"url\":\"https:\\\/\\\/www.esplac.cat\\\/\",\"logo\":{\"@type\":\"ImageObject\",\"inLanguage\":\"en-US\",\"@id\":\"https:\\\/\\\/www.esplac.cat\\\/#\\\/schema\\\/logo\\\/image\\\/\",\"url\":\"https:\\\/\\\/www.esplac.cat\\\/wp-content\\\/uploads\\\/2019\\\/08\\\/logox2.png\",\"contentUrl\":\"https:\\\/\\\/www.esplac.cat\\\/wp-content\\\/uploads\\\/2019\\\/08\\\/logox2.png\",\"width\":600,\"height\":295,\"caption\":\"Esplac\"},\"image\":{\"@id\":\"https:\\\/\\\/www.esplac.cat\\\/#\\\/schema\\\/logo\\\/image\\\/\"}},{\"@type\":\"Person\",\"@id\":\"https:\\\/\\\/www.esplac.cat\\\/#\\\/schema\\\/person\\\/908383cf240be18b68f8855d0583faca\",\"name\":\"Comunicaci\u00f3 Esplac\",\"image\":{\"@type\":\"ImageObject\",\"inLanguage\":\"en-US\",\"@id\":\"https:\\\/\\\/secure.gravatar.com\\\/avatar\\\/7a4cf8feb412a76ea4a740ca02d95b06b2907b5a6c648c2dd0a1082a093c3141?s=96&d=mm&r=g\",\"url\":\"https:\\\/\\\/secure.gravatar.com\\\/avatar\\\/7a4cf8feb412a76ea4a740ca02d95b06b2907b5a6c648c2dd0a1082a093c3141?s=96&d=mm&r=g\",\"contentUrl\":\"https:\\\/\\\/secure.gravatar.com\\\/avatar\\\/7a4cf8feb412a76ea4a740ca02d95b06b2907b5a6c648c2dd0a1082a093c3141?s=96&d=mm&r=g\",\"caption\":\"Comunicaci\u00f3 Esplac\"}}]}<\/script>\n<!-- \/ Yoast SEO plugin. -->","yoast_head_json":{"title":"A Barcelona donem el tret de sortida al nou curs - Esplac","robots":{"index":"index","follow":"follow","max-snippet":"max-snippet:-1","max-image-preview":"max-image-preview:large","max-video-preview":"max-video-preview:-1"},"canonical":"https:\/\/www.esplac.cat\/barcelona-tret-sortida-nou-curs\/","og_locale":"en_US","og_type":"article","og_title":"A Barcelona donem el tret de sortida al nou curs - Esplac","og_description":"El esplais del Sector Barcelona vam celebrar l\u2019AGO el dilluns [&hellip;]","og_url":"https:\/\/www.esplac.cat\/barcelona-tret-sortida-nou-curs\/","og_site_name":"Esplac","article_published_time":"2017-10-30T10:40:33+00:00","og_image":[{"width":847,"height":350,"url":"https:\/\/www.esplac.cat\/wp-content\/uploads\/2017\/10\/fotoAGOBarcelona.jpg","type":"image\/jpeg"}],"author":"Comunicaci\u00f3 Esplac","twitter_card":"summary_large_image","twitter_misc":{"Written by":"Comunicaci\u00f3 Esplac","Est. reading time":"1 minute"},"schema":{"@context":"https:\/\/schema.org","@graph":[{"@type":"Article","@id":"https:\/\/www.esplac.cat\/barcelona-tret-sortida-nou-curs\/#article","isPartOf":{"@id":"https:\/\/www.esplac.cat\/barcelona-tret-sortida-nou-curs\/"},"author":{"name":"Comunicaci\u00f3 Esplac","@id":"https:\/\/www.esplac.cat\/#\/schema\/person\/908383cf240be18b68f8855d0583faca"},"headline":"A Barcelona donem el tret de sortida al nou curs","datePublished":"2017-10-30T10:40:33+00:00","mainEntityOfPage":{"@id":"https:\/\/www.esplac.cat\/barcelona-tret-sortida-nou-curs\/"},"wordCount":293,"publisher":{"@id":"https:\/\/www.esplac.cat\/#organization"},"image":{"@id":"https:\/\/www.esplac.cat\/barcelona-tret-sortida-nou-curs\/#primaryimage"},"thumbnailUrl":"https:\/\/www.esplac.cat\/wp-content\/uploads\/2017\/10\/fotoAGOBarcelona.jpg","keywords":["AGO","participaci\u00f3","sector Barcelona"],"articleSection":["Activitats sectors","Sector Barcelona","Sense categoria"],"inLanguage":"en-US"},{"@type":"WebPage","@id":"https:\/\/www.esplac.cat\/barcelona-tret-sortida-nou-curs\/","url":"https:\/\/www.esplac.cat\/barcelona-tret-sortida-nou-curs\/","name":"A Barcelona donem el tret de sortida al nou curs - Esplac","isPartOf":{"@id":"https:\/\/www.esplac.cat\/#website"},"primaryImageOfPage":{"@id":"https:\/\/www.esplac.cat\/barcelona-tret-sortida-nou-curs\/#primaryimage"},"image":{"@id":"https:\/\/www.esplac.cat\/barcelona-tret-sortida-nou-curs\/#primaryimage"},"thumbnailUrl":"https:\/\/www.esplac.cat\/wp-content\/uploads\/2017\/10\/fotoAGOBarcelona.jpg","datePublished":"2017-10-30T10:40:33+00:00","breadcrumb":{"@id":"https:\/\/www.esplac.cat\/barcelona-tret-sortida-nou-curs\/#breadcrumb"},"inLanguage":"en-US","potentialAction":[{"@type":"ReadAction","target":["https:\/\/www.esplac.cat\/barcelona-tret-sortida-nou-curs\/"]}]},{"@type":"ImageObject","inLanguage":"en-US","@id":"https:\/\/www.esplac.cat\/barcelona-tret-sortida-nou-curs\/#primaryimage","url":"https:\/\/www.esplac.cat\/wp-content\/uploads\/2017\/10\/fotoAGOBarcelona.jpg","contentUrl":"https:\/\/www.esplac.cat\/wp-content\/uploads\/2017\/10\/fotoAGOBarcelona.jpg","width":847,"height":350},{"@type":"BreadcrumbList","@id":"https:\/\/www.esplac.cat\/barcelona-tret-sortida-nou-curs\/#breadcrumb","itemListElement":[{"@type":"ListItem","position":1,"name":"Inici","item":"https:\/\/www.esplac.cat\/en\/"},{"@type":"ListItem","position":2,"name":"A Barcelona donem el tret de sortida al nou curs"}]},{"@type":"WebSite","@id":"https:\/\/www.esplac.cat\/#website","url":"https:\/\/www.esplac.cat\/","name":"Esplac","description":"Esplais Catalans","publisher":{"@id":"https:\/\/www.esplac.cat\/#organization"},"potentialAction":[{"@type":"SearchAction","target":{"@type":"EntryPoint","urlTemplate":"https:\/\/www.esplac.cat\/?s={search_term_string}"},"query-input":{"@type":"PropertyValueSpecification","valueRequired":true,"valueName":"search_term_string"}}],"inLanguage":"en-US"},{"@type":"Organization","@id":"https:\/\/www.esplac.cat\/#organization","name":"Esplac","url":"https:\/\/www.esplac.cat\/","logo":{"@type":"ImageObject","inLanguage":"en-US","@id":"https:\/\/www.esplac.cat\/#\/schema\/logo\/image\/","url":"https:\/\/www.esplac.cat\/wp-content\/uploads\/2019\/08\/logox2.png","contentUrl":"https:\/\/www.esplac.cat\/wp-content\/uploads\/2019\/08\/logox2.png","width":600,"height":295,"caption":"Esplac"},"image":{"@id":"https:\/\/www.esplac.cat\/#\/schema\/logo\/image\/"}},{"@type":"Person","@id":"https:\/\/www.esplac.cat\/#\/schema\/person\/908383cf240be18b68f8855d0583faca","name":"Comunicaci\u00f3 Esplac","image":{"@type":"ImageObject","inLanguage":"en-US","@id":"https:\/\/secure.gravatar.com\/avatar\/7a4cf8feb412a76ea4a740ca02d95b06b2907b5a6c648c2dd0a1082a093c3141?s=96&d=mm&r=g","url":"https:\/\/secure.gravatar.com\/avatar\/7a4cf8feb412a76ea4a740ca02d95b06b2907b5a6c648c2dd0a1082a093c3141?s=96&d=mm&r=g","contentUrl":"https:\/\/secure.gravatar.com\/avatar\/7a4cf8feb412a76ea4a740ca02d95b06b2907b5a6c648c2dd0a1082a093c3141?s=96&d=mm&r=g","caption":"Comunicaci\u00f3 Esplac"}}]}},"_links":{"self":[{"href":"https:\/\/www.esplac.cat\/en\/wp-json\/wp\/v2\/posts\/24185","targetHints":{"allow":["GET"]}}],"collection":[{"href":"https:\/\/www.esplac.cat\/en\/wp-json\/wp\/v2\/posts"}],"about":[{"href":"https:\/\/www.esplac.cat\/en\/wp-json\/wp\/v2\/types\/post"}],"author":[{"embeddable":true,"href":"https:\/\/www.esplac.cat\/en\/wp-json\/wp\/v2\/users\/3"}],"replies":[{"embeddable":true,"href":"https:\/\/www.esplac.cat\/en\/wp-json\/wp\/v2\/comments?post=24185"}],"version-history":[{"count":0,"href":"https:\/\/www.esplac.cat\/en\/wp-json\/wp\/v2\/posts\/24185\/revisions"}],"wp:featuredmedia":[{"embeddable":true,"href":"https:\/\/www.esplac.cat\/en\/wp-json\/wp\/v2\/media\/24187"}],"wp:attachment":[{"href":"https:\/\/www.esplac.cat\/en\/wp-json\/wp\/v2\/media?parent=24185"}],"wp:term":[{"taxonomy":"category","embeddable":true,"href":"https:\/\/www.esplac.cat\/en\/wp-json\/wp\/v2\/categories?post=24185"},{"taxonomy":"post_tag","embeddable":true,"href":"https:\/\/www.esplac.cat\/en\/wp-json\/wp\/v2\/tags?post=24185"}],"curies":[{"name":"wp","href":"https:\/\/api.w.org\/{rel}","templated":true}]}}