{"id":24188,"date":"2017-10-30T10:31:12","date_gmt":"2017-10-30T08:31:12","guid":{"rendered":"http:\/\/esplac.cat\/?p=15523"},"modified":"2017-10-30T10:31:12","modified_gmt":"2017-10-30T08:31:12","slug":"esplais-mes-forts-que-mai","status":"publish","type":"post","link":"https:\/\/www.esplac.cat\/en\/esplais-mes-forts-que-mai\/","title":{"rendered":"Els esplais, m\u00e9s forts que mai!"},"content":{"rendered":"<h4>A Esplais Catalans engeguem una campanya de captaci\u00f3 de fons despr\u00e9s del bloqueig de les subvencions per part del Govern espanyol<\/h4>\n<div class=\"video-shortcode\"><iframe class=\"fusion-hidden\" data-privacy-type=\"youtube\" src=\"\" title=\"Els esplais, m\u00e9s forts que mai! Fes-te s\u00f2cia d&#039;Esplac\" width=\"1200\" height=\"675\" data-privacy-src=\"https:\/\/www.youtube.com\/embed\/xh7qbVCgR9k?feature=oembed\" frameborder=\"0\" allow=\"accelerometer; autoplay; encrypted-media; gyroscope; picture-in-picture\" allowfullscreen><\/iframe><div class=\"fusion-privacy-placeholder\" style=\"width:1200px; height:675px;\" data-privacy-type=\"youtube\"><div class=\"fusion-privacy-placeholder-content\"><div class=\"fusion-privacy-label\">For privacy reasons YouTube needs your permission to be loaded. For more details, please see our <a class=\"privacy-policy-link\" href=\"https:\/\/www.esplac.cat\/avis-legal\/\" rel=\"privacy-policy\">Av\u00eds Legal<\/a>.<\/div><a href=\"\" data-privacy-type=\"youtube\" class=\"fusion-button button-default fusion-button-default-size button fusion-privacy-consent\">I Accept<\/a><\/div><\/div><\/div>\n<p style=\"text-align:justify\">El dilluns 23 d\u2019octubre, el Departament de Treball, Afers Socials i Fam\u00edlies va anunciar el bloqueig, per part del Govern espanyol, de m\u00e9s de 10 milions d\u2019euros dirigits a finan\u00e7ar projectes socials a Catalunya, en el marc d\u2019intervenci\u00f3 general dels comptes de la Generalitat.<\/p>\n<p style=\"text-align:justify\">Aix\u00f2 provoca que els Esplais Catalans perdem m\u00e9s del <strong>50% dels nostres ingressos<\/strong>, cosa que fa inviables la majoria d\u2019activitats, dificulta la formaci\u00f3 dels monitors i les monitores, i posa en risc la tasca educativa que fa molts anys que duem a terme. Malgrat aquest gran obstable, a Esplac creiem en la for\u00e7a del col\u00b7lectiu i no permetrem que les decisions arbitr\u00e0ries d\u2019alguns pol\u00edtics enderroquin una realitat que hem constru\u00eft plegats amb molt d\u2019esfor\u00e7. Som 7.500 infants, m\u00e9s de 8.000 fam\u00edlies i 1.700 monitors i monitores de tot el pa\u00eds, i demostrarem que juntes res no ens atura.<\/p>\n<p style=\"text-align:justify\">En aquest context, estem buscant <strong>vies alternatives de finan\u00e7ament<\/strong>. Volem tenir una economia basada en el suport social a la tasca volunt\u00e0ria que els monitores i les monitores fem di\u00e0riament, i per aix\u00f2 us convidem a ajudar-nos amb all\u00f2 que us sigui possible. Tot i que us oferim diverses opcions, en la fase inicial ens seran especialment \u00fatils les seg\u00fcents:<\/p>\n<ul>\n<li><a href=\"https:\/\/infoesplac.typeform.com\/to\/TLGFlz\" target=\"_blank\" rel=\"noopener noreferrer\">Associa\u2019t a Esplac<\/a> (com a particular o com a organitzaci\u00f3) i ajuda\u2019ns amb una quota fixa a l\u2019any!<\/li>\n<li>Fes una donaci\u00f3 puntual posant-te en contacte amb nosaltres a trav\u00e9s d\u2019<a href=\"http:\/\/esplac.cat\/contactans\/\" target=\"_blank\" rel=\"noopener noreferrer\">esplac@esplac.cat<\/a>!<\/li>\n<\/ul>\n<p style=\"text-align:justify\">Amb el vostre suport i la nostra energia demostrarem que els esplais estem m\u00e9s forts que mai! <strong>Moltes gr\u00e0cies<\/strong>!<\/p>\n<p><a href=\"http:\/\/esplac.cat\/wp-content\/uploads\/2017\/10\/infografia-bona.jpg\"><img decoding=\"async\" class=\"wp-image-15529 aligncenter\" src=\"http:\/\/esplac.cat\/wp-content\/uploads\/2017\/10\/infografia-bona-300x287.jpg\" alt=\"\" width=\"763\" height=\"730\" \/><\/a><\/p>\n<p>&nbsp;<\/p>\n","protected":false},"excerpt":{"rendered":"<p>A Esplais Catalans engeguem una campanya de captaci\u00f3 de fons [&hellip;]<\/p>\n","protected":false},"author":3,"featured_media":24189,"comment_status":"closed","ping_status":"open","sticky":false,"template":"","format":"standard","meta":{"om_disable_all_campaigns":false,"_monsterinsights_skip_tracking":false,"_monsterinsights_sitenote_active":false,"_monsterinsights_sitenote_note":"","_monsterinsights_sitenote_category":0,"_uf_show_specific_survey":0,"_uf_disable_surveys":false,"footnotes":""},"categories":[1111,1],"tags":[40],"class_list":["post-24188","post","type-post","status-publish","format-standard","has-post-thumbnail","hentry","category-activitats-esplac","category-sense-categoria","tag-participacio"],"yoast_head":"<!-- This site is optimized with the Yoast SEO plugin v27.5 - https:\/\/yoast.com\/product\/yoast-seo-wordpress\/ -->\n<title>Els esplais, m\u00e9s forts que mai! - Esplac<\/title>\n<meta name=\"robots\" content=\"index, follow, max-snippet:-1, max-image-preview:large, max-video-preview:-1\" \/>\n<link rel=\"canonical\" href=\"https:\/\/www.esplac.cat\/es\/esplais-mes-forts-que-mai\/\" \/>\n<meta property=\"og:locale\" content=\"en_US\" \/>\n<meta property=\"og:type\" content=\"article\" \/>\n<meta property=\"og:title\" content=\"Els esplais, m\u00e9s forts que mai! - Esplac\" \/>\n<meta property=\"og:description\" content=\"A Esplais Catalans engeguem una campanya de captaci\u00f3 de fons [&hellip;]\" \/>\n<meta property=\"og:url\" content=\"https:\/\/www.esplac.cat\/es\/esplais-mes-forts-que-mai\/\" \/>\n<meta property=\"og:site_name\" content=\"Esplac\" \/>\n<meta property=\"article:published_time\" content=\"2017-10-30T08:31:12+00:00\" \/>\n<meta property=\"og:image\" content=\"https:\/\/www.esplac.cat\/wp-content\/uploads\/2017\/10\/Imatge-noti\u0301cia.jpg\" \/>\n\t<meta property=\"og:image:width\" content=\"847\" \/>\n\t<meta property=\"og:image:height\" content=\"350\" \/>\n\t<meta property=\"og:image:type\" content=\"image\/jpeg\" \/>\n<meta name=\"author\" content=\"Comunicaci\u00f3 Esplac\" \/>\n<meta name=\"twitter:card\" content=\"summary_large_image\" \/>\n<meta name=\"twitter:label1\" content=\"Written by\" \/>\n\t<meta name=\"twitter:data1\" content=\"Comunicaci\u00f3 Esplac\" \/>\n\t<meta name=\"twitter:label2\" content=\"Est. reading time\" \/>\n\t<meta name=\"twitter:data2\" content=\"2 minutes\" \/>\n<script type=\"application\/ld+json\" class=\"yoast-schema-graph\">{\"@context\":\"https:\\\/\\\/schema.org\",\"@graph\":[{\"@type\":\"Article\",\"@id\":\"https:\\\/\\\/www.esplac.cat\\\/es\\\/esplais-mes-forts-que-mai\\\/#article\",\"isPartOf\":{\"@id\":\"https:\\\/\\\/www.esplac.cat\\\/es\\\/esplais-mes-forts-que-mai\\\/\"},\"author\":{\"name\":\"Comunicaci\u00f3 Esplac\",\"@id\":\"https:\\\/\\\/www.esplac.cat\\\/#\\\/schema\\\/person\\\/908383cf240be18b68f8855d0583faca\"},\"headline\":\"Els esplais, m\u00e9s forts que mai!\",\"datePublished\":\"2017-10-30T08:31:12+00:00\",\"mainEntityOfPage\":{\"@id\":\"https:\\\/\\\/www.esplac.cat\\\/es\\\/esplais-mes-forts-que-mai\\\/\"},\"wordCount\":315,\"publisher\":{\"@id\":\"https:\\\/\\\/www.esplac.cat\\\/#organization\"},\"image\":{\"@id\":\"https:\\\/\\\/www.esplac.cat\\\/es\\\/esplais-mes-forts-que-mai\\\/#primaryimage\"},\"thumbnailUrl\":\"https:\\\/\\\/www.esplac.cat\\\/wp-content\\\/uploads\\\/2017\\\/10\\\/Imatge-noti\u0301cia.jpg\",\"keywords\":[\"participaci\u00f3\"],\"articleSection\":[\"Activitats esplac\",\"Sense categoria\"],\"inLanguage\":\"en-US\"},{\"@type\":\"WebPage\",\"@id\":\"https:\\\/\\\/www.esplac.cat\\\/es\\\/esplais-mes-forts-que-mai\\\/\",\"url\":\"https:\\\/\\\/www.esplac.cat\\\/es\\\/esplais-mes-forts-que-mai\\\/\",\"name\":\"Els esplais, m\u00e9s forts que mai! - Esplac\",\"isPartOf\":{\"@id\":\"https:\\\/\\\/www.esplac.cat\\\/#website\"},\"primaryImageOfPage\":{\"@id\":\"https:\\\/\\\/www.esplac.cat\\\/es\\\/esplais-mes-forts-que-mai\\\/#primaryimage\"},\"image\":{\"@id\":\"https:\\\/\\\/www.esplac.cat\\\/es\\\/esplais-mes-forts-que-mai\\\/#primaryimage\"},\"thumbnailUrl\":\"https:\\\/\\\/www.esplac.cat\\\/wp-content\\\/uploads\\\/2017\\\/10\\\/Imatge-noti\u0301cia.jpg\",\"datePublished\":\"2017-10-30T08:31:12+00:00\",\"breadcrumb\":{\"@id\":\"https:\\\/\\\/www.esplac.cat\\\/es\\\/esplais-mes-forts-que-mai\\\/#breadcrumb\"},\"inLanguage\":\"en-US\",\"potentialAction\":[{\"@type\":\"ReadAction\",\"target\":[\"https:\\\/\\\/www.esplac.cat\\\/es\\\/esplais-mes-forts-que-mai\\\/\"]}]},{\"@type\":\"ImageObject\",\"inLanguage\":\"en-US\",\"@id\":\"https:\\\/\\\/www.esplac.cat\\\/es\\\/esplais-mes-forts-que-mai\\\/#primaryimage\",\"url\":\"https:\\\/\\\/www.esplac.cat\\\/wp-content\\\/uploads\\\/2017\\\/10\\\/Imatge-noti\u0301cia.jpg\",\"contentUrl\":\"https:\\\/\\\/www.esplac.cat\\\/wp-content\\\/uploads\\\/2017\\\/10\\\/Imatge-noti\u0301cia.jpg\",\"width\":847,\"height\":350},{\"@type\":\"BreadcrumbList\",\"@id\":\"https:\\\/\\\/www.esplac.cat\\\/es\\\/esplais-mes-forts-que-mai\\\/#breadcrumb\",\"itemListElement\":[{\"@type\":\"ListItem\",\"position\":1,\"name\":\"Inici\",\"item\":\"https:\\\/\\\/www.esplac.cat\\\/en\\\/\"},{\"@type\":\"ListItem\",\"position\":2,\"name\":\"Els esplais, m\u00e9s forts que mai!\"}]},{\"@type\":\"WebSite\",\"@id\":\"https:\\\/\\\/www.esplac.cat\\\/#website\",\"url\":\"https:\\\/\\\/www.esplac.cat\\\/\",\"name\":\"Esplac\",\"description\":\"Esplais Catalans\",\"publisher\":{\"@id\":\"https:\\\/\\\/www.esplac.cat\\\/#organization\"},\"potentialAction\":[{\"@type\":\"SearchAction\",\"target\":{\"@type\":\"EntryPoint\",\"urlTemplate\":\"https:\\\/\\\/www.esplac.cat\\\/?s={search_term_string}\"},\"query-input\":{\"@type\":\"PropertyValueSpecification\",\"valueRequired\":true,\"valueName\":\"search_term_string\"}}],\"inLanguage\":\"en-US\"},{\"@type\":\"Organization\",\"@id\":\"https:\\\/\\\/www.esplac.cat\\\/#organization\",\"name\":\"Esplac\",\"url\":\"https:\\\/\\\/www.esplac.cat\\\/\",\"logo\":{\"@type\":\"ImageObject\",\"inLanguage\":\"en-US\",\"@id\":\"https:\\\/\\\/www.esplac.cat\\\/#\\\/schema\\\/logo\\\/image\\\/\",\"url\":\"https:\\\/\\\/www.esplac.cat\\\/wp-content\\\/uploads\\\/2019\\\/08\\\/logox2.png\",\"contentUrl\":\"https:\\\/\\\/www.esplac.cat\\\/wp-content\\\/uploads\\\/2019\\\/08\\\/logox2.png\",\"width\":600,\"height\":295,\"caption\":\"Esplac\"},\"image\":{\"@id\":\"https:\\\/\\\/www.esplac.cat\\\/#\\\/schema\\\/logo\\\/image\\\/\"}},{\"@type\":\"Person\",\"@id\":\"https:\\\/\\\/www.esplac.cat\\\/#\\\/schema\\\/person\\\/908383cf240be18b68f8855d0583faca\",\"name\":\"Comunicaci\u00f3 Esplac\",\"image\":{\"@type\":\"ImageObject\",\"inLanguage\":\"en-US\",\"@id\":\"https:\\\/\\\/secure.gravatar.com\\\/avatar\\\/7a4cf8feb412a76ea4a740ca02d95b06b2907b5a6c648c2dd0a1082a093c3141?s=96&d=mm&r=g\",\"url\":\"https:\\\/\\\/secure.gravatar.com\\\/avatar\\\/7a4cf8feb412a76ea4a740ca02d95b06b2907b5a6c648c2dd0a1082a093c3141?s=96&d=mm&r=g\",\"contentUrl\":\"https:\\\/\\\/secure.gravatar.com\\\/avatar\\\/7a4cf8feb412a76ea4a740ca02d95b06b2907b5a6c648c2dd0a1082a093c3141?s=96&d=mm&r=g\",\"caption\":\"Comunicaci\u00f3 Esplac\"}}]}<\/script>\n<!-- \/ Yoast SEO plugin. -->","yoast_head_json":{"title":"Els esplais, m\u00e9s forts que mai! - Esplac","robots":{"index":"index","follow":"follow","max-snippet":"max-snippet:-1","max-image-preview":"max-image-preview:large","max-video-preview":"max-video-preview:-1"},"canonical":"https:\/\/www.esplac.cat\/es\/esplais-mes-forts-que-mai\/","og_locale":"en_US","og_type":"article","og_title":"Els esplais, m\u00e9s forts que mai! - Esplac","og_description":"A Esplais Catalans engeguem una campanya de captaci\u00f3 de fons [&hellip;]","og_url":"https:\/\/www.esplac.cat\/es\/esplais-mes-forts-que-mai\/","og_site_name":"Esplac","article_published_time":"2017-10-30T08:31:12+00:00","og_image":[{"width":847,"height":350,"url":"https:\/\/www.esplac.cat\/wp-content\/uploads\/2017\/10\/Imatge-noti\u0301cia.jpg","type":"image\/jpeg"}],"author":"Comunicaci\u00f3 Esplac","twitter_card":"summary_large_image","twitter_misc":{"Written by":"Comunicaci\u00f3 Esplac","Est. reading time":"2 minutes"},"schema":{"@context":"https:\/\/schema.org","@graph":[{"@type":"Article","@id":"https:\/\/www.esplac.cat\/es\/esplais-mes-forts-que-mai\/#article","isPartOf":{"@id":"https:\/\/www.esplac.cat\/es\/esplais-mes-forts-que-mai\/"},"author":{"name":"Comunicaci\u00f3 Esplac","@id":"https:\/\/www.esplac.cat\/#\/schema\/person\/908383cf240be18b68f8855d0583faca"},"headline":"Els esplais, m\u00e9s forts que mai!","datePublished":"2017-10-30T08:31:12+00:00","mainEntityOfPage":{"@id":"https:\/\/www.esplac.cat\/es\/esplais-mes-forts-que-mai\/"},"wordCount":315,"publisher":{"@id":"https:\/\/www.esplac.cat\/#organization"},"image":{"@id":"https:\/\/www.esplac.cat\/es\/esplais-mes-forts-que-mai\/#primaryimage"},"thumbnailUrl":"https:\/\/www.esplac.cat\/wp-content\/uploads\/2017\/10\/Imatge-noti\u0301cia.jpg","keywords":["participaci\u00f3"],"articleSection":["Activitats esplac","Sense categoria"],"inLanguage":"en-US"},{"@type":"WebPage","@id":"https:\/\/www.esplac.cat\/es\/esplais-mes-forts-que-mai\/","url":"https:\/\/www.esplac.cat\/es\/esplais-mes-forts-que-mai\/","name":"Els esplais, m\u00e9s forts que mai! - Esplac","isPartOf":{"@id":"https:\/\/www.esplac.cat\/#website"},"primaryImageOfPage":{"@id":"https:\/\/www.esplac.cat\/es\/esplais-mes-forts-que-mai\/#primaryimage"},"image":{"@id":"https:\/\/www.esplac.cat\/es\/esplais-mes-forts-que-mai\/#primaryimage"},"thumbnailUrl":"https:\/\/www.esplac.cat\/wp-content\/uploads\/2017\/10\/Imatge-noti\u0301cia.jpg","datePublished":"2017-10-30T08:31:12+00:00","breadcrumb":{"@id":"https:\/\/www.esplac.cat\/es\/esplais-mes-forts-que-mai\/#breadcrumb"},"inLanguage":"en-US","potentialAction":[{"@type":"ReadAction","target":["https:\/\/www.esplac.cat\/es\/esplais-mes-forts-que-mai\/"]}]},{"@type":"ImageObject","inLanguage":"en-US","@id":"https:\/\/www.esplac.cat\/es\/esplais-mes-forts-que-mai\/#primaryimage","url":"https:\/\/www.esplac.cat\/wp-content\/uploads\/2017\/10\/Imatge-noti\u0301cia.jpg","contentUrl":"https:\/\/www.esplac.cat\/wp-content\/uploads\/2017\/10\/Imatge-noti\u0301cia.jpg","width":847,"height":350},{"@type":"BreadcrumbList","@id":"https:\/\/www.esplac.cat\/es\/esplais-mes-forts-que-mai\/#breadcrumb","itemListElement":[{"@type":"ListItem","position":1,"name":"Inici","item":"https:\/\/www.esplac.cat\/en\/"},{"@type":"ListItem","position":2,"name":"Els esplais, m\u00e9s forts que mai!"}]},{"@type":"WebSite","@id":"https:\/\/www.esplac.cat\/#website","url":"https:\/\/www.esplac.cat\/","name":"Esplac","description":"Esplais Catalans","publisher":{"@id":"https:\/\/www.esplac.cat\/#organization"},"potentialAction":[{"@type":"SearchAction","target":{"@type":"EntryPoint","urlTemplate":"https:\/\/www.esplac.cat\/?s={search_term_string}"},"query-input":{"@type":"PropertyValueSpecification","valueRequired":true,"valueName":"search_term_string"}}],"inLanguage":"en-US"},{"@type":"Organization","@id":"https:\/\/www.esplac.cat\/#organization","name":"Esplac","url":"https:\/\/www.esplac.cat\/","logo":{"@type":"ImageObject","inLanguage":"en-US","@id":"https:\/\/www.esplac.cat\/#\/schema\/logo\/image\/","url":"https:\/\/www.esplac.cat\/wp-content\/uploads\/2019\/08\/logox2.png","contentUrl":"https:\/\/www.esplac.cat\/wp-content\/uploads\/2019\/08\/logox2.png","width":600,"height":295,"caption":"Esplac"},"image":{"@id":"https:\/\/www.esplac.cat\/#\/schema\/logo\/image\/"}},{"@type":"Person","@id":"https:\/\/www.esplac.cat\/#\/schema\/person\/908383cf240be18b68f8855d0583faca","name":"Comunicaci\u00f3 Esplac","image":{"@type":"ImageObject","inLanguage":"en-US","@id":"https:\/\/secure.gravatar.com\/avatar\/7a4cf8feb412a76ea4a740ca02d95b06b2907b5a6c648c2dd0a1082a093c3141?s=96&d=mm&r=g","url":"https:\/\/secure.gravatar.com\/avatar\/7a4cf8feb412a76ea4a740ca02d95b06b2907b5a6c648c2dd0a1082a093c3141?s=96&d=mm&r=g","contentUrl":"https:\/\/secure.gravatar.com\/avatar\/7a4cf8feb412a76ea4a740ca02d95b06b2907b5a6c648c2dd0a1082a093c3141?s=96&d=mm&r=g","caption":"Comunicaci\u00f3 Esplac"}}]}},"_links":{"self":[{"href":"https:\/\/www.esplac.cat\/en\/wp-json\/wp\/v2\/posts\/24188","targetHints":{"allow":["GET"]}}],"collection":[{"href":"https:\/\/www.esplac.cat\/en\/wp-json\/wp\/v2\/posts"}],"about":[{"href":"https:\/\/www.esplac.cat\/en\/wp-json\/wp\/v2\/types\/post"}],"author":[{"embeddable":true,"href":"https:\/\/www.esplac.cat\/en\/wp-json\/wp\/v2\/users\/3"}],"replies":[{"embeddable":true,"href":"https:\/\/www.esplac.cat\/en\/wp-json\/wp\/v2\/comments?post=24188"}],"version-history":[{"count":0,"href":"https:\/\/www.esplac.cat\/en\/wp-json\/wp\/v2\/posts\/24188\/revisions"}],"wp:featuredmedia":[{"embeddable":true,"href":"https:\/\/www.esplac.cat\/en\/wp-json\/wp\/v2\/media\/24189"}],"wp:attachment":[{"href":"https:\/\/www.esplac.cat\/en\/wp-json\/wp\/v2\/media?parent=24188"}],"wp:term":[{"taxonomy":"category","embeddable":true,"href":"https:\/\/www.esplac.cat\/en\/wp-json\/wp\/v2\/categories?post=24188"},{"taxonomy":"post_tag","embeddable":true,"href":"https:\/\/www.esplac.cat\/en\/wp-json\/wp\/v2\/tags?post=24188"}],"curies":[{"name":"wp","href":"https:\/\/api.w.org\/{rel}","templated":true}]}}