{"id":24197,"date":"2017-10-25T07:51:40","date_gmt":"2017-10-25T05:51:40","guid":{"rendered":"http:\/\/www.esplac.cat\/?p=15475"},"modified":"2017-10-25T07:51:40","modified_gmt":"2017-10-25T05:51:40","slug":"maresme-nou-curs-moltes-ganes","status":"publish","type":"post","link":"https:\/\/www.esplac.cat\/en\/maresme-nou-curs-moltes-ganes\/","title":{"rendered":"Al Maresme engeguem el nou curs amb moltes ganes!"},"content":{"rendered":"<h4>Al sector vam celebrar l\u2019AGO el 6 d\u2019octubre a Matar\u00f3 per donar el tret de sortida un curs 2017-18 que es presenta apassionant<\/h4>\n<p style=\"text-align: justify;\">El divendres 6 d\u2019octubre, 19 monitors i monitores de sis esplais del Maresme ens vam reunir al local de l\u2019<a href=\"http:\/\/esplailatribu0.blogspot.com.es\/\">esplai La Tribu<\/a> per prendre part en l\u2019Assemblea General Ordin\u00e0ria del sector, on vam treballar diversos temes a tenir en compte per al plantejament del curs, com la cohesi\u00f3 entre els integrants i la formaci\u00f3 dels educadors.<\/p>\n<p>Un cop fetes les presentacions inicials i aprovada la mem\u00f2ria del curs 2016-17, vam donar a con\u00e8ixer i vam elegir els nous membres de l\u2019<strong>Equip General de Sector<\/strong>, que aquest any estar\u00e0 format per:<\/p>\n<ul>\n<li>Cristina Trullols, de l\u2019esplai La Tribu i ja integrant de l\u2019EGS l\u2019any passat.<\/li>\n<li>Pau S\u00e1nchez, de l\u2019esplai Garb\u00ed i tamb\u00e9 EGS el curs anterior.<\/li>\n<li>Oriol Uviedo, de l\u2019esplai Guaita\u2019l i nou membre de l\u2019equip.<\/li>\n<\/ul>\n<p style=\"text-align: justify;\">A continuaci\u00f3, entre tots i totes vam elaborar el nou Pla de Treball i, repetint una din\u00e0mica del curs anterior, vam compartir i vam votar el <strong>pressupost del 2018<\/strong>. I finalment, vam repartir tant la documentaci\u00f3 necess\u00e0ria com l\u2019agenda, per tenir presents les dates importants del curs. Aix\u00ed, ho tenim tot a punt per comen\u00e7ar un magn\u00edfic any marcat per l\u2019Esplaiada, en qu\u00e8 ens trobarem amb tots els esplais de Catalunya per compartir grans moments!<\/p>\n<p>Bon inici de curs i visca el Maresme lliure i tropical!<\/p>\n","protected":false},"excerpt":{"rendered":"<p>Al sector vam celebrar l\u2019AGO el 6 d\u2019octubre a Matar\u00f3 [&hellip;]<\/p>\n","protected":false},"author":3,"featured_media":24200,"comment_status":"closed","ping_status":"open","sticky":false,"template":"","format":"standard","meta":{"om_disable_all_campaigns":false,"_monsterinsights_skip_tracking":false,"_monsterinsights_sitenote_active":false,"_monsterinsights_sitenote_note":"","_monsterinsights_sitenote_category":0,"_uf_show_specific_survey":0,"_uf_disable_surveys":false,"footnotes":""},"categories":[1110,1113,1],"tags":[335,356,40,21],"class_list":["post-24197","post","type-post","status-publish","format-standard","has-post-thumbnail","hentry","category-activitats-sectors","category-sector-maresme","category-sense-categoria","tag-ago","tag-c5-egs","tag-participacio","tag-sector-maresme"],"yoast_head":"<!-- This site is optimized with the Yoast SEO plugin v27.5 - https:\/\/yoast.com\/product\/yoast-seo-wordpress\/ -->\n<title>Al Maresme engeguem el nou curs amb moltes ganes! - Esplac<\/title>\n<meta name=\"robots\" content=\"index, follow, max-snippet:-1, max-image-preview:large, max-video-preview:-1\" \/>\n<link rel=\"canonical\" href=\"https:\/\/www.esplac.cat\/maresme-nou-curs-moltes-ganes\/\" \/>\n<meta property=\"og:locale\" content=\"en_US\" \/>\n<meta property=\"og:type\" content=\"article\" \/>\n<meta property=\"og:title\" content=\"Al Maresme engeguem el nou curs amb moltes ganes! - Esplac\" \/>\n<meta property=\"og:description\" content=\"Al sector vam celebrar l\u2019AGO el 6 d\u2019octubre a Matar\u00f3 [&hellip;]\" \/>\n<meta property=\"og:url\" content=\"https:\/\/www.esplac.cat\/maresme-nou-curs-moltes-ganes\/\" \/>\n<meta property=\"og:site_name\" content=\"Esplac\" \/>\n<meta property=\"article:published_time\" content=\"2017-10-25T05:51:40+00:00\" \/>\n<meta property=\"og:image\" content=\"https:\/\/www.esplac.cat\/wp-content\/uploads\/2017\/10\/maresme.jpg\" \/>\n\t<meta property=\"og:image:width\" content=\"847\" \/>\n\t<meta property=\"og:image:height\" content=\"350\" \/>\n\t<meta property=\"og:image:type\" content=\"image\/jpeg\" \/>\n<meta name=\"author\" content=\"Comunicaci\u00f3 Esplac\" \/>\n<meta name=\"twitter:card\" content=\"summary_large_image\" \/>\n<meta name=\"twitter:label1\" content=\"Written by\" \/>\n\t<meta name=\"twitter:data1\" content=\"Comunicaci\u00f3 Esplac\" \/>\n\t<meta name=\"twitter:label2\" content=\"Est. reading time\" \/>\n\t<meta name=\"twitter:data2\" content=\"1 minute\" \/>\n<script type=\"application\/ld+json\" class=\"yoast-schema-graph\">{\"@context\":\"https:\\\/\\\/schema.org\",\"@graph\":[{\"@type\":\"Article\",\"@id\":\"https:\\\/\\\/www.esplac.cat\\\/maresme-nou-curs-moltes-ganes\\\/#article\",\"isPartOf\":{\"@id\":\"https:\\\/\\\/www.esplac.cat\\\/maresme-nou-curs-moltes-ganes\\\/\"},\"author\":{\"name\":\"Comunicaci\u00f3 Esplac\",\"@id\":\"https:\\\/\\\/www.esplac.cat\\\/#\\\/schema\\\/person\\\/908383cf240be18b68f8855d0583faca\"},\"headline\":\"Al Maresme engeguem el nou curs amb moltes ganes!\",\"datePublished\":\"2017-10-25T05:51:40+00:00\",\"mainEntityOfPage\":{\"@id\":\"https:\\\/\\\/www.esplac.cat\\\/maresme-nou-curs-moltes-ganes\\\/\"},\"wordCount\":296,\"publisher\":{\"@id\":\"https:\\\/\\\/www.esplac.cat\\\/#organization\"},\"image\":{\"@id\":\"https:\\\/\\\/www.esplac.cat\\\/maresme-nou-curs-moltes-ganes\\\/#primaryimage\"},\"thumbnailUrl\":\"https:\\\/\\\/www.esplac.cat\\\/wp-content\\\/uploads\\\/2017\\\/10\\\/maresme.jpg\",\"keywords\":[\"AGO\",\"EGS\",\"participaci\u00f3\",\"sector Maresme\"],\"articleSection\":[\"Activitats sectors\",\"Sector Maresme\",\"Sense categoria\"],\"inLanguage\":\"en-US\"},{\"@type\":\"WebPage\",\"@id\":\"https:\\\/\\\/www.esplac.cat\\\/maresme-nou-curs-moltes-ganes\\\/\",\"url\":\"https:\\\/\\\/www.esplac.cat\\\/maresme-nou-curs-moltes-ganes\\\/\",\"name\":\"Al Maresme engeguem el nou curs amb moltes ganes! - Esplac\",\"isPartOf\":{\"@id\":\"https:\\\/\\\/www.esplac.cat\\\/#website\"},\"primaryImageOfPage\":{\"@id\":\"https:\\\/\\\/www.esplac.cat\\\/maresme-nou-curs-moltes-ganes\\\/#primaryimage\"},\"image\":{\"@id\":\"https:\\\/\\\/www.esplac.cat\\\/maresme-nou-curs-moltes-ganes\\\/#primaryimage\"},\"thumbnailUrl\":\"https:\\\/\\\/www.esplac.cat\\\/wp-content\\\/uploads\\\/2017\\\/10\\\/maresme.jpg\",\"datePublished\":\"2017-10-25T05:51:40+00:00\",\"breadcrumb\":{\"@id\":\"https:\\\/\\\/www.esplac.cat\\\/maresme-nou-curs-moltes-ganes\\\/#breadcrumb\"},\"inLanguage\":\"en-US\",\"potentialAction\":[{\"@type\":\"ReadAction\",\"target\":[\"https:\\\/\\\/www.esplac.cat\\\/maresme-nou-curs-moltes-ganes\\\/\"]}]},{\"@type\":\"ImageObject\",\"inLanguage\":\"en-US\",\"@id\":\"https:\\\/\\\/www.esplac.cat\\\/maresme-nou-curs-moltes-ganes\\\/#primaryimage\",\"url\":\"https:\\\/\\\/www.esplac.cat\\\/wp-content\\\/uploads\\\/2017\\\/10\\\/maresme.jpg\",\"contentUrl\":\"https:\\\/\\\/www.esplac.cat\\\/wp-content\\\/uploads\\\/2017\\\/10\\\/maresme.jpg\",\"width\":847,\"height\":350},{\"@type\":\"BreadcrumbList\",\"@id\":\"https:\\\/\\\/www.esplac.cat\\\/maresme-nou-curs-moltes-ganes\\\/#breadcrumb\",\"itemListElement\":[{\"@type\":\"ListItem\",\"position\":1,\"name\":\"Inici\",\"item\":\"https:\\\/\\\/www.esplac.cat\\\/en\\\/\"},{\"@type\":\"ListItem\",\"position\":2,\"name\":\"Al Maresme engeguem el nou curs amb moltes ganes!\"}]},{\"@type\":\"WebSite\",\"@id\":\"https:\\\/\\\/www.esplac.cat\\\/#website\",\"url\":\"https:\\\/\\\/www.esplac.cat\\\/\",\"name\":\"Esplac\",\"description\":\"Esplais Catalans\",\"publisher\":{\"@id\":\"https:\\\/\\\/www.esplac.cat\\\/#organization\"},\"potentialAction\":[{\"@type\":\"SearchAction\",\"target\":{\"@type\":\"EntryPoint\",\"urlTemplate\":\"https:\\\/\\\/www.esplac.cat\\\/?s={search_term_string}\"},\"query-input\":{\"@type\":\"PropertyValueSpecification\",\"valueRequired\":true,\"valueName\":\"search_term_string\"}}],\"inLanguage\":\"en-US\"},{\"@type\":\"Organization\",\"@id\":\"https:\\\/\\\/www.esplac.cat\\\/#organization\",\"name\":\"Esplac\",\"url\":\"https:\\\/\\\/www.esplac.cat\\\/\",\"logo\":{\"@type\":\"ImageObject\",\"inLanguage\":\"en-US\",\"@id\":\"https:\\\/\\\/www.esplac.cat\\\/#\\\/schema\\\/logo\\\/image\\\/\",\"url\":\"https:\\\/\\\/www.esplac.cat\\\/wp-content\\\/uploads\\\/2019\\\/08\\\/logox2.png\",\"contentUrl\":\"https:\\\/\\\/www.esplac.cat\\\/wp-content\\\/uploads\\\/2019\\\/08\\\/logox2.png\",\"width\":600,\"height\":295,\"caption\":\"Esplac\"},\"image\":{\"@id\":\"https:\\\/\\\/www.esplac.cat\\\/#\\\/schema\\\/logo\\\/image\\\/\"}},{\"@type\":\"Person\",\"@id\":\"https:\\\/\\\/www.esplac.cat\\\/#\\\/schema\\\/person\\\/908383cf240be18b68f8855d0583faca\",\"name\":\"Comunicaci\u00f3 Esplac\",\"image\":{\"@type\":\"ImageObject\",\"inLanguage\":\"en-US\",\"@id\":\"https:\\\/\\\/secure.gravatar.com\\\/avatar\\\/7a4cf8feb412a76ea4a740ca02d95b06b2907b5a6c648c2dd0a1082a093c3141?s=96&d=mm&r=g\",\"url\":\"https:\\\/\\\/secure.gravatar.com\\\/avatar\\\/7a4cf8feb412a76ea4a740ca02d95b06b2907b5a6c648c2dd0a1082a093c3141?s=96&d=mm&r=g\",\"contentUrl\":\"https:\\\/\\\/secure.gravatar.com\\\/avatar\\\/7a4cf8feb412a76ea4a740ca02d95b06b2907b5a6c648c2dd0a1082a093c3141?s=96&d=mm&r=g\",\"caption\":\"Comunicaci\u00f3 Esplac\"}}]}<\/script>\n<!-- \/ Yoast SEO plugin. -->","yoast_head_json":{"title":"Al Maresme engeguem el nou curs amb moltes ganes! - Esplac","robots":{"index":"index","follow":"follow","max-snippet":"max-snippet:-1","max-image-preview":"max-image-preview:large","max-video-preview":"max-video-preview:-1"},"canonical":"https:\/\/www.esplac.cat\/maresme-nou-curs-moltes-ganes\/","og_locale":"en_US","og_type":"article","og_title":"Al Maresme engeguem el nou curs amb moltes ganes! - Esplac","og_description":"Al sector vam celebrar l\u2019AGO el 6 d\u2019octubre a Matar\u00f3 [&hellip;]","og_url":"https:\/\/www.esplac.cat\/maresme-nou-curs-moltes-ganes\/","og_site_name":"Esplac","article_published_time":"2017-10-25T05:51:40+00:00","og_image":[{"width":847,"height":350,"url":"https:\/\/www.esplac.cat\/wp-content\/uploads\/2017\/10\/maresme.jpg","type":"image\/jpeg"}],"author":"Comunicaci\u00f3 Esplac","twitter_card":"summary_large_image","twitter_misc":{"Written by":"Comunicaci\u00f3 Esplac","Est. reading time":"1 minute"},"schema":{"@context":"https:\/\/schema.org","@graph":[{"@type":"Article","@id":"https:\/\/www.esplac.cat\/maresme-nou-curs-moltes-ganes\/#article","isPartOf":{"@id":"https:\/\/www.esplac.cat\/maresme-nou-curs-moltes-ganes\/"},"author":{"name":"Comunicaci\u00f3 Esplac","@id":"https:\/\/www.esplac.cat\/#\/schema\/person\/908383cf240be18b68f8855d0583faca"},"headline":"Al Maresme engeguem el nou curs amb moltes ganes!","datePublished":"2017-10-25T05:51:40+00:00","mainEntityOfPage":{"@id":"https:\/\/www.esplac.cat\/maresme-nou-curs-moltes-ganes\/"},"wordCount":296,"publisher":{"@id":"https:\/\/www.esplac.cat\/#organization"},"image":{"@id":"https:\/\/www.esplac.cat\/maresme-nou-curs-moltes-ganes\/#primaryimage"},"thumbnailUrl":"https:\/\/www.esplac.cat\/wp-content\/uploads\/2017\/10\/maresme.jpg","keywords":["AGO","EGS","participaci\u00f3","sector Maresme"],"articleSection":["Activitats sectors","Sector Maresme","Sense categoria"],"inLanguage":"en-US"},{"@type":"WebPage","@id":"https:\/\/www.esplac.cat\/maresme-nou-curs-moltes-ganes\/","url":"https:\/\/www.esplac.cat\/maresme-nou-curs-moltes-ganes\/","name":"Al Maresme engeguem el nou curs amb moltes ganes! - Esplac","isPartOf":{"@id":"https:\/\/www.esplac.cat\/#website"},"primaryImageOfPage":{"@id":"https:\/\/www.esplac.cat\/maresme-nou-curs-moltes-ganes\/#primaryimage"},"image":{"@id":"https:\/\/www.esplac.cat\/maresme-nou-curs-moltes-ganes\/#primaryimage"},"thumbnailUrl":"https:\/\/www.esplac.cat\/wp-content\/uploads\/2017\/10\/maresme.jpg","datePublished":"2017-10-25T05:51:40+00:00","breadcrumb":{"@id":"https:\/\/www.esplac.cat\/maresme-nou-curs-moltes-ganes\/#breadcrumb"},"inLanguage":"en-US","potentialAction":[{"@type":"ReadAction","target":["https:\/\/www.esplac.cat\/maresme-nou-curs-moltes-ganes\/"]}]},{"@type":"ImageObject","inLanguage":"en-US","@id":"https:\/\/www.esplac.cat\/maresme-nou-curs-moltes-ganes\/#primaryimage","url":"https:\/\/www.esplac.cat\/wp-content\/uploads\/2017\/10\/maresme.jpg","contentUrl":"https:\/\/www.esplac.cat\/wp-content\/uploads\/2017\/10\/maresme.jpg","width":847,"height":350},{"@type":"BreadcrumbList","@id":"https:\/\/www.esplac.cat\/maresme-nou-curs-moltes-ganes\/#breadcrumb","itemListElement":[{"@type":"ListItem","position":1,"name":"Inici","item":"https:\/\/www.esplac.cat\/en\/"},{"@type":"ListItem","position":2,"name":"Al Maresme engeguem el nou curs amb moltes ganes!"}]},{"@type":"WebSite","@id":"https:\/\/www.esplac.cat\/#website","url":"https:\/\/www.esplac.cat\/","name":"Esplac","description":"Esplais Catalans","publisher":{"@id":"https:\/\/www.esplac.cat\/#organization"},"potentialAction":[{"@type":"SearchAction","target":{"@type":"EntryPoint","urlTemplate":"https:\/\/www.esplac.cat\/?s={search_term_string}"},"query-input":{"@type":"PropertyValueSpecification","valueRequired":true,"valueName":"search_term_string"}}],"inLanguage":"en-US"},{"@type":"Organization","@id":"https:\/\/www.esplac.cat\/#organization","name":"Esplac","url":"https:\/\/www.esplac.cat\/","logo":{"@type":"ImageObject","inLanguage":"en-US","@id":"https:\/\/www.esplac.cat\/#\/schema\/logo\/image\/","url":"https:\/\/www.esplac.cat\/wp-content\/uploads\/2019\/08\/logox2.png","contentUrl":"https:\/\/www.esplac.cat\/wp-content\/uploads\/2019\/08\/logox2.png","width":600,"height":295,"caption":"Esplac"},"image":{"@id":"https:\/\/www.esplac.cat\/#\/schema\/logo\/image\/"}},{"@type":"Person","@id":"https:\/\/www.esplac.cat\/#\/schema\/person\/908383cf240be18b68f8855d0583faca","name":"Comunicaci\u00f3 Esplac","image":{"@type":"ImageObject","inLanguage":"en-US","@id":"https:\/\/secure.gravatar.com\/avatar\/7a4cf8feb412a76ea4a740ca02d95b06b2907b5a6c648c2dd0a1082a093c3141?s=96&d=mm&r=g","url":"https:\/\/secure.gravatar.com\/avatar\/7a4cf8feb412a76ea4a740ca02d95b06b2907b5a6c648c2dd0a1082a093c3141?s=96&d=mm&r=g","contentUrl":"https:\/\/secure.gravatar.com\/avatar\/7a4cf8feb412a76ea4a740ca02d95b06b2907b5a6c648c2dd0a1082a093c3141?s=96&d=mm&r=g","caption":"Comunicaci\u00f3 Esplac"}}]}},"_links":{"self":[{"href":"https:\/\/www.esplac.cat\/en\/wp-json\/wp\/v2\/posts\/24197","targetHints":{"allow":["GET"]}}],"collection":[{"href":"https:\/\/www.esplac.cat\/en\/wp-json\/wp\/v2\/posts"}],"about":[{"href":"https:\/\/www.esplac.cat\/en\/wp-json\/wp\/v2\/types\/post"}],"author":[{"embeddable":true,"href":"https:\/\/www.esplac.cat\/en\/wp-json\/wp\/v2\/users\/3"}],"replies":[{"embeddable":true,"href":"https:\/\/www.esplac.cat\/en\/wp-json\/wp\/v2\/comments?post=24197"}],"version-history":[{"count":0,"href":"https:\/\/www.esplac.cat\/en\/wp-json\/wp\/v2\/posts\/24197\/revisions"}],"wp:featuredmedia":[{"embeddable":true,"href":"https:\/\/www.esplac.cat\/en\/wp-json\/wp\/v2\/media\/24200"}],"wp:attachment":[{"href":"https:\/\/www.esplac.cat\/en\/wp-json\/wp\/v2\/media?parent=24197"}],"wp:term":[{"taxonomy":"category","embeddable":true,"href":"https:\/\/www.esplac.cat\/en\/wp-json\/wp\/v2\/categories?post=24197"},{"taxonomy":"post_tag","embeddable":true,"href":"https:\/\/www.esplac.cat\/en\/wp-json\/wp\/v2\/tags?post=24197"}],"curies":[{"name":"wp","href":"https:\/\/api.w.org\/{rel}","templated":true}]}}