{"id":24217,"date":"2017-09-18T11:35:05","date_gmt":"2017-09-18T09:35:05","guid":{"rendered":"http:\/\/www.esplac.cat\/?p=15336"},"modified":"2017-09-18T11:35:05","modified_gmt":"2017-09-18T09:35:05","slug":"estiu-ple-dactivitats","status":"publish","type":"post","link":"https:\/\/www.esplac.cat\/en\/estiu-ple-dactivitats\/","title":{"rendered":"Acomiadem un estiu ple d\u2019activitats!"},"content":{"rendered":"<h4>Els esplais d\u2019Esplac comencem a recuperar la rutina del curs despr\u00e9s d\u2019unes vacances d\u2019estiu farcides de col\u00f2nies, campaments i rutes molt emocionants<\/h4>\n<p style=\"text-align: justify;\">L\u2019estiu 2017 t\u00e9 els dies comptats. Ja fa unes setmanes que els membres d\u2019Esplac hem tornat a la rutina de la feina, de la universitat o de l\u2019escola, pensant en les grans experi\u00e8ncies que hem viscut durant les vacances i imaginant les aventures que ens brindar\u00e0 el nou curs a l\u2019esplai. Tornem m\u00e9s forts que mai, amb ganes de gaudir d\u2019activitats originals i d\u2019engegar projectes que ens facin aprendre. I ho fem amb les piles carregades despr\u00e9s del descans i de les intenses viv\u00e8ncies compartides amb els companys i companyes de l\u2019esplai durant l\u2019estiu.<\/p>\n<p>Enguany, els esplais d\u2019Esplac hem realitzat un total de <strong>158 activitats<\/strong>:<\/p>\n<ul>\n<li><strong>39<\/strong> grups d\u2019esplai hem gaudit de l\u2019estiu en una casa de col\u00f2nies.<\/li>\n<li><strong>68<\/strong> ens hem establert en plena natura per viure l\u2019experi\u00e8ncia dels campaments.<\/li>\n<li><strong>49<\/strong> ens hem carregat la motxilla a les espatlles per marxar de ruta.<\/li>\n<li><strong>2<\/strong> hem bolcat la nostra motivaci\u00f3 en un camp de treball.<\/li>\n<\/ul>\n<p>A m\u00e9s a m\u00e9s, tamb\u00e9 hem fet <strong>activitats internacionals<\/strong>: quatre rutes, dos intercanvis i un campament.<\/p>\n<p>&nbsp;<\/p>\n<p><strong>Acompanyament als esplais<\/strong><\/p>\n<p style=\"text-align: justify;\">Els esplais no hem estat sols en aquesta aventura, i \u00e9s que els integrants de l\u2019Equip de Coordinaci\u00f3, dels Equips Generals de Sector i de la Secretaria T\u00e8cnica tamb\u00e9 han posat el seu gra de sorra perqu\u00e8 les activitats rutllessin de la millor manera. S\u2019han realitzat <strong>37<\/strong> visites pr\u00e8vies (25 m\u00e9s que l\u2019any passat) i <strong>21<\/strong> visites durant l\u2019activitat per garantir una bona qualitat de les col\u00f2nies i els campaments, tant en l\u2019\u00e0mbit log\u00edstic com en el pedag\u00f2gic.<\/p>\n<p style=\"text-align: justify;\">En aquest sentit, ens hem de felicitar per les 161 visites que es van produir a la infografia-recull de recursos de preparaci\u00f3 de campaments, col\u00f2nies i rutes, i per les 38 desc\u00e0rregues relacionades amb els recursos de preparaci\u00f3 de les activitats d\u2019estiu.<\/p>\n<p style=\"text-align: justify;\">Amb tot, tanquem un estiu ple d\u2019activitats que de ben segur han deparat experi\u00e8ncies inoblidables. Ara, en forma de jocs els dissabtes i d\u2019excursions els caps de setmana, continua l\u2019aventura de l\u2019esplai! Que no pari la festa! <strong>#esplaisfemlestiu<\/strong><\/p>\n","protected":false},"excerpt":{"rendered":"<p>Els esplais d\u2019Esplac comencem a recuperar la rutina del curs [&hellip;]<\/p>\n","protected":false},"author":3,"featured_media":24218,"comment_status":"closed","ping_status":"open","sticky":false,"template":"","format":"standard","meta":{"om_disable_all_campaigns":false,"_monsterinsights_skip_tracking":false,"_monsterinsights_sitenote_active":false,"_monsterinsights_sitenote_note":"","_monsterinsights_sitenote_category":0,"_uf_show_specific_survey":0,"_uf_disable_surveys":false,"footnotes":""},"categories":[1117,1],"tags":[270,53,429,104,101,102,115],"class_list":["post-24217","post","type-post","status-publish","format-standard","has-post-thumbnail","hentry","category-activitats-esplais","category-sense-categoria","tag-activitats-internacionals","tag-campaments","tag-ccr","tag-colonies","tag-esplaisfemlestiu","tag-estiu","tag-rutes"],"yoast_head":"<!-- This site is optimized with the Yoast SEO plugin v27.4 - https:\/\/yoast.com\/product\/yoast-seo-wordpress\/ -->\n<title>Acomiadem un estiu ple d\u2019activitats! - Esplac<\/title>\n<meta name=\"robots\" content=\"index, follow, max-snippet:-1, max-image-preview:large, max-video-preview:-1\" \/>\n<link rel=\"canonical\" href=\"https:\/\/www.esplac.cat\/es\/estiu-ple-dactivitats\/\" \/>\n<meta property=\"og:locale\" content=\"en_US\" \/>\n<meta property=\"og:type\" content=\"article\" \/>\n<meta property=\"og:title\" content=\"Acomiadem un estiu ple d\u2019activitats! - Esplac\" \/>\n<meta property=\"og:description\" content=\"Els esplais d\u2019Esplac comencem a recuperar la rutina del curs [&hellip;]\" \/>\n<meta property=\"og:url\" content=\"https:\/\/www.esplac.cat\/es\/estiu-ple-dactivitats\/\" \/>\n<meta property=\"og:site_name\" content=\"Esplac\" \/>\n<meta property=\"article:published_time\" content=\"2017-09-18T09:35:05+00:00\" \/>\n<meta property=\"og:image\" content=\"https:\/\/www.esplac.cat\/wp-content\/uploads\/2017\/09\/campas.jpg\" \/>\n\t<meta property=\"og:image:width\" content=\"847\" \/>\n\t<meta property=\"og:image:height\" content=\"350\" \/>\n\t<meta property=\"og:image:type\" content=\"image\/jpeg\" \/>\n<meta name=\"author\" content=\"Comunicaci\u00f3 Esplac\" \/>\n<meta name=\"twitter:card\" content=\"summary_large_image\" \/>\n<meta name=\"twitter:label1\" content=\"Written by\" \/>\n\t<meta name=\"twitter:data1\" content=\"Comunicaci\u00f3 Esplac\" \/>\n\t<meta name=\"twitter:label2\" content=\"Est. reading time\" \/>\n\t<meta name=\"twitter:data2\" content=\"2 minutes\" \/>\n<script type=\"application\/ld+json\" class=\"yoast-schema-graph\">{\"@context\":\"https:\\\/\\\/schema.org\",\"@graph\":[{\"@type\":\"Article\",\"@id\":\"https:\\\/\\\/www.esplac.cat\\\/es\\\/estiu-ple-dactivitats\\\/#article\",\"isPartOf\":{\"@id\":\"https:\\\/\\\/www.esplac.cat\\\/es\\\/estiu-ple-dactivitats\\\/\"},\"author\":{\"name\":\"Comunicaci\u00f3 Esplac\",\"@id\":\"https:\\\/\\\/www.esplac.cat\\\/#\\\/schema\\\/person\\\/908383cf240be18b68f8855d0583faca\"},\"headline\":\"Acomiadem un estiu ple d\u2019activitats!\",\"datePublished\":\"2017-09-18T09:35:05+00:00\",\"mainEntityOfPage\":{\"@id\":\"https:\\\/\\\/www.esplac.cat\\\/es\\\/estiu-ple-dactivitats\\\/\"},\"wordCount\":392,\"publisher\":{\"@id\":\"https:\\\/\\\/www.esplac.cat\\\/#organization\"},\"image\":{\"@id\":\"https:\\\/\\\/www.esplac.cat\\\/es\\\/estiu-ple-dactivitats\\\/#primaryimage\"},\"thumbnailUrl\":\"https:\\\/\\\/www.esplac.cat\\\/wp-content\\\/uploads\\\/2017\\\/09\\\/campas.jpg\",\"keywords\":[\"activitats internacionals\",\"campaments\",\"CCR\",\"colonies\",\"esplaisfemlestiu\",\"estiu\",\"rutes\"],\"articleSection\":[\"Activitats esplais\",\"Sense categoria\"],\"inLanguage\":\"en-US\"},{\"@type\":\"WebPage\",\"@id\":\"https:\\\/\\\/www.esplac.cat\\\/es\\\/estiu-ple-dactivitats\\\/\",\"url\":\"https:\\\/\\\/www.esplac.cat\\\/es\\\/estiu-ple-dactivitats\\\/\",\"name\":\"Acomiadem un estiu ple d\u2019activitats! - Esplac\",\"isPartOf\":{\"@id\":\"https:\\\/\\\/www.esplac.cat\\\/#website\"},\"primaryImageOfPage\":{\"@id\":\"https:\\\/\\\/www.esplac.cat\\\/es\\\/estiu-ple-dactivitats\\\/#primaryimage\"},\"image\":{\"@id\":\"https:\\\/\\\/www.esplac.cat\\\/es\\\/estiu-ple-dactivitats\\\/#primaryimage\"},\"thumbnailUrl\":\"https:\\\/\\\/www.esplac.cat\\\/wp-content\\\/uploads\\\/2017\\\/09\\\/campas.jpg\",\"datePublished\":\"2017-09-18T09:35:05+00:00\",\"breadcrumb\":{\"@id\":\"https:\\\/\\\/www.esplac.cat\\\/es\\\/estiu-ple-dactivitats\\\/#breadcrumb\"},\"inLanguage\":\"en-US\",\"potentialAction\":[{\"@type\":\"ReadAction\",\"target\":[\"https:\\\/\\\/www.esplac.cat\\\/es\\\/estiu-ple-dactivitats\\\/\"]}]},{\"@type\":\"ImageObject\",\"inLanguage\":\"en-US\",\"@id\":\"https:\\\/\\\/www.esplac.cat\\\/es\\\/estiu-ple-dactivitats\\\/#primaryimage\",\"url\":\"https:\\\/\\\/www.esplac.cat\\\/wp-content\\\/uploads\\\/2017\\\/09\\\/campas.jpg\",\"contentUrl\":\"https:\\\/\\\/www.esplac.cat\\\/wp-content\\\/uploads\\\/2017\\\/09\\\/campas.jpg\",\"width\":847,\"height\":350},{\"@type\":\"BreadcrumbList\",\"@id\":\"https:\\\/\\\/www.esplac.cat\\\/es\\\/estiu-ple-dactivitats\\\/#breadcrumb\",\"itemListElement\":[{\"@type\":\"ListItem\",\"position\":1,\"name\":\"Inici\",\"item\":\"https:\\\/\\\/www.esplac.cat\\\/en\\\/\"},{\"@type\":\"ListItem\",\"position\":2,\"name\":\"Acomiadem un estiu ple d\u2019activitats!\"}]},{\"@type\":\"WebSite\",\"@id\":\"https:\\\/\\\/www.esplac.cat\\\/#website\",\"url\":\"https:\\\/\\\/www.esplac.cat\\\/\",\"name\":\"Esplac\",\"description\":\"Esplais Catalans\",\"publisher\":{\"@id\":\"https:\\\/\\\/www.esplac.cat\\\/#organization\"},\"potentialAction\":[{\"@type\":\"SearchAction\",\"target\":{\"@type\":\"EntryPoint\",\"urlTemplate\":\"https:\\\/\\\/www.esplac.cat\\\/?s={search_term_string}\"},\"query-input\":{\"@type\":\"PropertyValueSpecification\",\"valueRequired\":true,\"valueName\":\"search_term_string\"}}],\"inLanguage\":\"en-US\"},{\"@type\":\"Organization\",\"@id\":\"https:\\\/\\\/www.esplac.cat\\\/#organization\",\"name\":\"Esplac\",\"url\":\"https:\\\/\\\/www.esplac.cat\\\/\",\"logo\":{\"@type\":\"ImageObject\",\"inLanguage\":\"en-US\",\"@id\":\"https:\\\/\\\/www.esplac.cat\\\/#\\\/schema\\\/logo\\\/image\\\/\",\"url\":\"https:\\\/\\\/www.esplac.cat\\\/wp-content\\\/uploads\\\/2019\\\/08\\\/logox2.png\",\"contentUrl\":\"https:\\\/\\\/www.esplac.cat\\\/wp-content\\\/uploads\\\/2019\\\/08\\\/logox2.png\",\"width\":600,\"height\":295,\"caption\":\"Esplac\"},\"image\":{\"@id\":\"https:\\\/\\\/www.esplac.cat\\\/#\\\/schema\\\/logo\\\/image\\\/\"}},{\"@type\":\"Person\",\"@id\":\"https:\\\/\\\/www.esplac.cat\\\/#\\\/schema\\\/person\\\/908383cf240be18b68f8855d0583faca\",\"name\":\"Comunicaci\u00f3 Esplac\",\"image\":{\"@type\":\"ImageObject\",\"inLanguage\":\"en-US\",\"@id\":\"https:\\\/\\\/secure.gravatar.com\\\/avatar\\\/7a4cf8feb412a76ea4a740ca02d95b06b2907b5a6c648c2dd0a1082a093c3141?s=96&d=mm&r=g\",\"url\":\"https:\\\/\\\/secure.gravatar.com\\\/avatar\\\/7a4cf8feb412a76ea4a740ca02d95b06b2907b5a6c648c2dd0a1082a093c3141?s=96&d=mm&r=g\",\"contentUrl\":\"https:\\\/\\\/secure.gravatar.com\\\/avatar\\\/7a4cf8feb412a76ea4a740ca02d95b06b2907b5a6c648c2dd0a1082a093c3141?s=96&d=mm&r=g\",\"caption\":\"Comunicaci\u00f3 Esplac\"}}]}<\/script>\n<!-- \/ Yoast SEO plugin. -->","yoast_head_json":{"title":"Acomiadem un estiu ple d\u2019activitats! - Esplac","robots":{"index":"index","follow":"follow","max-snippet":"max-snippet:-1","max-image-preview":"max-image-preview:large","max-video-preview":"max-video-preview:-1"},"canonical":"https:\/\/www.esplac.cat\/es\/estiu-ple-dactivitats\/","og_locale":"en_US","og_type":"article","og_title":"Acomiadem un estiu ple d\u2019activitats! - Esplac","og_description":"Els esplais d\u2019Esplac comencem a recuperar la rutina del curs [&hellip;]","og_url":"https:\/\/www.esplac.cat\/es\/estiu-ple-dactivitats\/","og_site_name":"Esplac","article_published_time":"2017-09-18T09:35:05+00:00","og_image":[{"width":847,"height":350,"url":"https:\/\/www.esplac.cat\/wp-content\/uploads\/2017\/09\/campas.jpg","type":"image\/jpeg"}],"author":"Comunicaci\u00f3 Esplac","twitter_card":"summary_large_image","twitter_misc":{"Written by":"Comunicaci\u00f3 Esplac","Est. reading time":"2 minutes"},"schema":{"@context":"https:\/\/schema.org","@graph":[{"@type":"Article","@id":"https:\/\/www.esplac.cat\/es\/estiu-ple-dactivitats\/#article","isPartOf":{"@id":"https:\/\/www.esplac.cat\/es\/estiu-ple-dactivitats\/"},"author":{"name":"Comunicaci\u00f3 Esplac","@id":"https:\/\/www.esplac.cat\/#\/schema\/person\/908383cf240be18b68f8855d0583faca"},"headline":"Acomiadem un estiu ple d\u2019activitats!","datePublished":"2017-09-18T09:35:05+00:00","mainEntityOfPage":{"@id":"https:\/\/www.esplac.cat\/es\/estiu-ple-dactivitats\/"},"wordCount":392,"publisher":{"@id":"https:\/\/www.esplac.cat\/#organization"},"image":{"@id":"https:\/\/www.esplac.cat\/es\/estiu-ple-dactivitats\/#primaryimage"},"thumbnailUrl":"https:\/\/www.esplac.cat\/wp-content\/uploads\/2017\/09\/campas.jpg","keywords":["activitats internacionals","campaments","CCR","colonies","esplaisfemlestiu","estiu","rutes"],"articleSection":["Activitats esplais","Sense categoria"],"inLanguage":"en-US"},{"@type":"WebPage","@id":"https:\/\/www.esplac.cat\/es\/estiu-ple-dactivitats\/","url":"https:\/\/www.esplac.cat\/es\/estiu-ple-dactivitats\/","name":"Acomiadem un estiu ple d\u2019activitats! - Esplac","isPartOf":{"@id":"https:\/\/www.esplac.cat\/#website"},"primaryImageOfPage":{"@id":"https:\/\/www.esplac.cat\/es\/estiu-ple-dactivitats\/#primaryimage"},"image":{"@id":"https:\/\/www.esplac.cat\/es\/estiu-ple-dactivitats\/#primaryimage"},"thumbnailUrl":"https:\/\/www.esplac.cat\/wp-content\/uploads\/2017\/09\/campas.jpg","datePublished":"2017-09-18T09:35:05+00:00","breadcrumb":{"@id":"https:\/\/www.esplac.cat\/es\/estiu-ple-dactivitats\/#breadcrumb"},"inLanguage":"en-US","potentialAction":[{"@type":"ReadAction","target":["https:\/\/www.esplac.cat\/es\/estiu-ple-dactivitats\/"]}]},{"@type":"ImageObject","inLanguage":"en-US","@id":"https:\/\/www.esplac.cat\/es\/estiu-ple-dactivitats\/#primaryimage","url":"https:\/\/www.esplac.cat\/wp-content\/uploads\/2017\/09\/campas.jpg","contentUrl":"https:\/\/www.esplac.cat\/wp-content\/uploads\/2017\/09\/campas.jpg","width":847,"height":350},{"@type":"BreadcrumbList","@id":"https:\/\/www.esplac.cat\/es\/estiu-ple-dactivitats\/#breadcrumb","itemListElement":[{"@type":"ListItem","position":1,"name":"Inici","item":"https:\/\/www.esplac.cat\/en\/"},{"@type":"ListItem","position":2,"name":"Acomiadem un estiu ple d\u2019activitats!"}]},{"@type":"WebSite","@id":"https:\/\/www.esplac.cat\/#website","url":"https:\/\/www.esplac.cat\/","name":"Esplac","description":"Esplais Catalans","publisher":{"@id":"https:\/\/www.esplac.cat\/#organization"},"potentialAction":[{"@type":"SearchAction","target":{"@type":"EntryPoint","urlTemplate":"https:\/\/www.esplac.cat\/?s={search_term_string}"},"query-input":{"@type":"PropertyValueSpecification","valueRequired":true,"valueName":"search_term_string"}}],"inLanguage":"en-US"},{"@type":"Organization","@id":"https:\/\/www.esplac.cat\/#organization","name":"Esplac","url":"https:\/\/www.esplac.cat\/","logo":{"@type":"ImageObject","inLanguage":"en-US","@id":"https:\/\/www.esplac.cat\/#\/schema\/logo\/image\/","url":"https:\/\/www.esplac.cat\/wp-content\/uploads\/2019\/08\/logox2.png","contentUrl":"https:\/\/www.esplac.cat\/wp-content\/uploads\/2019\/08\/logox2.png","width":600,"height":295,"caption":"Esplac"},"image":{"@id":"https:\/\/www.esplac.cat\/#\/schema\/logo\/image\/"}},{"@type":"Person","@id":"https:\/\/www.esplac.cat\/#\/schema\/person\/908383cf240be18b68f8855d0583faca","name":"Comunicaci\u00f3 Esplac","image":{"@type":"ImageObject","inLanguage":"en-US","@id":"https:\/\/secure.gravatar.com\/avatar\/7a4cf8feb412a76ea4a740ca02d95b06b2907b5a6c648c2dd0a1082a093c3141?s=96&d=mm&r=g","url":"https:\/\/secure.gravatar.com\/avatar\/7a4cf8feb412a76ea4a740ca02d95b06b2907b5a6c648c2dd0a1082a093c3141?s=96&d=mm&r=g","contentUrl":"https:\/\/secure.gravatar.com\/avatar\/7a4cf8feb412a76ea4a740ca02d95b06b2907b5a6c648c2dd0a1082a093c3141?s=96&d=mm&r=g","caption":"Comunicaci\u00f3 Esplac"}}]}},"_links":{"self":[{"href":"https:\/\/www.esplac.cat\/en\/wp-json\/wp\/v2\/posts\/24217","targetHints":{"allow":["GET"]}}],"collection":[{"href":"https:\/\/www.esplac.cat\/en\/wp-json\/wp\/v2\/posts"}],"about":[{"href":"https:\/\/www.esplac.cat\/en\/wp-json\/wp\/v2\/types\/post"}],"author":[{"embeddable":true,"href":"https:\/\/www.esplac.cat\/en\/wp-json\/wp\/v2\/users\/3"}],"replies":[{"embeddable":true,"href":"https:\/\/www.esplac.cat\/en\/wp-json\/wp\/v2\/comments?post=24217"}],"version-history":[{"count":0,"href":"https:\/\/www.esplac.cat\/en\/wp-json\/wp\/v2\/posts\/24217\/revisions"}],"wp:featuredmedia":[{"embeddable":true,"href":"https:\/\/www.esplac.cat\/en\/wp-json\/wp\/v2\/media\/24218"}],"wp:attachment":[{"href":"https:\/\/www.esplac.cat\/en\/wp-json\/wp\/v2\/media?parent=24217"}],"wp:term":[{"taxonomy":"category","embeddable":true,"href":"https:\/\/www.esplac.cat\/en\/wp-json\/wp\/v2\/categories?post=24217"},{"taxonomy":"post_tag","embeddable":true,"href":"https:\/\/www.esplac.cat\/en\/wp-json\/wp\/v2\/tags?post=24217"}],"curies":[{"name":"wp","href":"https:\/\/api.w.org\/{rel}","templated":true}]}}