{"id":24234,"date":"2017-08-28T08:28:07","date_gmt":"2017-08-28T06:28:07","guid":{"rendered":"http:\/\/www.esplac.cat\/?p=15257"},"modified":"2017-08-28T08:28:07","modified_gmt":"2017-08-28T06:28:07","slug":"suport-informatica","status":"publish","type":"post","link":"https:\/\/www.esplac.cat\/en\/suport-informatica\/","title":{"rendered":"Obrim una pla\u00e7a de t\u00e8cnic\/a d&#8217;inform\u00e0tica"},"content":{"rendered":"<div class=\"page\" title=\"Page 1\">\n<div class=\"layoutArea\">\n<div class=\"column\">\n<h4>Volem comunicar-vos que hem obert un termini per a la presentacio\u0301 de curri\u0301culums amb l\u2019objectiu de cobrir una plac\u0327a de te\u0300cnic\/a informa\u0300tic\/a d&#8217;Esplais Catalans.<\/h4>\n<\/div>\n<\/div>\n<p style=\"text-align: justify;\">Busquem una persona que s\u2019encarregui de donar suport a l\u2019\u00e0rea d\u2019inform\u00e0tica en la programaci\u00f3 de les aplicacions inform\u00e0tiques amb les quals treballem a Esplais Catalans. El termini finalitzar\u00e0 el diumenge 17 de setembre de 2017 . Els curri\u0301culums i les cartes de motivacio\u0301 les heu de fer arribar a esplac@esplac.cat amb la refere\u0300ncia InformaticaST en l&#8217;assumpte del mail.<\/p>\n<div class=\"layoutArea\">\n<div class=\"column\">\n<p><strong>Funcions<\/strong>:<\/p>\n<ul>\n<li>Elaboracio\u0301, execucio\u0301 i avaluacio\u0301 del pla de treball de les aplicacions informa\u0300tiques que s&#8217;usen a Esplac en\u00a0suport a la tasca de la coordinadora informa\u0300tica.<\/li>\n<li>Dur a terme canvis i millores a les eines informa\u0300tiques pro\u0300pies de treball de l&#8217;entitat: Intranets i webs.<\/li>\n<li>Coordinacio\u0301 amb els equips de treball i dirigents de l\u2019entitat per a les funcions assignades i d&#8217;altres que puguin sorgir.<\/li>\n<\/ul>\n<p><strong>Es demana<\/strong>:<\/p>\n<ul>\n<li>Titulacio\u0301 acabada o en curs de Grau en Enginyeria Informa\u0300tica o Cicle Formatiu de Grau Superior (CFGS) de Desenvolupament d&#8217;Aplicacions Web (DAW) o Desenvolupament d\u2019Aplicacions Multiplataforma (DAM) o coneixements equivalents demostrables.<\/li>\n<li>Coneixement en especificacio\u0301 i disseny de bases de dades.<\/li>\n<li>Coneixement en llenguatges de programacio\u0301: php, mysql, html, javascript, ajax i wordpress.<\/li>\n<li>Nivell alt de catala\u0300 i castella\u0300.<\/li>\n<li>Compete\u0300ncia escrita: capacitat de redaccio\u0301 i capacitat de si\u0301ntesi.<\/li>\n<li>Capacitat d&#8217;organitzacio\u0301, gestio\u0301 del temps i compliments de terminis, treball en equip, autonomia personal, flexibilitat i adaptabilitat.<\/li>\n<li>Assiste\u0300ncia a reunions o activitats d\u2019especial intere\u0300s fora de l\u2019horari laboral, vocacio\u0301 de servei als esplais i compromi\u0301s amb els valors d&#8217;Esplais Catalans.<\/li>\n<li>Tenir menys de 30 anys.<\/li>\n<\/ul>\n<p><strong>Es valorara\u0300<\/strong>:<\/p>\n<ul>\n<li>Experie\u0300ncia en les funcions descrites.<\/li>\n<li>Ti\u0301tol de monitor d\u2019entitats de lleure infantil i juvenil.<\/li>\n<li>Coneixement de treball per projectes.<\/li>\n<li>Coneixement d\u2019altres idiomes, principalment l&#8217;angle\u0300s.<\/li>\n<li>Coneixements i habilitats en disseny gra\u0300fic.<\/li>\n<li>Coneixement en temes especi\u0301fics relacionats amb el projecte educatiu d&#8217;Esplais Catalans.<\/li>\n<li>Facilitat per cone\u0300ixer noves eines de treball.<\/li>\n<li>Coneixement i experie\u0300ncia en l&#8217;a\u0300mbit de l&#8217;associacionisme educatiu i els esplais.<\/li>\n<\/ul>\n<p><strong>Condicions laborals<\/strong>:<\/p>\n<ul>\n<li>Contracte de 20 hores setmanals. Sou segons l&#8217;escala salaraial de l&#8217;entitat (10.428,08 \u20ac bruts anuals).<\/li>\n<li>2 mesos de prova.<\/li>\n<li>Incorporacio\u0301 immediata.<\/li>\n<li>Lloc de treball habitual: Barcelona.<\/li>\n<\/ul>\n<\/div>\n<\/div>\n<\/div>\n<p>Aqu\u00ed us deixem els detalls de l&#8217;oferta de feina en un arxiu en versi\u00f3 pdf: <a href=\"http:\/\/www.esplac.cat\/wp-content\/uploads\/2017\/08\/convocatoria_SUPORT_INFOR-1.pdf\" target=\"_blank\" rel=\"noopener noreferrer\">CONVOCAT\u00d2RIA INFORM\u00c0TICA ESPLAC<\/a><\/p>\n<p>Tot esperant rebre les vostres sol\u00b7licituds, rebeu una molt cordial salutacio\u0301.<\/p>\n","protected":false},"excerpt":{"rendered":"<p>Volem comunicar-vos que hem obert un termini per a la [&hellip;]<\/p>\n","protected":false},"author":3,"featured_media":24233,"comment_status":"closed","ping_status":"open","sticky":false,"template":"","format":"standard","meta":{"om_disable_all_campaigns":false,"_monsterinsights_skip_tracking":false,"_monsterinsights_sitenote_active":false,"_monsterinsights_sitenote_note":"","_monsterinsights_sitenote_category":0,"_uf_show_specific_survey":0,"_uf_disable_surveys":false,"footnotes":""},"categories":[1116,1],"tags":[440,797],"class_list":["post-24234","post","type-post","status-publish","format-standard","has-post-thumbnail","hentry","category-secretaria-esplac","category-sense-categoria","tag-informatica","tag-oferta-de-feina"],"yoast_head":"<!-- This site is optimized with the Yoast SEO plugin v27.4 - https:\/\/yoast.com\/product\/yoast-seo-wordpress\/ -->\n<title>Obrim una pla\u00e7a de t\u00e8cnic\/a d&#039;inform\u00e0tica - Esplac<\/title>\n<meta name=\"robots\" content=\"index, follow, max-snippet:-1, max-image-preview:large, max-video-preview:-1\" \/>\n<link rel=\"canonical\" href=\"https:\/\/www.esplac.cat\/es\/suport-informatica\/\" \/>\n<meta property=\"og:locale\" content=\"en_US\" \/>\n<meta property=\"og:type\" content=\"article\" \/>\n<meta property=\"og:title\" content=\"Obrim una pla\u00e7a de t\u00e8cnic\/a d&#039;inform\u00e0tica - Esplac\" \/>\n<meta property=\"og:description\" content=\"Volem comunicar-vos que hem obert un termini per a la [&hellip;]\" \/>\n<meta property=\"og:url\" content=\"https:\/\/www.esplac.cat\/es\/suport-informatica\/\" \/>\n<meta property=\"og:site_name\" content=\"Esplac\" \/>\n<meta property=\"article:published_time\" content=\"2017-08-28T06:28:07+00:00\" \/>\n<meta property=\"og:image\" content=\"https:\/\/www.esplac.cat\/wp-content\/uploads\/2017\/05\/Noti_Web_Valles_AGO-2.jpg\" \/>\n\t<meta property=\"og:image:width\" content=\"847\" \/>\n\t<meta property=\"og:image:height\" content=\"350\" \/>\n\t<meta property=\"og:image:type\" content=\"image\/jpeg\" \/>\n<meta name=\"author\" content=\"Comunicaci\u00f3 Esplac\" \/>\n<meta name=\"twitter:card\" content=\"summary_large_image\" \/>\n<meta name=\"twitter:label1\" content=\"Written by\" \/>\n\t<meta name=\"twitter:data1\" content=\"Comunicaci\u00f3 Esplac\" \/>\n\t<meta name=\"twitter:label2\" content=\"Est. reading time\" \/>\n\t<meta name=\"twitter:data2\" content=\"2 minutes\" \/>\n<script type=\"application\/ld+json\" class=\"yoast-schema-graph\">{\"@context\":\"https:\\\/\\\/schema.org\",\"@graph\":[{\"@type\":\"Article\",\"@id\":\"https:\\\/\\\/www.esplac.cat\\\/es\\\/suport-informatica\\\/#article\",\"isPartOf\":{\"@id\":\"https:\\\/\\\/www.esplac.cat\\\/es\\\/suport-informatica\\\/\"},\"author\":{\"name\":\"Comunicaci\u00f3 Esplac\",\"@id\":\"https:\\\/\\\/www.esplac.cat\\\/#\\\/schema\\\/person\\\/908383cf240be18b68f8855d0583faca\"},\"headline\":\"Obrim una pla\u00e7a de t\u00e8cnic\\\/a d&#8217;inform\u00e0tica\",\"datePublished\":\"2017-08-28T06:28:07+00:00\",\"mainEntityOfPage\":{\"@id\":\"https:\\\/\\\/www.esplac.cat\\\/es\\\/suport-informatica\\\/\"},\"wordCount\":439,\"publisher\":{\"@id\":\"https:\\\/\\\/www.esplac.cat\\\/#organization\"},\"image\":{\"@id\":\"https:\\\/\\\/www.esplac.cat\\\/es\\\/suport-informatica\\\/#primaryimage\"},\"thumbnailUrl\":\"https:\\\/\\\/www.esplac.cat\\\/wp-content\\\/uploads\\\/2017\\\/05\\\/Noti_Web_Valles_AGO-2.jpg\",\"keywords\":[\"informatica\",\"oferta de feina\"],\"articleSection\":[\"Secretaria T\u00e8cnica\",\"Sense categoria\"],\"inLanguage\":\"en-US\"},{\"@type\":\"WebPage\",\"@id\":\"https:\\\/\\\/www.esplac.cat\\\/es\\\/suport-informatica\\\/\",\"url\":\"https:\\\/\\\/www.esplac.cat\\\/es\\\/suport-informatica\\\/\",\"name\":\"Obrim una pla\u00e7a de t\u00e8cnic\\\/a d'inform\u00e0tica - Esplac\",\"isPartOf\":{\"@id\":\"https:\\\/\\\/www.esplac.cat\\\/#website\"},\"primaryImageOfPage\":{\"@id\":\"https:\\\/\\\/www.esplac.cat\\\/es\\\/suport-informatica\\\/#primaryimage\"},\"image\":{\"@id\":\"https:\\\/\\\/www.esplac.cat\\\/es\\\/suport-informatica\\\/#primaryimage\"},\"thumbnailUrl\":\"https:\\\/\\\/www.esplac.cat\\\/wp-content\\\/uploads\\\/2017\\\/05\\\/Noti_Web_Valles_AGO-2.jpg\",\"datePublished\":\"2017-08-28T06:28:07+00:00\",\"breadcrumb\":{\"@id\":\"https:\\\/\\\/www.esplac.cat\\\/es\\\/suport-informatica\\\/#breadcrumb\"},\"inLanguage\":\"en-US\",\"potentialAction\":[{\"@type\":\"ReadAction\",\"target\":[\"https:\\\/\\\/www.esplac.cat\\\/es\\\/suport-informatica\\\/\"]}]},{\"@type\":\"ImageObject\",\"inLanguage\":\"en-US\",\"@id\":\"https:\\\/\\\/www.esplac.cat\\\/es\\\/suport-informatica\\\/#primaryimage\",\"url\":\"https:\\\/\\\/www.esplac.cat\\\/wp-content\\\/uploads\\\/2017\\\/05\\\/Noti_Web_Valles_AGO-2.jpg\",\"contentUrl\":\"https:\\\/\\\/www.esplac.cat\\\/wp-content\\\/uploads\\\/2017\\\/05\\\/Noti_Web_Valles_AGO-2.jpg\",\"width\":847,\"height\":350},{\"@type\":\"BreadcrumbList\",\"@id\":\"https:\\\/\\\/www.esplac.cat\\\/es\\\/suport-informatica\\\/#breadcrumb\",\"itemListElement\":[{\"@type\":\"ListItem\",\"position\":1,\"name\":\"Inici\",\"item\":\"https:\\\/\\\/www.esplac.cat\\\/en\\\/\"},{\"@type\":\"ListItem\",\"position\":2,\"name\":\"Obrim una pla\u00e7a de t\u00e8cnic\\\/a d&#8217;inform\u00e0tica\"}]},{\"@type\":\"WebSite\",\"@id\":\"https:\\\/\\\/www.esplac.cat\\\/#website\",\"url\":\"https:\\\/\\\/www.esplac.cat\\\/\",\"name\":\"Esplac\",\"description\":\"Esplais Catalans\",\"publisher\":{\"@id\":\"https:\\\/\\\/www.esplac.cat\\\/#organization\"},\"potentialAction\":[{\"@type\":\"SearchAction\",\"target\":{\"@type\":\"EntryPoint\",\"urlTemplate\":\"https:\\\/\\\/www.esplac.cat\\\/?s={search_term_string}\"},\"query-input\":{\"@type\":\"PropertyValueSpecification\",\"valueRequired\":true,\"valueName\":\"search_term_string\"}}],\"inLanguage\":\"en-US\"},{\"@type\":\"Organization\",\"@id\":\"https:\\\/\\\/www.esplac.cat\\\/#organization\",\"name\":\"Esplac\",\"url\":\"https:\\\/\\\/www.esplac.cat\\\/\",\"logo\":{\"@type\":\"ImageObject\",\"inLanguage\":\"en-US\",\"@id\":\"https:\\\/\\\/www.esplac.cat\\\/#\\\/schema\\\/logo\\\/image\\\/\",\"url\":\"https:\\\/\\\/www.esplac.cat\\\/wp-content\\\/uploads\\\/2019\\\/08\\\/logox2.png\",\"contentUrl\":\"https:\\\/\\\/www.esplac.cat\\\/wp-content\\\/uploads\\\/2019\\\/08\\\/logox2.png\",\"width\":600,\"height\":295,\"caption\":\"Esplac\"},\"image\":{\"@id\":\"https:\\\/\\\/www.esplac.cat\\\/#\\\/schema\\\/logo\\\/image\\\/\"}},{\"@type\":\"Person\",\"@id\":\"https:\\\/\\\/www.esplac.cat\\\/#\\\/schema\\\/person\\\/908383cf240be18b68f8855d0583faca\",\"name\":\"Comunicaci\u00f3 Esplac\",\"image\":{\"@type\":\"ImageObject\",\"inLanguage\":\"en-US\",\"@id\":\"https:\\\/\\\/secure.gravatar.com\\\/avatar\\\/7a4cf8feb412a76ea4a740ca02d95b06b2907b5a6c648c2dd0a1082a093c3141?s=96&d=mm&r=g\",\"url\":\"https:\\\/\\\/secure.gravatar.com\\\/avatar\\\/7a4cf8feb412a76ea4a740ca02d95b06b2907b5a6c648c2dd0a1082a093c3141?s=96&d=mm&r=g\",\"contentUrl\":\"https:\\\/\\\/secure.gravatar.com\\\/avatar\\\/7a4cf8feb412a76ea4a740ca02d95b06b2907b5a6c648c2dd0a1082a093c3141?s=96&d=mm&r=g\",\"caption\":\"Comunicaci\u00f3 Esplac\"}}]}<\/script>\n<!-- \/ Yoast SEO plugin. -->","yoast_head_json":{"title":"Obrim una pla\u00e7a de t\u00e8cnic\/a d'inform\u00e0tica - Esplac","robots":{"index":"index","follow":"follow","max-snippet":"max-snippet:-1","max-image-preview":"max-image-preview:large","max-video-preview":"max-video-preview:-1"},"canonical":"https:\/\/www.esplac.cat\/es\/suport-informatica\/","og_locale":"en_US","og_type":"article","og_title":"Obrim una pla\u00e7a de t\u00e8cnic\/a d'inform\u00e0tica - Esplac","og_description":"Volem comunicar-vos que hem obert un termini per a la [&hellip;]","og_url":"https:\/\/www.esplac.cat\/es\/suport-informatica\/","og_site_name":"Esplac","article_published_time":"2017-08-28T06:28:07+00:00","og_image":[{"width":847,"height":350,"url":"https:\/\/www.esplac.cat\/wp-content\/uploads\/2017\/05\/Noti_Web_Valles_AGO-2.jpg","type":"image\/jpeg"}],"author":"Comunicaci\u00f3 Esplac","twitter_card":"summary_large_image","twitter_misc":{"Written by":"Comunicaci\u00f3 Esplac","Est. reading time":"2 minutes"},"schema":{"@context":"https:\/\/schema.org","@graph":[{"@type":"Article","@id":"https:\/\/www.esplac.cat\/es\/suport-informatica\/#article","isPartOf":{"@id":"https:\/\/www.esplac.cat\/es\/suport-informatica\/"},"author":{"name":"Comunicaci\u00f3 Esplac","@id":"https:\/\/www.esplac.cat\/#\/schema\/person\/908383cf240be18b68f8855d0583faca"},"headline":"Obrim una pla\u00e7a de t\u00e8cnic\/a d&#8217;inform\u00e0tica","datePublished":"2017-08-28T06:28:07+00:00","mainEntityOfPage":{"@id":"https:\/\/www.esplac.cat\/es\/suport-informatica\/"},"wordCount":439,"publisher":{"@id":"https:\/\/www.esplac.cat\/#organization"},"image":{"@id":"https:\/\/www.esplac.cat\/es\/suport-informatica\/#primaryimage"},"thumbnailUrl":"https:\/\/www.esplac.cat\/wp-content\/uploads\/2017\/05\/Noti_Web_Valles_AGO-2.jpg","keywords":["informatica","oferta de feina"],"articleSection":["Secretaria T\u00e8cnica","Sense categoria"],"inLanguage":"en-US"},{"@type":"WebPage","@id":"https:\/\/www.esplac.cat\/es\/suport-informatica\/","url":"https:\/\/www.esplac.cat\/es\/suport-informatica\/","name":"Obrim una pla\u00e7a de t\u00e8cnic\/a d'inform\u00e0tica - Esplac","isPartOf":{"@id":"https:\/\/www.esplac.cat\/#website"},"primaryImageOfPage":{"@id":"https:\/\/www.esplac.cat\/es\/suport-informatica\/#primaryimage"},"image":{"@id":"https:\/\/www.esplac.cat\/es\/suport-informatica\/#primaryimage"},"thumbnailUrl":"https:\/\/www.esplac.cat\/wp-content\/uploads\/2017\/05\/Noti_Web_Valles_AGO-2.jpg","datePublished":"2017-08-28T06:28:07+00:00","breadcrumb":{"@id":"https:\/\/www.esplac.cat\/es\/suport-informatica\/#breadcrumb"},"inLanguage":"en-US","potentialAction":[{"@type":"ReadAction","target":["https:\/\/www.esplac.cat\/es\/suport-informatica\/"]}]},{"@type":"ImageObject","inLanguage":"en-US","@id":"https:\/\/www.esplac.cat\/es\/suport-informatica\/#primaryimage","url":"https:\/\/www.esplac.cat\/wp-content\/uploads\/2017\/05\/Noti_Web_Valles_AGO-2.jpg","contentUrl":"https:\/\/www.esplac.cat\/wp-content\/uploads\/2017\/05\/Noti_Web_Valles_AGO-2.jpg","width":847,"height":350},{"@type":"BreadcrumbList","@id":"https:\/\/www.esplac.cat\/es\/suport-informatica\/#breadcrumb","itemListElement":[{"@type":"ListItem","position":1,"name":"Inici","item":"https:\/\/www.esplac.cat\/en\/"},{"@type":"ListItem","position":2,"name":"Obrim una pla\u00e7a de t\u00e8cnic\/a d&#8217;inform\u00e0tica"}]},{"@type":"WebSite","@id":"https:\/\/www.esplac.cat\/#website","url":"https:\/\/www.esplac.cat\/","name":"Esplac","description":"Esplais Catalans","publisher":{"@id":"https:\/\/www.esplac.cat\/#organization"},"potentialAction":[{"@type":"SearchAction","target":{"@type":"EntryPoint","urlTemplate":"https:\/\/www.esplac.cat\/?s={search_term_string}"},"query-input":{"@type":"PropertyValueSpecification","valueRequired":true,"valueName":"search_term_string"}}],"inLanguage":"en-US"},{"@type":"Organization","@id":"https:\/\/www.esplac.cat\/#organization","name":"Esplac","url":"https:\/\/www.esplac.cat\/","logo":{"@type":"ImageObject","inLanguage":"en-US","@id":"https:\/\/www.esplac.cat\/#\/schema\/logo\/image\/","url":"https:\/\/www.esplac.cat\/wp-content\/uploads\/2019\/08\/logox2.png","contentUrl":"https:\/\/www.esplac.cat\/wp-content\/uploads\/2019\/08\/logox2.png","width":600,"height":295,"caption":"Esplac"},"image":{"@id":"https:\/\/www.esplac.cat\/#\/schema\/logo\/image\/"}},{"@type":"Person","@id":"https:\/\/www.esplac.cat\/#\/schema\/person\/908383cf240be18b68f8855d0583faca","name":"Comunicaci\u00f3 Esplac","image":{"@type":"ImageObject","inLanguage":"en-US","@id":"https:\/\/secure.gravatar.com\/avatar\/7a4cf8feb412a76ea4a740ca02d95b06b2907b5a6c648c2dd0a1082a093c3141?s=96&d=mm&r=g","url":"https:\/\/secure.gravatar.com\/avatar\/7a4cf8feb412a76ea4a740ca02d95b06b2907b5a6c648c2dd0a1082a093c3141?s=96&d=mm&r=g","contentUrl":"https:\/\/secure.gravatar.com\/avatar\/7a4cf8feb412a76ea4a740ca02d95b06b2907b5a6c648c2dd0a1082a093c3141?s=96&d=mm&r=g","caption":"Comunicaci\u00f3 Esplac"}}]}},"_links":{"self":[{"href":"https:\/\/www.esplac.cat\/en\/wp-json\/wp\/v2\/posts\/24234","targetHints":{"allow":["GET"]}}],"collection":[{"href":"https:\/\/www.esplac.cat\/en\/wp-json\/wp\/v2\/posts"}],"about":[{"href":"https:\/\/www.esplac.cat\/en\/wp-json\/wp\/v2\/types\/post"}],"author":[{"embeddable":true,"href":"https:\/\/www.esplac.cat\/en\/wp-json\/wp\/v2\/users\/3"}],"replies":[{"embeddable":true,"href":"https:\/\/www.esplac.cat\/en\/wp-json\/wp\/v2\/comments?post=24234"}],"version-history":[{"count":0,"href":"https:\/\/www.esplac.cat\/en\/wp-json\/wp\/v2\/posts\/24234\/revisions"}],"wp:featuredmedia":[{"embeddable":true,"href":"https:\/\/www.esplac.cat\/en\/wp-json\/wp\/v2\/media\/24233"}],"wp:attachment":[{"href":"https:\/\/www.esplac.cat\/en\/wp-json\/wp\/v2\/media?parent=24234"}],"wp:term":[{"taxonomy":"category","embeddable":true,"href":"https:\/\/www.esplac.cat\/en\/wp-json\/wp\/v2\/categories?post=24234"},{"taxonomy":"post_tag","embeddable":true,"href":"https:\/\/www.esplac.cat\/en\/wp-json\/wp\/v2\/tags?post=24234"}],"curies":[{"name":"wp","href":"https:\/\/api.w.org\/{rel}","templated":true}]}}