{"id":24246,"date":"2017-06-28T11:23:44","date_gmt":"2017-06-28T09:23:44","guid":{"rendered":"http:\/\/www.esplac.cat\/?p=15160"},"modified":"2019-11-14T13:36:42","modified_gmt":"2019-11-14T11:36:42","slug":"28-de-juny-estimem-a-qui-vulguem","status":"publish","type":"post","link":"https:\/\/www.esplac.cat\/en\/28-de-juny-estimem-a-qui-vulguem\/","title":{"rendered":"28 de juny: estimem a qui vulguem!"},"content":{"rendered":"<blockquote><p><i>Ai com me l\u2019estimo! \u00c9s mirar la seva cara i que una fiblada de frenesia recorri les meves venes, \u00e9s estar al seu costat i sentir que tinc sort. S\u00f3n mirades, car\u00edcies, moments a soles, llargues tardes passejant i estones amb dist\u00e0ncia. \u00c9s saber que hi s\u00f3c i que hi \u00e9s, que ens estimem i que, quan podem, ho demostrem.<\/i><\/p><\/blockquote>\n<p><!--more--><\/p>\n<p><i>I dic quan podem perqu\u00e8 sent una parella homosexual no sempre ens \u00e9s possible. S\u00ed, ja m\u2019imagino que tu, estimada lectora, ja havies especulat amb una relaci\u00f3 heteronormativa que no trenqui els c\u00e0nons establerts, err\u00f2niament, com a normals entre la societat i ja visualitzaves un noi i una noia agafats de la m\u00e0. Doncs no. Per\u00f2 no et preocupis, segur que no has estat l\u2019\u00fanica.<\/i><\/p>\n<p><i>I \u00e9s que en una societat que se li diu avan\u00e7ada, continua sent problem\u00e0tic estimar i ser estimat per aquells del teu mateix sexe. Es pot dir que hi ha hagut aven\u00e7os i que s\u2019han fet passes endavant, no ho negarem, per\u00f2 no \u00e9s suficient. Ni de bon tros. Veure dos nois o dues noies fent-se un pet\u00f3 a la pla\u00e7a Major encara genera reaccions poc respectuoses, que no suscitaria un pet\u00f3 entre un noi i una noia amb la mateixa intensitat. Aix\u00f2 \u00e9s aix\u00ed. Ho hem de recon\u00e8ixer i hem de lluitar per combatre-ho. I cada any, a finals de juny arriba un dia per sentir-nos orgullosos de la nostra condici\u00f3 i reivindicar-nos com a col\u00b7lectiu menystingut.<\/i><\/p>\n<p>&nbsp;<\/p>\n<p><strong>\u00c9s el Dia Internacional de l&#8217;Orgull LGBTI<\/strong>, que inclou els Gais, Lesbianes, Bisexuals, Transsexuals i Intersexes. El 28 de juny serveix per fer una crida al respecte i a la igualtat vers aquestes persones. La seva realitat est\u00e0 for\u00e7a allunyada del paradigma d\u2019una societat ut\u00f2picament (de moment) tolerant amb la difer\u00e8ncia. Encara hi ha agressions a parelles homosexuals que es besen en p\u00fablic, encara hi ha comentaris hom\u00f2fobs que no s\u00f3n condemnats, encara hi ha gent que divaga sobre les causes de l\u2019homosexualitat sense entendre que \u00e9s quelcom tan profund i arrelat com estimar alg\u00fa del sexe contrari.<\/p>\n<p>A Catalunya, la legislaci\u00f3 comen\u00e7a a acompanyar la lluita pel respecte, per\u00f2 <strong>s\u2019ha de seguir remant sense parar<\/strong>. El 2014 es va aprovar la Llei del dret de les persones LGBTI per tal d\u2019eradicar les situacions de f\u00f2bia cap a la diversitat de g\u00e8nere i sexualitat de les persones. Per\u00f2 lluny d\u2019una cambra tancada i d\u2019unes l\u00ednies escrites sobre un paper, s\u2019ha d\u2019actuar al carrer. Perqu\u00e8 encara queda molt per fer i els esplais, com a entitats de transformaci\u00f3 social, hem de tenir veu en tot plegat. Per aix\u00f2, <strong>des d\u2019Esplais Catalans ens comprometem<\/strong>:<\/p>\n<ul>\n<li>A seguir donant visibilitat i reconeixement a la comunitat LGTBI.<\/li>\n<li>A continuar reivindicant que la Llei contra la LGTBIf\u00f2bia sigui implementada de manera r\u00e0pida i efica\u00e7.<\/li>\n<li>A seguir educant-nos i educant en la diversitat.<\/li>\n<li>A continuar reconeixent les diverses maneres d\u2019estimar.<\/li>\n<li>A ser, com som, un espai d\u2019expressi\u00f3 lliure i sense por.<\/li>\n<li>A prendre consci\u00e8ncia, com a monitores, de la necessitat de commemorar una diada com aquesta per transmetre el missatge a infants i joves.<\/li>\n<li>A tenir clares les situacions de desigualtat a les que s\u2019enfronten les persones LGTBI per encarar-les des d\u2019una altra perspectiva i poder-les explicar als infants i joves.<\/li>\n<li>A continuar treballant per no callar davant actituds i situacions hom\u00f2fobes, transf\u00f2biques i bif\u00f2biques dins dels esplais. I, per tant, denunciar-les.<\/li>\n<li>A promoure la visibilitat, la consci\u00e8ncia i la cr\u00edtica davant de situacions injustes, aprendre dels errors i seguir millorant com a persones i com a col\u00b7lectiu.<\/li>\n<\/ul>\n<p>En definitiva, <strong>els esplais hem d\u2019enfortir el nostre poder de canvi per eradicar les actituds discriminat\u00f2ries i difondre la voluntat de respecte cap a tothom.<\/strong> En aquesta l\u00ednia, el treball amb infants i joves \u00e9s crucial, ja que ells, com a present i futur de la nostra societat s\u00f3n els que han de lluitar per la inclusi\u00f3.<\/p>\n<p>Des dels esplais abanderem el respecte i <strong>avui, com durant tot l\u2019any, onegem sis colors<\/strong>, els de l\u2019arc de Sant Mart\u00ed, el <strong>reflex d\u2019una comunitat que continua lluitant, i a la qual hem donat, donem i sempre donarem el nostre ple suport.<\/strong><\/p>\n<p>&nbsp;<\/p>\n<p><em>** Posicionament aprovat pels esplais d\u2019Esplac mitjan\u00e7ant el <a href=\"http:\/\/www.esplac.cat\/circuit-de-posicionaments-i-adhesions\/\" target=\"_blank\" rel=\"noopener noreferrer\">circuit per aprovar posicionaments i adhesions d\u2019Esplais Catalans<\/a>, segons el qual:<\/em><\/p>\n<p><em>La votaci\u00f3\u00a0ha estat realitzada a trav\u00e9s de l\u2019Esplacnet. Tots els esplais han pogut votar a favor, en blanc o en contra del text proposat al llarg d&#8217;un mes.\u00a0L\u2019acord per aprovar el posicionament ha estat pres\u00a0per majoria absoluta (m\u00e9s vots a favor que la suma dels vots en contra i en blanc) i ha estat necessari, com a m\u00ednim, el vot de 21 esplais (un 20% del total).<\/em><\/p>\n","protected":false},"excerpt":{"rendered":"<p>Ai com me l\u2019estimo! \u00c9s mirar la seva cara i [&hellip;]<\/p>\n","protected":false},"author":3,"featured_media":24247,"comment_status":"closed","ping_status":"open","sticky":false,"template":"","format":"standard","meta":{"om_disable_all_campaigns":false,"_monsterinsights_skip_tracking":false,"_monsterinsights_sitenote_active":false,"_monsterinsights_sitenote_note":"","_monsterinsights_sitenote_category":0,"_uf_show_specific_survey":0,"_uf_disable_surveys":false,"footnotes":""},"categories":[1127,1166,1],"tags":[310,944,500],"class_list":["post-24246","post","type-post","status-publish","format-standard","has-post-thumbnail","hentry","category-comunicats-posicionaments","category-inclusio-i-diversitat","category-sense-categoria","tag-dia-internacional-orgull-lgtb","tag-lgtbifobia","tag-reivindicacio"],"yoast_head":"<!-- This site is optimized with the Yoast SEO plugin v27.4 - https:\/\/yoast.com\/product\/yoast-seo-wordpress\/ -->\n<title>28 de juny: estimem a qui vulguem! - Esplac<\/title>\n<meta name=\"robots\" content=\"index, follow, max-snippet:-1, max-image-preview:large, max-video-preview:-1\" \/>\n<link rel=\"canonical\" href=\"https:\/\/www.esplac.cat\/28-de-juny-estimem-a-qui-vulguem\/\" \/>\n<meta property=\"og:locale\" content=\"en_US\" \/>\n<meta property=\"og:type\" content=\"article\" \/>\n<meta property=\"og:title\" content=\"28 de juny: estimem a qui vulguem! - Esplac\" \/>\n<meta property=\"og:description\" content=\"Ai com me l\u2019estimo! \u00c9s mirar la seva cara i [&hellip;]\" \/>\n<meta property=\"og:url\" content=\"https:\/\/www.esplac.cat\/28-de-juny-estimem-a-qui-vulguem\/\" \/>\n<meta property=\"og:site_name\" content=\"Esplac\" \/>\n<meta property=\"article:published_time\" content=\"2017-06-28T09:23:44+00:00\" \/>\n<meta property=\"article:modified_time\" content=\"2019-11-14T11:36:42+00:00\" \/>\n<meta property=\"og:image\" content=\"https:\/\/www.esplac.cat\/wp-content\/uploads\/2017\/06\/POSICIONAMENTLGTBI.jpg\" \/>\n\t<meta property=\"og:image:width\" content=\"847\" \/>\n\t<meta property=\"og:image:height\" content=\"350\" \/>\n\t<meta property=\"og:image:type\" content=\"image\/jpeg\" \/>\n<meta name=\"author\" content=\"Comunicaci\u00f3 Esplac\" \/>\n<meta name=\"twitter:card\" content=\"summary_large_image\" \/>\n<meta name=\"twitter:label1\" content=\"Written by\" \/>\n\t<meta name=\"twitter:data1\" content=\"Comunicaci\u00f3 Esplac\" \/>\n\t<meta name=\"twitter:label2\" content=\"Est. reading time\" \/>\n\t<meta name=\"twitter:data2\" content=\"4 minutes\" \/>\n<script type=\"application\/ld+json\" class=\"yoast-schema-graph\">{\"@context\":\"https:\\\/\\\/schema.org\",\"@graph\":[{\"@type\":\"Article\",\"@id\":\"https:\\\/\\\/www.esplac.cat\\\/28-de-juny-estimem-a-qui-vulguem\\\/#article\",\"isPartOf\":{\"@id\":\"https:\\\/\\\/www.esplac.cat\\\/28-de-juny-estimem-a-qui-vulguem\\\/\"},\"author\":{\"name\":\"Comunicaci\u00f3 Esplac\",\"@id\":\"https:\\\/\\\/www.esplac.cat\\\/#\\\/schema\\\/person\\\/908383cf240be18b68f8855d0583faca\"},\"headline\":\"28 de juny: estimem a qui vulguem!\",\"datePublished\":\"2017-06-28T09:23:44+00:00\",\"dateModified\":\"2019-11-14T11:36:42+00:00\",\"mainEntityOfPage\":{\"@id\":\"https:\\\/\\\/www.esplac.cat\\\/28-de-juny-estimem-a-qui-vulguem\\\/\"},\"wordCount\":840,\"publisher\":{\"@id\":\"https:\\\/\\\/www.esplac.cat\\\/#organization\"},\"image\":{\"@id\":\"https:\\\/\\\/www.esplac.cat\\\/28-de-juny-estimem-a-qui-vulguem\\\/#primaryimage\"},\"thumbnailUrl\":\"https:\\\/\\\/www.esplac.cat\\\/wp-content\\\/uploads\\\/2017\\\/06\\\/POSICIONAMENTLGTBI.jpg\",\"keywords\":[\"Dia internacional orgull LGTB+\",\"LGTBIf\u00f2bia\",\"reivindicaci\u00f3\"],\"articleSection\":[\"Comunicats i posicionaments\",\"Inclusi\u00f3 i diversitat\",\"Sense categoria\"],\"inLanguage\":\"en-US\"},{\"@type\":\"WebPage\",\"@id\":\"https:\\\/\\\/www.esplac.cat\\\/28-de-juny-estimem-a-qui-vulguem\\\/\",\"url\":\"https:\\\/\\\/www.esplac.cat\\\/28-de-juny-estimem-a-qui-vulguem\\\/\",\"name\":\"28 de juny: estimem a qui vulguem! - Esplac\",\"isPartOf\":{\"@id\":\"https:\\\/\\\/www.esplac.cat\\\/#website\"},\"primaryImageOfPage\":{\"@id\":\"https:\\\/\\\/www.esplac.cat\\\/28-de-juny-estimem-a-qui-vulguem\\\/#primaryimage\"},\"image\":{\"@id\":\"https:\\\/\\\/www.esplac.cat\\\/28-de-juny-estimem-a-qui-vulguem\\\/#primaryimage\"},\"thumbnailUrl\":\"https:\\\/\\\/www.esplac.cat\\\/wp-content\\\/uploads\\\/2017\\\/06\\\/POSICIONAMENTLGTBI.jpg\",\"datePublished\":\"2017-06-28T09:23:44+00:00\",\"dateModified\":\"2019-11-14T11:36:42+00:00\",\"breadcrumb\":{\"@id\":\"https:\\\/\\\/www.esplac.cat\\\/28-de-juny-estimem-a-qui-vulguem\\\/#breadcrumb\"},\"inLanguage\":\"en-US\",\"potentialAction\":[{\"@type\":\"ReadAction\",\"target\":[\"https:\\\/\\\/www.esplac.cat\\\/28-de-juny-estimem-a-qui-vulguem\\\/\"]}]},{\"@type\":\"ImageObject\",\"inLanguage\":\"en-US\",\"@id\":\"https:\\\/\\\/www.esplac.cat\\\/28-de-juny-estimem-a-qui-vulguem\\\/#primaryimage\",\"url\":\"https:\\\/\\\/www.esplac.cat\\\/wp-content\\\/uploads\\\/2017\\\/06\\\/POSICIONAMENTLGTBI.jpg\",\"contentUrl\":\"https:\\\/\\\/www.esplac.cat\\\/wp-content\\\/uploads\\\/2017\\\/06\\\/POSICIONAMENTLGTBI.jpg\",\"width\":847,\"height\":350},{\"@type\":\"BreadcrumbList\",\"@id\":\"https:\\\/\\\/www.esplac.cat\\\/28-de-juny-estimem-a-qui-vulguem\\\/#breadcrumb\",\"itemListElement\":[{\"@type\":\"ListItem\",\"position\":1,\"name\":\"Inici\",\"item\":\"https:\\\/\\\/www.esplac.cat\\\/en\\\/\"},{\"@type\":\"ListItem\",\"position\":2,\"name\":\"28 de juny: estimem a qui vulguem!\"}]},{\"@type\":\"WebSite\",\"@id\":\"https:\\\/\\\/www.esplac.cat\\\/#website\",\"url\":\"https:\\\/\\\/www.esplac.cat\\\/\",\"name\":\"Esplac\",\"description\":\"Esplais Catalans\",\"publisher\":{\"@id\":\"https:\\\/\\\/www.esplac.cat\\\/#organization\"},\"potentialAction\":[{\"@type\":\"SearchAction\",\"target\":{\"@type\":\"EntryPoint\",\"urlTemplate\":\"https:\\\/\\\/www.esplac.cat\\\/?s={search_term_string}\"},\"query-input\":{\"@type\":\"PropertyValueSpecification\",\"valueRequired\":true,\"valueName\":\"search_term_string\"}}],\"inLanguage\":\"en-US\"},{\"@type\":\"Organization\",\"@id\":\"https:\\\/\\\/www.esplac.cat\\\/#organization\",\"name\":\"Esplac\",\"url\":\"https:\\\/\\\/www.esplac.cat\\\/\",\"logo\":{\"@type\":\"ImageObject\",\"inLanguage\":\"en-US\",\"@id\":\"https:\\\/\\\/www.esplac.cat\\\/#\\\/schema\\\/logo\\\/image\\\/\",\"url\":\"https:\\\/\\\/www.esplac.cat\\\/wp-content\\\/uploads\\\/2019\\\/08\\\/logox2.png\",\"contentUrl\":\"https:\\\/\\\/www.esplac.cat\\\/wp-content\\\/uploads\\\/2019\\\/08\\\/logox2.png\",\"width\":600,\"height\":295,\"caption\":\"Esplac\"},\"image\":{\"@id\":\"https:\\\/\\\/www.esplac.cat\\\/#\\\/schema\\\/logo\\\/image\\\/\"}},{\"@type\":\"Person\",\"@id\":\"https:\\\/\\\/www.esplac.cat\\\/#\\\/schema\\\/person\\\/908383cf240be18b68f8855d0583faca\",\"name\":\"Comunicaci\u00f3 Esplac\",\"image\":{\"@type\":\"ImageObject\",\"inLanguage\":\"en-US\",\"@id\":\"https:\\\/\\\/secure.gravatar.com\\\/avatar\\\/7a4cf8feb412a76ea4a740ca02d95b06b2907b5a6c648c2dd0a1082a093c3141?s=96&d=mm&r=g\",\"url\":\"https:\\\/\\\/secure.gravatar.com\\\/avatar\\\/7a4cf8feb412a76ea4a740ca02d95b06b2907b5a6c648c2dd0a1082a093c3141?s=96&d=mm&r=g\",\"contentUrl\":\"https:\\\/\\\/secure.gravatar.com\\\/avatar\\\/7a4cf8feb412a76ea4a740ca02d95b06b2907b5a6c648c2dd0a1082a093c3141?s=96&d=mm&r=g\",\"caption\":\"Comunicaci\u00f3 Esplac\"}}]}<\/script>\n<!-- \/ Yoast SEO plugin. -->","yoast_head_json":{"title":"28 de juny: estimem a qui vulguem! - Esplac","robots":{"index":"index","follow":"follow","max-snippet":"max-snippet:-1","max-image-preview":"max-image-preview:large","max-video-preview":"max-video-preview:-1"},"canonical":"https:\/\/www.esplac.cat\/28-de-juny-estimem-a-qui-vulguem\/","og_locale":"en_US","og_type":"article","og_title":"28 de juny: estimem a qui vulguem! - Esplac","og_description":"Ai com me l\u2019estimo! \u00c9s mirar la seva cara i [&hellip;]","og_url":"https:\/\/www.esplac.cat\/28-de-juny-estimem-a-qui-vulguem\/","og_site_name":"Esplac","article_published_time":"2017-06-28T09:23:44+00:00","article_modified_time":"2019-11-14T11:36:42+00:00","og_image":[{"width":847,"height":350,"url":"https:\/\/www.esplac.cat\/wp-content\/uploads\/2017\/06\/POSICIONAMENTLGTBI.jpg","type":"image\/jpeg"}],"author":"Comunicaci\u00f3 Esplac","twitter_card":"summary_large_image","twitter_misc":{"Written by":"Comunicaci\u00f3 Esplac","Est. reading time":"4 minutes"},"schema":{"@context":"https:\/\/schema.org","@graph":[{"@type":"Article","@id":"https:\/\/www.esplac.cat\/28-de-juny-estimem-a-qui-vulguem\/#article","isPartOf":{"@id":"https:\/\/www.esplac.cat\/28-de-juny-estimem-a-qui-vulguem\/"},"author":{"name":"Comunicaci\u00f3 Esplac","@id":"https:\/\/www.esplac.cat\/#\/schema\/person\/908383cf240be18b68f8855d0583faca"},"headline":"28 de juny: estimem a qui vulguem!","datePublished":"2017-06-28T09:23:44+00:00","dateModified":"2019-11-14T11:36:42+00:00","mainEntityOfPage":{"@id":"https:\/\/www.esplac.cat\/28-de-juny-estimem-a-qui-vulguem\/"},"wordCount":840,"publisher":{"@id":"https:\/\/www.esplac.cat\/#organization"},"image":{"@id":"https:\/\/www.esplac.cat\/28-de-juny-estimem-a-qui-vulguem\/#primaryimage"},"thumbnailUrl":"https:\/\/www.esplac.cat\/wp-content\/uploads\/2017\/06\/POSICIONAMENTLGTBI.jpg","keywords":["Dia internacional orgull LGTB+","LGTBIf\u00f2bia","reivindicaci\u00f3"],"articleSection":["Comunicats i posicionaments","Inclusi\u00f3 i diversitat","Sense categoria"],"inLanguage":"en-US"},{"@type":"WebPage","@id":"https:\/\/www.esplac.cat\/28-de-juny-estimem-a-qui-vulguem\/","url":"https:\/\/www.esplac.cat\/28-de-juny-estimem-a-qui-vulguem\/","name":"28 de juny: estimem a qui vulguem! - Esplac","isPartOf":{"@id":"https:\/\/www.esplac.cat\/#website"},"primaryImageOfPage":{"@id":"https:\/\/www.esplac.cat\/28-de-juny-estimem-a-qui-vulguem\/#primaryimage"},"image":{"@id":"https:\/\/www.esplac.cat\/28-de-juny-estimem-a-qui-vulguem\/#primaryimage"},"thumbnailUrl":"https:\/\/www.esplac.cat\/wp-content\/uploads\/2017\/06\/POSICIONAMENTLGTBI.jpg","datePublished":"2017-06-28T09:23:44+00:00","dateModified":"2019-11-14T11:36:42+00:00","breadcrumb":{"@id":"https:\/\/www.esplac.cat\/28-de-juny-estimem-a-qui-vulguem\/#breadcrumb"},"inLanguage":"en-US","potentialAction":[{"@type":"ReadAction","target":["https:\/\/www.esplac.cat\/28-de-juny-estimem-a-qui-vulguem\/"]}]},{"@type":"ImageObject","inLanguage":"en-US","@id":"https:\/\/www.esplac.cat\/28-de-juny-estimem-a-qui-vulguem\/#primaryimage","url":"https:\/\/www.esplac.cat\/wp-content\/uploads\/2017\/06\/POSICIONAMENTLGTBI.jpg","contentUrl":"https:\/\/www.esplac.cat\/wp-content\/uploads\/2017\/06\/POSICIONAMENTLGTBI.jpg","width":847,"height":350},{"@type":"BreadcrumbList","@id":"https:\/\/www.esplac.cat\/28-de-juny-estimem-a-qui-vulguem\/#breadcrumb","itemListElement":[{"@type":"ListItem","position":1,"name":"Inici","item":"https:\/\/www.esplac.cat\/en\/"},{"@type":"ListItem","position":2,"name":"28 de juny: estimem a qui vulguem!"}]},{"@type":"WebSite","@id":"https:\/\/www.esplac.cat\/#website","url":"https:\/\/www.esplac.cat\/","name":"Esplac","description":"Esplais Catalans","publisher":{"@id":"https:\/\/www.esplac.cat\/#organization"},"potentialAction":[{"@type":"SearchAction","target":{"@type":"EntryPoint","urlTemplate":"https:\/\/www.esplac.cat\/?s={search_term_string}"},"query-input":{"@type":"PropertyValueSpecification","valueRequired":true,"valueName":"search_term_string"}}],"inLanguage":"en-US"},{"@type":"Organization","@id":"https:\/\/www.esplac.cat\/#organization","name":"Esplac","url":"https:\/\/www.esplac.cat\/","logo":{"@type":"ImageObject","inLanguage":"en-US","@id":"https:\/\/www.esplac.cat\/#\/schema\/logo\/image\/","url":"https:\/\/www.esplac.cat\/wp-content\/uploads\/2019\/08\/logox2.png","contentUrl":"https:\/\/www.esplac.cat\/wp-content\/uploads\/2019\/08\/logox2.png","width":600,"height":295,"caption":"Esplac"},"image":{"@id":"https:\/\/www.esplac.cat\/#\/schema\/logo\/image\/"}},{"@type":"Person","@id":"https:\/\/www.esplac.cat\/#\/schema\/person\/908383cf240be18b68f8855d0583faca","name":"Comunicaci\u00f3 Esplac","image":{"@type":"ImageObject","inLanguage":"en-US","@id":"https:\/\/secure.gravatar.com\/avatar\/7a4cf8feb412a76ea4a740ca02d95b06b2907b5a6c648c2dd0a1082a093c3141?s=96&d=mm&r=g","url":"https:\/\/secure.gravatar.com\/avatar\/7a4cf8feb412a76ea4a740ca02d95b06b2907b5a6c648c2dd0a1082a093c3141?s=96&d=mm&r=g","contentUrl":"https:\/\/secure.gravatar.com\/avatar\/7a4cf8feb412a76ea4a740ca02d95b06b2907b5a6c648c2dd0a1082a093c3141?s=96&d=mm&r=g","caption":"Comunicaci\u00f3 Esplac"}}]}},"_links":{"self":[{"href":"https:\/\/www.esplac.cat\/en\/wp-json\/wp\/v2\/posts\/24246","targetHints":{"allow":["GET"]}}],"collection":[{"href":"https:\/\/www.esplac.cat\/en\/wp-json\/wp\/v2\/posts"}],"about":[{"href":"https:\/\/www.esplac.cat\/en\/wp-json\/wp\/v2\/types\/post"}],"author":[{"embeddable":true,"href":"https:\/\/www.esplac.cat\/en\/wp-json\/wp\/v2\/users\/3"}],"replies":[{"embeddable":true,"href":"https:\/\/www.esplac.cat\/en\/wp-json\/wp\/v2\/comments?post=24246"}],"version-history":[{"count":0,"href":"https:\/\/www.esplac.cat\/en\/wp-json\/wp\/v2\/posts\/24246\/revisions"}],"wp:featuredmedia":[{"embeddable":true,"href":"https:\/\/www.esplac.cat\/en\/wp-json\/wp\/v2\/media\/24247"}],"wp:attachment":[{"href":"https:\/\/www.esplac.cat\/en\/wp-json\/wp\/v2\/media?parent=24246"}],"wp:term":[{"taxonomy":"category","embeddable":true,"href":"https:\/\/www.esplac.cat\/en\/wp-json\/wp\/v2\/categories?post=24246"},{"taxonomy":"post_tag","embeddable":true,"href":"https:\/\/www.esplac.cat\/en\/wp-json\/wp\/v2\/tags?post=24246"}],"curies":[{"name":"wp","href":"https:\/\/api.w.org\/{rel}","templated":true}]}}