{"id":24269,"date":"2017-05-31T11:12:58","date_gmt":"2017-05-31T09:12:58","guid":{"rendered":"http:\/\/www.esplac.cat\/?p=15072"},"modified":"2019-09-30T17:40:06","modified_gmt":"2019-09-30T15:40:06","slug":"els-de-pages-vivim-intensament-la-trobada-de-sector","status":"publish","type":"post","link":"https:\/\/www.esplac.cat\/en\/els-de-pages-vivim-intensament-la-trobada-de-sector\/","title":{"rendered":"Els de pag\u00e8s vivim intensament la Trobada de Sector!"},"content":{"rendered":"<h4>Prop de dos-cents participants provinents dels esplais G\u00fcitxi-G\u00fcitxi, 100 Teies i Papu Tisores, ens vam trobar el passat 20 de maig a Centelles per celebrar la Trobada General del Sector Osona Ripoll\u00e8s.<\/h4>\n<p>Ens vam trobar a les 11.30h al costat de l&#8217;Institut. El groc del sol que ja escalfava ens prometia un cap de setmana ple d&#8217;aventures i diversi\u00f3 esplaiera. Per amenitzar-ho encara m\u00e9s, enguany compt\u00e0vem amb la pres\u00e8ncia de l&#8217;esplai Papu Tisores com a convidats del sector Girona, que es van sumar a la trobada.<\/p>\n<p>Amb l&#8217;energia habitual, vam comen\u00e7ar amb els jocs de coneixen\u00e7a distribu\u00efts per grups, cadasc\u00fa a l&#8217;espai que el grup d&#8217;edat tenia assignat.<\/p>\n<p>Per dinar vam reunir-nos tots al Pla del Mestre i fins les quatre de la tarda vam estar junts. A la tarda ens vam dividir per grups d&#8217;edat i cadasc\u00fa va fer un joc de descoberta de l&#8217;entorn pel poble. Es van fer gimcanes i jocs diversos pels carrers i espais de Centelles.<\/p>\n<p>El sopar de dissabte el vam fer per separat. Cada grup d&#8217;edat va sopar a l&#8217;espai que tenia assignat, i despr\u00e9s vam fer el joc de nit corresponent.<\/p>\n<p>L&#8217;endem\u00e0, despr\u00e9s d&#8217;esmorzar ens vam trobar tots per anar d&#8217;excursi\u00f3 a la Font Grossa i al Salt del Purgatori. All\u00e0 vam dinar i, despr\u00e9s, ens vam adonar, sense haver tingut temps de pensar-hi abans, que s&#8217;acabava el cap de setmana i que era l&#8217;hora de tornar a casa.<\/p>\n<p>Un cop m\u00e9s l&#8217;energia de l&#8217;esplai va ser present a les activitats del sector Osona Ripoll\u00e8s per fer de la trobada de sector, unes jornades ben especials!<\/p>\n","protected":false},"excerpt":{"rendered":"<p>Prop de dos-cents participants provinents dels esplais G\u00fcitxi-G\u00fcitxi, 100 Teies [&hellip;]<\/p>\n","protected":false},"author":3,"featured_media":24270,"comment_status":"closed","ping_status":"open","sticky":false,"template":"","format":"standard","meta":{"om_disable_all_campaigns":false,"_monsterinsights_skip_tracking":false,"_monsterinsights_sitenote_active":false,"_monsterinsights_sitenote_note":"","_monsterinsights_sitenote_category":0,"_uf_show_specific_survey":0,"_uf_disable_surveys":false,"footnotes":""},"categories":[1120,1],"tags":[923,924,860],"class_list":["post-24269","post","type-post","status-publish","format-standard","has-post-thumbnail","hentry","category-sector-ripolles-osona-i-moianes","category-sense-categoria","tag-centelles","tag-pla-del-mestre","tag-trobada-general-de-sector"],"yoast_head":"<!-- This site is optimized with the Yoast SEO plugin v27.5 - https:\/\/yoast.com\/product\/yoast-seo-wordpress\/ -->\n<title>Els de pag\u00e8s vivim intensament la Trobada de Sector! - Esplac<\/title>\n<meta name=\"robots\" content=\"index, follow, max-snippet:-1, max-image-preview:large, max-video-preview:-1\" \/>\n<link rel=\"canonical\" href=\"https:\/\/www.esplac.cat\/en\/els-de-pages-vivim-intensament-la-trobada-de-sector\/\" \/>\n<meta property=\"og:locale\" content=\"en_US\" \/>\n<meta property=\"og:type\" content=\"article\" \/>\n<meta property=\"og:title\" content=\"Els de pag\u00e8s vivim intensament la Trobada de Sector! - Esplac\" \/>\n<meta property=\"og:description\" content=\"Prop de dos-cents participants provinents dels esplais G\u00fcitxi-G\u00fcitxi, 100 Teies [&hellip;]\" \/>\n<meta property=\"og:url\" content=\"https:\/\/www.esplac.cat\/en\/els-de-pages-vivim-intensament-la-trobada-de-sector\/\" \/>\n<meta property=\"og:site_name\" content=\"Esplac\" \/>\n<meta property=\"article:published_time\" content=\"2017-05-31T09:12:58+00:00\" \/>\n<meta property=\"article:modified_time\" content=\"2019-09-30T15:40:06+00:00\" \/>\n<meta property=\"og:image\" content=\"https:\/\/www.esplac.cat\/wp-content\/uploads\/2017\/05\/osonaripo.jpg\" \/>\n\t<meta property=\"og:image:width\" content=\"847\" \/>\n\t<meta property=\"og:image:height\" content=\"350\" \/>\n\t<meta property=\"og:image:type\" content=\"image\/jpeg\" \/>\n<meta name=\"author\" content=\"Comunicaci\u00f3 Esplac\" \/>\n<meta name=\"twitter:card\" content=\"summary_large_image\" \/>\n<meta name=\"twitter:label1\" content=\"Written by\" \/>\n\t<meta name=\"twitter:data1\" content=\"Comunicaci\u00f3 Esplac\" \/>\n\t<meta name=\"twitter:label2\" content=\"Est. reading time\" \/>\n\t<meta name=\"twitter:data2\" content=\"1 minute\" \/>\n<script type=\"application\/ld+json\" class=\"yoast-schema-graph\">{\"@context\":\"https:\\\/\\\/schema.org\",\"@graph\":[{\"@type\":\"Article\",\"@id\":\"https:\\\/\\\/www.esplac.cat\\\/en\\\/els-de-pages-vivim-intensament-la-trobada-de-sector\\\/#article\",\"isPartOf\":{\"@id\":\"https:\\\/\\\/www.esplac.cat\\\/en\\\/els-de-pages-vivim-intensament-la-trobada-de-sector\\\/\"},\"author\":{\"name\":\"Comunicaci\u00f3 Esplac\",\"@id\":\"https:\\\/\\\/www.esplac.cat\\\/#\\\/schema\\\/person\\\/908383cf240be18b68f8855d0583faca\"},\"headline\":\"Els de pag\u00e8s vivim intensament la Trobada de Sector!\",\"datePublished\":\"2017-05-31T09:12:58+00:00\",\"dateModified\":\"2019-09-30T15:40:06+00:00\",\"mainEntityOfPage\":{\"@id\":\"https:\\\/\\\/www.esplac.cat\\\/en\\\/els-de-pages-vivim-intensament-la-trobada-de-sector\\\/\"},\"wordCount\":303,\"publisher\":{\"@id\":\"https:\\\/\\\/www.esplac.cat\\\/#organization\"},\"image\":{\"@id\":\"https:\\\/\\\/www.esplac.cat\\\/en\\\/els-de-pages-vivim-intensament-la-trobada-de-sector\\\/#primaryimage\"},\"thumbnailUrl\":\"https:\\\/\\\/www.esplac.cat\\\/wp-content\\\/uploads\\\/2017\\\/05\\\/osonaripo.jpg\",\"keywords\":[\"Centelles\",\"Pla del Mestre\",\"trobada general de sector\"],\"articleSection\":[\"Sector Ripoll\u00e8s, Osona i Moian\u00e8s\",\"Sense categoria\"],\"inLanguage\":\"en-US\"},{\"@type\":\"WebPage\",\"@id\":\"https:\\\/\\\/www.esplac.cat\\\/en\\\/els-de-pages-vivim-intensament-la-trobada-de-sector\\\/\",\"url\":\"https:\\\/\\\/www.esplac.cat\\\/en\\\/els-de-pages-vivim-intensament-la-trobada-de-sector\\\/\",\"name\":\"Els de pag\u00e8s vivim intensament la Trobada de Sector! - Esplac\",\"isPartOf\":{\"@id\":\"https:\\\/\\\/www.esplac.cat\\\/#website\"},\"primaryImageOfPage\":{\"@id\":\"https:\\\/\\\/www.esplac.cat\\\/en\\\/els-de-pages-vivim-intensament-la-trobada-de-sector\\\/#primaryimage\"},\"image\":{\"@id\":\"https:\\\/\\\/www.esplac.cat\\\/en\\\/els-de-pages-vivim-intensament-la-trobada-de-sector\\\/#primaryimage\"},\"thumbnailUrl\":\"https:\\\/\\\/www.esplac.cat\\\/wp-content\\\/uploads\\\/2017\\\/05\\\/osonaripo.jpg\",\"datePublished\":\"2017-05-31T09:12:58+00:00\",\"dateModified\":\"2019-09-30T15:40:06+00:00\",\"breadcrumb\":{\"@id\":\"https:\\\/\\\/www.esplac.cat\\\/en\\\/els-de-pages-vivim-intensament-la-trobada-de-sector\\\/#breadcrumb\"},\"inLanguage\":\"en-US\",\"potentialAction\":[{\"@type\":\"ReadAction\",\"target\":[\"https:\\\/\\\/www.esplac.cat\\\/en\\\/els-de-pages-vivim-intensament-la-trobada-de-sector\\\/\"]}]},{\"@type\":\"ImageObject\",\"inLanguage\":\"en-US\",\"@id\":\"https:\\\/\\\/www.esplac.cat\\\/en\\\/els-de-pages-vivim-intensament-la-trobada-de-sector\\\/#primaryimage\",\"url\":\"https:\\\/\\\/www.esplac.cat\\\/wp-content\\\/uploads\\\/2017\\\/05\\\/osonaripo.jpg\",\"contentUrl\":\"https:\\\/\\\/www.esplac.cat\\\/wp-content\\\/uploads\\\/2017\\\/05\\\/osonaripo.jpg\",\"width\":847,\"height\":350},{\"@type\":\"BreadcrumbList\",\"@id\":\"https:\\\/\\\/www.esplac.cat\\\/en\\\/els-de-pages-vivim-intensament-la-trobada-de-sector\\\/#breadcrumb\",\"itemListElement\":[{\"@type\":\"ListItem\",\"position\":1,\"name\":\"Inici\",\"item\":\"https:\\\/\\\/www.esplac.cat\\\/en\\\/\"},{\"@type\":\"ListItem\",\"position\":2,\"name\":\"Els de pag\u00e8s vivim intensament la Trobada de Sector!\"}]},{\"@type\":\"WebSite\",\"@id\":\"https:\\\/\\\/www.esplac.cat\\\/#website\",\"url\":\"https:\\\/\\\/www.esplac.cat\\\/\",\"name\":\"Esplac\",\"description\":\"Esplais Catalans\",\"publisher\":{\"@id\":\"https:\\\/\\\/www.esplac.cat\\\/#organization\"},\"potentialAction\":[{\"@type\":\"SearchAction\",\"target\":{\"@type\":\"EntryPoint\",\"urlTemplate\":\"https:\\\/\\\/www.esplac.cat\\\/?s={search_term_string}\"},\"query-input\":{\"@type\":\"PropertyValueSpecification\",\"valueRequired\":true,\"valueName\":\"search_term_string\"}}],\"inLanguage\":\"en-US\"},{\"@type\":\"Organization\",\"@id\":\"https:\\\/\\\/www.esplac.cat\\\/#organization\",\"name\":\"Esplac\",\"url\":\"https:\\\/\\\/www.esplac.cat\\\/\",\"logo\":{\"@type\":\"ImageObject\",\"inLanguage\":\"en-US\",\"@id\":\"https:\\\/\\\/www.esplac.cat\\\/#\\\/schema\\\/logo\\\/image\\\/\",\"url\":\"https:\\\/\\\/www.esplac.cat\\\/wp-content\\\/uploads\\\/2019\\\/08\\\/logox2.png\",\"contentUrl\":\"https:\\\/\\\/www.esplac.cat\\\/wp-content\\\/uploads\\\/2019\\\/08\\\/logox2.png\",\"width\":600,\"height\":295,\"caption\":\"Esplac\"},\"image\":{\"@id\":\"https:\\\/\\\/www.esplac.cat\\\/#\\\/schema\\\/logo\\\/image\\\/\"}},{\"@type\":\"Person\",\"@id\":\"https:\\\/\\\/www.esplac.cat\\\/#\\\/schema\\\/person\\\/908383cf240be18b68f8855d0583faca\",\"name\":\"Comunicaci\u00f3 Esplac\",\"image\":{\"@type\":\"ImageObject\",\"inLanguage\":\"en-US\",\"@id\":\"https:\\\/\\\/secure.gravatar.com\\\/avatar\\\/7a4cf8feb412a76ea4a740ca02d95b06b2907b5a6c648c2dd0a1082a093c3141?s=96&d=mm&r=g\",\"url\":\"https:\\\/\\\/secure.gravatar.com\\\/avatar\\\/7a4cf8feb412a76ea4a740ca02d95b06b2907b5a6c648c2dd0a1082a093c3141?s=96&d=mm&r=g\",\"contentUrl\":\"https:\\\/\\\/secure.gravatar.com\\\/avatar\\\/7a4cf8feb412a76ea4a740ca02d95b06b2907b5a6c648c2dd0a1082a093c3141?s=96&d=mm&r=g\",\"caption\":\"Comunicaci\u00f3 Esplac\"}}]}<\/script>\n<!-- \/ Yoast SEO plugin. -->","yoast_head_json":{"title":"Els de pag\u00e8s vivim intensament la Trobada de Sector! - Esplac","robots":{"index":"index","follow":"follow","max-snippet":"max-snippet:-1","max-image-preview":"max-image-preview:large","max-video-preview":"max-video-preview:-1"},"canonical":"https:\/\/www.esplac.cat\/en\/els-de-pages-vivim-intensament-la-trobada-de-sector\/","og_locale":"en_US","og_type":"article","og_title":"Els de pag\u00e8s vivim intensament la Trobada de Sector! - Esplac","og_description":"Prop de dos-cents participants provinents dels esplais G\u00fcitxi-G\u00fcitxi, 100 Teies [&hellip;]","og_url":"https:\/\/www.esplac.cat\/en\/els-de-pages-vivim-intensament-la-trobada-de-sector\/","og_site_name":"Esplac","article_published_time":"2017-05-31T09:12:58+00:00","article_modified_time":"2019-09-30T15:40:06+00:00","og_image":[{"width":847,"height":350,"url":"https:\/\/www.esplac.cat\/wp-content\/uploads\/2017\/05\/osonaripo.jpg","type":"image\/jpeg"}],"author":"Comunicaci\u00f3 Esplac","twitter_card":"summary_large_image","twitter_misc":{"Written by":"Comunicaci\u00f3 Esplac","Est. reading time":"1 minute"},"schema":{"@context":"https:\/\/schema.org","@graph":[{"@type":"Article","@id":"https:\/\/www.esplac.cat\/en\/els-de-pages-vivim-intensament-la-trobada-de-sector\/#article","isPartOf":{"@id":"https:\/\/www.esplac.cat\/en\/els-de-pages-vivim-intensament-la-trobada-de-sector\/"},"author":{"name":"Comunicaci\u00f3 Esplac","@id":"https:\/\/www.esplac.cat\/#\/schema\/person\/908383cf240be18b68f8855d0583faca"},"headline":"Els de pag\u00e8s vivim intensament la Trobada de Sector!","datePublished":"2017-05-31T09:12:58+00:00","dateModified":"2019-09-30T15:40:06+00:00","mainEntityOfPage":{"@id":"https:\/\/www.esplac.cat\/en\/els-de-pages-vivim-intensament-la-trobada-de-sector\/"},"wordCount":303,"publisher":{"@id":"https:\/\/www.esplac.cat\/#organization"},"image":{"@id":"https:\/\/www.esplac.cat\/en\/els-de-pages-vivim-intensament-la-trobada-de-sector\/#primaryimage"},"thumbnailUrl":"https:\/\/www.esplac.cat\/wp-content\/uploads\/2017\/05\/osonaripo.jpg","keywords":["Centelles","Pla del Mestre","trobada general de sector"],"articleSection":["Sector Ripoll\u00e8s, Osona i Moian\u00e8s","Sense categoria"],"inLanguage":"en-US"},{"@type":"WebPage","@id":"https:\/\/www.esplac.cat\/en\/els-de-pages-vivim-intensament-la-trobada-de-sector\/","url":"https:\/\/www.esplac.cat\/en\/els-de-pages-vivim-intensament-la-trobada-de-sector\/","name":"Els de pag\u00e8s vivim intensament la Trobada de Sector! - Esplac","isPartOf":{"@id":"https:\/\/www.esplac.cat\/#website"},"primaryImageOfPage":{"@id":"https:\/\/www.esplac.cat\/en\/els-de-pages-vivim-intensament-la-trobada-de-sector\/#primaryimage"},"image":{"@id":"https:\/\/www.esplac.cat\/en\/els-de-pages-vivim-intensament-la-trobada-de-sector\/#primaryimage"},"thumbnailUrl":"https:\/\/www.esplac.cat\/wp-content\/uploads\/2017\/05\/osonaripo.jpg","datePublished":"2017-05-31T09:12:58+00:00","dateModified":"2019-09-30T15:40:06+00:00","breadcrumb":{"@id":"https:\/\/www.esplac.cat\/en\/els-de-pages-vivim-intensament-la-trobada-de-sector\/#breadcrumb"},"inLanguage":"en-US","potentialAction":[{"@type":"ReadAction","target":["https:\/\/www.esplac.cat\/en\/els-de-pages-vivim-intensament-la-trobada-de-sector\/"]}]},{"@type":"ImageObject","inLanguage":"en-US","@id":"https:\/\/www.esplac.cat\/en\/els-de-pages-vivim-intensament-la-trobada-de-sector\/#primaryimage","url":"https:\/\/www.esplac.cat\/wp-content\/uploads\/2017\/05\/osonaripo.jpg","contentUrl":"https:\/\/www.esplac.cat\/wp-content\/uploads\/2017\/05\/osonaripo.jpg","width":847,"height":350},{"@type":"BreadcrumbList","@id":"https:\/\/www.esplac.cat\/en\/els-de-pages-vivim-intensament-la-trobada-de-sector\/#breadcrumb","itemListElement":[{"@type":"ListItem","position":1,"name":"Inici","item":"https:\/\/www.esplac.cat\/en\/"},{"@type":"ListItem","position":2,"name":"Els de pag\u00e8s vivim intensament la Trobada de Sector!"}]},{"@type":"WebSite","@id":"https:\/\/www.esplac.cat\/#website","url":"https:\/\/www.esplac.cat\/","name":"Esplac","description":"Esplais Catalans","publisher":{"@id":"https:\/\/www.esplac.cat\/#organization"},"potentialAction":[{"@type":"SearchAction","target":{"@type":"EntryPoint","urlTemplate":"https:\/\/www.esplac.cat\/?s={search_term_string}"},"query-input":{"@type":"PropertyValueSpecification","valueRequired":true,"valueName":"search_term_string"}}],"inLanguage":"en-US"},{"@type":"Organization","@id":"https:\/\/www.esplac.cat\/#organization","name":"Esplac","url":"https:\/\/www.esplac.cat\/","logo":{"@type":"ImageObject","inLanguage":"en-US","@id":"https:\/\/www.esplac.cat\/#\/schema\/logo\/image\/","url":"https:\/\/www.esplac.cat\/wp-content\/uploads\/2019\/08\/logox2.png","contentUrl":"https:\/\/www.esplac.cat\/wp-content\/uploads\/2019\/08\/logox2.png","width":600,"height":295,"caption":"Esplac"},"image":{"@id":"https:\/\/www.esplac.cat\/#\/schema\/logo\/image\/"}},{"@type":"Person","@id":"https:\/\/www.esplac.cat\/#\/schema\/person\/908383cf240be18b68f8855d0583faca","name":"Comunicaci\u00f3 Esplac","image":{"@type":"ImageObject","inLanguage":"en-US","@id":"https:\/\/secure.gravatar.com\/avatar\/7a4cf8feb412a76ea4a740ca02d95b06b2907b5a6c648c2dd0a1082a093c3141?s=96&d=mm&r=g","url":"https:\/\/secure.gravatar.com\/avatar\/7a4cf8feb412a76ea4a740ca02d95b06b2907b5a6c648c2dd0a1082a093c3141?s=96&d=mm&r=g","contentUrl":"https:\/\/secure.gravatar.com\/avatar\/7a4cf8feb412a76ea4a740ca02d95b06b2907b5a6c648c2dd0a1082a093c3141?s=96&d=mm&r=g","caption":"Comunicaci\u00f3 Esplac"}}]}},"_links":{"self":[{"href":"https:\/\/www.esplac.cat\/en\/wp-json\/wp\/v2\/posts\/24269","targetHints":{"allow":["GET"]}}],"collection":[{"href":"https:\/\/www.esplac.cat\/en\/wp-json\/wp\/v2\/posts"}],"about":[{"href":"https:\/\/www.esplac.cat\/en\/wp-json\/wp\/v2\/types\/post"}],"author":[{"embeddable":true,"href":"https:\/\/www.esplac.cat\/en\/wp-json\/wp\/v2\/users\/3"}],"replies":[{"embeddable":true,"href":"https:\/\/www.esplac.cat\/en\/wp-json\/wp\/v2\/comments?post=24269"}],"version-history":[{"count":0,"href":"https:\/\/www.esplac.cat\/en\/wp-json\/wp\/v2\/posts\/24269\/revisions"}],"wp:featuredmedia":[{"embeddable":true,"href":"https:\/\/www.esplac.cat\/en\/wp-json\/wp\/v2\/media\/24270"}],"wp:attachment":[{"href":"https:\/\/www.esplac.cat\/en\/wp-json\/wp\/v2\/media?parent=24269"}],"wp:term":[{"taxonomy":"category","embeddable":true,"href":"https:\/\/www.esplac.cat\/en\/wp-json\/wp\/v2\/categories?post=24269"},{"taxonomy":"post_tag","embeddable":true,"href":"https:\/\/www.esplac.cat\/en\/wp-json\/wp\/v2\/tags?post=24269"}],"curies":[{"name":"wp","href":"https:\/\/api.w.org\/{rel}","templated":true}]}}