{"id":24277,"date":"2017-05-29T15:10:38","date_gmt":"2017-05-29T13:10:38","guid":{"rendered":"http:\/\/www.esplac.cat\/?p=15049"},"modified":"2019-09-30T17:40:13","modified_gmt":"2019-09-30T15:40:13","slug":"convocatoria_tecnica_comunicacio","status":"publish","type":"post","link":"https:\/\/www.esplac.cat\/en\/convocatoria_tecnica_comunicacio\/","title":{"rendered":"Obrim pla\u00e7a de t\u00e8cnic\/a de comunicaci\u00f3"},"content":{"rendered":"<p><strong>Volem comunicar-vos que hem obert un termini per a la presentacio\u0301 de curri\u0301culums amb l\u2019objectiu de cobrir una plac\u0327a de te\u0300cnic\/a de suport a la comunicacio\u0301 d&#8217;Esplais Catalans.<\/strong><\/p>\n<p>Busquem una persona que doni suport a l&#8217;a\u0300rea de comunicacio\u0301, fent equip amb el Cap de Comunicacio\u0301, en les diverses tasques que s&#8217;hi desenvolupen: gestio\u0301 de les xarxes socials, edicio\u0301 de vi\u0301deos, comunicacio\u0301 corporativa, desenvolupament de campanyes de sensibilitzacio\u0301, redaccio\u0301 i publicacio\u0301 de noticies, entre d&#8217;altres tasques contemplades en el pla de comunicacio\u0301 de l&#8217;entitat.<\/p>\n<p><strong>El termini finalitza el dia 12 de juny de 2017<\/strong>. Els curri\u0301culums i les cartes de motivacio\u0301 les heu de fer arribar a <strong>esplac@esplac.cat<\/strong> amb la refere\u0300ncia <strong>SuportComunicacio\u0301ST<\/strong> a l&#8217;assumpte del mail.<\/p>\n<p><strong>Funcions:<\/strong><br \/>\n\u2022 Suport a l&#8217;execucio\u0301 del pla de comunicacio\u0301 intern i extern.<br \/>\n\u2022 Gravacio\u0301 i edicio\u0301 de vi\u0301deo.<br \/>\n\u2022 Redaccio\u0301 i correccio\u0301 de noticies.<br \/>\n\u2022 Actualitzacio\u0301 de continguts als llocs web i xarxes socials de l&#8217;entitat. \u2022 Seguiment i manteniment de campanyes a xarxes socials.<br \/>\n\u2022 Maquetacio\u0301 de publicacions digitals i disseny de cartells.<br \/>\n\u2022 Suport en la gestio\u0301 de la identitat corporativa i les publicacions d&#8217;Esplais Catalans.<br \/>\n\u2022 Redaccio\u0301, seguiment i avaluacio\u0301 de projectes i activitats de nits en el Pla de treball d&#8217;Esplais Catalans i assignats a la posicio\u0301.<br \/>\n\u2022 Coordinacio\u0301 amb la Cap de Comunicacio\u0301 per a les funcions assignades i d&#8217;altres que puguin sorgir.<\/p>\n<p><strong>Es demana:<\/strong><br \/>\n\u2022 Titulacio\u0301 universita\u0300ria acabada o en curs en el camp del periodisme, comunicacio\u0301 audiovisual o publicitat. \u2022 Coneixements i habilitats en edicio\u0301 de vi\u0301deo i imatges.<br \/>\n\u2022 Coneixements i habilitats en disseny gra\u0300 c, fotogra a i gestio\u0301 web.<br \/>\n\u2022 Tenir menys de 30 anys.<br \/>\n\u2022 Nivell alt de catala\u0300 i castella\u0300 i bon nivell d&#8217;Angle\u0300s.<br \/>\n\u2022 Compete\u0300ncia escrita: redaccio\u0301 de projectes, memo\u0300ries, articles, notes de premsa i altra documentacio\u0301.<br \/>\n\u2022 Domini del gestor de continguts web WordPress.<br \/>\n\u2022 Coneixements en gestio\u0301 de comunitats (community management).<br \/>\n\u2022 Capacitat d&#8217;organitzacio\u0301, gestio\u0301 del temps, treball en equip, autonomia personal, exibilitat i adaptabilitat.<br \/>\n\u2022 Assiste\u0300ncia a reunions o activitats d\u2019especial intere\u0300s fora de l\u2019horari laboral, vocacio\u0301 de servei als esplais i compromi\u0301s amb els valors d&#8217;Esplais Catalans.<br \/>\n\u2022 Coneixement i experie\u0300ncia en l&#8217;a\u0300mbit de l&#8217;associacionisme educatiu i els esplais.<\/p>\n<p><strong>Es valorara\u0300:<\/strong><br \/>\n\u2022 Coneixement de treball per projectes.<br \/>\n\u2022 Coneixements ba\u0300sics en programes d\u2019animacio\u0301.<br \/>\n\u2022 Coneixement d\u2019altres idiomes.<br \/>\n\u2022 Coneixement en programacio\u0301 web.<br \/>\n\u2022 Coneixement en temes especi\u0301 cs relacionats amb el projecte educatiu d&#8217;Esplais Catalans.<br \/>\n\u2022 Facilitat per cone\u0300ixer noves eines de treball.<\/p>\n<p><strong>Condicions laborals:<\/strong><br \/>\n\u2022 Contracte de 15 hores setmanals. Sou segons l\u2019escala salarial de l\u2019entitat (6.377,85\u20ac bruts anuals).<br \/>\n\u2022 2 mesos de prova.<br \/>\n\u2022 Incorporacio\u0301 immediata.<br \/>\n\u2022 Lloc de treball habitual: Barcelona.<\/p>\n<p>Tot esperant rebre les vostres sol\u00b7licituds, rebeu una molt cordial salutacio\u0301.<\/p>\n","protected":false},"excerpt":{"rendered":"<p>Volem comunicar-vos que hem obert un termini per a la [&hellip;]<\/p>\n","protected":false},"author":3,"featured_media":24233,"comment_status":"closed","ping_status":"open","sticky":false,"template":"","format":"standard","meta":{"om_disable_all_campaigns":false,"_monsterinsights_skip_tracking":false,"_monsterinsights_sitenote_active":false,"_monsterinsights_sitenote_note":"","_monsterinsights_sitenote_category":0,"_uf_show_specific_survey":0,"_uf_disable_surveys":false,"footnotes":""},"categories":[1116,1],"tags":[297,562,920],"class_list":["post-24277","post","type-post","status-publish","format-standard","has-post-thumbnail","hentry","category-secretaria-esplac","category-sense-categoria","tag-convocatories-de-feina","tag-oferta-laboral","tag-suport-a-la-comunicacio"],"yoast_head":"<!-- This site is optimized with the Yoast SEO plugin v27.4 - https:\/\/yoast.com\/product\/yoast-seo-wordpress\/ -->\n<title>Obrim pla\u00e7a de t\u00e8cnic\/a de comunicaci\u00f3 - Esplac<\/title>\n<meta name=\"robots\" content=\"index, follow, max-snippet:-1, max-image-preview:large, max-video-preview:-1\" \/>\n<link rel=\"canonical\" href=\"https:\/\/www.esplac.cat\/es\/convocatoria_tecnica_comunicacio\/\" \/>\n<meta property=\"og:locale\" content=\"en_US\" \/>\n<meta property=\"og:type\" content=\"article\" \/>\n<meta property=\"og:title\" content=\"Obrim pla\u00e7a de t\u00e8cnic\/a de comunicaci\u00f3 - Esplac\" \/>\n<meta property=\"og:description\" content=\"Volem comunicar-vos que hem obert un termini per a la [&hellip;]\" \/>\n<meta property=\"og:url\" content=\"https:\/\/www.esplac.cat\/es\/convocatoria_tecnica_comunicacio\/\" \/>\n<meta property=\"og:site_name\" content=\"Esplac\" \/>\n<meta property=\"article:published_time\" content=\"2017-05-29T13:10:38+00:00\" \/>\n<meta property=\"article:modified_time\" content=\"2019-09-30T15:40:13+00:00\" \/>\n<meta property=\"og:image\" content=\"https:\/\/www.esplac.cat\/wp-content\/uploads\/2017\/05\/Noti_Web_Valles_AGO-2.jpg\" \/>\n\t<meta property=\"og:image:width\" content=\"847\" \/>\n\t<meta property=\"og:image:height\" content=\"350\" \/>\n\t<meta property=\"og:image:type\" content=\"image\/jpeg\" \/>\n<meta name=\"author\" content=\"Comunicaci\u00f3 Esplac\" \/>\n<meta name=\"twitter:card\" content=\"summary_large_image\" \/>\n<meta name=\"twitter:label1\" content=\"Written by\" \/>\n\t<meta name=\"twitter:data1\" content=\"Comunicaci\u00f3 Esplac\" \/>\n\t<meta name=\"twitter:label2\" content=\"Est. reading time\" \/>\n\t<meta name=\"twitter:data2\" content=\"2 minutes\" \/>\n<script type=\"application\/ld+json\" class=\"yoast-schema-graph\">{\"@context\":\"https:\\\/\\\/schema.org\",\"@graph\":[{\"@type\":\"Article\",\"@id\":\"https:\\\/\\\/www.esplac.cat\\\/es\\\/convocatoria_tecnica_comunicacio\\\/#article\",\"isPartOf\":{\"@id\":\"https:\\\/\\\/www.esplac.cat\\\/es\\\/convocatoria_tecnica_comunicacio\\\/\"},\"author\":{\"name\":\"Comunicaci\u00f3 Esplac\",\"@id\":\"https:\\\/\\\/www.esplac.cat\\\/#\\\/schema\\\/person\\\/908383cf240be18b68f8855d0583faca\"},\"headline\":\"Obrim pla\u00e7a de t\u00e8cnic\\\/a de comunicaci\u00f3\",\"datePublished\":\"2017-05-29T13:10:38+00:00\",\"dateModified\":\"2019-09-30T15:40:13+00:00\",\"mainEntityOfPage\":{\"@id\":\"https:\\\/\\\/www.esplac.cat\\\/es\\\/convocatoria_tecnica_comunicacio\\\/\"},\"wordCount\":469,\"publisher\":{\"@id\":\"https:\\\/\\\/www.esplac.cat\\\/#organization\"},\"image\":{\"@id\":\"https:\\\/\\\/www.esplac.cat\\\/es\\\/convocatoria_tecnica_comunicacio\\\/#primaryimage\"},\"thumbnailUrl\":\"https:\\\/\\\/www.esplac.cat\\\/wp-content\\\/uploads\\\/2017\\\/05\\\/Noti_Web_Valles_AGO-2.jpg\",\"keywords\":[\"convocat\u00f2ries de feina\",\"oferta laboral\",\"suport a la comunicaci\u00f3\"],\"articleSection\":[\"Secretaria T\u00e8cnica\",\"Sense categoria\"],\"inLanguage\":\"en-US\"},{\"@type\":\"WebPage\",\"@id\":\"https:\\\/\\\/www.esplac.cat\\\/es\\\/convocatoria_tecnica_comunicacio\\\/\",\"url\":\"https:\\\/\\\/www.esplac.cat\\\/es\\\/convocatoria_tecnica_comunicacio\\\/\",\"name\":\"Obrim pla\u00e7a de t\u00e8cnic\\\/a de comunicaci\u00f3 - Esplac\",\"isPartOf\":{\"@id\":\"https:\\\/\\\/www.esplac.cat\\\/#website\"},\"primaryImageOfPage\":{\"@id\":\"https:\\\/\\\/www.esplac.cat\\\/es\\\/convocatoria_tecnica_comunicacio\\\/#primaryimage\"},\"image\":{\"@id\":\"https:\\\/\\\/www.esplac.cat\\\/es\\\/convocatoria_tecnica_comunicacio\\\/#primaryimage\"},\"thumbnailUrl\":\"https:\\\/\\\/www.esplac.cat\\\/wp-content\\\/uploads\\\/2017\\\/05\\\/Noti_Web_Valles_AGO-2.jpg\",\"datePublished\":\"2017-05-29T13:10:38+00:00\",\"dateModified\":\"2019-09-30T15:40:13+00:00\",\"breadcrumb\":{\"@id\":\"https:\\\/\\\/www.esplac.cat\\\/es\\\/convocatoria_tecnica_comunicacio\\\/#breadcrumb\"},\"inLanguage\":\"en-US\",\"potentialAction\":[{\"@type\":\"ReadAction\",\"target\":[\"https:\\\/\\\/www.esplac.cat\\\/es\\\/convocatoria_tecnica_comunicacio\\\/\"]}]},{\"@type\":\"ImageObject\",\"inLanguage\":\"en-US\",\"@id\":\"https:\\\/\\\/www.esplac.cat\\\/es\\\/convocatoria_tecnica_comunicacio\\\/#primaryimage\",\"url\":\"https:\\\/\\\/www.esplac.cat\\\/wp-content\\\/uploads\\\/2017\\\/05\\\/Noti_Web_Valles_AGO-2.jpg\",\"contentUrl\":\"https:\\\/\\\/www.esplac.cat\\\/wp-content\\\/uploads\\\/2017\\\/05\\\/Noti_Web_Valles_AGO-2.jpg\",\"width\":847,\"height\":350},{\"@type\":\"BreadcrumbList\",\"@id\":\"https:\\\/\\\/www.esplac.cat\\\/es\\\/convocatoria_tecnica_comunicacio\\\/#breadcrumb\",\"itemListElement\":[{\"@type\":\"ListItem\",\"position\":1,\"name\":\"Inici\",\"item\":\"https:\\\/\\\/www.esplac.cat\\\/en\\\/\"},{\"@type\":\"ListItem\",\"position\":2,\"name\":\"Obrim pla\u00e7a de t\u00e8cnic\\\/a de comunicaci\u00f3\"}]},{\"@type\":\"WebSite\",\"@id\":\"https:\\\/\\\/www.esplac.cat\\\/#website\",\"url\":\"https:\\\/\\\/www.esplac.cat\\\/\",\"name\":\"Esplac\",\"description\":\"Esplais Catalans\",\"publisher\":{\"@id\":\"https:\\\/\\\/www.esplac.cat\\\/#organization\"},\"potentialAction\":[{\"@type\":\"SearchAction\",\"target\":{\"@type\":\"EntryPoint\",\"urlTemplate\":\"https:\\\/\\\/www.esplac.cat\\\/?s={search_term_string}\"},\"query-input\":{\"@type\":\"PropertyValueSpecification\",\"valueRequired\":true,\"valueName\":\"search_term_string\"}}],\"inLanguage\":\"en-US\"},{\"@type\":\"Organization\",\"@id\":\"https:\\\/\\\/www.esplac.cat\\\/#organization\",\"name\":\"Esplac\",\"url\":\"https:\\\/\\\/www.esplac.cat\\\/\",\"logo\":{\"@type\":\"ImageObject\",\"inLanguage\":\"en-US\",\"@id\":\"https:\\\/\\\/www.esplac.cat\\\/#\\\/schema\\\/logo\\\/image\\\/\",\"url\":\"https:\\\/\\\/www.esplac.cat\\\/wp-content\\\/uploads\\\/2019\\\/08\\\/logox2.png\",\"contentUrl\":\"https:\\\/\\\/www.esplac.cat\\\/wp-content\\\/uploads\\\/2019\\\/08\\\/logox2.png\",\"width\":600,\"height\":295,\"caption\":\"Esplac\"},\"image\":{\"@id\":\"https:\\\/\\\/www.esplac.cat\\\/#\\\/schema\\\/logo\\\/image\\\/\"}},{\"@type\":\"Person\",\"@id\":\"https:\\\/\\\/www.esplac.cat\\\/#\\\/schema\\\/person\\\/908383cf240be18b68f8855d0583faca\",\"name\":\"Comunicaci\u00f3 Esplac\",\"image\":{\"@type\":\"ImageObject\",\"inLanguage\":\"en-US\",\"@id\":\"https:\\\/\\\/secure.gravatar.com\\\/avatar\\\/7a4cf8feb412a76ea4a740ca02d95b06b2907b5a6c648c2dd0a1082a093c3141?s=96&d=mm&r=g\",\"url\":\"https:\\\/\\\/secure.gravatar.com\\\/avatar\\\/7a4cf8feb412a76ea4a740ca02d95b06b2907b5a6c648c2dd0a1082a093c3141?s=96&d=mm&r=g\",\"contentUrl\":\"https:\\\/\\\/secure.gravatar.com\\\/avatar\\\/7a4cf8feb412a76ea4a740ca02d95b06b2907b5a6c648c2dd0a1082a093c3141?s=96&d=mm&r=g\",\"caption\":\"Comunicaci\u00f3 Esplac\"}}]}<\/script>\n<!-- \/ Yoast SEO plugin. -->","yoast_head_json":{"title":"Obrim pla\u00e7a de t\u00e8cnic\/a de comunicaci\u00f3 - Esplac","robots":{"index":"index","follow":"follow","max-snippet":"max-snippet:-1","max-image-preview":"max-image-preview:large","max-video-preview":"max-video-preview:-1"},"canonical":"https:\/\/www.esplac.cat\/es\/convocatoria_tecnica_comunicacio\/","og_locale":"en_US","og_type":"article","og_title":"Obrim pla\u00e7a de t\u00e8cnic\/a de comunicaci\u00f3 - Esplac","og_description":"Volem comunicar-vos que hem obert un termini per a la [&hellip;]","og_url":"https:\/\/www.esplac.cat\/es\/convocatoria_tecnica_comunicacio\/","og_site_name":"Esplac","article_published_time":"2017-05-29T13:10:38+00:00","article_modified_time":"2019-09-30T15:40:13+00:00","og_image":[{"width":847,"height":350,"url":"https:\/\/www.esplac.cat\/wp-content\/uploads\/2017\/05\/Noti_Web_Valles_AGO-2.jpg","type":"image\/jpeg"}],"author":"Comunicaci\u00f3 Esplac","twitter_card":"summary_large_image","twitter_misc":{"Written by":"Comunicaci\u00f3 Esplac","Est. reading time":"2 minutes"},"schema":{"@context":"https:\/\/schema.org","@graph":[{"@type":"Article","@id":"https:\/\/www.esplac.cat\/es\/convocatoria_tecnica_comunicacio\/#article","isPartOf":{"@id":"https:\/\/www.esplac.cat\/es\/convocatoria_tecnica_comunicacio\/"},"author":{"name":"Comunicaci\u00f3 Esplac","@id":"https:\/\/www.esplac.cat\/#\/schema\/person\/908383cf240be18b68f8855d0583faca"},"headline":"Obrim pla\u00e7a de t\u00e8cnic\/a de comunicaci\u00f3","datePublished":"2017-05-29T13:10:38+00:00","dateModified":"2019-09-30T15:40:13+00:00","mainEntityOfPage":{"@id":"https:\/\/www.esplac.cat\/es\/convocatoria_tecnica_comunicacio\/"},"wordCount":469,"publisher":{"@id":"https:\/\/www.esplac.cat\/#organization"},"image":{"@id":"https:\/\/www.esplac.cat\/es\/convocatoria_tecnica_comunicacio\/#primaryimage"},"thumbnailUrl":"https:\/\/www.esplac.cat\/wp-content\/uploads\/2017\/05\/Noti_Web_Valles_AGO-2.jpg","keywords":["convocat\u00f2ries de feina","oferta laboral","suport a la comunicaci\u00f3"],"articleSection":["Secretaria T\u00e8cnica","Sense categoria"],"inLanguage":"en-US"},{"@type":"WebPage","@id":"https:\/\/www.esplac.cat\/es\/convocatoria_tecnica_comunicacio\/","url":"https:\/\/www.esplac.cat\/es\/convocatoria_tecnica_comunicacio\/","name":"Obrim pla\u00e7a de t\u00e8cnic\/a de comunicaci\u00f3 - Esplac","isPartOf":{"@id":"https:\/\/www.esplac.cat\/#website"},"primaryImageOfPage":{"@id":"https:\/\/www.esplac.cat\/es\/convocatoria_tecnica_comunicacio\/#primaryimage"},"image":{"@id":"https:\/\/www.esplac.cat\/es\/convocatoria_tecnica_comunicacio\/#primaryimage"},"thumbnailUrl":"https:\/\/www.esplac.cat\/wp-content\/uploads\/2017\/05\/Noti_Web_Valles_AGO-2.jpg","datePublished":"2017-05-29T13:10:38+00:00","dateModified":"2019-09-30T15:40:13+00:00","breadcrumb":{"@id":"https:\/\/www.esplac.cat\/es\/convocatoria_tecnica_comunicacio\/#breadcrumb"},"inLanguage":"en-US","potentialAction":[{"@type":"ReadAction","target":["https:\/\/www.esplac.cat\/es\/convocatoria_tecnica_comunicacio\/"]}]},{"@type":"ImageObject","inLanguage":"en-US","@id":"https:\/\/www.esplac.cat\/es\/convocatoria_tecnica_comunicacio\/#primaryimage","url":"https:\/\/www.esplac.cat\/wp-content\/uploads\/2017\/05\/Noti_Web_Valles_AGO-2.jpg","contentUrl":"https:\/\/www.esplac.cat\/wp-content\/uploads\/2017\/05\/Noti_Web_Valles_AGO-2.jpg","width":847,"height":350},{"@type":"BreadcrumbList","@id":"https:\/\/www.esplac.cat\/es\/convocatoria_tecnica_comunicacio\/#breadcrumb","itemListElement":[{"@type":"ListItem","position":1,"name":"Inici","item":"https:\/\/www.esplac.cat\/en\/"},{"@type":"ListItem","position":2,"name":"Obrim pla\u00e7a de t\u00e8cnic\/a de comunicaci\u00f3"}]},{"@type":"WebSite","@id":"https:\/\/www.esplac.cat\/#website","url":"https:\/\/www.esplac.cat\/","name":"Esplac","description":"Esplais Catalans","publisher":{"@id":"https:\/\/www.esplac.cat\/#organization"},"potentialAction":[{"@type":"SearchAction","target":{"@type":"EntryPoint","urlTemplate":"https:\/\/www.esplac.cat\/?s={search_term_string}"},"query-input":{"@type":"PropertyValueSpecification","valueRequired":true,"valueName":"search_term_string"}}],"inLanguage":"en-US"},{"@type":"Organization","@id":"https:\/\/www.esplac.cat\/#organization","name":"Esplac","url":"https:\/\/www.esplac.cat\/","logo":{"@type":"ImageObject","inLanguage":"en-US","@id":"https:\/\/www.esplac.cat\/#\/schema\/logo\/image\/","url":"https:\/\/www.esplac.cat\/wp-content\/uploads\/2019\/08\/logox2.png","contentUrl":"https:\/\/www.esplac.cat\/wp-content\/uploads\/2019\/08\/logox2.png","width":600,"height":295,"caption":"Esplac"},"image":{"@id":"https:\/\/www.esplac.cat\/#\/schema\/logo\/image\/"}},{"@type":"Person","@id":"https:\/\/www.esplac.cat\/#\/schema\/person\/908383cf240be18b68f8855d0583faca","name":"Comunicaci\u00f3 Esplac","image":{"@type":"ImageObject","inLanguage":"en-US","@id":"https:\/\/secure.gravatar.com\/avatar\/7a4cf8feb412a76ea4a740ca02d95b06b2907b5a6c648c2dd0a1082a093c3141?s=96&d=mm&r=g","url":"https:\/\/secure.gravatar.com\/avatar\/7a4cf8feb412a76ea4a740ca02d95b06b2907b5a6c648c2dd0a1082a093c3141?s=96&d=mm&r=g","contentUrl":"https:\/\/secure.gravatar.com\/avatar\/7a4cf8feb412a76ea4a740ca02d95b06b2907b5a6c648c2dd0a1082a093c3141?s=96&d=mm&r=g","caption":"Comunicaci\u00f3 Esplac"}}]}},"_links":{"self":[{"href":"https:\/\/www.esplac.cat\/en\/wp-json\/wp\/v2\/posts\/24277","targetHints":{"allow":["GET"]}}],"collection":[{"href":"https:\/\/www.esplac.cat\/en\/wp-json\/wp\/v2\/posts"}],"about":[{"href":"https:\/\/www.esplac.cat\/en\/wp-json\/wp\/v2\/types\/post"}],"author":[{"embeddable":true,"href":"https:\/\/www.esplac.cat\/en\/wp-json\/wp\/v2\/users\/3"}],"replies":[{"embeddable":true,"href":"https:\/\/www.esplac.cat\/en\/wp-json\/wp\/v2\/comments?post=24277"}],"version-history":[{"count":0,"href":"https:\/\/www.esplac.cat\/en\/wp-json\/wp\/v2\/posts\/24277\/revisions"}],"wp:featuredmedia":[{"embeddable":true,"href":"https:\/\/www.esplac.cat\/en\/wp-json\/wp\/v2\/media\/24233"}],"wp:attachment":[{"href":"https:\/\/www.esplac.cat\/en\/wp-json\/wp\/v2\/media?parent=24277"}],"wp:term":[{"taxonomy":"category","embeddable":true,"href":"https:\/\/www.esplac.cat\/en\/wp-json\/wp\/v2\/categories?post=24277"},{"taxonomy":"post_tag","embeddable":true,"href":"https:\/\/www.esplac.cat\/en\/wp-json\/wp\/v2\/tags?post=24277"}],"curies":[{"name":"wp","href":"https:\/\/api.w.org\/{rel}","templated":true}]}}