{"id":24280,"date":"2017-05-23T11:42:02","date_gmt":"2017-05-23T09:42:02","guid":{"rendered":"http:\/\/www.esplac.cat\/?p=14914"},"modified":"2019-09-30T17:40:14","modified_gmt":"2019-09-30T15:40:14","slug":"lolivera-rodona-guanya-el-concurs-de-cartells-els-esplais-fem-lestiu","status":"publish","type":"post","link":"https:\/\/www.esplac.cat\/en\/lolivera-rodona-guanya-el-concurs-de-cartells-els-esplais-fem-lestiu\/","title":{"rendered":"L&#8217;Olivera Rodona guanya el concurs de cartells &#8220;Els esplais fem l&#8217;estiu&#8221;"},"content":{"rendered":"<h4>Els esplais interessats, ja podeu demanar els cartells i les quartilles amb les dades de les vostres activitats d&#8217;estiu.<\/h4>\n<p>El passat dilluns 15 de maig es tancava el per\u00edode de presentaci\u00f3 de cartells per al concurs anual de la campanya &#8220;Els esplais fem l&#8217;estiu&#8221;, que enguany n&#8217;era la quarta edici\u00f3. Al concurs s&#8217;hi podien presentar esplais, grups d&#8217;infants o persones individuals i de totes les propostes rebudes se&#8217;n triava el cartell guanyador mitjan\u00e7ant una votaci\u00f3 a trav\u00e9s de l&#8217;EsplacNet, la intranet dels esplais. Aquest cartell<strong> serveix per fer difusi\u00f3 dels campaments, les col\u00f2nies i les rutes dels esplais durant els per\u00edodes de vacances.<\/strong><\/p>\n<p>En l&#8217;edici\u00f3 d&#8217;enguany no ha calgut obrir votacions a trav\u00e9s de l&#8217;EsplacNet perqu\u00e8 nom\u00e9s hi havia un cartell que compl\u00eds les bases del concurs. Aix\u00ed doncs, <strong>us presentem el cartell guanyador, dissenyat\u00a0pels monitors i les monitores de l&#8217;esplai L&#8217;Olivera Rodona.<\/strong><\/p>\n<hr \/>\n<p><strong><a href=\"http:\/\/www.esplac.cat\/wp-content\/uploads\/2017\/05\/els-esplais-fem-estiu-mostra.jpg\"><img decoding=\"async\" class=\"aligncenter wp-image-14915 size-large\" src=\"http:\/\/www.esplac.cat\/wp-content\/uploads\/2017\/05\/els-esplais-fem-estiu-mostra-724x1024.jpg\" alt=\"\" width=\"724\" height=\"1024\" \/><\/a><\/strong><\/p>\n<hr \/>\n<p><strong>A partir d&#8217;avui ja podeu fer la vostra comanda de cartells a trav\u00e9s del correu esplac@esplac.cat.<\/strong> Podeu demanar fins a un m\u00e0xim de 50 cartells i 125 quartilles. Recordeu donar les dades de l&#8217;activitat:<\/p>\n<p>&#8211; Nom de l&#8217;activitat<br \/>\n&#8211; Dates i lloc de realitzaci\u00f3<br \/>\n&#8211; Dates i lloc per fer les inscripcions<br \/>\n&#8211; Preus (socis, no socis, descomptes per germans&#8230;)<br \/>\n&#8211; Tel\u00e8fon i correu electr\u00f2nic de contacte<br \/>\n&#8211; Logo de l&#8217;esplai<\/p>\n","protected":false},"excerpt":{"rendered":"<p>Els esplais interessats, ja podeu demanar els cartells i les [&hellip;]<\/p>\n","protected":false},"author":3,"featured_media":24281,"comment_status":"closed","ping_status":"open","sticky":false,"template":"","format":"standard","meta":{"om_disable_all_campaigns":false,"_monsterinsights_skip_tracking":false,"_monsterinsights_sitenote_active":false,"_monsterinsights_sitenote_note":"","_monsterinsights_sitenote_category":0,"_uf_show_specific_survey":0,"_uf_disable_surveys":false,"footnotes":""},"categories":[1,1138],"tags":[53,913,429,457,887,914,915],"class_list":["post-24280","post","type-post","status-publish","format-standard","has-post-thumbnail","hentry","category-sense-categoria","category-subvencions-concursos","tag-campaments","tag-cartell","tag-ccr","tag-colonies-i-rutes","tag-els-esplais-fem-lestiu","tag-esplai-lolivera-rodona","tag-guanyador"],"yoast_head":"<!-- This site is optimized with the Yoast SEO plugin v27.4 - https:\/\/yoast.com\/product\/yoast-seo-wordpress\/ -->\n<title>L&#039;Olivera Rodona guanya el concurs de cartells &quot;Els esplais fem l&#039;estiu&quot; - Esplac<\/title>\n<meta name=\"robots\" content=\"index, follow, max-snippet:-1, max-image-preview:large, max-video-preview:-1\" \/>\n<link rel=\"canonical\" href=\"https:\/\/www.esplac.cat\/en\/lolivera-rodona-guanya-el-concurs-de-cartells-els-esplais-fem-lestiu\/\" \/>\n<meta property=\"og:locale\" content=\"en_US\" \/>\n<meta property=\"og:type\" content=\"article\" \/>\n<meta property=\"og:title\" content=\"L&#039;Olivera Rodona guanya el concurs de cartells &quot;Els esplais fem l&#039;estiu&quot; - Esplac\" \/>\n<meta property=\"og:description\" content=\"Els esplais interessats, ja podeu demanar els cartells i les [&hellip;]\" \/>\n<meta property=\"og:url\" content=\"https:\/\/www.esplac.cat\/en\/lolivera-rodona-guanya-el-concurs-de-cartells-els-esplais-fem-lestiu\/\" \/>\n<meta property=\"og:site_name\" content=\"Esplac\" \/>\n<meta property=\"article:published_time\" content=\"2017-05-23T09:42:02+00:00\" \/>\n<meta property=\"article:modified_time\" content=\"2019-09-30T15:40:14+00:00\" \/>\n<meta property=\"og:image\" content=\"https:\/\/www.esplac.cat\/wp-content\/uploads\/2017\/05\/esplaisestiu.jpg\" \/>\n\t<meta property=\"og:image:width\" content=\"847\" \/>\n\t<meta property=\"og:image:height\" content=\"350\" \/>\n\t<meta property=\"og:image:type\" content=\"image\/jpeg\" \/>\n<meta name=\"author\" content=\"Comunicaci\u00f3 Esplac\" \/>\n<meta name=\"twitter:card\" content=\"summary_large_image\" \/>\n<meta name=\"twitter:label1\" content=\"Written by\" \/>\n\t<meta name=\"twitter:data1\" content=\"Comunicaci\u00f3 Esplac\" \/>\n\t<meta name=\"twitter:label2\" content=\"Est. reading time\" \/>\n\t<meta name=\"twitter:data2\" content=\"1 minute\" \/>\n<script type=\"application\/ld+json\" class=\"yoast-schema-graph\">{\"@context\":\"https:\\\/\\\/schema.org\",\"@graph\":[{\"@type\":\"Article\",\"@id\":\"https:\\\/\\\/www.esplac.cat\\\/en\\\/lolivera-rodona-guanya-el-concurs-de-cartells-els-esplais-fem-lestiu\\\/#article\",\"isPartOf\":{\"@id\":\"https:\\\/\\\/www.esplac.cat\\\/en\\\/lolivera-rodona-guanya-el-concurs-de-cartells-els-esplais-fem-lestiu\\\/\"},\"author\":{\"name\":\"Comunicaci\u00f3 Esplac\",\"@id\":\"https:\\\/\\\/www.esplac.cat\\\/#\\\/schema\\\/person\\\/908383cf240be18b68f8855d0583faca\"},\"headline\":\"L&#8217;Olivera Rodona guanya el concurs de cartells &#8220;Els esplais fem l&#8217;estiu&#8221;\",\"datePublished\":\"2017-05-23T09:42:02+00:00\",\"dateModified\":\"2019-09-30T15:40:14+00:00\",\"mainEntityOfPage\":{\"@id\":\"https:\\\/\\\/www.esplac.cat\\\/en\\\/lolivera-rodona-guanya-el-concurs-de-cartells-els-esplais-fem-lestiu\\\/\"},\"wordCount\":255,\"publisher\":{\"@id\":\"https:\\\/\\\/www.esplac.cat\\\/#organization\"},\"image\":{\"@id\":\"https:\\\/\\\/www.esplac.cat\\\/en\\\/lolivera-rodona-guanya-el-concurs-de-cartells-els-esplais-fem-lestiu\\\/#primaryimage\"},\"thumbnailUrl\":\"https:\\\/\\\/www.esplac.cat\\\/wp-content\\\/uploads\\\/2017\\\/05\\\/esplaisestiu.jpg\",\"keywords\":[\"campaments\",\"Cartell\",\"CCR\",\"col\u00f2nies i rutes\",\"Els esplais fem l'estiu\",\"Esplai l'Olivera Rodona\",\"Guanyador\"],\"articleSection\":[\"Sense categoria\",\"Subvencions i concursos\"],\"inLanguage\":\"en-US\"},{\"@type\":\"WebPage\",\"@id\":\"https:\\\/\\\/www.esplac.cat\\\/en\\\/lolivera-rodona-guanya-el-concurs-de-cartells-els-esplais-fem-lestiu\\\/\",\"url\":\"https:\\\/\\\/www.esplac.cat\\\/en\\\/lolivera-rodona-guanya-el-concurs-de-cartells-els-esplais-fem-lestiu\\\/\",\"name\":\"L'Olivera Rodona guanya el concurs de cartells \\\"Els esplais fem l'estiu\\\" - Esplac\",\"isPartOf\":{\"@id\":\"https:\\\/\\\/www.esplac.cat\\\/#website\"},\"primaryImageOfPage\":{\"@id\":\"https:\\\/\\\/www.esplac.cat\\\/en\\\/lolivera-rodona-guanya-el-concurs-de-cartells-els-esplais-fem-lestiu\\\/#primaryimage\"},\"image\":{\"@id\":\"https:\\\/\\\/www.esplac.cat\\\/en\\\/lolivera-rodona-guanya-el-concurs-de-cartells-els-esplais-fem-lestiu\\\/#primaryimage\"},\"thumbnailUrl\":\"https:\\\/\\\/www.esplac.cat\\\/wp-content\\\/uploads\\\/2017\\\/05\\\/esplaisestiu.jpg\",\"datePublished\":\"2017-05-23T09:42:02+00:00\",\"dateModified\":\"2019-09-30T15:40:14+00:00\",\"breadcrumb\":{\"@id\":\"https:\\\/\\\/www.esplac.cat\\\/en\\\/lolivera-rodona-guanya-el-concurs-de-cartells-els-esplais-fem-lestiu\\\/#breadcrumb\"},\"inLanguage\":\"en-US\",\"potentialAction\":[{\"@type\":\"ReadAction\",\"target\":[\"https:\\\/\\\/www.esplac.cat\\\/en\\\/lolivera-rodona-guanya-el-concurs-de-cartells-els-esplais-fem-lestiu\\\/\"]}]},{\"@type\":\"ImageObject\",\"inLanguage\":\"en-US\",\"@id\":\"https:\\\/\\\/www.esplac.cat\\\/en\\\/lolivera-rodona-guanya-el-concurs-de-cartells-els-esplais-fem-lestiu\\\/#primaryimage\",\"url\":\"https:\\\/\\\/www.esplac.cat\\\/wp-content\\\/uploads\\\/2017\\\/05\\\/esplaisestiu.jpg\",\"contentUrl\":\"https:\\\/\\\/www.esplac.cat\\\/wp-content\\\/uploads\\\/2017\\\/05\\\/esplaisestiu.jpg\",\"width\":847,\"height\":350},{\"@type\":\"BreadcrumbList\",\"@id\":\"https:\\\/\\\/www.esplac.cat\\\/en\\\/lolivera-rodona-guanya-el-concurs-de-cartells-els-esplais-fem-lestiu\\\/#breadcrumb\",\"itemListElement\":[{\"@type\":\"ListItem\",\"position\":1,\"name\":\"Inici\",\"item\":\"https:\\\/\\\/www.esplac.cat\\\/en\\\/\"},{\"@type\":\"ListItem\",\"position\":2,\"name\":\"L&#8217;Olivera Rodona guanya el concurs de cartells &#8220;Els esplais fem l&#8217;estiu&#8221;\"}]},{\"@type\":\"WebSite\",\"@id\":\"https:\\\/\\\/www.esplac.cat\\\/#website\",\"url\":\"https:\\\/\\\/www.esplac.cat\\\/\",\"name\":\"Esplac\",\"description\":\"Esplais Catalans\",\"publisher\":{\"@id\":\"https:\\\/\\\/www.esplac.cat\\\/#organization\"},\"potentialAction\":[{\"@type\":\"SearchAction\",\"target\":{\"@type\":\"EntryPoint\",\"urlTemplate\":\"https:\\\/\\\/www.esplac.cat\\\/?s={search_term_string}\"},\"query-input\":{\"@type\":\"PropertyValueSpecification\",\"valueRequired\":true,\"valueName\":\"search_term_string\"}}],\"inLanguage\":\"en-US\"},{\"@type\":\"Organization\",\"@id\":\"https:\\\/\\\/www.esplac.cat\\\/#organization\",\"name\":\"Esplac\",\"url\":\"https:\\\/\\\/www.esplac.cat\\\/\",\"logo\":{\"@type\":\"ImageObject\",\"inLanguage\":\"en-US\",\"@id\":\"https:\\\/\\\/www.esplac.cat\\\/#\\\/schema\\\/logo\\\/image\\\/\",\"url\":\"https:\\\/\\\/www.esplac.cat\\\/wp-content\\\/uploads\\\/2019\\\/08\\\/logox2.png\",\"contentUrl\":\"https:\\\/\\\/www.esplac.cat\\\/wp-content\\\/uploads\\\/2019\\\/08\\\/logox2.png\",\"width\":600,\"height\":295,\"caption\":\"Esplac\"},\"image\":{\"@id\":\"https:\\\/\\\/www.esplac.cat\\\/#\\\/schema\\\/logo\\\/image\\\/\"}},{\"@type\":\"Person\",\"@id\":\"https:\\\/\\\/www.esplac.cat\\\/#\\\/schema\\\/person\\\/908383cf240be18b68f8855d0583faca\",\"name\":\"Comunicaci\u00f3 Esplac\",\"image\":{\"@type\":\"ImageObject\",\"inLanguage\":\"en-US\",\"@id\":\"https:\\\/\\\/secure.gravatar.com\\\/avatar\\\/7a4cf8feb412a76ea4a740ca02d95b06b2907b5a6c648c2dd0a1082a093c3141?s=96&d=mm&r=g\",\"url\":\"https:\\\/\\\/secure.gravatar.com\\\/avatar\\\/7a4cf8feb412a76ea4a740ca02d95b06b2907b5a6c648c2dd0a1082a093c3141?s=96&d=mm&r=g\",\"contentUrl\":\"https:\\\/\\\/secure.gravatar.com\\\/avatar\\\/7a4cf8feb412a76ea4a740ca02d95b06b2907b5a6c648c2dd0a1082a093c3141?s=96&d=mm&r=g\",\"caption\":\"Comunicaci\u00f3 Esplac\"}}]}<\/script>\n<!-- \/ Yoast SEO plugin. -->","yoast_head_json":{"title":"L'Olivera Rodona guanya el concurs de cartells \"Els esplais fem l'estiu\" - Esplac","robots":{"index":"index","follow":"follow","max-snippet":"max-snippet:-1","max-image-preview":"max-image-preview:large","max-video-preview":"max-video-preview:-1"},"canonical":"https:\/\/www.esplac.cat\/en\/lolivera-rodona-guanya-el-concurs-de-cartells-els-esplais-fem-lestiu\/","og_locale":"en_US","og_type":"article","og_title":"L'Olivera Rodona guanya el concurs de cartells \"Els esplais fem l'estiu\" - Esplac","og_description":"Els esplais interessats, ja podeu demanar els cartells i les [&hellip;]","og_url":"https:\/\/www.esplac.cat\/en\/lolivera-rodona-guanya-el-concurs-de-cartells-els-esplais-fem-lestiu\/","og_site_name":"Esplac","article_published_time":"2017-05-23T09:42:02+00:00","article_modified_time":"2019-09-30T15:40:14+00:00","og_image":[{"width":847,"height":350,"url":"https:\/\/www.esplac.cat\/wp-content\/uploads\/2017\/05\/esplaisestiu.jpg","type":"image\/jpeg"}],"author":"Comunicaci\u00f3 Esplac","twitter_card":"summary_large_image","twitter_misc":{"Written by":"Comunicaci\u00f3 Esplac","Est. reading time":"1 minute"},"schema":{"@context":"https:\/\/schema.org","@graph":[{"@type":"Article","@id":"https:\/\/www.esplac.cat\/en\/lolivera-rodona-guanya-el-concurs-de-cartells-els-esplais-fem-lestiu\/#article","isPartOf":{"@id":"https:\/\/www.esplac.cat\/en\/lolivera-rodona-guanya-el-concurs-de-cartells-els-esplais-fem-lestiu\/"},"author":{"name":"Comunicaci\u00f3 Esplac","@id":"https:\/\/www.esplac.cat\/#\/schema\/person\/908383cf240be18b68f8855d0583faca"},"headline":"L&#8217;Olivera Rodona guanya el concurs de cartells &#8220;Els esplais fem l&#8217;estiu&#8221;","datePublished":"2017-05-23T09:42:02+00:00","dateModified":"2019-09-30T15:40:14+00:00","mainEntityOfPage":{"@id":"https:\/\/www.esplac.cat\/en\/lolivera-rodona-guanya-el-concurs-de-cartells-els-esplais-fem-lestiu\/"},"wordCount":255,"publisher":{"@id":"https:\/\/www.esplac.cat\/#organization"},"image":{"@id":"https:\/\/www.esplac.cat\/en\/lolivera-rodona-guanya-el-concurs-de-cartells-els-esplais-fem-lestiu\/#primaryimage"},"thumbnailUrl":"https:\/\/www.esplac.cat\/wp-content\/uploads\/2017\/05\/esplaisestiu.jpg","keywords":["campaments","Cartell","CCR","col\u00f2nies i rutes","Els esplais fem l'estiu","Esplai l'Olivera Rodona","Guanyador"],"articleSection":["Sense categoria","Subvencions i concursos"],"inLanguage":"en-US"},{"@type":"WebPage","@id":"https:\/\/www.esplac.cat\/en\/lolivera-rodona-guanya-el-concurs-de-cartells-els-esplais-fem-lestiu\/","url":"https:\/\/www.esplac.cat\/en\/lolivera-rodona-guanya-el-concurs-de-cartells-els-esplais-fem-lestiu\/","name":"L'Olivera Rodona guanya el concurs de cartells \"Els esplais fem l'estiu\" - Esplac","isPartOf":{"@id":"https:\/\/www.esplac.cat\/#website"},"primaryImageOfPage":{"@id":"https:\/\/www.esplac.cat\/en\/lolivera-rodona-guanya-el-concurs-de-cartells-els-esplais-fem-lestiu\/#primaryimage"},"image":{"@id":"https:\/\/www.esplac.cat\/en\/lolivera-rodona-guanya-el-concurs-de-cartells-els-esplais-fem-lestiu\/#primaryimage"},"thumbnailUrl":"https:\/\/www.esplac.cat\/wp-content\/uploads\/2017\/05\/esplaisestiu.jpg","datePublished":"2017-05-23T09:42:02+00:00","dateModified":"2019-09-30T15:40:14+00:00","breadcrumb":{"@id":"https:\/\/www.esplac.cat\/en\/lolivera-rodona-guanya-el-concurs-de-cartells-els-esplais-fem-lestiu\/#breadcrumb"},"inLanguage":"en-US","potentialAction":[{"@type":"ReadAction","target":["https:\/\/www.esplac.cat\/en\/lolivera-rodona-guanya-el-concurs-de-cartells-els-esplais-fem-lestiu\/"]}]},{"@type":"ImageObject","inLanguage":"en-US","@id":"https:\/\/www.esplac.cat\/en\/lolivera-rodona-guanya-el-concurs-de-cartells-els-esplais-fem-lestiu\/#primaryimage","url":"https:\/\/www.esplac.cat\/wp-content\/uploads\/2017\/05\/esplaisestiu.jpg","contentUrl":"https:\/\/www.esplac.cat\/wp-content\/uploads\/2017\/05\/esplaisestiu.jpg","width":847,"height":350},{"@type":"BreadcrumbList","@id":"https:\/\/www.esplac.cat\/en\/lolivera-rodona-guanya-el-concurs-de-cartells-els-esplais-fem-lestiu\/#breadcrumb","itemListElement":[{"@type":"ListItem","position":1,"name":"Inici","item":"https:\/\/www.esplac.cat\/en\/"},{"@type":"ListItem","position":2,"name":"L&#8217;Olivera Rodona guanya el concurs de cartells &#8220;Els esplais fem l&#8217;estiu&#8221;"}]},{"@type":"WebSite","@id":"https:\/\/www.esplac.cat\/#website","url":"https:\/\/www.esplac.cat\/","name":"Esplac","description":"Esplais Catalans","publisher":{"@id":"https:\/\/www.esplac.cat\/#organization"},"potentialAction":[{"@type":"SearchAction","target":{"@type":"EntryPoint","urlTemplate":"https:\/\/www.esplac.cat\/?s={search_term_string}"},"query-input":{"@type":"PropertyValueSpecification","valueRequired":true,"valueName":"search_term_string"}}],"inLanguage":"en-US"},{"@type":"Organization","@id":"https:\/\/www.esplac.cat\/#organization","name":"Esplac","url":"https:\/\/www.esplac.cat\/","logo":{"@type":"ImageObject","inLanguage":"en-US","@id":"https:\/\/www.esplac.cat\/#\/schema\/logo\/image\/","url":"https:\/\/www.esplac.cat\/wp-content\/uploads\/2019\/08\/logox2.png","contentUrl":"https:\/\/www.esplac.cat\/wp-content\/uploads\/2019\/08\/logox2.png","width":600,"height":295,"caption":"Esplac"},"image":{"@id":"https:\/\/www.esplac.cat\/#\/schema\/logo\/image\/"}},{"@type":"Person","@id":"https:\/\/www.esplac.cat\/#\/schema\/person\/908383cf240be18b68f8855d0583faca","name":"Comunicaci\u00f3 Esplac","image":{"@type":"ImageObject","inLanguage":"en-US","@id":"https:\/\/secure.gravatar.com\/avatar\/7a4cf8feb412a76ea4a740ca02d95b06b2907b5a6c648c2dd0a1082a093c3141?s=96&d=mm&r=g","url":"https:\/\/secure.gravatar.com\/avatar\/7a4cf8feb412a76ea4a740ca02d95b06b2907b5a6c648c2dd0a1082a093c3141?s=96&d=mm&r=g","contentUrl":"https:\/\/secure.gravatar.com\/avatar\/7a4cf8feb412a76ea4a740ca02d95b06b2907b5a6c648c2dd0a1082a093c3141?s=96&d=mm&r=g","caption":"Comunicaci\u00f3 Esplac"}}]}},"_links":{"self":[{"href":"https:\/\/www.esplac.cat\/en\/wp-json\/wp\/v2\/posts\/24280","targetHints":{"allow":["GET"]}}],"collection":[{"href":"https:\/\/www.esplac.cat\/en\/wp-json\/wp\/v2\/posts"}],"about":[{"href":"https:\/\/www.esplac.cat\/en\/wp-json\/wp\/v2\/types\/post"}],"author":[{"embeddable":true,"href":"https:\/\/www.esplac.cat\/en\/wp-json\/wp\/v2\/users\/3"}],"replies":[{"embeddable":true,"href":"https:\/\/www.esplac.cat\/en\/wp-json\/wp\/v2\/comments?post=24280"}],"version-history":[{"count":0,"href":"https:\/\/www.esplac.cat\/en\/wp-json\/wp\/v2\/posts\/24280\/revisions"}],"wp:featuredmedia":[{"embeddable":true,"href":"https:\/\/www.esplac.cat\/en\/wp-json\/wp\/v2\/media\/24281"}],"wp:attachment":[{"href":"https:\/\/www.esplac.cat\/en\/wp-json\/wp\/v2\/media?parent=24280"}],"wp:term":[{"taxonomy":"category","embeddable":true,"href":"https:\/\/www.esplac.cat\/en\/wp-json\/wp\/v2\/categories?post=24280"},{"taxonomy":"post_tag","embeddable":true,"href":"https:\/\/www.esplac.cat\/en\/wp-json\/wp\/v2\/tags?post=24280"}],"curies":[{"name":"wp","href":"https:\/\/api.w.org\/{rel}","templated":true}]}}