{"id":24302,"date":"2017-05-16T11:46:33","date_gmt":"2017-05-16T09:46:33","guid":{"rendered":"http:\/\/www.esplac.cat\/?p=14850"},"modified":"2019-11-14T13:33:28","modified_gmt":"2019-11-14T11:33:28","slug":"accio-per-la-pau-el-tema-de-la-summerschool-2017","status":"publish","type":"post","link":"https:\/\/www.esplac.cat\/en\/accio-per-la-pau-el-tema-de-la-summerschool-2017\/","title":{"rendered":"Acci\u00f3 per la Pau, el tema de la Summerschool 2017"},"content":{"rendered":"<h4><strong>El seminari internacional tindr\u00e0 lloc del 20 al 27 d\u2019agost del 2017<\/strong><\/h4>\n<p>El <a href=\"http:\/\/www.kurt-loewenstein.de\/englische_seite\/index.html\">Centre Kurt L\u00f6wenstein<\/a>, entitat de formaci\u00f3 vinculada als <a href=\"http:\/\/www.wir-falken.de\/ueber_uns\/englisch.html\">Die Falken<\/a>, <strong>obre convocat\u00f2ria pel seminari internacional d\u2019estiu<\/strong> que aquest any reflexionar\u00e0 al voltant de la tem\u00e0tica<strong> Pau i Conflicte.<\/strong><\/p>\n<p>Uns\u00a050 participants d\u2019arreu del m\u00f3n, exploraran el que est\u00e0 passant a Europa i al seu voltant: Per quins motius es donen els conflictes violents i les guerres cruels? Qu\u00e8 hi pot tenir a veure el (neo-)colonialisme? Com poden les societats actuals trobar una sortida al conflicte i recrear un ordre social democr\u00e0tic? De fet, qu\u00e8 entem per pau? I quin \u00e9s el nostre rol com a joves activistes europeus en la consolidaci\u00f3 de la pau?<\/p>\n<p>Tots aquests temes es treballaran en format de seminari del 20 al 27 d\u2019agost a Werftpfuhl (prop de Berlin). L\u2019organitzaci\u00f3 preveu <strong>tallers, debats i activitats autogestionades, a part d\u2019una visita a Berl\u00edn<\/strong>. Si us sentiu atrets i atretes per aquestes q\u00fcestions i creieu que com a monis d\u2019Esplac podeu fer una bona aportaci\u00f3 al seminari, no us ho penseu m\u00e9s i inscriviu-vos-hi!<\/p>\n<p><strong>Informaci\u00f3 Pr\u00e0ctica:<br \/>\n<\/strong><strong>Dates:<\/strong> 20 al 27 d\u2019agost<br \/>\n<strong>Lloc:<\/strong> Werftpfuhl (prop de Berlin)<br \/>\n<strong>Places:<\/strong> 5 places per monis d\u2019Esplac<br \/>\n<strong>Requisits:<\/strong> ser membre d\u2019Esplac i tenir m\u00e9s de 18 anys.<br \/>\n<strong>Quota d\u2019inscripci\u00f3:<\/strong> 50 euros<br \/>\n<strong>Cost de despla\u00e7ament:<\/strong> subvenci\u00f3 de fins a 170 euros per participant<\/p>\n<p>Inscriviu-vos\u00a0<a href=\"https:\/\/docs.google.com\/forms\/d\/1hNlEOAVMbv4jTXOjDRC7cUHk07EOwurN57XXDHq1yUE\/viewform?edit_requested=true\">AQU\u00cd<\/a> fins el 5 de juny.<\/p>\n<p>Clica <a href=\"http:\/\/www.esplac.cat\/wp-content\/uploads\/2017\/05\/Criteris-FI.pdf\">AQU\u00cd<\/a> per llegir els criteris de selecci\u00f3.<\/p>\n","protected":false},"excerpt":{"rendered":"<p>El seminari internacional tindr\u00e0 lloc del 20 al 27 d\u2019agost [&hellip;]<\/p>\n","protected":false},"author":3,"featured_media":24303,"comment_status":"closed","ping_status":"open","sticky":false,"template":"","format":"standard","meta":{"om_disable_all_campaigns":false,"_monsterinsights_skip_tracking":false,"_monsterinsights_sitenote_active":false,"_monsterinsights_sitenote_note":"","_monsterinsights_sitenote_category":0,"_uf_show_specific_survey":0,"_uf_disable_surveys":false,"footnotes":""},"categories":[1112,1164,1],"tags":[910,911,912],"class_list":["post-24302","post","type-post","status-publish","format-standard","has-post-thumbnail","hentry","category-esplac-al-mon","category-gestio-de-conflictes","category-sense-categoria","tag-pau-i-conflicte","tag-seminari-internacional","tag-werftphuhl"],"yoast_head":"<!-- This site is optimized with the Yoast SEO plugin v27.4 - https:\/\/yoast.com\/product\/yoast-seo-wordpress\/ -->\n<title>Acci\u00f3 per la Pau, el tema de la Summerschool 2017 - Esplac<\/title>\n<meta name=\"robots\" content=\"index, follow, max-snippet:-1, max-image-preview:large, max-video-preview:-1\" \/>\n<link rel=\"canonical\" href=\"https:\/\/www.esplac.cat\/en\/accio-per-la-pau-el-tema-de-la-summerschool-2017\/\" \/>\n<meta property=\"og:locale\" content=\"en_US\" \/>\n<meta property=\"og:type\" content=\"article\" \/>\n<meta property=\"og:title\" content=\"Acci\u00f3 per la Pau, el tema de la Summerschool 2017 - Esplac\" \/>\n<meta property=\"og:description\" content=\"El seminari internacional tindr\u00e0 lloc del 20 al 27 d\u2019agost [&hellip;]\" \/>\n<meta property=\"og:url\" content=\"https:\/\/www.esplac.cat\/en\/accio-per-la-pau-el-tema-de-la-summerschool-2017\/\" \/>\n<meta property=\"og:site_name\" content=\"Esplac\" \/>\n<meta property=\"article:published_time\" content=\"2017-05-16T09:46:33+00:00\" \/>\n<meta property=\"article:modified_time\" content=\"2019-11-14T11:33:28+00:00\" \/>\n<meta property=\"og:image\" content=\"https:\/\/www.esplac.cat\/wp-content\/uploads\/2017\/05\/11.jpg\" \/>\n\t<meta property=\"og:image:width\" content=\"847\" \/>\n\t<meta property=\"og:image:height\" content=\"350\" \/>\n\t<meta property=\"og:image:type\" content=\"image\/jpeg\" \/>\n<meta name=\"author\" content=\"Comunicaci\u00f3 Esplac\" \/>\n<meta name=\"twitter:card\" content=\"summary_large_image\" \/>\n<meta name=\"twitter:label1\" content=\"Written by\" \/>\n\t<meta name=\"twitter:data1\" content=\"Comunicaci\u00f3 Esplac\" \/>\n\t<meta name=\"twitter:label2\" content=\"Est. reading time\" \/>\n\t<meta name=\"twitter:data2\" content=\"1 minute\" \/>\n<script type=\"application\/ld+json\" class=\"yoast-schema-graph\">{\"@context\":\"https:\\\/\\\/schema.org\",\"@graph\":[{\"@type\":\"Article\",\"@id\":\"https:\\\/\\\/www.esplac.cat\\\/en\\\/accio-per-la-pau-el-tema-de-la-summerschool-2017\\\/#article\",\"isPartOf\":{\"@id\":\"https:\\\/\\\/www.esplac.cat\\\/en\\\/accio-per-la-pau-el-tema-de-la-summerschool-2017\\\/\"},\"author\":{\"name\":\"Comunicaci\u00f3 Esplac\",\"@id\":\"https:\\\/\\\/www.esplac.cat\\\/#\\\/schema\\\/person\\\/908383cf240be18b68f8855d0583faca\"},\"headline\":\"Acci\u00f3 per la Pau, el tema de la Summerschool 2017\",\"datePublished\":\"2017-05-16T09:46:33+00:00\",\"dateModified\":\"2019-11-14T11:33:28+00:00\",\"mainEntityOfPage\":{\"@id\":\"https:\\\/\\\/www.esplac.cat\\\/en\\\/accio-per-la-pau-el-tema-de-la-summerschool-2017\\\/\"},\"wordCount\":256,\"publisher\":{\"@id\":\"https:\\\/\\\/www.esplac.cat\\\/#organization\"},\"image\":{\"@id\":\"https:\\\/\\\/www.esplac.cat\\\/en\\\/accio-per-la-pau-el-tema-de-la-summerschool-2017\\\/#primaryimage\"},\"thumbnailUrl\":\"https:\\\/\\\/www.esplac.cat\\\/wp-content\\\/uploads\\\/2017\\\/05\\\/11.jpg\",\"keywords\":[\"Pau i conflicte\",\"Seminari internacional\",\"Werftphuhl\"],\"articleSection\":[\"Esplac al m\u00f3n\",\"Gesti\u00f3 de conflictes\",\"Sense categoria\"],\"inLanguage\":\"en-US\"},{\"@type\":\"WebPage\",\"@id\":\"https:\\\/\\\/www.esplac.cat\\\/en\\\/accio-per-la-pau-el-tema-de-la-summerschool-2017\\\/\",\"url\":\"https:\\\/\\\/www.esplac.cat\\\/en\\\/accio-per-la-pau-el-tema-de-la-summerschool-2017\\\/\",\"name\":\"Acci\u00f3 per la Pau, el tema de la Summerschool 2017 - Esplac\",\"isPartOf\":{\"@id\":\"https:\\\/\\\/www.esplac.cat\\\/#website\"},\"primaryImageOfPage\":{\"@id\":\"https:\\\/\\\/www.esplac.cat\\\/en\\\/accio-per-la-pau-el-tema-de-la-summerschool-2017\\\/#primaryimage\"},\"image\":{\"@id\":\"https:\\\/\\\/www.esplac.cat\\\/en\\\/accio-per-la-pau-el-tema-de-la-summerschool-2017\\\/#primaryimage\"},\"thumbnailUrl\":\"https:\\\/\\\/www.esplac.cat\\\/wp-content\\\/uploads\\\/2017\\\/05\\\/11.jpg\",\"datePublished\":\"2017-05-16T09:46:33+00:00\",\"dateModified\":\"2019-11-14T11:33:28+00:00\",\"breadcrumb\":{\"@id\":\"https:\\\/\\\/www.esplac.cat\\\/en\\\/accio-per-la-pau-el-tema-de-la-summerschool-2017\\\/#breadcrumb\"},\"inLanguage\":\"en-US\",\"potentialAction\":[{\"@type\":\"ReadAction\",\"target\":[\"https:\\\/\\\/www.esplac.cat\\\/en\\\/accio-per-la-pau-el-tema-de-la-summerschool-2017\\\/\"]}]},{\"@type\":\"ImageObject\",\"inLanguage\":\"en-US\",\"@id\":\"https:\\\/\\\/www.esplac.cat\\\/en\\\/accio-per-la-pau-el-tema-de-la-summerschool-2017\\\/#primaryimage\",\"url\":\"https:\\\/\\\/www.esplac.cat\\\/wp-content\\\/uploads\\\/2017\\\/05\\\/11.jpg\",\"contentUrl\":\"https:\\\/\\\/www.esplac.cat\\\/wp-content\\\/uploads\\\/2017\\\/05\\\/11.jpg\",\"width\":847,\"height\":350},{\"@type\":\"BreadcrumbList\",\"@id\":\"https:\\\/\\\/www.esplac.cat\\\/en\\\/accio-per-la-pau-el-tema-de-la-summerschool-2017\\\/#breadcrumb\",\"itemListElement\":[{\"@type\":\"ListItem\",\"position\":1,\"name\":\"Inici\",\"item\":\"https:\\\/\\\/www.esplac.cat\\\/en\\\/\"},{\"@type\":\"ListItem\",\"position\":2,\"name\":\"Acci\u00f3 per la Pau, el tema de la Summerschool 2017\"}]},{\"@type\":\"WebSite\",\"@id\":\"https:\\\/\\\/www.esplac.cat\\\/#website\",\"url\":\"https:\\\/\\\/www.esplac.cat\\\/\",\"name\":\"Esplac\",\"description\":\"Esplais Catalans\",\"publisher\":{\"@id\":\"https:\\\/\\\/www.esplac.cat\\\/#organization\"},\"potentialAction\":[{\"@type\":\"SearchAction\",\"target\":{\"@type\":\"EntryPoint\",\"urlTemplate\":\"https:\\\/\\\/www.esplac.cat\\\/?s={search_term_string}\"},\"query-input\":{\"@type\":\"PropertyValueSpecification\",\"valueRequired\":true,\"valueName\":\"search_term_string\"}}],\"inLanguage\":\"en-US\"},{\"@type\":\"Organization\",\"@id\":\"https:\\\/\\\/www.esplac.cat\\\/#organization\",\"name\":\"Esplac\",\"url\":\"https:\\\/\\\/www.esplac.cat\\\/\",\"logo\":{\"@type\":\"ImageObject\",\"inLanguage\":\"en-US\",\"@id\":\"https:\\\/\\\/www.esplac.cat\\\/#\\\/schema\\\/logo\\\/image\\\/\",\"url\":\"https:\\\/\\\/www.esplac.cat\\\/wp-content\\\/uploads\\\/2019\\\/08\\\/logox2.png\",\"contentUrl\":\"https:\\\/\\\/www.esplac.cat\\\/wp-content\\\/uploads\\\/2019\\\/08\\\/logox2.png\",\"width\":600,\"height\":295,\"caption\":\"Esplac\"},\"image\":{\"@id\":\"https:\\\/\\\/www.esplac.cat\\\/#\\\/schema\\\/logo\\\/image\\\/\"}},{\"@type\":\"Person\",\"@id\":\"https:\\\/\\\/www.esplac.cat\\\/#\\\/schema\\\/person\\\/908383cf240be18b68f8855d0583faca\",\"name\":\"Comunicaci\u00f3 Esplac\",\"image\":{\"@type\":\"ImageObject\",\"inLanguage\":\"en-US\",\"@id\":\"https:\\\/\\\/secure.gravatar.com\\\/avatar\\\/7a4cf8feb412a76ea4a740ca02d95b06b2907b5a6c648c2dd0a1082a093c3141?s=96&d=mm&r=g\",\"url\":\"https:\\\/\\\/secure.gravatar.com\\\/avatar\\\/7a4cf8feb412a76ea4a740ca02d95b06b2907b5a6c648c2dd0a1082a093c3141?s=96&d=mm&r=g\",\"contentUrl\":\"https:\\\/\\\/secure.gravatar.com\\\/avatar\\\/7a4cf8feb412a76ea4a740ca02d95b06b2907b5a6c648c2dd0a1082a093c3141?s=96&d=mm&r=g\",\"caption\":\"Comunicaci\u00f3 Esplac\"}}]}<\/script>\n<!-- \/ Yoast SEO plugin. -->","yoast_head_json":{"title":"Acci\u00f3 per la Pau, el tema de la Summerschool 2017 - Esplac","robots":{"index":"index","follow":"follow","max-snippet":"max-snippet:-1","max-image-preview":"max-image-preview:large","max-video-preview":"max-video-preview:-1"},"canonical":"https:\/\/www.esplac.cat\/en\/accio-per-la-pau-el-tema-de-la-summerschool-2017\/","og_locale":"en_US","og_type":"article","og_title":"Acci\u00f3 per la Pau, el tema de la Summerschool 2017 - Esplac","og_description":"El seminari internacional tindr\u00e0 lloc del 20 al 27 d\u2019agost [&hellip;]","og_url":"https:\/\/www.esplac.cat\/en\/accio-per-la-pau-el-tema-de-la-summerschool-2017\/","og_site_name":"Esplac","article_published_time":"2017-05-16T09:46:33+00:00","article_modified_time":"2019-11-14T11:33:28+00:00","og_image":[{"width":847,"height":350,"url":"https:\/\/www.esplac.cat\/wp-content\/uploads\/2017\/05\/11.jpg","type":"image\/jpeg"}],"author":"Comunicaci\u00f3 Esplac","twitter_card":"summary_large_image","twitter_misc":{"Written by":"Comunicaci\u00f3 Esplac","Est. reading time":"1 minute"},"schema":{"@context":"https:\/\/schema.org","@graph":[{"@type":"Article","@id":"https:\/\/www.esplac.cat\/en\/accio-per-la-pau-el-tema-de-la-summerschool-2017\/#article","isPartOf":{"@id":"https:\/\/www.esplac.cat\/en\/accio-per-la-pau-el-tema-de-la-summerschool-2017\/"},"author":{"name":"Comunicaci\u00f3 Esplac","@id":"https:\/\/www.esplac.cat\/#\/schema\/person\/908383cf240be18b68f8855d0583faca"},"headline":"Acci\u00f3 per la Pau, el tema de la Summerschool 2017","datePublished":"2017-05-16T09:46:33+00:00","dateModified":"2019-11-14T11:33:28+00:00","mainEntityOfPage":{"@id":"https:\/\/www.esplac.cat\/en\/accio-per-la-pau-el-tema-de-la-summerschool-2017\/"},"wordCount":256,"publisher":{"@id":"https:\/\/www.esplac.cat\/#organization"},"image":{"@id":"https:\/\/www.esplac.cat\/en\/accio-per-la-pau-el-tema-de-la-summerschool-2017\/#primaryimage"},"thumbnailUrl":"https:\/\/www.esplac.cat\/wp-content\/uploads\/2017\/05\/11.jpg","keywords":["Pau i conflicte","Seminari internacional","Werftphuhl"],"articleSection":["Esplac al m\u00f3n","Gesti\u00f3 de conflictes","Sense categoria"],"inLanguage":"en-US"},{"@type":"WebPage","@id":"https:\/\/www.esplac.cat\/en\/accio-per-la-pau-el-tema-de-la-summerschool-2017\/","url":"https:\/\/www.esplac.cat\/en\/accio-per-la-pau-el-tema-de-la-summerschool-2017\/","name":"Acci\u00f3 per la Pau, el tema de la Summerschool 2017 - Esplac","isPartOf":{"@id":"https:\/\/www.esplac.cat\/#website"},"primaryImageOfPage":{"@id":"https:\/\/www.esplac.cat\/en\/accio-per-la-pau-el-tema-de-la-summerschool-2017\/#primaryimage"},"image":{"@id":"https:\/\/www.esplac.cat\/en\/accio-per-la-pau-el-tema-de-la-summerschool-2017\/#primaryimage"},"thumbnailUrl":"https:\/\/www.esplac.cat\/wp-content\/uploads\/2017\/05\/11.jpg","datePublished":"2017-05-16T09:46:33+00:00","dateModified":"2019-11-14T11:33:28+00:00","breadcrumb":{"@id":"https:\/\/www.esplac.cat\/en\/accio-per-la-pau-el-tema-de-la-summerschool-2017\/#breadcrumb"},"inLanguage":"en-US","potentialAction":[{"@type":"ReadAction","target":["https:\/\/www.esplac.cat\/en\/accio-per-la-pau-el-tema-de-la-summerschool-2017\/"]}]},{"@type":"ImageObject","inLanguage":"en-US","@id":"https:\/\/www.esplac.cat\/en\/accio-per-la-pau-el-tema-de-la-summerschool-2017\/#primaryimage","url":"https:\/\/www.esplac.cat\/wp-content\/uploads\/2017\/05\/11.jpg","contentUrl":"https:\/\/www.esplac.cat\/wp-content\/uploads\/2017\/05\/11.jpg","width":847,"height":350},{"@type":"BreadcrumbList","@id":"https:\/\/www.esplac.cat\/en\/accio-per-la-pau-el-tema-de-la-summerschool-2017\/#breadcrumb","itemListElement":[{"@type":"ListItem","position":1,"name":"Inici","item":"https:\/\/www.esplac.cat\/en\/"},{"@type":"ListItem","position":2,"name":"Acci\u00f3 per la Pau, el tema de la Summerschool 2017"}]},{"@type":"WebSite","@id":"https:\/\/www.esplac.cat\/#website","url":"https:\/\/www.esplac.cat\/","name":"Esplac","description":"Esplais Catalans","publisher":{"@id":"https:\/\/www.esplac.cat\/#organization"},"potentialAction":[{"@type":"SearchAction","target":{"@type":"EntryPoint","urlTemplate":"https:\/\/www.esplac.cat\/?s={search_term_string}"},"query-input":{"@type":"PropertyValueSpecification","valueRequired":true,"valueName":"search_term_string"}}],"inLanguage":"en-US"},{"@type":"Organization","@id":"https:\/\/www.esplac.cat\/#organization","name":"Esplac","url":"https:\/\/www.esplac.cat\/","logo":{"@type":"ImageObject","inLanguage":"en-US","@id":"https:\/\/www.esplac.cat\/#\/schema\/logo\/image\/","url":"https:\/\/www.esplac.cat\/wp-content\/uploads\/2019\/08\/logox2.png","contentUrl":"https:\/\/www.esplac.cat\/wp-content\/uploads\/2019\/08\/logox2.png","width":600,"height":295,"caption":"Esplac"},"image":{"@id":"https:\/\/www.esplac.cat\/#\/schema\/logo\/image\/"}},{"@type":"Person","@id":"https:\/\/www.esplac.cat\/#\/schema\/person\/908383cf240be18b68f8855d0583faca","name":"Comunicaci\u00f3 Esplac","image":{"@type":"ImageObject","inLanguage":"en-US","@id":"https:\/\/secure.gravatar.com\/avatar\/7a4cf8feb412a76ea4a740ca02d95b06b2907b5a6c648c2dd0a1082a093c3141?s=96&d=mm&r=g","url":"https:\/\/secure.gravatar.com\/avatar\/7a4cf8feb412a76ea4a740ca02d95b06b2907b5a6c648c2dd0a1082a093c3141?s=96&d=mm&r=g","contentUrl":"https:\/\/secure.gravatar.com\/avatar\/7a4cf8feb412a76ea4a740ca02d95b06b2907b5a6c648c2dd0a1082a093c3141?s=96&d=mm&r=g","caption":"Comunicaci\u00f3 Esplac"}}]}},"_links":{"self":[{"href":"https:\/\/www.esplac.cat\/en\/wp-json\/wp\/v2\/posts\/24302","targetHints":{"allow":["GET"]}}],"collection":[{"href":"https:\/\/www.esplac.cat\/en\/wp-json\/wp\/v2\/posts"}],"about":[{"href":"https:\/\/www.esplac.cat\/en\/wp-json\/wp\/v2\/types\/post"}],"author":[{"embeddable":true,"href":"https:\/\/www.esplac.cat\/en\/wp-json\/wp\/v2\/users\/3"}],"replies":[{"embeddable":true,"href":"https:\/\/www.esplac.cat\/en\/wp-json\/wp\/v2\/comments?post=24302"}],"version-history":[{"count":0,"href":"https:\/\/www.esplac.cat\/en\/wp-json\/wp\/v2\/posts\/24302\/revisions"}],"wp:featuredmedia":[{"embeddable":true,"href":"https:\/\/www.esplac.cat\/en\/wp-json\/wp\/v2\/media\/24303"}],"wp:attachment":[{"href":"https:\/\/www.esplac.cat\/en\/wp-json\/wp\/v2\/media?parent=24302"}],"wp:term":[{"taxonomy":"category","embeddable":true,"href":"https:\/\/www.esplac.cat\/en\/wp-json\/wp\/v2\/categories?post=24302"},{"taxonomy":"post_tag","embeddable":true,"href":"https:\/\/www.esplac.cat\/en\/wp-json\/wp\/v2\/tags?post=24302"}],"curies":[{"name":"wp","href":"https:\/\/api.w.org\/{rel}","templated":true}]}}